{"id":73253,"date":"2021-06-23T07:18:00","date_gmt":"2021-06-23T12:18:00","guid":{"rendered":"https:\/\/aeronoticias.com.pe\/noticiero\/?p=73253"},"modified":"2021-06-23T22:21:58","modified_gmt":"2021-06-24T03:21:58","slug":"honduras-promueve-aerolineas-low-cost","status":"publish","type":"post","link":"https:\/\/aeronoticias.com.pe\/noticiero\/transporte-aereo\/honduras-promueve-aerolineas-low-cost\/","title":{"rendered":"Honduras promueve aerol\u00edneas low-cost"},"content":{"rendered":"\n<p><strong>(Aeronoticias)<\/strong>.- El presidente hondure\u00f1o, Juan Orlando Hern\u00e1ndez, present\u00f3 la \u201cLey de Fomento para el Transporte A\u00e9reo de Bajo Costo\u201d con la cual se busca\u00a0disminuir hasta en un 40% el precio de los tickets a\u00e9reos e impulsar el sector tur\u00edstico\u00a0y el segmento de Visitas a Amigos y Familiares.\u00a0<\/p>\n\n\n\n<p>\u201cEstamos trabajando para que los hondure\u00f1os&nbsp;<strong>viajen bueno, bonito y barato<\/strong>. Los boletos a\u00e9reos podr\u00edan bajar en un 40%, esto&nbsp;<strong>impulsar\u00e1 el turismo masivo y m\u00e1s empleo<\/strong>\u201d, indic\u00f3 Hern\u00e1ndez.&nbsp;<\/p>\n\n\n\n<p>La decisi\u00f3n fue celebrada por\u00a0<strong>Volaris<\/strong>, aerol\u00ednea que cuenta con\u00a0<strong>una filial de bajo costo que opera en Centroam\u00e9rica.<\/strong><\/p>\n\n\n\n<p>\u201cFelicito a la Presidencia, al Congreso de la Rep\u00fablica y Secretar\u00eda de Turismo de Honduras por aprobar la Ley de Fomento al Transporte A\u00e9reo de Bajo Costo,&nbsp;<strong>primera que reconoce este modelo para el desarrollo econ\u00f3mico y social<\/strong>, generando confianza y grandes beneficios a la naci\u00f3n\u201d,&nbsp;<strong>indic\u00f3 Enrique Beltranena<\/strong>&nbsp;director general de la compa\u00f1\u00eda.&nbsp;<\/p>\n\n\n\n<p>Actualmente&nbsp;<strong>Volaris Costa Rica ofrece 70 vuelos a la semana<\/strong>, con 10 mil 080 asientos disponibles en 10 rutas: Canc\u00fan-San Jos\u00e9, Guatemala-Los \u00c1ngeles, Guatemala-M\u00e9xico, Guatemala-San Salvador, Guatemala-San Jos\u00e9, Washington-San Salvador, Nueva York-San Salvador, Los \u00c1ngeles-San Salvador, San Jos\u00e9-M\u00e9xico y San Jos\u00e9-San Salvador. Ni ahora, ni hace dos a\u00f1os (previo a la crisis del covid-19), Volaris ha operado en Honduras.&nbsp;<\/p>\n\n\n\n<p>Luego de la presentaci\u00f3n de la nueva ley, el presidente de la C\u00e1mara Nacional de Turismo, Epaminondas Mariankys, se\u00f1al\u00f3 que son buenas noticias y que se&nbsp;<strong>encamina a que las l\u00edneas a\u00e9reas de bajo costo quieran visitar el pa\u00eds y lo puedan hacer a precios competitivos<\/strong>.<\/p>\n\n\n\n<p>Fuente: <strong><em>A21.<\/em><\/strong><\/p>\n","protected":false},"excerpt":{"rendered":"<p>(Aeronoticias).- El presidente hondure\u00f1o, Juan Orlando Hern\u00e1ndez, present\u00f3 la \u201cLey de Fomento para el Transporte A\u00e9reo de Bajo Costo\u201d con la cual se busca\u00a0disminuir hasta en un 40% el precio de los tickets a\u00e9reos e impulsar el sector tur\u00edstico\u00a0y el segmento de Visitas a Amigos y Familiares.\u00a0 \u201cEstamos trabajando para que los hondure\u00f1os&nbsp;viajen bueno, bonito [&hellip;]<\/p>\n","protected":false},"author":4,"featured_media":73254,"comment_status":"open","ping_status":"open","sticky":false,"template":"","format":"standard","meta":{"tdm_status":"","tdm_grid_status":"","footnotes":""},"categories":[32,11],"tags":[163,556],"class_list":{"0":"post-73253","1":"post","2":"type-post","3":"status-publish","4":"format-standard","5":"has-post-thumbnail","7":"category-internacional","8":"category-transporte-aereo","9":"tag-coronavirus","10":"tag-honduras"},"yoast_head":"<!-- This site is optimized with the Yoast SEO plugin v25.1 - https:\/\/yoast.com\/wordpress\/plugins\/seo\/ -->\n<title>Honduras promueve aerol\u00edneas low-cost<\/title>\n<meta name=\"description\" content=\"Portal de noticias del Per\u00fa sobre el transporte a\u00e9reo, aviaci\u00f3n, turismo, hoteleria, actualidad.\" \/>\n<meta name=\"robots\" content=\"index, follow, max-snippet:-1, max-image-preview:large, max-video-preview:-1\" \/>\n<link rel=\"canonical\" href=\"https:\/\/aeronoticias.com.pe\/noticiero\/transporte-aereo\/honduras-promueve-aerolineas-low-cost\/\" \/>\n<meta property=\"og:locale\" content=\"es_ES\" \/>\n<meta property=\"og:type\" content=\"article\" \/>\n<meta property=\"og:title\" content=\"Honduras promueve aerol\u00edneas low-cost\" \/>\n<meta property=\"og:description\" content=\"Portal de noticias del Per\u00fa sobre el transporte a\u00e9reo, aviaci\u00f3n, turismo, hoteleria, actualidad.\" \/>\n<meta property=\"og:url\" content=\"https:\/\/aeronoticias.com.pe\/noticiero\/transporte-aereo\/honduras-promueve-aerolineas-low-cost\/\" \/>\n<meta property=\"og:site_name\" content=\"Aeronoticias.com.pe\" \/>\n<meta property=\"article:publisher\" content=\"https:\/\/www.facebook.com\/Aeronoticias.com.pe\/\" \/>\n<meta property=\"article:published_time\" content=\"2021-06-23T12:18:00+00:00\" \/>\n<meta property=\"article:modified_time\" content=\"2021-06-24T03:21:58+00:00\" \/>\n<meta property=\"og:image\" content=\"https:\/\/aeronoticias.com.pe\/noticiero\/wp-content\/uploads\/2021\/06\/San_Pedro_Sula_Airport-portada-1.jpg\" \/>\n\t<meta property=\"og:image:width\" content=\"1021\" \/>\n\t<meta property=\"og:image:height\" content=\"631\" \/>\n\t<meta property=\"og:image:type\" content=\"image\/jpeg\" \/>\n<meta name=\"author\" content=\"Jefrey Cuya\" \/>\n<meta name=\"twitter:card\" content=\"summary_large_image\" \/>\n<meta name=\"twitter:creator\" content=\"@aeronoticias\" \/>\n<meta name=\"twitter:site\" content=\"@aeronoticias\" \/>\n<meta name=\"twitter:label1\" content=\"Escrito por\" \/>\n\t<meta name=\"twitter:data1\" content=\"Jefrey Cuya\" \/>\n\t<meta name=\"twitter:label2\" content=\"Tiempo de lectura\" \/>\n\t<meta name=\"twitter:data2\" content=\"1 minuto\" \/>\n<script type=\"application\/ld+json\" class=\"yoast-schema-graph\">{\"@context\":\"https:\/\/schema.org\",\"@graph\":[{\"@type\":\"WebPage\",\"@id\":\"https:\/\/aeronoticias.com.pe\/noticiero\/transporte-aereo\/honduras-promueve-aerolineas-low-cost\/\",\"url\":\"https:\/\/aeronoticias.com.pe\/noticiero\/transporte-aereo\/honduras-promueve-aerolineas-low-cost\/\",\"name\":\"Honduras promueve aerol\u00edneas low-cost\",\"isPartOf\":{\"@id\":\"https:\/\/aeronoticias.com.pe\/noticiero\/#website\"},\"primaryImageOfPage\":{\"@id\":\"https:\/\/aeronoticias.com.pe\/noticiero\/transporte-aereo\/honduras-promueve-aerolineas-low-cost\/#primaryimage\"},\"image\":{\"@id\":\"https:\/\/aeronoticias.com.pe\/noticiero\/transporte-aereo\/honduras-promueve-aerolineas-low-cost\/#primaryimage\"},\"thumbnailUrl\":\"https:\/\/aeronoticias.com.pe\/noticiero\/wp-content\/uploads\/2021\/06\/San_Pedro_Sula_Airport-portada-1.jpg\",\"datePublished\":\"2021-06-23T12:18:00+00:00\",\"dateModified\":\"2021-06-24T03:21:58+00:00\",\"author\":{\"@id\":\"https:\/\/aeronoticias.com.pe\/noticiero\/#\/schema\/person\/9ef7422a13b22ab480ffc29639f442b0\"},\"description\":\"Portal de noticias del Per\u00fa sobre el transporte a\u00e9reo, aviaci\u00f3n, turismo, hoteleria, actualidad.\",\"breadcrumb\":{\"@id\":\"https:\/\/aeronoticias.com.pe\/noticiero\/transporte-aereo\/honduras-promueve-aerolineas-low-cost\/#breadcrumb\"},\"inLanguage\":\"es\",\"potentialAction\":[{\"@type\":\"ReadAction\",\"target\":[\"https:\/\/aeronoticias.com.pe\/noticiero\/transporte-aereo\/honduras-promueve-aerolineas-low-cost\/\"]}]},{\"@type\":\"ImageObject\",\"inLanguage\":\"es\",\"@id\":\"https:\/\/aeronoticias.com.pe\/noticiero\/transporte-aereo\/honduras-promueve-aerolineas-low-cost\/#primaryimage\",\"url\":\"https:\/\/aeronoticias.com.pe\/noticiero\/wp-content\/uploads\/2021\/06\/San_Pedro_Sula_Airport-portada-1.jpg\",\"contentUrl\":\"https:\/\/aeronoticias.com.pe\/noticiero\/wp-content\/uploads\/2021\/06\/San_Pedro_Sula_Airport-portada-1.jpg\",\"width\":1021,\"height\":631},{\"@type\":\"BreadcrumbList\",\"@id\":\"https:\/\/aeronoticias.com.pe\/noticiero\/transporte-aereo\/honduras-promueve-aerolineas-low-cost\/#breadcrumb\",\"itemListElement\":[{\"@type\":\"ListItem\",\"position\":1,\"name\":\"Portada\",\"item\":\"https:\/\/aeronoticias.com.pe\/noticiero\/\"},{\"@type\":\"ListItem\",\"position\":2,\"name\":\"Honduras promueve aerol\u00edneas low-cost\"}]},{\"@type\":\"WebSite\",\"@id\":\"https:\/\/aeronoticias.com.pe\/noticiero\/#website\",\"url\":\"https:\/\/aeronoticias.com.pe\/noticiero\/\",\"name\":\"Aeronoticias.com.pe\",\"description\":\"Noticias de tranporte aereo, turismo, hoteles, gastronomia, actualidad, internacional\",\"potentialAction\":[{\"@type\":\"SearchAction\",\"target\":{\"@type\":\"EntryPoint\",\"urlTemplate\":\"https:\/\/aeronoticias.com.pe\/noticiero\/?s={search_term_string}\"},\"query-input\":{\"@type\":\"PropertyValueSpecification\",\"valueRequired\":true,\"valueName\":\"search_term_string\"}}],\"inLanguage\":\"es\"},{\"@type\":\"Person\",\"@id\":\"https:\/\/aeronoticias.com.pe\/noticiero\/#\/schema\/person\/9ef7422a13b22ab480ffc29639f442b0\",\"name\":\"Jefrey Cuya\",\"url\":\"https:\/\/aeronoticias.com.pe\/noticiero\/author\/jefreycuya\/\"}]}<\/script>\n<!-- \/ Yoast SEO plugin. -->","yoast_head_json":{"title":"Honduras promueve aerol\u00edneas low-cost","description":"Portal de noticias del Per\u00fa sobre el transporte a\u00e9reo, aviaci\u00f3n, turismo, hoteleria, actualidad.","robots":{"index":"index","follow":"follow","max-snippet":"max-snippet:-1","max-image-preview":"max-image-preview:large","max-video-preview":"max-video-preview:-1"},"canonical":"https:\/\/aeronoticias.com.pe\/noticiero\/transporte-aereo\/honduras-promueve-aerolineas-low-cost\/","og_locale":"es_ES","og_type":"article","og_title":"Honduras promueve aerol\u00edneas low-cost","og_description":"Portal de noticias del Per\u00fa sobre el transporte a\u00e9reo, aviaci\u00f3n, turismo, hoteleria, actualidad.","og_url":"https:\/\/aeronoticias.com.pe\/noticiero\/transporte-aereo\/honduras-promueve-aerolineas-low-cost\/","og_site_name":"Aeronoticias.com.pe","article_publisher":"https:\/\/www.facebook.com\/Aeronoticias.com.pe\/","article_published_time":"2021-06-23T12:18:00+00:00","article_modified_time":"2021-06-24T03:21:58+00:00","og_image":[{"width":1021,"height":631,"url":"https:\/\/aeronoticias.com.pe\/noticiero\/wp-content\/uploads\/2021\/06\/San_Pedro_Sula_Airport-portada-1.jpg","type":"image\/jpeg"}],"author":"Jefrey Cuya","twitter_card":"summary_large_image","twitter_creator":"@aeronoticias","twitter_site":"@aeronoticias","twitter_misc":{"Escrito por":"Jefrey Cuya","Tiempo de lectura":"1 minuto"},"schema":{"@context":"https:\/\/schema.org","@graph":[{"@type":"WebPage","@id":"https:\/\/aeronoticias.com.pe\/noticiero\/transporte-aereo\/honduras-promueve-aerolineas-low-cost\/","url":"https:\/\/aeronoticias.com.pe\/noticiero\/transporte-aereo\/honduras-promueve-aerolineas-low-cost\/","name":"Honduras promueve aerol\u00edneas low-cost","isPartOf":{"@id":"https:\/\/aeronoticias.com.pe\/noticiero\/#website"},"primaryImageOfPage":{"@id":"https:\/\/aeronoticias.com.pe\/noticiero\/transporte-aereo\/honduras-promueve-aerolineas-low-cost\/#primaryimage"},"image":{"@id":"https:\/\/aeronoticias.com.pe\/noticiero\/transporte-aereo\/honduras-promueve-aerolineas-low-cost\/#primaryimage"},"thumbnailUrl":"https:\/\/aeronoticias.com.pe\/noticiero\/wp-content\/uploads\/2021\/06\/San_Pedro_Sula_Airport-portada-1.jpg","datePublished":"2021-06-23T12:18:00+00:00","dateModified":"2021-06-24T03:21:58+00:00","author":{"@id":"https:\/\/aeronoticias.com.pe\/noticiero\/#\/schema\/person\/9ef7422a13b22ab480ffc29639f442b0"},"description":"Portal de noticias del Per\u00fa sobre el transporte a\u00e9reo, aviaci\u00f3n, turismo, hoteleria, actualidad.","breadcrumb":{"@id":"https:\/\/aeronoticias.com.pe\/noticiero\/transporte-aereo\/honduras-promueve-aerolineas-low-cost\/#breadcrumb"},"inLanguage":"es","potentialAction":[{"@type":"ReadAction","target":["https:\/\/aeronoticias.com.pe\/noticiero\/transporte-aereo\/honduras-promueve-aerolineas-low-cost\/"]}]},{"@type":"ImageObject","inLanguage":"es","@id":"https:\/\/aeronoticias.com.pe\/noticiero\/transporte-aereo\/honduras-promueve-aerolineas-low-cost\/#primaryimage","url":"https:\/\/aeronoticias.com.pe\/noticiero\/wp-content\/uploads\/2021\/06\/San_Pedro_Sula_Airport-portada-1.jpg","contentUrl":"https:\/\/aeronoticias.com.pe\/noticiero\/wp-content\/uploads\/2021\/06\/San_Pedro_Sula_Airport-portada-1.jpg","width":1021,"height":631},{"@type":"BreadcrumbList","@id":"https:\/\/aeronoticias.com.pe\/noticiero\/transporte-aereo\/honduras-promueve-aerolineas-low-cost\/#breadcrumb","itemListElement":[{"@type":"ListItem","position":1,"name":"Portada","item":"https:\/\/aeronoticias.com.pe\/noticiero\/"},{"@type":"ListItem","position":2,"name":"Honduras promueve aerol\u00edneas low-cost"}]},{"@type":"WebSite","@id":"https:\/\/aeronoticias.com.pe\/noticiero\/#website","url":"https:\/\/aeronoticias.com.pe\/noticiero\/","name":"Aeronoticias.com.pe","description":"Noticias de tranporte aereo, turismo, hoteles, gastronomia, actualidad, internacional","potentialAction":[{"@type":"SearchAction","target":{"@type":"EntryPoint","urlTemplate":"https:\/\/aeronoticias.com.pe\/noticiero\/?s={search_term_string}"},"query-input":{"@type":"PropertyValueSpecification","valueRequired":true,"valueName":"search_term_string"}}],"inLanguage":"es"},{"@type":"Person","@id":"https:\/\/aeronoticias.com.pe\/noticiero\/#\/schema\/person\/9ef7422a13b22ab480ffc29639f442b0","name":"Jefrey Cuya","url":"https:\/\/aeronoticias.com.pe\/noticiero\/author\/jefreycuya\/"}]}},"_links":{"self":[{"href":"https:\/\/aeronoticias.com.pe\/noticiero\/wp-json\/wp\/v2\/posts\/73253","targetHints":{"allow":["GET"]}}],"collection":[{"href":"https:\/\/aeronoticias.com.pe\/noticiero\/wp-json\/wp\/v2\/posts"}],"about":[{"href":"https:\/\/aeronoticias.com.pe\/noticiero\/wp-json\/wp\/v2\/types\/post"}],"author":[{"embeddable":true,"href":"https:\/\/aeronoticias.com.pe\/noticiero\/wp-json\/wp\/v2\/users\/4"}],"replies":[{"embeddable":true,"href":"https:\/\/aeronoticias.com.pe\/noticiero\/wp-json\/wp\/v2\/comments?post=73253"}],"version-history":[{"count":0,"href":"https:\/\/aeronoticias.com.pe\/noticiero\/wp-json\/wp\/v2\/posts\/73253\/revisions"}],"wp:featuredmedia":[{"embeddable":true,"href":"https:\/\/aeronoticias.com.pe\/noticiero\/wp-json\/wp\/v2\/media\/73254"}],"wp:attachment":[{"href":"https:\/\/aeronoticias.com.pe\/noticiero\/wp-json\/wp\/v2\/media?parent=73253"}],"wp:term":[{"taxonomy":"category","embeddable":true,"href":"https:\/\/aeronoticias.com.pe\/noticiero\/wp-json\/wp\/v2\/categories?post=73253"},{"taxonomy":"post_tag","embeddable":true,"href":"https:\/\/aeronoticias.com.pe\/noticiero\/wp-json\/wp\/v2\/tags?post=73253"}],"curies":[{"name":"wp","href":"https:\/\/api.w.org\/{rel}","templated":true}]}}