{"id":73260,"date":"2021-06-24T07:48:00","date_gmt":"2021-06-24T12:48:00","guid":{"rendered":"https:\/\/aeronoticias.com.pe\/noticiero\/?p=73260"},"modified":"2021-06-24T20:53:01","modified_gmt":"2021-06-25T01:53:01","slug":"aeromexico-inicio-operaciones-con-sus-b737-max-9","status":"publish","type":"post","link":"https:\/\/aeronoticias.com.pe\/noticiero\/sin-categoria\/aeromexico-inicio-operaciones-con-sus-b737-max-9\/","title":{"rendered":"Aerom\u00e9xico inici\u00f3 operaciones con sus B737 MAX 9"},"content":{"rendered":"\n<p><strong>(Aeronoticias)<\/strong>.- Grupo Aerom\u00e9xico\u00a0realiz\u00f3 hoy sus primeros vuelos comerciales utilizando dos nuevos aviones\u00a0Boeing 737 MAX 9,\u00a0inform\u00f3 la compa\u00f1\u00eda en un comunicado.<\/p>\n\n\n\n<p>El primero fue el vuelo AM908, a bordo de la aeronave matr\u00edcula&nbsp;<strong>XA-IMH<\/strong>, que cubri\u00f3 la ruta&nbsp;<strong>Ciudad de M\u00e9xico-Monterrey<\/strong>. Este avi\u00f3n aterriz\u00f3 en el Aeropuerto Internacional General Mariano Escobedo durante la madrugada del jueves y es el primero de&nbsp;<strong>28 equipos nuevos que Aerom\u00e9xico operar\u00e1 entre el segundo semestre de 2021 y el primero de 2022.<\/strong><\/p>\n\n\n\n<p>Los nuevos aviones Boeing 737 MAX 9 de Aerom\u00e9xico tienen una&nbsp;<strong>configuraci\u00f3n de 181 asientos<\/strong>&nbsp;y tienen un&nbsp;<strong>alcance de hasta 5,700 kil\u00f3metros<\/strong>, de acuerdo con el fabricante.<\/p>\n\n\n\n<p>Hace unos meses, Aerom\u00e9xico redujo su orden de pedidos con Boeing, al&nbsp;<strong>pasar de 54 aviones a 28<\/strong>, divididos en&nbsp;<strong>24 unidades 737<\/strong>&nbsp;(entre modelos MAX y NG) y&nbsp;<strong>cuatro B787 Dreamliner<\/strong>. Esta modificaci\u00f3n corresponde a los cambios que la aerol\u00ednea mexicana est\u00e1 realizando en el marco de su Cap\u00edtulo 11 en Estados Unidos.<\/p>\n\n\n\n<p>\u201cDetr\u00e1s de esta operaci\u00f3n y de todas las que vendr\u00e1n con los nuevos aviones, hay un gran trabajo en equipo que&nbsp; despu\u00e9s&nbsp; de&nbsp; una&nbsp; serie&nbsp; compleja&nbsp; de&nbsp; tareas,&nbsp; materializa&nbsp; los&nbsp;&nbsp;<strong>vuelos&nbsp; de&nbsp; los&nbsp; aviones&nbsp; m\u00e1s modernos,&nbsp; c\u00f3modos,&nbsp; eficientes&nbsp; y&nbsp; menos&nbsp; contaminantes&nbsp; del&nbsp; mundo<\/strong>\u201d, dijo Ricardo S\u00e1nchez Baker, vicepresidente ejecutivo de Finanzas de Grupo Aerom\u00e9xico.<\/p>\n\n\n\n<p>Actualmente Aerom\u00e9xico tiene una&nbsp;<strong>flota de 107 aviones<\/strong>, compuesta por unidades 787-8, 787-9, 737-800, 737 MAX 8, 737 MAX 9 y Embraer 190.<\/p>\n\n\n\n<p>Fuente: <strong><em>A21<\/em><\/strong>.<\/p>\n","protected":false},"excerpt":{"rendered":"<p>(Aeronoticias).- Grupo Aerom\u00e9xico\u00a0realiz\u00f3 hoy sus primeros vuelos comerciales utilizando dos nuevos aviones\u00a0Boeing 737 MAX 9,\u00a0inform\u00f3 la compa\u00f1\u00eda en un comunicado. El primero fue el vuelo AM908, a bordo de la aeronave matr\u00edcula&nbsp;XA-IMH, que cubri\u00f3 la ruta&nbsp;Ciudad de M\u00e9xico-Monterrey. Este avi\u00f3n aterriz\u00f3 en el Aeropuerto Internacional General Mariano Escobedo durante la madrugada del jueves y es [&hellip;]<\/p>\n","protected":false},"author":4,"featured_media":66169,"comment_status":"open","ping_status":"open","sticky":false,"template":"","format":"standard","meta":{"tdm_status":"","tdm_grid_status":"","footnotes":""},"categories":[1],"tags":[163],"class_list":{"0":"post-73260","1":"post","2":"type-post","3":"status-publish","4":"format-standard","5":"has-post-thumbnail","7":"category-sin-categoria","8":"tag-coronavirus"},"yoast_head":"<!-- This site is optimized with the Yoast SEO plugin v25.1 - https:\/\/yoast.com\/wordpress\/plugins\/seo\/ -->\n<title>Aerom\u00e9xico inici\u00f3 operaciones con sus B737 MAX 9<\/title>\n<meta name=\"description\" content=\"Portal de noticias del Per\u00fa sobre el transporte a\u00e9reo, aviaci\u00f3n, turismo, hoteleria, actualidad.\" \/>\n<meta name=\"robots\" content=\"index, follow, max-snippet:-1, max-image-preview:large, max-video-preview:-1\" \/>\n<link rel=\"canonical\" href=\"https:\/\/aeronoticias.com.pe\/noticiero\/sin-categoria\/aeromexico-inicio-operaciones-con-sus-b737-max-9\/\" \/>\n<meta property=\"og:locale\" content=\"es_ES\" \/>\n<meta property=\"og:type\" content=\"article\" \/>\n<meta property=\"og:title\" content=\"Aerom\u00e9xico inici\u00f3 operaciones con sus B737 MAX 9\" \/>\n<meta property=\"og:description\" content=\"Portal de noticias del Per\u00fa sobre el transporte a\u00e9reo, aviaci\u00f3n, turismo, hoteleria, actualidad.\" \/>\n<meta property=\"og:url\" content=\"https:\/\/aeronoticias.com.pe\/noticiero\/sin-categoria\/aeromexico-inicio-operaciones-con-sus-b737-max-9\/\" \/>\n<meta property=\"og:site_name\" content=\"Aeronoticias.com.pe\" \/>\n<meta property=\"article:publisher\" content=\"https:\/\/www.facebook.com\/Aeronoticias.com.pe\/\" \/>\n<meta property=\"article:published_time\" content=\"2021-06-24T12:48:00+00:00\" \/>\n<meta property=\"article:modified_time\" content=\"2021-06-25T01:53:01+00:00\" \/>\n<meta property=\"og:image\" content=\"https:\/\/aeronoticias.com.pe\/noticiero\/wp-content\/uploads\/2019\/08\/Aerom\u00e9xico-decidir\u00e1-entre-Airbus-y-Embraer.jpg\" \/>\n\t<meta property=\"og:image:width\" content=\"834\" \/>\n\t<meta property=\"og:image:height\" content=\"500\" \/>\n\t<meta property=\"og:image:type\" content=\"image\/jpeg\" \/>\n<meta name=\"author\" content=\"Jefrey Cuya\" \/>\n<meta name=\"twitter:card\" content=\"summary_large_image\" \/>\n<meta name=\"twitter:creator\" content=\"@aeronoticias\" \/>\n<meta name=\"twitter:site\" content=\"@aeronoticias\" \/>\n<meta name=\"twitter:label1\" content=\"Escrito por\" \/>\n\t<meta name=\"twitter:data1\" content=\"Jefrey Cuya\" \/>\n\t<meta name=\"twitter:label2\" content=\"Tiempo de lectura\" \/>\n\t<meta name=\"twitter:data2\" content=\"1 minuto\" \/>\n<script type=\"application\/ld+json\" class=\"yoast-schema-graph\">{\"@context\":\"https:\/\/schema.org\",\"@graph\":[{\"@type\":\"WebPage\",\"@id\":\"https:\/\/aeronoticias.com.pe\/noticiero\/sin-categoria\/aeromexico-inicio-operaciones-con-sus-b737-max-9\/\",\"url\":\"https:\/\/aeronoticias.com.pe\/noticiero\/sin-categoria\/aeromexico-inicio-operaciones-con-sus-b737-max-9\/\",\"name\":\"Aerom\u00e9xico inici\u00f3 operaciones con sus B737 MAX 9\",\"isPartOf\":{\"@id\":\"https:\/\/aeronoticias.com.pe\/noticiero\/#website\"},\"primaryImageOfPage\":{\"@id\":\"https:\/\/aeronoticias.com.pe\/noticiero\/sin-categoria\/aeromexico-inicio-operaciones-con-sus-b737-max-9\/#primaryimage\"},\"image\":{\"@id\":\"https:\/\/aeronoticias.com.pe\/noticiero\/sin-categoria\/aeromexico-inicio-operaciones-con-sus-b737-max-9\/#primaryimage\"},\"thumbnailUrl\":\"https:\/\/aeronoticias.com.pe\/noticiero\/wp-content\/uploads\/2019\/08\/Aerom\u00e9xico-decidir\u00e1-entre-Airbus-y-Embraer.jpg\",\"datePublished\":\"2021-06-24T12:48:00+00:00\",\"dateModified\":\"2021-06-25T01:53:01+00:00\",\"author\":{\"@id\":\"https:\/\/aeronoticias.com.pe\/noticiero\/#\/schema\/person\/9ef7422a13b22ab480ffc29639f442b0\"},\"description\":\"Portal de noticias del Per\u00fa sobre el transporte a\u00e9reo, aviaci\u00f3n, turismo, hoteleria, actualidad.\",\"breadcrumb\":{\"@id\":\"https:\/\/aeronoticias.com.pe\/noticiero\/sin-categoria\/aeromexico-inicio-operaciones-con-sus-b737-max-9\/#breadcrumb\"},\"inLanguage\":\"es\",\"potentialAction\":[{\"@type\":\"ReadAction\",\"target\":[\"https:\/\/aeronoticias.com.pe\/noticiero\/sin-categoria\/aeromexico-inicio-operaciones-con-sus-b737-max-9\/\"]}]},{\"@type\":\"ImageObject\",\"inLanguage\":\"es\",\"@id\":\"https:\/\/aeronoticias.com.pe\/noticiero\/sin-categoria\/aeromexico-inicio-operaciones-con-sus-b737-max-9\/#primaryimage\",\"url\":\"https:\/\/aeronoticias.com.pe\/noticiero\/wp-content\/uploads\/2019\/08\/Aerom\u00e9xico-decidir\u00e1-entre-Airbus-y-Embraer.jpg\",\"contentUrl\":\"https:\/\/aeronoticias.com.pe\/noticiero\/wp-content\/uploads\/2019\/08\/Aerom\u00e9xico-decidir\u00e1-entre-Airbus-y-Embraer.jpg\",\"width\":834,\"height\":500},{\"@type\":\"BreadcrumbList\",\"@id\":\"https:\/\/aeronoticias.com.pe\/noticiero\/sin-categoria\/aeromexico-inicio-operaciones-con-sus-b737-max-9\/#breadcrumb\",\"itemListElement\":[{\"@type\":\"ListItem\",\"position\":1,\"name\":\"Portada\",\"item\":\"https:\/\/aeronoticias.com.pe\/noticiero\/\"},{\"@type\":\"ListItem\",\"position\":2,\"name\":\"Aerom\u00e9xico inici\u00f3 operaciones con sus B737 MAX 9\"}]},{\"@type\":\"WebSite\",\"@id\":\"https:\/\/aeronoticias.com.pe\/noticiero\/#website\",\"url\":\"https:\/\/aeronoticias.com.pe\/noticiero\/\",\"name\":\"Aeronoticias.com.pe\",\"description\":\"Noticias de tranporte aereo, turismo, hoteles, gastronomia, actualidad, internacional\",\"potentialAction\":[{\"@type\":\"SearchAction\",\"target\":{\"@type\":\"EntryPoint\",\"urlTemplate\":\"https:\/\/aeronoticias.com.pe\/noticiero\/?s={search_term_string}\"},\"query-input\":{\"@type\":\"PropertyValueSpecification\",\"valueRequired\":true,\"valueName\":\"search_term_string\"}}],\"inLanguage\":\"es\"},{\"@type\":\"Person\",\"@id\":\"https:\/\/aeronoticias.com.pe\/noticiero\/#\/schema\/person\/9ef7422a13b22ab480ffc29639f442b0\",\"name\":\"Jefrey Cuya\",\"url\":\"https:\/\/aeronoticias.com.pe\/noticiero\/author\/jefreycuya\/\"}]}<\/script>\n<!-- \/ Yoast SEO plugin. -->","yoast_head_json":{"title":"Aerom\u00e9xico inici\u00f3 operaciones con sus B737 MAX 9","description":"Portal de noticias del Per\u00fa sobre el transporte a\u00e9reo, aviaci\u00f3n, turismo, hoteleria, actualidad.","robots":{"index":"index","follow":"follow","max-snippet":"max-snippet:-1","max-image-preview":"max-image-preview:large","max-video-preview":"max-video-preview:-1"},"canonical":"https:\/\/aeronoticias.com.pe\/noticiero\/sin-categoria\/aeromexico-inicio-operaciones-con-sus-b737-max-9\/","og_locale":"es_ES","og_type":"article","og_title":"Aerom\u00e9xico inici\u00f3 operaciones con sus B737 MAX 9","og_description":"Portal de noticias del Per\u00fa sobre el transporte a\u00e9reo, aviaci\u00f3n, turismo, hoteleria, actualidad.","og_url":"https:\/\/aeronoticias.com.pe\/noticiero\/sin-categoria\/aeromexico-inicio-operaciones-con-sus-b737-max-9\/","og_site_name":"Aeronoticias.com.pe","article_publisher":"https:\/\/www.facebook.com\/Aeronoticias.com.pe\/","article_published_time":"2021-06-24T12:48:00+00:00","article_modified_time":"2021-06-25T01:53:01+00:00","og_image":[{"width":834,"height":500,"url":"https:\/\/aeronoticias.com.pe\/noticiero\/wp-content\/uploads\/2019\/08\/Aerom\u00e9xico-decidir\u00e1-entre-Airbus-y-Embraer.jpg","type":"image\/jpeg"}],"author":"Jefrey Cuya","twitter_card":"summary_large_image","twitter_creator":"@aeronoticias","twitter_site":"@aeronoticias","twitter_misc":{"Escrito por":"Jefrey Cuya","Tiempo de lectura":"1 minuto"},"schema":{"@context":"https:\/\/schema.org","@graph":[{"@type":"WebPage","@id":"https:\/\/aeronoticias.com.pe\/noticiero\/sin-categoria\/aeromexico-inicio-operaciones-con-sus-b737-max-9\/","url":"https:\/\/aeronoticias.com.pe\/noticiero\/sin-categoria\/aeromexico-inicio-operaciones-con-sus-b737-max-9\/","name":"Aerom\u00e9xico inici\u00f3 operaciones con sus B737 MAX 9","isPartOf":{"@id":"https:\/\/aeronoticias.com.pe\/noticiero\/#website"},"primaryImageOfPage":{"@id":"https:\/\/aeronoticias.com.pe\/noticiero\/sin-categoria\/aeromexico-inicio-operaciones-con-sus-b737-max-9\/#primaryimage"},"image":{"@id":"https:\/\/aeronoticias.com.pe\/noticiero\/sin-categoria\/aeromexico-inicio-operaciones-con-sus-b737-max-9\/#primaryimage"},"thumbnailUrl":"https:\/\/aeronoticias.com.pe\/noticiero\/wp-content\/uploads\/2019\/08\/Aerom\u00e9xico-decidir\u00e1-entre-Airbus-y-Embraer.jpg","datePublished":"2021-06-24T12:48:00+00:00","dateModified":"2021-06-25T01:53:01+00:00","author":{"@id":"https:\/\/aeronoticias.com.pe\/noticiero\/#\/schema\/person\/9ef7422a13b22ab480ffc29639f442b0"},"description":"Portal de noticias del Per\u00fa sobre el transporte a\u00e9reo, aviaci\u00f3n, turismo, hoteleria, actualidad.","breadcrumb":{"@id":"https:\/\/aeronoticias.com.pe\/noticiero\/sin-categoria\/aeromexico-inicio-operaciones-con-sus-b737-max-9\/#breadcrumb"},"inLanguage":"es","potentialAction":[{"@type":"ReadAction","target":["https:\/\/aeronoticias.com.pe\/noticiero\/sin-categoria\/aeromexico-inicio-operaciones-con-sus-b737-max-9\/"]}]},{"@type":"ImageObject","inLanguage":"es","@id":"https:\/\/aeronoticias.com.pe\/noticiero\/sin-categoria\/aeromexico-inicio-operaciones-con-sus-b737-max-9\/#primaryimage","url":"https:\/\/aeronoticias.com.pe\/noticiero\/wp-content\/uploads\/2019\/08\/Aerom\u00e9xico-decidir\u00e1-entre-Airbus-y-Embraer.jpg","contentUrl":"https:\/\/aeronoticias.com.pe\/noticiero\/wp-content\/uploads\/2019\/08\/Aerom\u00e9xico-decidir\u00e1-entre-Airbus-y-Embraer.jpg","width":834,"height":500},{"@type":"BreadcrumbList","@id":"https:\/\/aeronoticias.com.pe\/noticiero\/sin-categoria\/aeromexico-inicio-operaciones-con-sus-b737-max-9\/#breadcrumb","itemListElement":[{"@type":"ListItem","position":1,"name":"Portada","item":"https:\/\/aeronoticias.com.pe\/noticiero\/"},{"@type":"ListItem","position":2,"name":"Aerom\u00e9xico inici\u00f3 operaciones con sus B737 MAX 9"}]},{"@type":"WebSite","@id":"https:\/\/aeronoticias.com.pe\/noticiero\/#website","url":"https:\/\/aeronoticias.com.pe\/noticiero\/","name":"Aeronoticias.com.pe","description":"Noticias de tranporte aereo, turismo, hoteles, gastronomia, actualidad, internacional","potentialAction":[{"@type":"SearchAction","target":{"@type":"EntryPoint","urlTemplate":"https:\/\/aeronoticias.com.pe\/noticiero\/?s={search_term_string}"},"query-input":{"@type":"PropertyValueSpecification","valueRequired":true,"valueName":"search_term_string"}}],"inLanguage":"es"},{"@type":"Person","@id":"https:\/\/aeronoticias.com.pe\/noticiero\/#\/schema\/person\/9ef7422a13b22ab480ffc29639f442b0","name":"Jefrey Cuya","url":"https:\/\/aeronoticias.com.pe\/noticiero\/author\/jefreycuya\/"}]}},"_links":{"self":[{"href":"https:\/\/aeronoticias.com.pe\/noticiero\/wp-json\/wp\/v2\/posts\/73260","targetHints":{"allow":["GET"]}}],"collection":[{"href":"https:\/\/aeronoticias.com.pe\/noticiero\/wp-json\/wp\/v2\/posts"}],"about":[{"href":"https:\/\/aeronoticias.com.pe\/noticiero\/wp-json\/wp\/v2\/types\/post"}],"author":[{"embeddable":true,"href":"https:\/\/aeronoticias.com.pe\/noticiero\/wp-json\/wp\/v2\/users\/4"}],"replies":[{"embeddable":true,"href":"https:\/\/aeronoticias.com.pe\/noticiero\/wp-json\/wp\/v2\/comments?post=73260"}],"version-history":[{"count":0,"href":"https:\/\/aeronoticias.com.pe\/noticiero\/wp-json\/wp\/v2\/posts\/73260\/revisions"}],"wp:featuredmedia":[{"embeddable":true,"href":"https:\/\/aeronoticias.com.pe\/noticiero\/wp-json\/wp\/v2\/media\/66169"}],"wp:attachment":[{"href":"https:\/\/aeronoticias.com.pe\/noticiero\/wp-json\/wp\/v2\/media?parent=73260"}],"wp:term":[{"taxonomy":"category","embeddable":true,"href":"https:\/\/aeronoticias.com.pe\/noticiero\/wp-json\/wp\/v2\/categories?post=73260"},{"taxonomy":"post_tag","embeddable":true,"href":"https:\/\/aeronoticias.com.pe\/noticiero\/wp-json\/wp\/v2\/tags?post=73260"}],"curies":[{"name":"wp","href":"https:\/\/api.w.org\/{rel}","templated":true}]}}