{"id":73262,"date":"2021-06-24T07:53:00","date_gmt":"2021-06-24T12:53:00","guid":{"rendered":"https:\/\/aeronoticias.com.pe\/noticiero\/?p=73262"},"modified":"2021-06-24T21:03:32","modified_gmt":"2021-06-25T02:03:32","slug":"america-latina-pierde-3-9-millones-de-empleos-en-la-industria","status":"publish","type":"post","link":"https:\/\/aeronoticias.com.pe\/noticiero\/transporte-aereo\/america-latina-pierde-3-9-millones-de-empleos-en-la-industria\/","title":{"rendered":"Am\u00e9rica Latina pierde 3.9 millones de empleos en la industria"},"content":{"rendered":"\n<p><strong>(Aeronoticias)<\/strong>.- Debido al impacto de la pandemia por covid-19,\u00a0en Am\u00e9rica Latina se han perdido 3.9 millones de empleos en las industrias del transporte a\u00e9reo y turismo, adem\u00e1s de que\u00a0se han dejado de percibir 94 mil millones de d\u00f3lares al Producto Interno Bruto (PIB) de la regi\u00f3n, de acuerdo con Peter Cerd\u00e1 director regional de la Asociaci\u00f3n de Transporte A\u00e9reo Internacional (IATA) para las Am\u00e9ricas.<\/p>\n\n\n\n<p>Asimismo, la regi\u00f3n pas\u00f3 de tener 2,280 pares de ciudades conectadas a 1,615, es decir,&nbsp;&nbsp;<strong>665 rutas menos que en 2019<\/strong>, algunas de las cuales no volver\u00e1n incluso cuando las fronteras reabran totalmente, como es el caso del Auckland-Santiago de Chile, operada por Air New Zealand, o Dub\u00e1i-Buenos Aires de Emirates, se\u00f1al\u00f3 Cerd\u00e1.<\/p>\n\n\n\n<p>IATA expres\u00f3 que es imperativo que los\u00a0<strong>gobiernos y la industria en la regi\u00f3n trabajen en conjunto para<\/strong>\u00a0<strong>permitir la reapertura de las fronteras<\/strong>\u00a0y que las aerol\u00edneas recuperen los niveles de pasajeros que ten\u00edan previo a la pandemia.<\/p>\n\n\n\n<p>El titular de la Asociaci\u00f3n pidi\u00f3 que se vea a los gobiernos de&nbsp;<strong>M\u00e9xico, Estados Unidos y Colombia como ejemplos<\/strong>&nbsp;de lo que se puede lograr si las fronteras permanecen abiertas, permitiendo un mayor dinamismo en la recuperaci\u00f3n de la demanda.<\/p>\n\n\n\n<p>En el caso estadounidense, la IATA ve con buenos ojos la apertura que este gobierno ha tenido para la llegada de viajeros latinoamericanos que buscan vacunarse. De acuerdo con datos de la asociaci\u00f3n, los&nbsp;<strong>viajes entre Am\u00e9rica del Sur y Florida han incrementado 49% desde marzo<\/strong>&nbsp;de este a\u00f1o.<\/p>\n\n\n\n<p>\u201cLa mayor\u00eda de estas personas est\u00e1n viajando para vacunarse, pero esto est\u00e1 bien. Que as\u00ed sea. Independientemente de si vuelas para vacunarte, por negocios, placer o por lo que sea, lo que estamos viendo es que<strong>&nbsp;la gente quiere viajar<\/strong>\u201d, dijo Cerd\u00e1 durante el Routes Americas, celebrado entre el 23 y el 25 de junio en Orlando, Florida.<\/p>\n\n\n\n<p>Por el contrario, se\u00f1al\u00f3 que naciones como&nbsp;<strong>Canad\u00e1, Chile y Brasil<\/strong>&nbsp;han tenido una ca\u00edda en sus recuperaciones debido a que han mantenido sus&nbsp;<strong>restricciones gubernamentales<\/strong>; en el caso canadiense, s\u00f3lo recientemente se anunci\u00f3 que los ciudadanos de este pa\u00eds, totalmente vacunados, podr\u00e1n viajar sin necesidad de hacer cuarentenas.<\/p>\n\n\n\n<p>Fuente: <strong><em>A21<\/em><\/strong>.<\/p>\n","protected":false},"excerpt":{"rendered":"<p>(Aeronoticias).- Debido al impacto de la pandemia por covid-19,\u00a0en Am\u00e9rica Latina se han perdido 3.9 millones de empleos en las industrias del transporte a\u00e9reo y turismo, adem\u00e1s de que\u00a0se han dejado de percibir 94 mil millones de d\u00f3lares al Producto Interno Bruto (PIB) de la regi\u00f3n, de acuerdo con Peter Cerd\u00e1 director regional de la [&hellip;]<\/p>\n","protected":false},"author":4,"featured_media":73263,"comment_status":"open","ping_status":"open","sticky":false,"template":"","format":"standard","meta":{"tdm_status":"","tdm_grid_status":"","footnotes":""},"categories":[32,11],"tags":[1414,163],"class_list":{"0":"post-73262","1":"post","2":"type-post","3":"status-publish","4":"format-standard","5":"has-post-thumbnail","7":"category-internacional","8":"category-transporte-aereo","9":"tag-america-latina-2","10":"tag-coronavirus"},"yoast_head":"<!-- This site is optimized with the Yoast SEO plugin v25.1 - https:\/\/yoast.com\/wordpress\/plugins\/seo\/ -->\n<title>Am\u00e9rica Latina pierde 3.9 millones de empleos en la industria<\/title>\n<meta name=\"description\" content=\"Portal de noticias del Per\u00fa sobre el transporte a\u00e9reo, aviaci\u00f3n, turismo, hoteleria, actualidad.\" \/>\n<meta name=\"robots\" content=\"index, follow, max-snippet:-1, max-image-preview:large, max-video-preview:-1\" \/>\n<link rel=\"canonical\" href=\"https:\/\/aeronoticias.com.pe\/noticiero\/transporte-aereo\/america-latina-pierde-3-9-millones-de-empleos-en-la-industria\/\" \/>\n<meta property=\"og:locale\" content=\"es_ES\" \/>\n<meta property=\"og:type\" content=\"article\" \/>\n<meta property=\"og:title\" content=\"Am\u00e9rica Latina pierde 3.9 millones de empleos en la industria\" \/>\n<meta property=\"og:description\" content=\"Portal de noticias del Per\u00fa sobre el transporte a\u00e9reo, aviaci\u00f3n, turismo, hoteleria, actualidad.\" \/>\n<meta property=\"og:url\" content=\"https:\/\/aeronoticias.com.pe\/noticiero\/transporte-aereo\/america-latina-pierde-3-9-millones-de-empleos-en-la-industria\/\" \/>\n<meta property=\"og:site_name\" content=\"Aeronoticias.com.pe\" \/>\n<meta property=\"article:publisher\" content=\"https:\/\/www.facebook.com\/Aeronoticias.com.pe\/\" \/>\n<meta property=\"article:published_time\" content=\"2021-06-24T12:53:00+00:00\" \/>\n<meta property=\"article:modified_time\" content=\"2021-06-25T02:03:32+00:00\" \/>\n<meta property=\"og:image\" content=\"https:\/\/aeronoticias.com.pe\/noticiero\/wp-content\/uploads\/2021\/06\/portada-aeropuerto-4.jpg\" \/>\n\t<meta property=\"og:image:width\" content=\"2417\" \/>\n\t<meta property=\"og:image:height\" content=\"1104\" \/>\n\t<meta property=\"og:image:type\" content=\"image\/jpeg\" \/>\n<meta name=\"author\" content=\"Jefrey Cuya\" \/>\n<meta name=\"twitter:card\" content=\"summary_large_image\" \/>\n<meta name=\"twitter:creator\" content=\"@aeronoticias\" \/>\n<meta name=\"twitter:site\" content=\"@aeronoticias\" \/>\n<meta name=\"twitter:label1\" content=\"Escrito por\" \/>\n\t<meta name=\"twitter:data1\" content=\"Jefrey Cuya\" \/>\n\t<meta name=\"twitter:label2\" content=\"Tiempo de lectura\" \/>\n\t<meta name=\"twitter:data2\" content=\"2 minutos\" \/>\n<script type=\"application\/ld+json\" class=\"yoast-schema-graph\">{\"@context\":\"https:\/\/schema.org\",\"@graph\":[{\"@type\":\"WebPage\",\"@id\":\"https:\/\/aeronoticias.com.pe\/noticiero\/transporte-aereo\/america-latina-pierde-3-9-millones-de-empleos-en-la-industria\/\",\"url\":\"https:\/\/aeronoticias.com.pe\/noticiero\/transporte-aereo\/america-latina-pierde-3-9-millones-de-empleos-en-la-industria\/\",\"name\":\"Am\u00e9rica Latina pierde 3.9 millones de empleos en la industria\",\"isPartOf\":{\"@id\":\"https:\/\/aeronoticias.com.pe\/noticiero\/#website\"},\"primaryImageOfPage\":{\"@id\":\"https:\/\/aeronoticias.com.pe\/noticiero\/transporte-aereo\/america-latina-pierde-3-9-millones-de-empleos-en-la-industria\/#primaryimage\"},\"image\":{\"@id\":\"https:\/\/aeronoticias.com.pe\/noticiero\/transporte-aereo\/america-latina-pierde-3-9-millones-de-empleos-en-la-industria\/#primaryimage\"},\"thumbnailUrl\":\"https:\/\/aeronoticias.com.pe\/noticiero\/wp-content\/uploads\/2021\/06\/portada-aeropuerto-4.jpg\",\"datePublished\":\"2021-06-24T12:53:00+00:00\",\"dateModified\":\"2021-06-25T02:03:32+00:00\",\"author\":{\"@id\":\"https:\/\/aeronoticias.com.pe\/noticiero\/#\/schema\/person\/9ef7422a13b22ab480ffc29639f442b0\"},\"description\":\"Portal de noticias del Per\u00fa sobre el transporte a\u00e9reo, aviaci\u00f3n, turismo, hoteleria, actualidad.\",\"breadcrumb\":{\"@id\":\"https:\/\/aeronoticias.com.pe\/noticiero\/transporte-aereo\/america-latina-pierde-3-9-millones-de-empleos-en-la-industria\/#breadcrumb\"},\"inLanguage\":\"es\",\"potentialAction\":[{\"@type\":\"ReadAction\",\"target\":[\"https:\/\/aeronoticias.com.pe\/noticiero\/transporte-aereo\/america-latina-pierde-3-9-millones-de-empleos-en-la-industria\/\"]}]},{\"@type\":\"ImageObject\",\"inLanguage\":\"es\",\"@id\":\"https:\/\/aeronoticias.com.pe\/noticiero\/transporte-aereo\/america-latina-pierde-3-9-millones-de-empleos-en-la-industria\/#primaryimage\",\"url\":\"https:\/\/aeronoticias.com.pe\/noticiero\/wp-content\/uploads\/2021\/06\/portada-aeropuerto-4.jpg\",\"contentUrl\":\"https:\/\/aeronoticias.com.pe\/noticiero\/wp-content\/uploads\/2021\/06\/portada-aeropuerto-4.jpg\",\"width\":2417,\"height\":1104},{\"@type\":\"BreadcrumbList\",\"@id\":\"https:\/\/aeronoticias.com.pe\/noticiero\/transporte-aereo\/america-latina-pierde-3-9-millones-de-empleos-en-la-industria\/#breadcrumb\",\"itemListElement\":[{\"@type\":\"ListItem\",\"position\":1,\"name\":\"Portada\",\"item\":\"https:\/\/aeronoticias.com.pe\/noticiero\/\"},{\"@type\":\"ListItem\",\"position\":2,\"name\":\"Am\u00e9rica Latina pierde 3.9 millones de empleos en la industria\"}]},{\"@type\":\"WebSite\",\"@id\":\"https:\/\/aeronoticias.com.pe\/noticiero\/#website\",\"url\":\"https:\/\/aeronoticias.com.pe\/noticiero\/\",\"name\":\"Aeronoticias.com.pe\",\"description\":\"Noticias de tranporte aereo, turismo, hoteles, gastronomia, actualidad, internacional\",\"potentialAction\":[{\"@type\":\"SearchAction\",\"target\":{\"@type\":\"EntryPoint\",\"urlTemplate\":\"https:\/\/aeronoticias.com.pe\/noticiero\/?s={search_term_string}\"},\"query-input\":{\"@type\":\"PropertyValueSpecification\",\"valueRequired\":true,\"valueName\":\"search_term_string\"}}],\"inLanguage\":\"es\"},{\"@type\":\"Person\",\"@id\":\"https:\/\/aeronoticias.com.pe\/noticiero\/#\/schema\/person\/9ef7422a13b22ab480ffc29639f442b0\",\"name\":\"Jefrey Cuya\",\"url\":\"https:\/\/aeronoticias.com.pe\/noticiero\/author\/jefreycuya\/\"}]}<\/script>\n<!-- \/ Yoast SEO plugin. -->","yoast_head_json":{"title":"Am\u00e9rica Latina pierde 3.9 millones de empleos en la industria","description":"Portal de noticias del Per\u00fa sobre el transporte a\u00e9reo, aviaci\u00f3n, turismo, hoteleria, actualidad.","robots":{"index":"index","follow":"follow","max-snippet":"max-snippet:-1","max-image-preview":"max-image-preview:large","max-video-preview":"max-video-preview:-1"},"canonical":"https:\/\/aeronoticias.com.pe\/noticiero\/transporte-aereo\/america-latina-pierde-3-9-millones-de-empleos-en-la-industria\/","og_locale":"es_ES","og_type":"article","og_title":"Am\u00e9rica Latina pierde 3.9 millones de empleos en la industria","og_description":"Portal de noticias del Per\u00fa sobre el transporte a\u00e9reo, aviaci\u00f3n, turismo, hoteleria, actualidad.","og_url":"https:\/\/aeronoticias.com.pe\/noticiero\/transporte-aereo\/america-latina-pierde-3-9-millones-de-empleos-en-la-industria\/","og_site_name":"Aeronoticias.com.pe","article_publisher":"https:\/\/www.facebook.com\/Aeronoticias.com.pe\/","article_published_time":"2021-06-24T12:53:00+00:00","article_modified_time":"2021-06-25T02:03:32+00:00","og_image":[{"width":2417,"height":1104,"url":"https:\/\/aeronoticias.com.pe\/noticiero\/wp-content\/uploads\/2021\/06\/portada-aeropuerto-4.jpg","type":"image\/jpeg"}],"author":"Jefrey Cuya","twitter_card":"summary_large_image","twitter_creator":"@aeronoticias","twitter_site":"@aeronoticias","twitter_misc":{"Escrito por":"Jefrey Cuya","Tiempo de lectura":"2 minutos"},"schema":{"@context":"https:\/\/schema.org","@graph":[{"@type":"WebPage","@id":"https:\/\/aeronoticias.com.pe\/noticiero\/transporte-aereo\/america-latina-pierde-3-9-millones-de-empleos-en-la-industria\/","url":"https:\/\/aeronoticias.com.pe\/noticiero\/transporte-aereo\/america-latina-pierde-3-9-millones-de-empleos-en-la-industria\/","name":"Am\u00e9rica Latina pierde 3.9 millones de empleos en la industria","isPartOf":{"@id":"https:\/\/aeronoticias.com.pe\/noticiero\/#website"},"primaryImageOfPage":{"@id":"https:\/\/aeronoticias.com.pe\/noticiero\/transporte-aereo\/america-latina-pierde-3-9-millones-de-empleos-en-la-industria\/#primaryimage"},"image":{"@id":"https:\/\/aeronoticias.com.pe\/noticiero\/transporte-aereo\/america-latina-pierde-3-9-millones-de-empleos-en-la-industria\/#primaryimage"},"thumbnailUrl":"https:\/\/aeronoticias.com.pe\/noticiero\/wp-content\/uploads\/2021\/06\/portada-aeropuerto-4.jpg","datePublished":"2021-06-24T12:53:00+00:00","dateModified":"2021-06-25T02:03:32+00:00","author":{"@id":"https:\/\/aeronoticias.com.pe\/noticiero\/#\/schema\/person\/9ef7422a13b22ab480ffc29639f442b0"},"description":"Portal de noticias del Per\u00fa sobre el transporte a\u00e9reo, aviaci\u00f3n, turismo, hoteleria, actualidad.","breadcrumb":{"@id":"https:\/\/aeronoticias.com.pe\/noticiero\/transporte-aereo\/america-latina-pierde-3-9-millones-de-empleos-en-la-industria\/#breadcrumb"},"inLanguage":"es","potentialAction":[{"@type":"ReadAction","target":["https:\/\/aeronoticias.com.pe\/noticiero\/transporte-aereo\/america-latina-pierde-3-9-millones-de-empleos-en-la-industria\/"]}]},{"@type":"ImageObject","inLanguage":"es","@id":"https:\/\/aeronoticias.com.pe\/noticiero\/transporte-aereo\/america-latina-pierde-3-9-millones-de-empleos-en-la-industria\/#primaryimage","url":"https:\/\/aeronoticias.com.pe\/noticiero\/wp-content\/uploads\/2021\/06\/portada-aeropuerto-4.jpg","contentUrl":"https:\/\/aeronoticias.com.pe\/noticiero\/wp-content\/uploads\/2021\/06\/portada-aeropuerto-4.jpg","width":2417,"height":1104},{"@type":"BreadcrumbList","@id":"https:\/\/aeronoticias.com.pe\/noticiero\/transporte-aereo\/america-latina-pierde-3-9-millones-de-empleos-en-la-industria\/#breadcrumb","itemListElement":[{"@type":"ListItem","position":1,"name":"Portada","item":"https:\/\/aeronoticias.com.pe\/noticiero\/"},{"@type":"ListItem","position":2,"name":"Am\u00e9rica Latina pierde 3.9 millones de empleos en la industria"}]},{"@type":"WebSite","@id":"https:\/\/aeronoticias.com.pe\/noticiero\/#website","url":"https:\/\/aeronoticias.com.pe\/noticiero\/","name":"Aeronoticias.com.pe","description":"Noticias de tranporte aereo, turismo, hoteles, gastronomia, actualidad, internacional","potentialAction":[{"@type":"SearchAction","target":{"@type":"EntryPoint","urlTemplate":"https:\/\/aeronoticias.com.pe\/noticiero\/?s={search_term_string}"},"query-input":{"@type":"PropertyValueSpecification","valueRequired":true,"valueName":"search_term_string"}}],"inLanguage":"es"},{"@type":"Person","@id":"https:\/\/aeronoticias.com.pe\/noticiero\/#\/schema\/person\/9ef7422a13b22ab480ffc29639f442b0","name":"Jefrey Cuya","url":"https:\/\/aeronoticias.com.pe\/noticiero\/author\/jefreycuya\/"}]}},"_links":{"self":[{"href":"https:\/\/aeronoticias.com.pe\/noticiero\/wp-json\/wp\/v2\/posts\/73262","targetHints":{"allow":["GET"]}}],"collection":[{"href":"https:\/\/aeronoticias.com.pe\/noticiero\/wp-json\/wp\/v2\/posts"}],"about":[{"href":"https:\/\/aeronoticias.com.pe\/noticiero\/wp-json\/wp\/v2\/types\/post"}],"author":[{"embeddable":true,"href":"https:\/\/aeronoticias.com.pe\/noticiero\/wp-json\/wp\/v2\/users\/4"}],"replies":[{"embeddable":true,"href":"https:\/\/aeronoticias.com.pe\/noticiero\/wp-json\/wp\/v2\/comments?post=73262"}],"version-history":[{"count":0,"href":"https:\/\/aeronoticias.com.pe\/noticiero\/wp-json\/wp\/v2\/posts\/73262\/revisions"}],"wp:featuredmedia":[{"embeddable":true,"href":"https:\/\/aeronoticias.com.pe\/noticiero\/wp-json\/wp\/v2\/media\/73263"}],"wp:attachment":[{"href":"https:\/\/aeronoticias.com.pe\/noticiero\/wp-json\/wp\/v2\/media?parent=73262"}],"wp:term":[{"taxonomy":"category","embeddable":true,"href":"https:\/\/aeronoticias.com.pe\/noticiero\/wp-json\/wp\/v2\/categories?post=73262"},{"taxonomy":"post_tag","embeddable":true,"href":"https:\/\/aeronoticias.com.pe\/noticiero\/wp-json\/wp\/v2\/tags?post=73262"}],"curies":[{"name":"wp","href":"https:\/\/api.w.org\/{rel}","templated":true}]}}