{"id":73265,"date":"2021-06-25T09:54:55","date_gmt":"2021-06-25T14:54:55","guid":{"rendered":"https:\/\/aeronoticias.com.pe\/noticiero\/?p=73265"},"modified":"2021-06-25T10:32:02","modified_gmt":"2021-06-25T15:32:02","slug":"julian-palacin-rectifica-a-america-television-guillermo-sendon-nunca-fue-ni-es-abogado-asociado-del-estudio-palacin","status":"publish","type":"post","link":"https:\/\/aeronoticias.com.pe\/noticiero\/ultimas\/julian-palacin-rectifica-a-america-television-guillermo-sendon-nunca-fue-ni-es-abogado-asociado-del-estudio-palacin\/","title":{"rendered":"Juli\u00e1n Palacin rectifica a Am\u00e9rica Televisi\u00f3n: Guillermo Sendon nunca fue ni es abogado asociado del Estudio Palacin"},"content":{"rendered":"\n<p><strong>(Aeronoticias)<\/strong> El Abogado Juli\u00e1n Palacin Fern\u00e1ndez envi\u00f3 una Carta Notarial a Am\u00e9rica Noticias \u2013 Edici\u00f3n Central del Canal 4 &#8211; Am\u00e9rica Televisi\u00f3n, exigiendo la rectificaci\u00f3n constitucional de la informaci\u00f3n falsa de que el Abogado Guillermo Sendon Guerra es abogado asociado del Estudio Jur\u00eddico Palacin Abogados, al respecto, el medio de comunicaci\u00f3n al propagar esta informaci\u00f3n difamatoria y que ha causado da\u00f1os y perjuicios, da\u00f1o moral, lucrocesante y da\u00f1o emergente al Estudio Jur\u00eddico, como medio de comunicaci\u00f3n no revis\u00f3 la p\u00e1gina web del Estudio <a href=\"http:\/\/www.estudiojuridicopalacin.com\/\" target=\"_blank\" rel=\"noreferrer noopener\">www.estudiojuridicopalacin.com<\/a> que es de acceso p\u00fablico y que prueba que en estos 11 a\u00f1os solo hay 2 abogados Juli\u00e1n Palacin Fern\u00e1ndez y Juli\u00e1n Palacin Guti\u00e9rrez y como tampoco las informaciones corroboraron con SUNARP, SUNAT, si el mencionado abogado Guillermo Sendon a la fecha o en los \u00faltimos a\u00f1os, tiene pagos por remuneraciones de Quinta Categor\u00eda, en consecuencia hay dolo ya que no se pueden confundir porque un abogado asociado en cualquier Estudio Jur\u00eddico del mundo figura en la Planilla y tiene rentas de Quinta Categor\u00eda, es decir en relaci\u00f3n de dependencia.<\/p>\n\n\n\n<div class=\"wp-block-image\"><figure class=\"aligncenter size-large is-resized\"><img loading=\"lazy\" decoding=\"async\" src=\"https:\/\/aeronoticias.com.pe\/noticiero\/wp-content\/uploads\/2021\/06\/COMUNICADO-ESTUDIO-PALACIN-724x1024.jpeg\" alt=\"\" class=\"wp-image-73312\" width=\"724\" height=\"1024\" srcset=\"https:\/\/aeronoticias.com.pe\/noticiero\/wp-content\/uploads\/2021\/06\/COMUNICADO-ESTUDIO-PALACIN-724x1024.jpeg 724w, https:\/\/aeronoticias.com.pe\/noticiero\/wp-content\/uploads\/2021\/06\/COMUNICADO-ESTUDIO-PALACIN-212x300.jpeg 212w, https:\/\/aeronoticias.com.pe\/noticiero\/wp-content\/uploads\/2021\/06\/COMUNICADO-ESTUDIO-PALACIN-768x1086.jpeg 768w, https:\/\/aeronoticias.com.pe\/noticiero\/wp-content\/uploads\/2021\/06\/COMUNICADO-ESTUDIO-PALACIN-1086x1536.jpeg 1086w, https:\/\/aeronoticias.com.pe\/noticiero\/wp-content\/uploads\/2021\/06\/COMUNICADO-ESTUDIO-PALACIN-1448x2048.jpeg 1448w, https:\/\/aeronoticias.com.pe\/noticiero\/wp-content\/uploads\/2021\/06\/COMUNICADO-ESTUDIO-PALACIN-150x212.jpeg 150w, https:\/\/aeronoticias.com.pe\/noticiero\/wp-content\/uploads\/2021\/06\/COMUNICADO-ESTUDIO-PALACIN-300x424.jpeg 300w, https:\/\/aeronoticias.com.pe\/noticiero\/wp-content\/uploads\/2021\/06\/COMUNICADO-ESTUDIO-PALACIN-696x984.jpeg 696w, https:\/\/aeronoticias.com.pe\/noticiero\/wp-content\/uploads\/2021\/06\/COMUNICADO-ESTUDIO-PALACIN-1068x1510.jpeg 1068w, https:\/\/aeronoticias.com.pe\/noticiero\/wp-content\/uploads\/2021\/06\/COMUNICADO-ESTUDIO-PALACIN-1920x2715.jpeg 1920w, https:\/\/aeronoticias.com.pe\/noticiero\/wp-content\/uploads\/2021\/06\/COMUNICADO-ESTUDIO-PALACIN-scaled.jpeg 1810w\" sizes=\"auto, (max-width: 724px) 100vw, 724px\" \/><figcaption>Comunicado a la Opini\u00f3n P\u00fablica del Estudio Jur\u00eddico Palacin Abogados<\/figcaption><\/figure><\/div>\n\n\n\n<p>El abogado Guillermo Sendon fue consultor externo, es decir, independiente en un caso de Arbitraje en el 2014 y se le consult\u00f3 externamente en 2 procesos penales, y en diciembre del 2018 termin\u00f3 la asesor\u00eda externa, en estos casos de Arbitraje con el Estudio Jur\u00eddico Palacin y se le pag\u00f3 su Recibo de Honorarios por sus servicios profesionales independientes y se termin\u00f3 la relaci\u00f3n externa.<\/p>\n\n\n\n<p>A la fecha, dejamos constancia que el Abogado Guillermo Sendon no fue socio, ni asociado del Estudio Jur\u00eddico Palacin, jam\u00e1s tuvo relaci\u00f3n de dependencia ni recibi\u00f3 pagos por rentas de Quinta Categor\u00eda, lo cual prueba que nunca fue asociado, ni ocup\u00f3 espacio dentro de nuestras oficinas.<\/p>\n\n\n\n<p>En consecuencia, Juli\u00e1n Palacin Fern\u00e1ndez pidi\u00f3 rectificaci\u00f3n de Am\u00e9rica Noticias \u2013 Edici\u00f3n Central del Canal 4 &#8211; Am\u00e9rica Televisi\u00f3n, Per\u00fa21 y los medios de comunicaci\u00f3n que se est\u00e1n prestando a mentir sin revisar nuestra p\u00e1gina web <a href=\"http:\/\/www.estudiojuridicopalacin.com\/\" target=\"_blank\" rel=\"noreferrer noopener\">www.estudiojuridicopalacin.com<\/a>, SUNARP, SUNAT, donde se prueba que nunca fue ni socio ni asociado al Estudio Jur\u00eddico Palacin y que en todo caso prest\u00f3 un servicio independiente, gir\u00f3 un Recibo de Honorarios en el 2018, y no tenemos ning\u00fan relaci\u00f3n jur\u00eddica externa con \u00e9l.<\/p>\n\n\n\n<figure class=\"wp-block-image size-large\"><img loading=\"lazy\" decoding=\"async\" width=\"1024\" height=\"525\" src=\"https:\/\/aeronoticias.com.pe\/noticiero\/wp-content\/uploads\/2021\/06\/abogadosestudiopalacin-1024x525.jpg\" alt=\"\" class=\"wp-image-73314\" srcset=\"https:\/\/aeronoticias.com.pe\/noticiero\/wp-content\/uploads\/2021\/06\/abogadosestudiopalacin-1024x525.jpg 1024w, https:\/\/aeronoticias.com.pe\/noticiero\/wp-content\/uploads\/2021\/06\/abogadosestudiopalacin-300x154.jpg 300w, https:\/\/aeronoticias.com.pe\/noticiero\/wp-content\/uploads\/2021\/06\/abogadosestudiopalacin-768x394.jpg 768w, https:\/\/aeronoticias.com.pe\/noticiero\/wp-content\/uploads\/2021\/06\/abogadosestudiopalacin-150x77.jpg 150w, https:\/\/aeronoticias.com.pe\/noticiero\/wp-content\/uploads\/2021\/06\/abogadosestudiopalacin-696x357.jpg 696w, https:\/\/aeronoticias.com.pe\/noticiero\/wp-content\/uploads\/2021\/06\/abogadosestudiopalacin-1068x548.jpg 1068w, https:\/\/aeronoticias.com.pe\/noticiero\/wp-content\/uploads\/2021\/06\/abogadosestudiopalacin.jpg 1530w\" sizes=\"auto, (max-width: 1024px) 100vw, 1024px\" \/><figcaption>Fuente: P\u00e1gina web estudiojurdicopalacin.com<\/figcaption><\/figure>\n\n\n\n<p>Exigimos rectificaci\u00f3n constitucional sin perjuicio de que estamos estudiando las acciones legales para denunciar penalmente por difamaci\u00f3n agravada Art. 132 del C\u00f3digo Penal, a los medios de comunicaci\u00f3n y a los pol\u00edticos opinantes de esta falsedad por este delito contra el honor, que originar\u00e1 responsabilidad penal y civil por dar esta informaci\u00f3n falsa y dolosa, que afecta nuestro buen nombre y reputaci\u00f3n a nivel nacional e internacional, dijo Juli\u00e1n Palacin Fern\u00e1ndez.<\/p>\n\n\n\n<p>La trama maquiav\u00e9lica de la mafia sigue inventando hechos falsos e inexistentes y ya que Guillermo Sendon no es abogado asociado a nuestro Estudio Jur\u00eddico a la fecha y no lo fue en el pasado, como se prueba con nuestra p\u00e1gina web que est\u00e1 publicada desde el 2010 sin alteraci\u00f3n alguna <a href=\"http:\/\/www.estudiojuridicopalacin.com\/\" target=\"_blank\" rel=\"noreferrer noopener\">www.estudiojuridicopalacin.com<\/a>, por lo que lo publicado por los medios de comunicaci\u00f3n sin esta revisi\u00f3n es un total menosprecio a la verdad.<\/p>\n\n\n\n<p><strong>SI LOS MEDIOS DE COMUNICACION NO SE RECTIFICAN DENUNCIARE PENALMENTE A SUS DIRECTORES Y PEDIRE UNA INDEMNIZACION DE US$ 1 MILLON A CADA MEDIO POR LOS DA\u00d1OS Y PERJUICIOS QUE NOS ESTAN OCASIONANDO COMO PERSONA JURIDICA Y PERSONA NATURAL<\/strong><\/p>\n\n\n\n<p>Por \u00faltimo, Juli\u00e1n Palacin dijo que si no hay rectificaci\u00f3n demandar\u00e1 penalmente a los medios de comunicaci\u00f3n que dan esta informaci\u00f3n falsa, exigi\u00e9ndole a cada uno una indemnizaci\u00f3n de US$ 1 mill\u00f3n, ya que soy un abogado exitoso, que le ha ganado procesos a casi todos los Estudios grandes y puedo probar el da\u00f1o que con dolo y malaintenci\u00f3n, los arquitectos de la mentira y la difamaci\u00f3n me est\u00e1n ocasionando, estos arquitectos de la difamaci\u00f3n me est\u00e1n haciendo.<\/p>\n\n\n\n<p>Son tan ingenuos que no se dan cuenta que existe una p\u00e1gina web <a href=\"http:\/\/www.estudiojuridicopalacin.com\">www.estudiojuridicopalacin.com<\/a>, que es la oficial y nunca consultaron y es f\u00e1cilmente comprobable que Guillermo Sendon jam\u00e1s recibi\u00f3 remuneraci\u00f3n en relaci\u00f3n de  dependencia 4ta Categor\u00eda, lo que prueba que no es asociado al Estudio, en consecuencia la noticia es falsa y tienen que rectificar bajo responsabilidad Penal y Civil.<\/p>\n\n\n\n<p><strong>Por: Plana Period\u00edstica<\/strong><\/p>\n","protected":false},"excerpt":{"rendered":"<p>(Aeronoticias) El Abogado Juli\u00e1n Palacin Fern\u00e1ndez envi\u00f3 una Carta Notarial a Am\u00e9rica Noticias \u2013 Edici\u00f3n Central del Canal 4 &#8211; Am\u00e9rica Televisi\u00f3n, exigiendo la rectificaci\u00f3n constitucional de la informaci\u00f3n falsa de que el Abogado Guillermo Sendon Guerra es abogado asociado del Estudio Jur\u00eddico Palacin Abogados, al respecto, el medio de comunicaci\u00f3n al propagar esta informaci\u00f3n [&hellip;]<\/p>\n","protected":false},"author":3,"featured_media":73311,"comment_status":"open","ping_status":"open","sticky":false,"template":"","format":"standard","meta":{"tdm_status":"","tdm_grid_status":"","footnotes":""},"categories":[8,30],"tags":[1470,1246],"class_list":{"0":"post-73265","1":"post","2":"type-post","3":"status-publish","4":"format-standard","5":"has-post-thumbnail","7":"category-ultimas","8":"category-30","9":"tag-estudiopalacin","10":"tag-julianpalacin"},"yoast_head":"<!-- This site is optimized with the Yoast SEO plugin v25.1 - https:\/\/yoast.com\/wordpress\/plugins\/seo\/ -->\n<title>Juli\u00e1n Palacin rectifica a Am\u00e9rica Televisi\u00f3n: Guillermo Sendon nunca fue ni es abogado asociado del Estudio Palacin<\/title>\n<meta name=\"description\" content=\"Periodistas con falta de imparcialidad y direccionalidad pol\u00edtica, no tuvieron la previsi\u00f3n de ver la p\u00e1gina web del Estudio Jur\u00eddico Juli\u00e1n Palacin Abogados www.estudiojuridicopalacin.com publicada en el 2010, es decir hace 11 a\u00f1os, que prueba que en toda esta \u00e9poca solo hay 2 abogados socios o asociados, Juli\u00e1n Palacin Fern\u00e1ndez y Juli\u00e1n Palacin Guti\u00e9rrez.\" \/>\n<meta name=\"robots\" content=\"index, follow, max-snippet:-1, max-image-preview:large, max-video-preview:-1\" \/>\n<link rel=\"canonical\" href=\"https:\/\/aeronoticias.com.pe\/noticiero\/ultimas\/julian-palacin-rectifica-a-america-television-guillermo-sendon-nunca-fue-ni-es-abogado-asociado-del-estudio-palacin\/\" \/>\n<meta property=\"og:locale\" content=\"es_ES\" \/>\n<meta property=\"og:type\" content=\"article\" \/>\n<meta property=\"og:title\" content=\"Juli\u00e1n Palacin rectifica a Am\u00e9rica Televisi\u00f3n: Guillermo Sendon nunca fue ni es abogado asociado del Estudio Palacin\" \/>\n<meta property=\"og:description\" content=\"Periodistas con falta de imparcialidad y direccionalidad pol\u00edtica, no tuvieron la previsi\u00f3n de ver la p\u00e1gina web del Estudio Jur\u00eddico Juli\u00e1n Palacin Abogados www.estudiojuridicopalacin.com publicada en el 2010, es decir hace 11 a\u00f1os, que prueba que en toda esta \u00e9poca solo hay 2 abogados socios o asociados, Juli\u00e1n Palacin Fern\u00e1ndez y Juli\u00e1n Palacin Guti\u00e9rrez.\" \/>\n<meta property=\"og:url\" content=\"https:\/\/aeronoticias.com.pe\/noticiero\/ultimas\/julian-palacin-rectifica-a-america-television-guillermo-sendon-nunca-fue-ni-es-abogado-asociado-del-estudio-palacin\/\" \/>\n<meta property=\"og:site_name\" content=\"Aeronoticias.com.pe\" \/>\n<meta property=\"article:publisher\" content=\"https:\/\/www.facebook.com\/Aeronoticias.com.pe\/\" \/>\n<meta property=\"article:published_time\" content=\"2021-06-25T14:54:55+00:00\" \/>\n<meta property=\"article:modified_time\" content=\"2021-06-25T15:32:02+00:00\" \/>\n<meta property=\"og:image\" content=\"https:\/\/aeronoticias.com.pe\/noticiero\/wp-content\/uploads\/2021\/06\/americatv-montesinos.jpg\" \/>\n\t<meta property=\"og:image:width\" content=\"1577\" \/>\n\t<meta property=\"og:image:height\" content=\"600\" \/>\n\t<meta property=\"og:image:type\" content=\"image\/jpeg\" \/>\n<meta name=\"author\" content=\"Redacci\u00f3n\" \/>\n<meta name=\"twitter:card\" content=\"summary_large_image\" \/>\n<meta name=\"twitter:creator\" content=\"@aeronoticias\" \/>\n<meta name=\"twitter:site\" content=\"@aeronoticias\" \/>\n<meta name=\"twitter:label1\" content=\"Escrito por\" \/>\n\t<meta name=\"twitter:data1\" content=\"Redacci\u00f3n\" \/>\n\t<meta name=\"twitter:label2\" content=\"Tiempo de lectura\" \/>\n\t<meta name=\"twitter:data2\" content=\"4 minutos\" \/>\n<script type=\"application\/ld+json\" class=\"yoast-schema-graph\">{\"@context\":\"https:\/\/schema.org\",\"@graph\":[{\"@type\":\"WebPage\",\"@id\":\"https:\/\/aeronoticias.com.pe\/noticiero\/ultimas\/julian-palacin-rectifica-a-america-television-guillermo-sendon-nunca-fue-ni-es-abogado-asociado-del-estudio-palacin\/\",\"url\":\"https:\/\/aeronoticias.com.pe\/noticiero\/ultimas\/julian-palacin-rectifica-a-america-television-guillermo-sendon-nunca-fue-ni-es-abogado-asociado-del-estudio-palacin\/\",\"name\":\"Juli\u00e1n Palacin rectifica a Am\u00e9rica Televisi\u00f3n: Guillermo Sendon nunca fue ni es abogado asociado del Estudio Palacin\",\"isPartOf\":{\"@id\":\"https:\/\/aeronoticias.com.pe\/noticiero\/#website\"},\"primaryImageOfPage\":{\"@id\":\"https:\/\/aeronoticias.com.pe\/noticiero\/ultimas\/julian-palacin-rectifica-a-america-television-guillermo-sendon-nunca-fue-ni-es-abogado-asociado-del-estudio-palacin\/#primaryimage\"},\"image\":{\"@id\":\"https:\/\/aeronoticias.com.pe\/noticiero\/ultimas\/julian-palacin-rectifica-a-america-television-guillermo-sendon-nunca-fue-ni-es-abogado-asociado-del-estudio-palacin\/#primaryimage\"},\"thumbnailUrl\":\"https:\/\/aeronoticias.com.pe\/noticiero\/wp-content\/uploads\/2021\/06\/americatv-montesinos.jpg\",\"datePublished\":\"2021-06-25T14:54:55+00:00\",\"dateModified\":\"2021-06-25T15:32:02+00:00\",\"author\":{\"@id\":\"https:\/\/aeronoticias.com.pe\/noticiero\/#\/schema\/person\/16212a617c73f78916b13194154243bd\"},\"description\":\"Periodistas con falta de imparcialidad y direccionalidad pol\u00edtica, no tuvieron la previsi\u00f3n de ver la p\u00e1gina web del Estudio Jur\u00eddico Juli\u00e1n Palacin Abogados www.estudiojuridicopalacin.com publicada en el 2010, es decir hace 11 a\u00f1os, que prueba que en toda esta \u00e9poca solo hay 2 abogados socios o asociados, Juli\u00e1n Palacin Fern\u00e1ndez y Juli\u00e1n Palacin Guti\u00e9rrez.\",\"breadcrumb\":{\"@id\":\"https:\/\/aeronoticias.com.pe\/noticiero\/ultimas\/julian-palacin-rectifica-a-america-television-guillermo-sendon-nunca-fue-ni-es-abogado-asociado-del-estudio-palacin\/#breadcrumb\"},\"inLanguage\":\"es\",\"potentialAction\":[{\"@type\":\"ReadAction\",\"target\":[\"https:\/\/aeronoticias.com.pe\/noticiero\/ultimas\/julian-palacin-rectifica-a-america-television-guillermo-sendon-nunca-fue-ni-es-abogado-asociado-del-estudio-palacin\/\"]}]},{\"@type\":\"ImageObject\",\"inLanguage\":\"es\",\"@id\":\"https:\/\/aeronoticias.com.pe\/noticiero\/ultimas\/julian-palacin-rectifica-a-america-television-guillermo-sendon-nunca-fue-ni-es-abogado-asociado-del-estudio-palacin\/#primaryimage\",\"url\":\"https:\/\/aeronoticias.com.pe\/noticiero\/wp-content\/uploads\/2021\/06\/americatv-montesinos.jpg\",\"contentUrl\":\"https:\/\/aeronoticias.com.pe\/noticiero\/wp-content\/uploads\/2021\/06\/americatv-montesinos.jpg\",\"width\":1577,\"height\":600,\"caption\":\"Trama macabra del mafioso Vladimiro Montesinos y sus voceros\"},{\"@type\":\"BreadcrumbList\",\"@id\":\"https:\/\/aeronoticias.com.pe\/noticiero\/ultimas\/julian-palacin-rectifica-a-america-television-guillermo-sendon-nunca-fue-ni-es-abogado-asociado-del-estudio-palacin\/#breadcrumb\",\"itemListElement\":[{\"@type\":\"ListItem\",\"position\":1,\"name\":\"Portada\",\"item\":\"https:\/\/aeronoticias.com.pe\/noticiero\/\"},{\"@type\":\"ListItem\",\"position\":2,\"name\":\"Juli\u00e1n Palacin rectifica a Am\u00e9rica Televisi\u00f3n: Guillermo Sendon nunca fue ni es abogado asociado del Estudio Palacin\"}]},{\"@type\":\"WebSite\",\"@id\":\"https:\/\/aeronoticias.com.pe\/noticiero\/#website\",\"url\":\"https:\/\/aeronoticias.com.pe\/noticiero\/\",\"name\":\"Aeronoticias.com.pe\",\"description\":\"Noticias de tranporte aereo, turismo, hoteles, gastronomia, actualidad, internacional\",\"potentialAction\":[{\"@type\":\"SearchAction\",\"target\":{\"@type\":\"EntryPoint\",\"urlTemplate\":\"https:\/\/aeronoticias.com.pe\/noticiero\/?s={search_term_string}\"},\"query-input\":{\"@type\":\"PropertyValueSpecification\",\"valueRequired\":true,\"valueName\":\"search_term_string\"}}],\"inLanguage\":\"es\"},{\"@type\":\"Person\",\"@id\":\"https:\/\/aeronoticias.com.pe\/noticiero\/#\/schema\/person\/16212a617c73f78916b13194154243bd\",\"name\":\"Redacci\u00f3n\",\"sameAs\":[\"http:\/\/Redacci\u00f3n\"],\"url\":\"https:\/\/aeronoticias.com.pe\/noticiero\/author\/celeste\/\"}]}<\/script>\n<!-- \/ Yoast SEO plugin. -->","yoast_head_json":{"title":"Juli\u00e1n Palacin rectifica a Am\u00e9rica Televisi\u00f3n: Guillermo Sendon nunca fue ni es abogado asociado del Estudio Palacin","description":"Periodistas con falta de imparcialidad y direccionalidad pol\u00edtica, no tuvieron la previsi\u00f3n de ver la p\u00e1gina web del Estudio Jur\u00eddico Juli\u00e1n Palacin Abogados www.estudiojuridicopalacin.com publicada en el 2010, es decir hace 11 a\u00f1os, que prueba que en toda esta \u00e9poca solo hay 2 abogados socios o asociados, Juli\u00e1n Palacin Fern\u00e1ndez y Juli\u00e1n Palacin Guti\u00e9rrez.","robots":{"index":"index","follow":"follow","max-snippet":"max-snippet:-1","max-image-preview":"max-image-preview:large","max-video-preview":"max-video-preview:-1"},"canonical":"https:\/\/aeronoticias.com.pe\/noticiero\/ultimas\/julian-palacin-rectifica-a-america-television-guillermo-sendon-nunca-fue-ni-es-abogado-asociado-del-estudio-palacin\/","og_locale":"es_ES","og_type":"article","og_title":"Juli\u00e1n Palacin rectifica a Am\u00e9rica Televisi\u00f3n: Guillermo Sendon nunca fue ni es abogado asociado del Estudio Palacin","og_description":"Periodistas con falta de imparcialidad y direccionalidad pol\u00edtica, no tuvieron la previsi\u00f3n de ver la p\u00e1gina web del Estudio Jur\u00eddico Juli\u00e1n Palacin Abogados www.estudiojuridicopalacin.com publicada en el 2010, es decir hace 11 a\u00f1os, que prueba que en toda esta \u00e9poca solo hay 2 abogados socios o asociados, Juli\u00e1n Palacin Fern\u00e1ndez y Juli\u00e1n Palacin Guti\u00e9rrez.","og_url":"https:\/\/aeronoticias.com.pe\/noticiero\/ultimas\/julian-palacin-rectifica-a-america-television-guillermo-sendon-nunca-fue-ni-es-abogado-asociado-del-estudio-palacin\/","og_site_name":"Aeronoticias.com.pe","article_publisher":"https:\/\/www.facebook.com\/Aeronoticias.com.pe\/","article_published_time":"2021-06-25T14:54:55+00:00","article_modified_time":"2021-06-25T15:32:02+00:00","og_image":[{"width":1577,"height":600,"url":"https:\/\/aeronoticias.com.pe\/noticiero\/wp-content\/uploads\/2021\/06\/americatv-montesinos.jpg","type":"image\/jpeg"}],"author":"Redacci\u00f3n","twitter_card":"summary_large_image","twitter_creator":"@aeronoticias","twitter_site":"@aeronoticias","twitter_misc":{"Escrito por":"Redacci\u00f3n","Tiempo de lectura":"4 minutos"},"schema":{"@context":"https:\/\/schema.org","@graph":[{"@type":"WebPage","@id":"https:\/\/aeronoticias.com.pe\/noticiero\/ultimas\/julian-palacin-rectifica-a-america-television-guillermo-sendon-nunca-fue-ni-es-abogado-asociado-del-estudio-palacin\/","url":"https:\/\/aeronoticias.com.pe\/noticiero\/ultimas\/julian-palacin-rectifica-a-america-television-guillermo-sendon-nunca-fue-ni-es-abogado-asociado-del-estudio-palacin\/","name":"Juli\u00e1n Palacin rectifica a Am\u00e9rica Televisi\u00f3n: Guillermo Sendon nunca fue ni es abogado asociado del Estudio Palacin","isPartOf":{"@id":"https:\/\/aeronoticias.com.pe\/noticiero\/#website"},"primaryImageOfPage":{"@id":"https:\/\/aeronoticias.com.pe\/noticiero\/ultimas\/julian-palacin-rectifica-a-america-television-guillermo-sendon-nunca-fue-ni-es-abogado-asociado-del-estudio-palacin\/#primaryimage"},"image":{"@id":"https:\/\/aeronoticias.com.pe\/noticiero\/ultimas\/julian-palacin-rectifica-a-america-television-guillermo-sendon-nunca-fue-ni-es-abogado-asociado-del-estudio-palacin\/#primaryimage"},"thumbnailUrl":"https:\/\/aeronoticias.com.pe\/noticiero\/wp-content\/uploads\/2021\/06\/americatv-montesinos.jpg","datePublished":"2021-06-25T14:54:55+00:00","dateModified":"2021-06-25T15:32:02+00:00","author":{"@id":"https:\/\/aeronoticias.com.pe\/noticiero\/#\/schema\/person\/16212a617c73f78916b13194154243bd"},"description":"Periodistas con falta de imparcialidad y direccionalidad pol\u00edtica, no tuvieron la previsi\u00f3n de ver la p\u00e1gina web del Estudio Jur\u00eddico Juli\u00e1n Palacin Abogados www.estudiojuridicopalacin.com publicada en el 2010, es decir hace 11 a\u00f1os, que prueba que en toda esta \u00e9poca solo hay 2 abogados socios o asociados, Juli\u00e1n Palacin Fern\u00e1ndez y Juli\u00e1n Palacin Guti\u00e9rrez.","breadcrumb":{"@id":"https:\/\/aeronoticias.com.pe\/noticiero\/ultimas\/julian-palacin-rectifica-a-america-television-guillermo-sendon-nunca-fue-ni-es-abogado-asociado-del-estudio-palacin\/#breadcrumb"},"inLanguage":"es","potentialAction":[{"@type":"ReadAction","target":["https:\/\/aeronoticias.com.pe\/noticiero\/ultimas\/julian-palacin-rectifica-a-america-television-guillermo-sendon-nunca-fue-ni-es-abogado-asociado-del-estudio-palacin\/"]}]},{"@type":"ImageObject","inLanguage":"es","@id":"https:\/\/aeronoticias.com.pe\/noticiero\/ultimas\/julian-palacin-rectifica-a-america-television-guillermo-sendon-nunca-fue-ni-es-abogado-asociado-del-estudio-palacin\/#primaryimage","url":"https:\/\/aeronoticias.com.pe\/noticiero\/wp-content\/uploads\/2021\/06\/americatv-montesinos.jpg","contentUrl":"https:\/\/aeronoticias.com.pe\/noticiero\/wp-content\/uploads\/2021\/06\/americatv-montesinos.jpg","width":1577,"height":600,"caption":"Trama macabra del mafioso Vladimiro Montesinos y sus voceros"},{"@type":"BreadcrumbList","@id":"https:\/\/aeronoticias.com.pe\/noticiero\/ultimas\/julian-palacin-rectifica-a-america-television-guillermo-sendon-nunca-fue-ni-es-abogado-asociado-del-estudio-palacin\/#breadcrumb","itemListElement":[{"@type":"ListItem","position":1,"name":"Portada","item":"https:\/\/aeronoticias.com.pe\/noticiero\/"},{"@type":"ListItem","position":2,"name":"Juli\u00e1n Palacin rectifica a Am\u00e9rica Televisi\u00f3n: Guillermo Sendon nunca fue ni es abogado asociado del Estudio Palacin"}]},{"@type":"WebSite","@id":"https:\/\/aeronoticias.com.pe\/noticiero\/#website","url":"https:\/\/aeronoticias.com.pe\/noticiero\/","name":"Aeronoticias.com.pe","description":"Noticias de tranporte aereo, turismo, hoteles, gastronomia, actualidad, internacional","potentialAction":[{"@type":"SearchAction","target":{"@type":"EntryPoint","urlTemplate":"https:\/\/aeronoticias.com.pe\/noticiero\/?s={search_term_string}"},"query-input":{"@type":"PropertyValueSpecification","valueRequired":true,"valueName":"search_term_string"}}],"inLanguage":"es"},{"@type":"Person","@id":"https:\/\/aeronoticias.com.pe\/noticiero\/#\/schema\/person\/16212a617c73f78916b13194154243bd","name":"Redacci\u00f3n","sameAs":["http:\/\/Redacci\u00f3n"],"url":"https:\/\/aeronoticias.com.pe\/noticiero\/author\/celeste\/"}]}},"_links":{"self":[{"href":"https:\/\/aeronoticias.com.pe\/noticiero\/wp-json\/wp\/v2\/posts\/73265","targetHints":{"allow":["GET"]}}],"collection":[{"href":"https:\/\/aeronoticias.com.pe\/noticiero\/wp-json\/wp\/v2\/posts"}],"about":[{"href":"https:\/\/aeronoticias.com.pe\/noticiero\/wp-json\/wp\/v2\/types\/post"}],"author":[{"embeddable":true,"href":"https:\/\/aeronoticias.com.pe\/noticiero\/wp-json\/wp\/v2\/users\/3"}],"replies":[{"embeddable":true,"href":"https:\/\/aeronoticias.com.pe\/noticiero\/wp-json\/wp\/v2\/comments?post=73265"}],"version-history":[{"count":0,"href":"https:\/\/aeronoticias.com.pe\/noticiero\/wp-json\/wp\/v2\/posts\/73265\/revisions"}],"wp:featuredmedia":[{"embeddable":true,"href":"https:\/\/aeronoticias.com.pe\/noticiero\/wp-json\/wp\/v2\/media\/73311"}],"wp:attachment":[{"href":"https:\/\/aeronoticias.com.pe\/noticiero\/wp-json\/wp\/v2\/media?parent=73265"}],"wp:term":[{"taxonomy":"category","embeddable":true,"href":"https:\/\/aeronoticias.com.pe\/noticiero\/wp-json\/wp\/v2\/categories?post=73265"},{"taxonomy":"post_tag","embeddable":true,"href":"https:\/\/aeronoticias.com.pe\/noticiero\/wp-json\/wp\/v2\/tags?post=73265"}],"curies":[{"name":"wp","href":"https:\/\/api.w.org\/{rel}","templated":true}]}}