{"id":73324,"date":"2021-06-25T07:38:00","date_gmt":"2021-06-25T12:38:00","guid":{"rendered":"https:\/\/aeronoticias.com.pe\/noticiero\/?p=73324"},"modified":"2021-06-25T20:43:58","modified_gmt":"2021-06-26T01:43:58","slug":"swoop-prepara-nueva-ruta-a-puerto-vallarta","status":"publish","type":"post","link":"https:\/\/aeronoticias.com.pe\/noticiero\/transporte-aereo\/swoop-prepara-nueva-ruta-a-puerto-vallarta\/","title":{"rendered":"Swoop prepara nueva ruta a Puerto Vallarta"},"content":{"rendered":"\n<p><strong>(Aeronoticias)<\/strong>.- La aerol\u00ednea canadiense de bajo costo\u00a0<strong>Swoop\u00a0<\/strong>lanz\u00f3 su nueva ruta entre\u00a0<strong>Victoria (en la provincia de Columbia Brit\u00e1nica) y Puerto Vallarta<\/strong>, que iniciar\u00e1 a partir del<strong>\u00a031 de octubre.\u00a0<\/strong><\/p>\n\n\n\n<p>Este vuelo tendr\u00e1 una frecuencia semanal&nbsp;los&nbsp;domingos y&nbsp;<strong>permitir\u00e1 al mercado canadiense regresar a \u201ceste importante destino tur\u00edstico del Pac\u00edfico mexicano y vivir un c\u00e1lido descanso<\/strong>\u201d, informaron las autoridades de Puerto Vallarta en un comunicado.&nbsp;<\/p>\n\n\n\n<p><strong>La apertura de esta ruta depende de que los gobiernos de M\u00e9xico y Canad\u00e1\u00a0acuerden la reapertura de las fronteras a\u00e9reas<\/strong>\u00a0y permitan el reinicio de los viajes entre ambos pa\u00edses, los cuales est\u00e1n suspendidos desde el a\u00f1o pasado como consecuencia de la pandemia del covid-19.<\/p>\n\n\n\n<p>Asimismo, Swoop ya planea reactivar sus rutas a Puerto Vallarta&nbsp;<strong>desde Edmonton<\/strong>, con tres frecuencias semanales a partir del 5 de octubre; desde&nbsp;<strong>Hamilton<\/strong>, con dos vuelos por semana en la misma fecha; desde&nbsp;<strong>Toronto<\/strong>, dos semanales a partir del 3 de noviembre; desde&nbsp;<strong>Abbotsford<\/strong>, tambi\u00e9n un par de veces a la semana a partir de la misma fecha y desde&nbsp;<strong>Winnipeg<\/strong>, dos por semana iniciando un d\u00eda despu\u00e9s.&nbsp;<\/p>\n\n\n\n<p>\u201cLa introducci\u00f3n de Puerto Vallarta es la adici\u00f3n perfecta a nuestra oferta de rutas desde Victoria para aquellos que buscan hacer una&nbsp;<strong>escapada de clima c\u00e1lido a un precio asequible<\/strong>\u201d, se\u00f1al\u00f3 Bert van der Stege, director comercial y financiero de Swoop.<\/p>\n\n\n\n<p>Fuente: <strong><em>A21<\/em><\/strong>.<\/p>\n","protected":false},"excerpt":{"rendered":"<p>(Aeronoticias).- La aerol\u00ednea canadiense de bajo costo\u00a0Swoop\u00a0lanz\u00f3 su nueva ruta entre\u00a0Victoria (en la provincia de Columbia Brit\u00e1nica) y Puerto Vallarta, que iniciar\u00e1 a partir del\u00a031 de octubre.\u00a0 Este vuelo tendr\u00e1 una frecuencia semanal&nbsp;los&nbsp;domingos y&nbsp;permitir\u00e1 al mercado canadiense regresar a \u201ceste importante destino tur\u00edstico del Pac\u00edfico mexicano y vivir un c\u00e1lido descanso\u201d, informaron las autoridades de [&hellip;]<\/p>\n","protected":false},"author":4,"featured_media":73325,"comment_status":"open","ping_status":"open","sticky":false,"template":"","format":"standard","meta":{"tdm_status":"","tdm_grid_status":"","footnotes":""},"categories":[32,11],"tags":[1004,1471],"class_list":{"0":"post-73324","1":"post","2":"type-post","3":"status-publish","4":"format-standard","5":"has-post-thumbnail","7":"category-internacional","8":"category-transporte-aereo","9":"tag-puerto-vallarta","10":"tag-swoop"},"yoast_head":"<!-- This site is optimized with the Yoast SEO plugin v25.1 - https:\/\/yoast.com\/wordpress\/plugins\/seo\/ -->\n<title>Swoop prepara nueva ruta a Puerto Vallarta<\/title>\n<meta name=\"description\" content=\"Portal de noticias del Per\u00fa sobre el transporte a\u00e9reo, aviaci\u00f3n, turismo, hoteleria, actualidad.\" \/>\n<meta name=\"robots\" content=\"index, follow, max-snippet:-1, max-image-preview:large, max-video-preview:-1\" \/>\n<link rel=\"canonical\" href=\"https:\/\/aeronoticias.com.pe\/noticiero\/transporte-aereo\/swoop-prepara-nueva-ruta-a-puerto-vallarta\/\" \/>\n<meta property=\"og:locale\" content=\"es_ES\" \/>\n<meta property=\"og:type\" content=\"article\" \/>\n<meta property=\"og:title\" content=\"Swoop prepara nueva ruta a Puerto Vallarta\" \/>\n<meta property=\"og:description\" content=\"Portal de noticias del Per\u00fa sobre el transporte a\u00e9reo, aviaci\u00f3n, turismo, hoteleria, actualidad.\" \/>\n<meta property=\"og:url\" content=\"https:\/\/aeronoticias.com.pe\/noticiero\/transporte-aereo\/swoop-prepara-nueva-ruta-a-puerto-vallarta\/\" \/>\n<meta property=\"og:site_name\" content=\"Aeronoticias.com.pe\" \/>\n<meta property=\"article:publisher\" content=\"https:\/\/www.facebook.com\/Aeronoticias.com.pe\/\" \/>\n<meta property=\"article:published_time\" content=\"2021-06-25T12:38:00+00:00\" \/>\n<meta property=\"article:modified_time\" content=\"2021-06-26T01:43:58+00:00\" \/>\n<meta property=\"og:image\" content=\"https:\/\/aeronoticias.com.pe\/noticiero\/wp-content\/uploads\/2021\/06\/Swoop-portada-1.jpg\" \/>\n\t<meta property=\"og:image:width\" content=\"1200\" \/>\n\t<meta property=\"og:image:height\" content=\"627\" \/>\n\t<meta property=\"og:image:type\" content=\"image\/jpeg\" \/>\n<meta name=\"author\" content=\"Jefrey Cuya\" \/>\n<meta name=\"twitter:card\" content=\"summary_large_image\" \/>\n<meta name=\"twitter:creator\" content=\"@aeronoticias\" \/>\n<meta name=\"twitter:site\" content=\"@aeronoticias\" \/>\n<meta name=\"twitter:label1\" content=\"Escrito por\" \/>\n\t<meta name=\"twitter:data1\" content=\"Jefrey Cuya\" \/>\n\t<meta name=\"twitter:label2\" content=\"Tiempo de lectura\" \/>\n\t<meta name=\"twitter:data2\" content=\"1 minuto\" \/>\n<script type=\"application\/ld+json\" class=\"yoast-schema-graph\">{\"@context\":\"https:\/\/schema.org\",\"@graph\":[{\"@type\":\"WebPage\",\"@id\":\"https:\/\/aeronoticias.com.pe\/noticiero\/transporte-aereo\/swoop-prepara-nueva-ruta-a-puerto-vallarta\/\",\"url\":\"https:\/\/aeronoticias.com.pe\/noticiero\/transporte-aereo\/swoop-prepara-nueva-ruta-a-puerto-vallarta\/\",\"name\":\"Swoop prepara nueva ruta a Puerto Vallarta\",\"isPartOf\":{\"@id\":\"https:\/\/aeronoticias.com.pe\/noticiero\/#website\"},\"primaryImageOfPage\":{\"@id\":\"https:\/\/aeronoticias.com.pe\/noticiero\/transporte-aereo\/swoop-prepara-nueva-ruta-a-puerto-vallarta\/#primaryimage\"},\"image\":{\"@id\":\"https:\/\/aeronoticias.com.pe\/noticiero\/transporte-aereo\/swoop-prepara-nueva-ruta-a-puerto-vallarta\/#primaryimage\"},\"thumbnailUrl\":\"https:\/\/aeronoticias.com.pe\/noticiero\/wp-content\/uploads\/2021\/06\/Swoop-portada-1.jpg\",\"datePublished\":\"2021-06-25T12:38:00+00:00\",\"dateModified\":\"2021-06-26T01:43:58+00:00\",\"author\":{\"@id\":\"https:\/\/aeronoticias.com.pe\/noticiero\/#\/schema\/person\/9ef7422a13b22ab480ffc29639f442b0\"},\"description\":\"Portal de noticias del Per\u00fa sobre el transporte a\u00e9reo, aviaci\u00f3n, turismo, hoteleria, actualidad.\",\"breadcrumb\":{\"@id\":\"https:\/\/aeronoticias.com.pe\/noticiero\/transporte-aereo\/swoop-prepara-nueva-ruta-a-puerto-vallarta\/#breadcrumb\"},\"inLanguage\":\"es\",\"potentialAction\":[{\"@type\":\"ReadAction\",\"target\":[\"https:\/\/aeronoticias.com.pe\/noticiero\/transporte-aereo\/swoop-prepara-nueva-ruta-a-puerto-vallarta\/\"]}]},{\"@type\":\"ImageObject\",\"inLanguage\":\"es\",\"@id\":\"https:\/\/aeronoticias.com.pe\/noticiero\/transporte-aereo\/swoop-prepara-nueva-ruta-a-puerto-vallarta\/#primaryimage\",\"url\":\"https:\/\/aeronoticias.com.pe\/noticiero\/wp-content\/uploads\/2021\/06\/Swoop-portada-1.jpg\",\"contentUrl\":\"https:\/\/aeronoticias.com.pe\/noticiero\/wp-content\/uploads\/2021\/06\/Swoop-portada-1.jpg\",\"width\":1200,\"height\":627},{\"@type\":\"BreadcrumbList\",\"@id\":\"https:\/\/aeronoticias.com.pe\/noticiero\/transporte-aereo\/swoop-prepara-nueva-ruta-a-puerto-vallarta\/#breadcrumb\",\"itemListElement\":[{\"@type\":\"ListItem\",\"position\":1,\"name\":\"Portada\",\"item\":\"https:\/\/aeronoticias.com.pe\/noticiero\/\"},{\"@type\":\"ListItem\",\"position\":2,\"name\":\"Swoop prepara nueva ruta a Puerto Vallarta\"}]},{\"@type\":\"WebSite\",\"@id\":\"https:\/\/aeronoticias.com.pe\/noticiero\/#website\",\"url\":\"https:\/\/aeronoticias.com.pe\/noticiero\/\",\"name\":\"Aeronoticias.com.pe\",\"description\":\"Noticias de tranporte aereo, turismo, hoteles, gastronomia, actualidad, internacional\",\"potentialAction\":[{\"@type\":\"SearchAction\",\"target\":{\"@type\":\"EntryPoint\",\"urlTemplate\":\"https:\/\/aeronoticias.com.pe\/noticiero\/?s={search_term_string}\"},\"query-input\":{\"@type\":\"PropertyValueSpecification\",\"valueRequired\":true,\"valueName\":\"search_term_string\"}}],\"inLanguage\":\"es\"},{\"@type\":\"Person\",\"@id\":\"https:\/\/aeronoticias.com.pe\/noticiero\/#\/schema\/person\/9ef7422a13b22ab480ffc29639f442b0\",\"name\":\"Jefrey Cuya\",\"url\":\"https:\/\/aeronoticias.com.pe\/noticiero\/author\/jefreycuya\/\"}]}<\/script>\n<!-- \/ Yoast SEO plugin. -->","yoast_head_json":{"title":"Swoop prepara nueva ruta a Puerto Vallarta","description":"Portal de noticias del Per\u00fa sobre el transporte a\u00e9reo, aviaci\u00f3n, turismo, hoteleria, actualidad.","robots":{"index":"index","follow":"follow","max-snippet":"max-snippet:-1","max-image-preview":"max-image-preview:large","max-video-preview":"max-video-preview:-1"},"canonical":"https:\/\/aeronoticias.com.pe\/noticiero\/transporte-aereo\/swoop-prepara-nueva-ruta-a-puerto-vallarta\/","og_locale":"es_ES","og_type":"article","og_title":"Swoop prepara nueva ruta a Puerto Vallarta","og_description":"Portal de noticias del Per\u00fa sobre el transporte a\u00e9reo, aviaci\u00f3n, turismo, hoteleria, actualidad.","og_url":"https:\/\/aeronoticias.com.pe\/noticiero\/transporte-aereo\/swoop-prepara-nueva-ruta-a-puerto-vallarta\/","og_site_name":"Aeronoticias.com.pe","article_publisher":"https:\/\/www.facebook.com\/Aeronoticias.com.pe\/","article_published_time":"2021-06-25T12:38:00+00:00","article_modified_time":"2021-06-26T01:43:58+00:00","og_image":[{"width":1200,"height":627,"url":"https:\/\/aeronoticias.com.pe\/noticiero\/wp-content\/uploads\/2021\/06\/Swoop-portada-1.jpg","type":"image\/jpeg"}],"author":"Jefrey Cuya","twitter_card":"summary_large_image","twitter_creator":"@aeronoticias","twitter_site":"@aeronoticias","twitter_misc":{"Escrito por":"Jefrey Cuya","Tiempo de lectura":"1 minuto"},"schema":{"@context":"https:\/\/schema.org","@graph":[{"@type":"WebPage","@id":"https:\/\/aeronoticias.com.pe\/noticiero\/transporte-aereo\/swoop-prepara-nueva-ruta-a-puerto-vallarta\/","url":"https:\/\/aeronoticias.com.pe\/noticiero\/transporte-aereo\/swoop-prepara-nueva-ruta-a-puerto-vallarta\/","name":"Swoop prepara nueva ruta a Puerto Vallarta","isPartOf":{"@id":"https:\/\/aeronoticias.com.pe\/noticiero\/#website"},"primaryImageOfPage":{"@id":"https:\/\/aeronoticias.com.pe\/noticiero\/transporte-aereo\/swoop-prepara-nueva-ruta-a-puerto-vallarta\/#primaryimage"},"image":{"@id":"https:\/\/aeronoticias.com.pe\/noticiero\/transporte-aereo\/swoop-prepara-nueva-ruta-a-puerto-vallarta\/#primaryimage"},"thumbnailUrl":"https:\/\/aeronoticias.com.pe\/noticiero\/wp-content\/uploads\/2021\/06\/Swoop-portada-1.jpg","datePublished":"2021-06-25T12:38:00+00:00","dateModified":"2021-06-26T01:43:58+00:00","author":{"@id":"https:\/\/aeronoticias.com.pe\/noticiero\/#\/schema\/person\/9ef7422a13b22ab480ffc29639f442b0"},"description":"Portal de noticias del Per\u00fa sobre el transporte a\u00e9reo, aviaci\u00f3n, turismo, hoteleria, actualidad.","breadcrumb":{"@id":"https:\/\/aeronoticias.com.pe\/noticiero\/transporte-aereo\/swoop-prepara-nueva-ruta-a-puerto-vallarta\/#breadcrumb"},"inLanguage":"es","potentialAction":[{"@type":"ReadAction","target":["https:\/\/aeronoticias.com.pe\/noticiero\/transporte-aereo\/swoop-prepara-nueva-ruta-a-puerto-vallarta\/"]}]},{"@type":"ImageObject","inLanguage":"es","@id":"https:\/\/aeronoticias.com.pe\/noticiero\/transporte-aereo\/swoop-prepara-nueva-ruta-a-puerto-vallarta\/#primaryimage","url":"https:\/\/aeronoticias.com.pe\/noticiero\/wp-content\/uploads\/2021\/06\/Swoop-portada-1.jpg","contentUrl":"https:\/\/aeronoticias.com.pe\/noticiero\/wp-content\/uploads\/2021\/06\/Swoop-portada-1.jpg","width":1200,"height":627},{"@type":"BreadcrumbList","@id":"https:\/\/aeronoticias.com.pe\/noticiero\/transporte-aereo\/swoop-prepara-nueva-ruta-a-puerto-vallarta\/#breadcrumb","itemListElement":[{"@type":"ListItem","position":1,"name":"Portada","item":"https:\/\/aeronoticias.com.pe\/noticiero\/"},{"@type":"ListItem","position":2,"name":"Swoop prepara nueva ruta a Puerto Vallarta"}]},{"@type":"WebSite","@id":"https:\/\/aeronoticias.com.pe\/noticiero\/#website","url":"https:\/\/aeronoticias.com.pe\/noticiero\/","name":"Aeronoticias.com.pe","description":"Noticias de tranporte aereo, turismo, hoteles, gastronomia, actualidad, internacional","potentialAction":[{"@type":"SearchAction","target":{"@type":"EntryPoint","urlTemplate":"https:\/\/aeronoticias.com.pe\/noticiero\/?s={search_term_string}"},"query-input":{"@type":"PropertyValueSpecification","valueRequired":true,"valueName":"search_term_string"}}],"inLanguage":"es"},{"@type":"Person","@id":"https:\/\/aeronoticias.com.pe\/noticiero\/#\/schema\/person\/9ef7422a13b22ab480ffc29639f442b0","name":"Jefrey Cuya","url":"https:\/\/aeronoticias.com.pe\/noticiero\/author\/jefreycuya\/"}]}},"_links":{"self":[{"href":"https:\/\/aeronoticias.com.pe\/noticiero\/wp-json\/wp\/v2\/posts\/73324","targetHints":{"allow":["GET"]}}],"collection":[{"href":"https:\/\/aeronoticias.com.pe\/noticiero\/wp-json\/wp\/v2\/posts"}],"about":[{"href":"https:\/\/aeronoticias.com.pe\/noticiero\/wp-json\/wp\/v2\/types\/post"}],"author":[{"embeddable":true,"href":"https:\/\/aeronoticias.com.pe\/noticiero\/wp-json\/wp\/v2\/users\/4"}],"replies":[{"embeddable":true,"href":"https:\/\/aeronoticias.com.pe\/noticiero\/wp-json\/wp\/v2\/comments?post=73324"}],"version-history":[{"count":0,"href":"https:\/\/aeronoticias.com.pe\/noticiero\/wp-json\/wp\/v2\/posts\/73324\/revisions"}],"wp:featuredmedia":[{"embeddable":true,"href":"https:\/\/aeronoticias.com.pe\/noticiero\/wp-json\/wp\/v2\/media\/73325"}],"wp:attachment":[{"href":"https:\/\/aeronoticias.com.pe\/noticiero\/wp-json\/wp\/v2\/media?parent=73324"}],"wp:term":[{"taxonomy":"category","embeddable":true,"href":"https:\/\/aeronoticias.com.pe\/noticiero\/wp-json\/wp\/v2\/categories?post=73324"},{"taxonomy":"post_tag","embeddable":true,"href":"https:\/\/aeronoticias.com.pe\/noticiero\/wp-json\/wp\/v2\/tags?post=73324"}],"curies":[{"name":"wp","href":"https:\/\/api.w.org\/{rel}","templated":true}]}}