{"id":73338,"date":"2021-06-27T05:20:00","date_gmt":"2021-06-27T10:20:00","guid":{"rendered":"https:\/\/aeronoticias.com.pe\/noticiero\/?p=73338"},"modified":"2021-06-27T05:23:18","modified_gmt":"2021-06-27T10:23:18","slug":"mexico-crecera-9-9-para-2025","status":"publish","type":"post","link":"https:\/\/aeronoticias.com.pe\/noticiero\/transporte-aereo\/mexico-crecera-9-9-para-2025\/","title":{"rendered":"M\u00e9xico crecer\u00e1 9.9% para 2025"},"content":{"rendered":"\n<p><strong>(Aeronoticias)<\/strong>.- Pese al impacto por la crisis de la pandemia del covid-19, la Asociaci\u00f3n de Transporte A\u00e9reo Internacional (IATA) prev\u00e9 que para\u00a02025 el n\u00famero de pasajeros transportados en M\u00e9xico crezca 9.9%,\u00a0en comparaci\u00f3n con 2019.<\/p>\n\n\n\n<p>Esto quiere decir que, para 2025, M\u00e9xico tendr\u00e1 un&nbsp;<strong>flujo de 101 millones 950 mil pasajeros<\/strong>, un crecimiento de casi el 10% en comparaci\u00f3n con lo que ten\u00eda en 2019, cuando registr\u00f3 92 millones 780 mil pasajeros, se\u00f1al\u00f3 la IATA.&nbsp;<\/p>\n\n\n\n<p>Entre once pa\u00edses de Am\u00e9rica, M\u00e9xico ocupar\u00e1 la posici\u00f3n n\u00famero 9 en cuanto a tasa de crecimiento, s\u00f3lo por delante de\u00a0<strong>Estados Unidos<\/strong>\u00a0(940 millones 750 mil pasajeros) y\u00a0<strong>Canad\u00e1\u00a0<\/strong>(106 millones 780 mil), que\u00a0<strong>crecer\u00e1n 9.5% y 8%<\/strong>, respectivamente, para el 2025.<\/p>\n\n\n\n<p>La IATA prev\u00e9 que M\u00e9xico recupere r\u00e1pidamente sus niveles de tr\u00e1fico de pasajeros debido a que&nbsp;<strong>ha sido el \u00fanico pa\u00eds a nivel mundial en que nunca cerr\u00f3 sus fronteras durante la pandemia de covid-19.<\/strong>&nbsp;Actualmente, s\u00f3lo nuestro pa\u00eds y Colombia permanecen totalmente abiertos en todo el continente americano.&nbsp;<\/p>\n\n\n\n<p>El pa\u00eds con el mayor crecimiento estimado para 2025, de acuerdo con la IATA, ser\u00e1&nbsp;<strong>Panam\u00e1, con un alza del 50.6%<\/strong>&nbsp;en comparaci\u00f3n con lo registrado en 2019, pasando de 5.34 millones a 8.05 millones de pasajeros.&nbsp;<\/p>\n\n\n\n<p>Colombia crecer\u00e1 18.6%, Argentina 17%, Ecuador 12.8%, Chile 12.4%, Per\u00fa 12%, Brasil 11.2% y Cuba 10.2%, de acuerdo con las estimaciones de la Asociaci\u00f3n.<\/p>\n\n\n\n<p>Fuente: <strong><em>A21<\/em><\/strong>.<\/p>\n","protected":false},"excerpt":{"rendered":"<p>(Aeronoticias).- Pese al impacto por la crisis de la pandemia del covid-19, la Asociaci\u00f3n de Transporte A\u00e9reo Internacional (IATA) prev\u00e9 que para\u00a02025 el n\u00famero de pasajeros transportados en M\u00e9xico crezca 9.9%,\u00a0en comparaci\u00f3n con 2019. Esto quiere decir que, para 2025, M\u00e9xico tendr\u00e1 un&nbsp;flujo de 101 millones 950 mil pasajeros, un crecimiento de casi el 10% [&hellip;]<\/p>\n","protected":false},"author":4,"featured_media":73339,"comment_status":"open","ping_status":"open","sticky":false,"template":"","format":"standard","meta":{"tdm_status":"","tdm_grid_status":"","footnotes":""},"categories":[32,11],"tags":[163,228],"class_list":{"0":"post-73338","1":"post","2":"type-post","3":"status-publish","4":"format-standard","5":"has-post-thumbnail","7":"category-internacional","8":"category-transporte-aereo","9":"tag-coronavirus","10":"tag-mexico"},"yoast_head":"<!-- This site is optimized with the Yoast SEO plugin v25.1 - https:\/\/yoast.com\/wordpress\/plugins\/seo\/ -->\n<title>M\u00e9xico crecer\u00e1 9.9% para 2025<\/title>\n<meta name=\"description\" content=\"Portal de noticias del Per\u00fa sobre el transporte a\u00e9reo, aviaci\u00f3n, turismo, hoteleria, actualidad.\" \/>\n<meta name=\"robots\" content=\"index, follow, max-snippet:-1, max-image-preview:large, max-video-preview:-1\" \/>\n<link rel=\"canonical\" href=\"https:\/\/aeronoticias.com.pe\/noticiero\/transporte-aereo\/mexico-crecera-9-9-para-2025\/\" \/>\n<meta property=\"og:locale\" content=\"es_ES\" \/>\n<meta property=\"og:type\" content=\"article\" \/>\n<meta property=\"og:title\" content=\"M\u00e9xico crecer\u00e1 9.9% para 2025\" \/>\n<meta property=\"og:description\" content=\"Portal de noticias del Per\u00fa sobre el transporte a\u00e9reo, aviaci\u00f3n, turismo, hoteleria, actualidad.\" \/>\n<meta property=\"og:url\" content=\"https:\/\/aeronoticias.com.pe\/noticiero\/transporte-aereo\/mexico-crecera-9-9-para-2025\/\" \/>\n<meta property=\"og:site_name\" content=\"Aeronoticias.com.pe\" \/>\n<meta property=\"article:publisher\" content=\"https:\/\/www.facebook.com\/Aeronoticias.com.pe\/\" \/>\n<meta property=\"article:published_time\" content=\"2021-06-27T10:20:00+00:00\" \/>\n<meta property=\"article:modified_time\" content=\"2021-06-27T10:23:18+00:00\" \/>\n<meta property=\"og:image\" content=\"https:\/\/aeronoticias.com.pe\/noticiero\/wp-content\/uploads\/2021\/06\/A21-avio\u0301n-Me\u0301xico-portada-4_2.jpg\" \/>\n\t<meta property=\"og:image:width\" content=\"2417\" \/>\n\t<meta property=\"og:image:height\" content=\"1104\" \/>\n\t<meta property=\"og:image:type\" content=\"image\/jpeg\" \/>\n<meta name=\"author\" content=\"Jefrey Cuya\" \/>\n<meta name=\"twitter:card\" content=\"summary_large_image\" \/>\n<meta name=\"twitter:creator\" content=\"@aeronoticias\" \/>\n<meta name=\"twitter:site\" content=\"@aeronoticias\" \/>\n<meta name=\"twitter:label1\" content=\"Escrito por\" \/>\n\t<meta name=\"twitter:data1\" content=\"Jefrey Cuya\" \/>\n\t<meta name=\"twitter:label2\" content=\"Tiempo de lectura\" \/>\n\t<meta name=\"twitter:data2\" content=\"1 minuto\" \/>\n<script type=\"application\/ld+json\" class=\"yoast-schema-graph\">{\"@context\":\"https:\/\/schema.org\",\"@graph\":[{\"@type\":\"WebPage\",\"@id\":\"https:\/\/aeronoticias.com.pe\/noticiero\/transporte-aereo\/mexico-crecera-9-9-para-2025\/\",\"url\":\"https:\/\/aeronoticias.com.pe\/noticiero\/transporte-aereo\/mexico-crecera-9-9-para-2025\/\",\"name\":\"M\u00e9xico crecer\u00e1 9.9% para 2025\",\"isPartOf\":{\"@id\":\"https:\/\/aeronoticias.com.pe\/noticiero\/#website\"},\"primaryImageOfPage\":{\"@id\":\"https:\/\/aeronoticias.com.pe\/noticiero\/transporte-aereo\/mexico-crecera-9-9-para-2025\/#primaryimage\"},\"image\":{\"@id\":\"https:\/\/aeronoticias.com.pe\/noticiero\/transporte-aereo\/mexico-crecera-9-9-para-2025\/#primaryimage\"},\"thumbnailUrl\":\"https:\/\/aeronoticias.com.pe\/noticiero\/wp-content\/uploads\/2021\/06\/A21-avio\u0301n-Me\u0301xico-portada-4_2.jpg\",\"datePublished\":\"2021-06-27T10:20:00+00:00\",\"dateModified\":\"2021-06-27T10:23:18+00:00\",\"author\":{\"@id\":\"https:\/\/aeronoticias.com.pe\/noticiero\/#\/schema\/person\/9ef7422a13b22ab480ffc29639f442b0\"},\"description\":\"Portal de noticias del Per\u00fa sobre el transporte a\u00e9reo, aviaci\u00f3n, turismo, hoteleria, actualidad.\",\"breadcrumb\":{\"@id\":\"https:\/\/aeronoticias.com.pe\/noticiero\/transporte-aereo\/mexico-crecera-9-9-para-2025\/#breadcrumb\"},\"inLanguage\":\"es\",\"potentialAction\":[{\"@type\":\"ReadAction\",\"target\":[\"https:\/\/aeronoticias.com.pe\/noticiero\/transporte-aereo\/mexico-crecera-9-9-para-2025\/\"]}]},{\"@type\":\"ImageObject\",\"inLanguage\":\"es\",\"@id\":\"https:\/\/aeronoticias.com.pe\/noticiero\/transporte-aereo\/mexico-crecera-9-9-para-2025\/#primaryimage\",\"url\":\"https:\/\/aeronoticias.com.pe\/noticiero\/wp-content\/uploads\/2021\/06\/A21-avio\u0301n-Me\u0301xico-portada-4_2.jpg\",\"contentUrl\":\"https:\/\/aeronoticias.com.pe\/noticiero\/wp-content\/uploads\/2021\/06\/A21-avio\u0301n-Me\u0301xico-portada-4_2.jpg\",\"width\":2417,\"height\":1104},{\"@type\":\"BreadcrumbList\",\"@id\":\"https:\/\/aeronoticias.com.pe\/noticiero\/transporte-aereo\/mexico-crecera-9-9-para-2025\/#breadcrumb\",\"itemListElement\":[{\"@type\":\"ListItem\",\"position\":1,\"name\":\"Portada\",\"item\":\"https:\/\/aeronoticias.com.pe\/noticiero\/\"},{\"@type\":\"ListItem\",\"position\":2,\"name\":\"M\u00e9xico crecer\u00e1 9.9% para 2025\"}]},{\"@type\":\"WebSite\",\"@id\":\"https:\/\/aeronoticias.com.pe\/noticiero\/#website\",\"url\":\"https:\/\/aeronoticias.com.pe\/noticiero\/\",\"name\":\"Aeronoticias.com.pe\",\"description\":\"Noticias de tranporte aereo, turismo, hoteles, gastronomia, actualidad, internacional\",\"potentialAction\":[{\"@type\":\"SearchAction\",\"target\":{\"@type\":\"EntryPoint\",\"urlTemplate\":\"https:\/\/aeronoticias.com.pe\/noticiero\/?s={search_term_string}\"},\"query-input\":{\"@type\":\"PropertyValueSpecification\",\"valueRequired\":true,\"valueName\":\"search_term_string\"}}],\"inLanguage\":\"es\"},{\"@type\":\"Person\",\"@id\":\"https:\/\/aeronoticias.com.pe\/noticiero\/#\/schema\/person\/9ef7422a13b22ab480ffc29639f442b0\",\"name\":\"Jefrey Cuya\",\"url\":\"https:\/\/aeronoticias.com.pe\/noticiero\/author\/jefreycuya\/\"}]}<\/script>\n<!-- \/ Yoast SEO plugin. -->","yoast_head_json":{"title":"M\u00e9xico crecer\u00e1 9.9% para 2025","description":"Portal de noticias del Per\u00fa sobre el transporte a\u00e9reo, aviaci\u00f3n, turismo, hoteleria, actualidad.","robots":{"index":"index","follow":"follow","max-snippet":"max-snippet:-1","max-image-preview":"max-image-preview:large","max-video-preview":"max-video-preview:-1"},"canonical":"https:\/\/aeronoticias.com.pe\/noticiero\/transporte-aereo\/mexico-crecera-9-9-para-2025\/","og_locale":"es_ES","og_type":"article","og_title":"M\u00e9xico crecer\u00e1 9.9% para 2025","og_description":"Portal de noticias del Per\u00fa sobre el transporte a\u00e9reo, aviaci\u00f3n, turismo, hoteleria, actualidad.","og_url":"https:\/\/aeronoticias.com.pe\/noticiero\/transporte-aereo\/mexico-crecera-9-9-para-2025\/","og_site_name":"Aeronoticias.com.pe","article_publisher":"https:\/\/www.facebook.com\/Aeronoticias.com.pe\/","article_published_time":"2021-06-27T10:20:00+00:00","article_modified_time":"2021-06-27T10:23:18+00:00","og_image":[{"width":2417,"height":1104,"url":"https:\/\/aeronoticias.com.pe\/noticiero\/wp-content\/uploads\/2021\/06\/A21-avio\u0301n-Me\u0301xico-portada-4_2.jpg","type":"image\/jpeg"}],"author":"Jefrey Cuya","twitter_card":"summary_large_image","twitter_creator":"@aeronoticias","twitter_site":"@aeronoticias","twitter_misc":{"Escrito por":"Jefrey Cuya","Tiempo de lectura":"1 minuto"},"schema":{"@context":"https:\/\/schema.org","@graph":[{"@type":"WebPage","@id":"https:\/\/aeronoticias.com.pe\/noticiero\/transporte-aereo\/mexico-crecera-9-9-para-2025\/","url":"https:\/\/aeronoticias.com.pe\/noticiero\/transporte-aereo\/mexico-crecera-9-9-para-2025\/","name":"M\u00e9xico crecer\u00e1 9.9% para 2025","isPartOf":{"@id":"https:\/\/aeronoticias.com.pe\/noticiero\/#website"},"primaryImageOfPage":{"@id":"https:\/\/aeronoticias.com.pe\/noticiero\/transporte-aereo\/mexico-crecera-9-9-para-2025\/#primaryimage"},"image":{"@id":"https:\/\/aeronoticias.com.pe\/noticiero\/transporte-aereo\/mexico-crecera-9-9-para-2025\/#primaryimage"},"thumbnailUrl":"https:\/\/aeronoticias.com.pe\/noticiero\/wp-content\/uploads\/2021\/06\/A21-avio\u0301n-Me\u0301xico-portada-4_2.jpg","datePublished":"2021-06-27T10:20:00+00:00","dateModified":"2021-06-27T10:23:18+00:00","author":{"@id":"https:\/\/aeronoticias.com.pe\/noticiero\/#\/schema\/person\/9ef7422a13b22ab480ffc29639f442b0"},"description":"Portal de noticias del Per\u00fa sobre el transporte a\u00e9reo, aviaci\u00f3n, turismo, hoteleria, actualidad.","breadcrumb":{"@id":"https:\/\/aeronoticias.com.pe\/noticiero\/transporte-aereo\/mexico-crecera-9-9-para-2025\/#breadcrumb"},"inLanguage":"es","potentialAction":[{"@type":"ReadAction","target":["https:\/\/aeronoticias.com.pe\/noticiero\/transporte-aereo\/mexico-crecera-9-9-para-2025\/"]}]},{"@type":"ImageObject","inLanguage":"es","@id":"https:\/\/aeronoticias.com.pe\/noticiero\/transporte-aereo\/mexico-crecera-9-9-para-2025\/#primaryimage","url":"https:\/\/aeronoticias.com.pe\/noticiero\/wp-content\/uploads\/2021\/06\/A21-avio\u0301n-Me\u0301xico-portada-4_2.jpg","contentUrl":"https:\/\/aeronoticias.com.pe\/noticiero\/wp-content\/uploads\/2021\/06\/A21-avio\u0301n-Me\u0301xico-portada-4_2.jpg","width":2417,"height":1104},{"@type":"BreadcrumbList","@id":"https:\/\/aeronoticias.com.pe\/noticiero\/transporte-aereo\/mexico-crecera-9-9-para-2025\/#breadcrumb","itemListElement":[{"@type":"ListItem","position":1,"name":"Portada","item":"https:\/\/aeronoticias.com.pe\/noticiero\/"},{"@type":"ListItem","position":2,"name":"M\u00e9xico crecer\u00e1 9.9% para 2025"}]},{"@type":"WebSite","@id":"https:\/\/aeronoticias.com.pe\/noticiero\/#website","url":"https:\/\/aeronoticias.com.pe\/noticiero\/","name":"Aeronoticias.com.pe","description":"Noticias de tranporte aereo, turismo, hoteles, gastronomia, actualidad, internacional","potentialAction":[{"@type":"SearchAction","target":{"@type":"EntryPoint","urlTemplate":"https:\/\/aeronoticias.com.pe\/noticiero\/?s={search_term_string}"},"query-input":{"@type":"PropertyValueSpecification","valueRequired":true,"valueName":"search_term_string"}}],"inLanguage":"es"},{"@type":"Person","@id":"https:\/\/aeronoticias.com.pe\/noticiero\/#\/schema\/person\/9ef7422a13b22ab480ffc29639f442b0","name":"Jefrey Cuya","url":"https:\/\/aeronoticias.com.pe\/noticiero\/author\/jefreycuya\/"}]}},"_links":{"self":[{"href":"https:\/\/aeronoticias.com.pe\/noticiero\/wp-json\/wp\/v2\/posts\/73338","targetHints":{"allow":["GET"]}}],"collection":[{"href":"https:\/\/aeronoticias.com.pe\/noticiero\/wp-json\/wp\/v2\/posts"}],"about":[{"href":"https:\/\/aeronoticias.com.pe\/noticiero\/wp-json\/wp\/v2\/types\/post"}],"author":[{"embeddable":true,"href":"https:\/\/aeronoticias.com.pe\/noticiero\/wp-json\/wp\/v2\/users\/4"}],"replies":[{"embeddable":true,"href":"https:\/\/aeronoticias.com.pe\/noticiero\/wp-json\/wp\/v2\/comments?post=73338"}],"version-history":[{"count":0,"href":"https:\/\/aeronoticias.com.pe\/noticiero\/wp-json\/wp\/v2\/posts\/73338\/revisions"}],"wp:featuredmedia":[{"embeddable":true,"href":"https:\/\/aeronoticias.com.pe\/noticiero\/wp-json\/wp\/v2\/media\/73339"}],"wp:attachment":[{"href":"https:\/\/aeronoticias.com.pe\/noticiero\/wp-json\/wp\/v2\/media?parent=73338"}],"wp:term":[{"taxonomy":"category","embeddable":true,"href":"https:\/\/aeronoticias.com.pe\/noticiero\/wp-json\/wp\/v2\/categories?post=73338"},{"taxonomy":"post_tag","embeddable":true,"href":"https:\/\/aeronoticias.com.pe\/noticiero\/wp-json\/wp\/v2\/tags?post=73338"}],"curies":[{"name":"wp","href":"https:\/\/api.w.org\/{rel}","templated":true}]}}