{"id":73652,"date":"2021-07-09T08:23:00","date_gmt":"2021-07-09T13:23:00","guid":{"rendered":"https:\/\/aeronoticias.com.pe\/noticiero\/?p=73652"},"modified":"2021-07-09T09:26:52","modified_gmt":"2021-07-09T14:26:52","slug":"aeromexico-continua-sin-alcanzar-niveles-optimos-de-pasajeros","status":"publish","type":"post","link":"https:\/\/aeronoticias.com.pe\/noticiero\/transporte-aereo\/aeromexico-continua-sin-alcanzar-niveles-optimos-de-pasajeros\/","title":{"rendered":"Aerom\u00e9xico contin\u00faa sin alcanzar niveles \u00f3ptimos de pasajeros"},"content":{"rendered":"\n<p><strong>(Aeronoticias)<\/strong>.- Grupo Aerom\u00e9xico\u00a0transport\u00f3\u00a0siete\u00a0millones 126 mil pasajeros entre enero y junio\u00a0de 2021, una\u00a0ca\u00edda del 30.8%\u00a0en comparaci\u00f3n con el primer semestre de 2019, previo a la pandemia de covid-19.\u00a0<\/p>\n\n\n\n<p>Entre las tres aerol\u00edneas mexicanas m\u00e1s importantes de M\u00e9xico,&nbsp;<strong>Aerom\u00e9xico fue la que tuvo un peor rendimiento en el n\u00famero de pasajeros transportados<\/strong>&nbsp;en comparaci\u00f3n con los niveles prepandemia. Volaris se encuentra un 1% por debajo de los niveles que ten\u00eda en 2019, mientras que Viva Aerobus creci\u00f3 19.39%.&nbsp;<\/p>\n\n\n\n<p>La aerol\u00ednea del caballero \u00e1guila ha tenido su peor rendimiento en el\u00a0<strong>mercado internacional<\/strong>, en el cual,\u00a0<strong>hasta el 30 de junio, hab\u00eda transportado un mill\u00f3n 539 mil pasajeros<\/strong>, una\u00a0<strong>ca\u00edda del 59.9%<\/strong>\u00a0en comparaci\u00f3n con 2019, debido al cierre de fronteras alrededor del mundo.\u00a0<\/p>\n\n\n\n<p>En el&nbsp;<strong>segmento dom\u00e9stico<\/strong>, Aerom\u00e9xico llev\u00f3&nbsp;<strong>cinco millones 587 mil pasajeros<\/strong>&nbsp;entre enero y junio, una ca\u00edda del 13.4% en comparaci\u00f3n con el mismo periodo de 2019, de acuerdo con el reporte de tr\u00e1fico de la aerol\u00ednea mexicana.&nbsp;<\/p>\n\n\n\n<p>El&nbsp;<strong>factor de ocupaci\u00f3n<\/strong>&nbsp;promedio de los vuelos de Grupo Aerom\u00e9xico es del&nbsp;<strong>73%.&nbsp;<\/strong><\/p>\n\n\n\n<p>Sin embargo, la aerol\u00ednea prev\u00e9 obtener mejores resultados para el segundo semestre del a\u00f1o. Tan solo&nbsp;<strong>en junio, el n\u00famero de pasajeros nacionales se encontraba 1.5% por debajo de los niveles prepandemia<\/strong>, mientras que el internacional estaba 47.8% por debajo.<\/p>\n\n\n\n<p>Asimismo, en junio&nbsp;<strong>increment\u00f3 su capacidad hacia Europa en un 25%&nbsp;<\/strong>comparado con el mes anterior, ya que varios pa\u00edses de este continente abrieron sus fronteras a turistas mexicanos completamente vacunados, por lo que la aerol\u00ednea increment\u00f3 frecuencias a Madrid, con dos vuelos diarios, y a Par\u00eds y \u00c1msterdam con un vuelo diario, respectivamente.<\/p>\n\n\n\n<p>Fuente: <strong><em>A21<\/em><\/strong>.<\/p>\n","protected":false},"excerpt":{"rendered":"<p>(Aeronoticias).- Grupo Aerom\u00e9xico\u00a0transport\u00f3\u00a0siete\u00a0millones 126 mil pasajeros entre enero y junio\u00a0de 2021, una\u00a0ca\u00edda del 30.8%\u00a0en comparaci\u00f3n con el primer semestre de 2019, previo a la pandemia de covid-19.\u00a0 Entre las tres aerol\u00edneas mexicanas m\u00e1s importantes de M\u00e9xico,&nbsp;Aerom\u00e9xico fue la que tuvo un peor rendimiento en el n\u00famero de pasajeros transportados&nbsp;en comparaci\u00f3n con los niveles prepandemia. Volaris [&hellip;]<\/p>\n","protected":false},"author":4,"featured_media":66169,"comment_status":"open","ping_status":"open","sticky":false,"template":"","format":"standard","meta":{"tdm_status":"","tdm_grid_status":"","footnotes":""},"categories":[32,11],"tags":[235,163],"class_list":{"0":"post-73652","1":"post","2":"type-post","3":"status-publish","4":"format-standard","5":"has-post-thumbnail","7":"category-internacional","8":"category-transporte-aereo","9":"tag-aeromexico-2","10":"tag-coronavirus"},"yoast_head":"<!-- This site is optimized with the Yoast SEO plugin v25.1 - https:\/\/yoast.com\/wordpress\/plugins\/seo\/ -->\n<title>Aerom\u00e9xico contin\u00faa sin alcanzar niveles \u00f3ptimos de pasajeros<\/title>\n<meta name=\"description\" content=\"Portal de noticias del Per\u00fa sobre el transporte a\u00e9reo, aviaci\u00f3n, turismo, hoteleria, actualidad.\" \/>\n<meta name=\"robots\" content=\"index, follow, max-snippet:-1, max-image-preview:large, max-video-preview:-1\" \/>\n<link rel=\"canonical\" href=\"https:\/\/aeronoticias.com.pe\/noticiero\/transporte-aereo\/aeromexico-continua-sin-alcanzar-niveles-optimos-de-pasajeros\/\" \/>\n<meta property=\"og:locale\" content=\"es_ES\" \/>\n<meta property=\"og:type\" content=\"article\" \/>\n<meta property=\"og:title\" content=\"Aerom\u00e9xico contin\u00faa sin alcanzar niveles \u00f3ptimos de pasajeros\" \/>\n<meta property=\"og:description\" content=\"Portal de noticias del Per\u00fa sobre el transporte a\u00e9reo, aviaci\u00f3n, turismo, hoteleria, actualidad.\" \/>\n<meta property=\"og:url\" content=\"https:\/\/aeronoticias.com.pe\/noticiero\/transporte-aereo\/aeromexico-continua-sin-alcanzar-niveles-optimos-de-pasajeros\/\" \/>\n<meta property=\"og:site_name\" content=\"Aeronoticias.com.pe\" \/>\n<meta property=\"article:publisher\" content=\"https:\/\/www.facebook.com\/Aeronoticias.com.pe\/\" \/>\n<meta property=\"article:published_time\" content=\"2021-07-09T13:23:00+00:00\" \/>\n<meta property=\"article:modified_time\" content=\"2021-07-09T14:26:52+00:00\" \/>\n<meta property=\"og:image\" content=\"https:\/\/aeronoticias.com.pe\/noticiero\/wp-content\/uploads\/2019\/08\/Aerom\u00e9xico-decidir\u00e1-entre-Airbus-y-Embraer.jpg\" \/>\n\t<meta property=\"og:image:width\" content=\"834\" \/>\n\t<meta property=\"og:image:height\" content=\"500\" \/>\n\t<meta property=\"og:image:type\" content=\"image\/jpeg\" \/>\n<meta name=\"author\" content=\"Jefrey Cuya\" \/>\n<meta name=\"twitter:card\" content=\"summary_large_image\" \/>\n<meta name=\"twitter:creator\" content=\"@aeronoticias\" \/>\n<meta name=\"twitter:site\" content=\"@aeronoticias\" \/>\n<meta name=\"twitter:label1\" content=\"Escrito por\" \/>\n\t<meta name=\"twitter:data1\" content=\"Jefrey Cuya\" \/>\n\t<meta name=\"twitter:label2\" content=\"Tiempo de lectura\" \/>\n\t<meta name=\"twitter:data2\" content=\"2 minutos\" \/>\n<script type=\"application\/ld+json\" class=\"yoast-schema-graph\">{\"@context\":\"https:\/\/schema.org\",\"@graph\":[{\"@type\":\"WebPage\",\"@id\":\"https:\/\/aeronoticias.com.pe\/noticiero\/transporte-aereo\/aeromexico-continua-sin-alcanzar-niveles-optimos-de-pasajeros\/\",\"url\":\"https:\/\/aeronoticias.com.pe\/noticiero\/transporte-aereo\/aeromexico-continua-sin-alcanzar-niveles-optimos-de-pasajeros\/\",\"name\":\"Aerom\u00e9xico contin\u00faa sin alcanzar niveles \u00f3ptimos de pasajeros\",\"isPartOf\":{\"@id\":\"https:\/\/aeronoticias.com.pe\/noticiero\/#website\"},\"primaryImageOfPage\":{\"@id\":\"https:\/\/aeronoticias.com.pe\/noticiero\/transporte-aereo\/aeromexico-continua-sin-alcanzar-niveles-optimos-de-pasajeros\/#primaryimage\"},\"image\":{\"@id\":\"https:\/\/aeronoticias.com.pe\/noticiero\/transporte-aereo\/aeromexico-continua-sin-alcanzar-niveles-optimos-de-pasajeros\/#primaryimage\"},\"thumbnailUrl\":\"https:\/\/aeronoticias.com.pe\/noticiero\/wp-content\/uploads\/2019\/08\/Aerom\u00e9xico-decidir\u00e1-entre-Airbus-y-Embraer.jpg\",\"datePublished\":\"2021-07-09T13:23:00+00:00\",\"dateModified\":\"2021-07-09T14:26:52+00:00\",\"author\":{\"@id\":\"https:\/\/aeronoticias.com.pe\/noticiero\/#\/schema\/person\/9ef7422a13b22ab480ffc29639f442b0\"},\"description\":\"Portal de noticias del Per\u00fa sobre el transporte a\u00e9reo, aviaci\u00f3n, turismo, hoteleria, actualidad.\",\"breadcrumb\":{\"@id\":\"https:\/\/aeronoticias.com.pe\/noticiero\/transporte-aereo\/aeromexico-continua-sin-alcanzar-niveles-optimos-de-pasajeros\/#breadcrumb\"},\"inLanguage\":\"es\",\"potentialAction\":[{\"@type\":\"ReadAction\",\"target\":[\"https:\/\/aeronoticias.com.pe\/noticiero\/transporte-aereo\/aeromexico-continua-sin-alcanzar-niveles-optimos-de-pasajeros\/\"]}]},{\"@type\":\"ImageObject\",\"inLanguage\":\"es\",\"@id\":\"https:\/\/aeronoticias.com.pe\/noticiero\/transporte-aereo\/aeromexico-continua-sin-alcanzar-niveles-optimos-de-pasajeros\/#primaryimage\",\"url\":\"https:\/\/aeronoticias.com.pe\/noticiero\/wp-content\/uploads\/2019\/08\/Aerom\u00e9xico-decidir\u00e1-entre-Airbus-y-Embraer.jpg\",\"contentUrl\":\"https:\/\/aeronoticias.com.pe\/noticiero\/wp-content\/uploads\/2019\/08\/Aerom\u00e9xico-decidir\u00e1-entre-Airbus-y-Embraer.jpg\",\"width\":834,\"height\":500},{\"@type\":\"BreadcrumbList\",\"@id\":\"https:\/\/aeronoticias.com.pe\/noticiero\/transporte-aereo\/aeromexico-continua-sin-alcanzar-niveles-optimos-de-pasajeros\/#breadcrumb\",\"itemListElement\":[{\"@type\":\"ListItem\",\"position\":1,\"name\":\"Portada\",\"item\":\"https:\/\/aeronoticias.com.pe\/noticiero\/\"},{\"@type\":\"ListItem\",\"position\":2,\"name\":\"Aerom\u00e9xico contin\u00faa sin alcanzar niveles \u00f3ptimos de pasajeros\"}]},{\"@type\":\"WebSite\",\"@id\":\"https:\/\/aeronoticias.com.pe\/noticiero\/#website\",\"url\":\"https:\/\/aeronoticias.com.pe\/noticiero\/\",\"name\":\"Aeronoticias.com.pe\",\"description\":\"Noticias de tranporte aereo, turismo, hoteles, gastronomia, actualidad, internacional\",\"potentialAction\":[{\"@type\":\"SearchAction\",\"target\":{\"@type\":\"EntryPoint\",\"urlTemplate\":\"https:\/\/aeronoticias.com.pe\/noticiero\/?s={search_term_string}\"},\"query-input\":{\"@type\":\"PropertyValueSpecification\",\"valueRequired\":true,\"valueName\":\"search_term_string\"}}],\"inLanguage\":\"es\"},{\"@type\":\"Person\",\"@id\":\"https:\/\/aeronoticias.com.pe\/noticiero\/#\/schema\/person\/9ef7422a13b22ab480ffc29639f442b0\",\"name\":\"Jefrey Cuya\",\"url\":\"https:\/\/aeronoticias.com.pe\/noticiero\/author\/jefreycuya\/\"}]}<\/script>\n<!-- \/ Yoast SEO plugin. -->","yoast_head_json":{"title":"Aerom\u00e9xico contin\u00faa sin alcanzar niveles \u00f3ptimos de pasajeros","description":"Portal de noticias del Per\u00fa sobre el transporte a\u00e9reo, aviaci\u00f3n, turismo, hoteleria, actualidad.","robots":{"index":"index","follow":"follow","max-snippet":"max-snippet:-1","max-image-preview":"max-image-preview:large","max-video-preview":"max-video-preview:-1"},"canonical":"https:\/\/aeronoticias.com.pe\/noticiero\/transporte-aereo\/aeromexico-continua-sin-alcanzar-niveles-optimos-de-pasajeros\/","og_locale":"es_ES","og_type":"article","og_title":"Aerom\u00e9xico contin\u00faa sin alcanzar niveles \u00f3ptimos de pasajeros","og_description":"Portal de noticias del Per\u00fa sobre el transporte a\u00e9reo, aviaci\u00f3n, turismo, hoteleria, actualidad.","og_url":"https:\/\/aeronoticias.com.pe\/noticiero\/transporte-aereo\/aeromexico-continua-sin-alcanzar-niveles-optimos-de-pasajeros\/","og_site_name":"Aeronoticias.com.pe","article_publisher":"https:\/\/www.facebook.com\/Aeronoticias.com.pe\/","article_published_time":"2021-07-09T13:23:00+00:00","article_modified_time":"2021-07-09T14:26:52+00:00","og_image":[{"width":834,"height":500,"url":"https:\/\/aeronoticias.com.pe\/noticiero\/wp-content\/uploads\/2019\/08\/Aerom\u00e9xico-decidir\u00e1-entre-Airbus-y-Embraer.jpg","type":"image\/jpeg"}],"author":"Jefrey Cuya","twitter_card":"summary_large_image","twitter_creator":"@aeronoticias","twitter_site":"@aeronoticias","twitter_misc":{"Escrito por":"Jefrey Cuya","Tiempo de lectura":"2 minutos"},"schema":{"@context":"https:\/\/schema.org","@graph":[{"@type":"WebPage","@id":"https:\/\/aeronoticias.com.pe\/noticiero\/transporte-aereo\/aeromexico-continua-sin-alcanzar-niveles-optimos-de-pasajeros\/","url":"https:\/\/aeronoticias.com.pe\/noticiero\/transporte-aereo\/aeromexico-continua-sin-alcanzar-niveles-optimos-de-pasajeros\/","name":"Aerom\u00e9xico contin\u00faa sin alcanzar niveles \u00f3ptimos de pasajeros","isPartOf":{"@id":"https:\/\/aeronoticias.com.pe\/noticiero\/#website"},"primaryImageOfPage":{"@id":"https:\/\/aeronoticias.com.pe\/noticiero\/transporte-aereo\/aeromexico-continua-sin-alcanzar-niveles-optimos-de-pasajeros\/#primaryimage"},"image":{"@id":"https:\/\/aeronoticias.com.pe\/noticiero\/transporte-aereo\/aeromexico-continua-sin-alcanzar-niveles-optimos-de-pasajeros\/#primaryimage"},"thumbnailUrl":"https:\/\/aeronoticias.com.pe\/noticiero\/wp-content\/uploads\/2019\/08\/Aerom\u00e9xico-decidir\u00e1-entre-Airbus-y-Embraer.jpg","datePublished":"2021-07-09T13:23:00+00:00","dateModified":"2021-07-09T14:26:52+00:00","author":{"@id":"https:\/\/aeronoticias.com.pe\/noticiero\/#\/schema\/person\/9ef7422a13b22ab480ffc29639f442b0"},"description":"Portal de noticias del Per\u00fa sobre el transporte a\u00e9reo, aviaci\u00f3n, turismo, hoteleria, actualidad.","breadcrumb":{"@id":"https:\/\/aeronoticias.com.pe\/noticiero\/transporte-aereo\/aeromexico-continua-sin-alcanzar-niveles-optimos-de-pasajeros\/#breadcrumb"},"inLanguage":"es","potentialAction":[{"@type":"ReadAction","target":["https:\/\/aeronoticias.com.pe\/noticiero\/transporte-aereo\/aeromexico-continua-sin-alcanzar-niveles-optimos-de-pasajeros\/"]}]},{"@type":"ImageObject","inLanguage":"es","@id":"https:\/\/aeronoticias.com.pe\/noticiero\/transporte-aereo\/aeromexico-continua-sin-alcanzar-niveles-optimos-de-pasajeros\/#primaryimage","url":"https:\/\/aeronoticias.com.pe\/noticiero\/wp-content\/uploads\/2019\/08\/Aerom\u00e9xico-decidir\u00e1-entre-Airbus-y-Embraer.jpg","contentUrl":"https:\/\/aeronoticias.com.pe\/noticiero\/wp-content\/uploads\/2019\/08\/Aerom\u00e9xico-decidir\u00e1-entre-Airbus-y-Embraer.jpg","width":834,"height":500},{"@type":"BreadcrumbList","@id":"https:\/\/aeronoticias.com.pe\/noticiero\/transporte-aereo\/aeromexico-continua-sin-alcanzar-niveles-optimos-de-pasajeros\/#breadcrumb","itemListElement":[{"@type":"ListItem","position":1,"name":"Portada","item":"https:\/\/aeronoticias.com.pe\/noticiero\/"},{"@type":"ListItem","position":2,"name":"Aerom\u00e9xico contin\u00faa sin alcanzar niveles \u00f3ptimos de pasajeros"}]},{"@type":"WebSite","@id":"https:\/\/aeronoticias.com.pe\/noticiero\/#website","url":"https:\/\/aeronoticias.com.pe\/noticiero\/","name":"Aeronoticias.com.pe","description":"Noticias de tranporte aereo, turismo, hoteles, gastronomia, actualidad, internacional","potentialAction":[{"@type":"SearchAction","target":{"@type":"EntryPoint","urlTemplate":"https:\/\/aeronoticias.com.pe\/noticiero\/?s={search_term_string}"},"query-input":{"@type":"PropertyValueSpecification","valueRequired":true,"valueName":"search_term_string"}}],"inLanguage":"es"},{"@type":"Person","@id":"https:\/\/aeronoticias.com.pe\/noticiero\/#\/schema\/person\/9ef7422a13b22ab480ffc29639f442b0","name":"Jefrey Cuya","url":"https:\/\/aeronoticias.com.pe\/noticiero\/author\/jefreycuya\/"}]}},"_links":{"self":[{"href":"https:\/\/aeronoticias.com.pe\/noticiero\/wp-json\/wp\/v2\/posts\/73652","targetHints":{"allow":["GET"]}}],"collection":[{"href":"https:\/\/aeronoticias.com.pe\/noticiero\/wp-json\/wp\/v2\/posts"}],"about":[{"href":"https:\/\/aeronoticias.com.pe\/noticiero\/wp-json\/wp\/v2\/types\/post"}],"author":[{"embeddable":true,"href":"https:\/\/aeronoticias.com.pe\/noticiero\/wp-json\/wp\/v2\/users\/4"}],"replies":[{"embeddable":true,"href":"https:\/\/aeronoticias.com.pe\/noticiero\/wp-json\/wp\/v2\/comments?post=73652"}],"version-history":[{"count":0,"href":"https:\/\/aeronoticias.com.pe\/noticiero\/wp-json\/wp\/v2\/posts\/73652\/revisions"}],"wp:featuredmedia":[{"embeddable":true,"href":"https:\/\/aeronoticias.com.pe\/noticiero\/wp-json\/wp\/v2\/media\/66169"}],"wp:attachment":[{"href":"https:\/\/aeronoticias.com.pe\/noticiero\/wp-json\/wp\/v2\/media?parent=73652"}],"wp:term":[{"taxonomy":"category","embeddable":true,"href":"https:\/\/aeronoticias.com.pe\/noticiero\/wp-json\/wp\/v2\/categories?post=73652"},{"taxonomy":"post_tag","embeddable":true,"href":"https:\/\/aeronoticias.com.pe\/noticiero\/wp-json\/wp\/v2\/tags?post=73652"}],"curies":[{"name":"wp","href":"https:\/\/api.w.org\/{rel}","templated":true}]}}