{"id":74157,"date":"2021-08-13T00:14:00","date_gmt":"2021-08-13T05:14:00","guid":{"rendered":"https:\/\/aeronoticias.com.pe\/noticiero\/?p=74157"},"modified":"2021-08-14T00:16:44","modified_gmt":"2021-08-14T05:16:44","slug":"corte-ordena-a-interjet-pagar-mas-de-20-millones-de-dolares","status":"publish","type":"post","link":"https:\/\/aeronoticias.com.pe\/noticiero\/transporte-aereo\/corte-ordena-a-interjet-pagar-mas-de-20-millones-de-dolares\/","title":{"rendered":"Corte ordena a Interjet pagar m\u00e1s de 20 millones de d\u00f3lares"},"content":{"rendered":"\n<p><strong>(Aeronoticias)<\/strong>.- Un juez del Distrito Sur de Nueva York\u00a0orden\u00f3 a Interjet pagar 27.4 millones de d\u00f3lares a Bank of Utah. El banco estadounidense habr\u00eda presentado la demanda en mayo de este a\u00f1o, luego de que la aerol\u00ednea mexicana dejara de pagar la renta de dos aviones Airbus A320 desde octubre de 2019.<\/p>\n\n\n\n<p>El juez de la Corte del Distrito Sur de Nueva York, Jesse M. Furman, notific\u00f3 a la aerol\u00ednea la sentencia. Adem\u00e1s de esta,&nbsp;<strong>Interjet acumular\u00eda, al menos, 50 millones de d\u00f3lares en deudas con diferentes acreedores.<\/strong><\/p>\n\n\n\n<p>Interjet habr\u00eda firmado los contratos de arrendamiento de estas aeronaves en 2017 a un plazo de 12 a\u00f1os y devolvi\u00f3 los aparatos en febrero de 2020. En la demanda interpuesta por Bank of Utah se ped\u00eda\u00a0<strong>el pago de da\u00f1os por 83 millones de d\u00f3lares<\/strong>, seg\u00fan lo reportado por el diario Reforma.<\/p>\n\n\n\n<p>En M\u00e9xico, Interjet espera que inicie formalmente su proceso de Concurso Mercantil, dijo Carlos del Valle del R\u00edo, portavoz oficial de Interjet. En total,<strong>&nbsp;tiene una deuda de mil 250 millones de d\u00f3lares entre trabajadores, acreedores y el Servicio de Administraci\u00f3n Tributaria.<\/strong><\/p>\n\n\n\n<p>Interjet dej\u00f3 de operar vuelos comerciales el 11 de diciembre de 2020, y la mayor parte de las rutas a\u00e9reas perdidas por la aerol\u00ednea ya son operadas por las otras compa\u00f1\u00edas nacionales como Volaris, Viva Aerobus y Aerom\u00e9xico. En todo este periodo, la administraci\u00f3n de Interjet ha se\u00f1alado repetidas veces que la intenci\u00f3n es que la aerol\u00ednea vuelva a volar, una vez que se reestructure financieramente, se pague a los trabajadores (que son los que son prioridad ante la ley) y generen un nuevo plan que atraiga a nuevos inversionistas.<\/p>\n\n\n\n<p>Fuente: <strong><em>A21<\/em><\/strong>.<\/p>\n","protected":false},"excerpt":{"rendered":"<p>(Aeronoticias).- Un juez del Distrito Sur de Nueva York\u00a0orden\u00f3 a Interjet pagar 27.4 millones de d\u00f3lares a Bank of Utah. El banco estadounidense habr\u00eda presentado la demanda en mayo de este a\u00f1o, luego de que la aerol\u00ednea mexicana dejara de pagar la renta de dos aviones Airbus A320 desde octubre de 2019. El juez de [&hellip;]<\/p>\n","protected":false},"author":4,"featured_media":66505,"comment_status":"open","ping_status":"open","sticky":false,"template":"","format":"standard","meta":{"tdm_status":"","tdm_grid_status":"","footnotes":""},"categories":[32,11],"tags":[163,253],"class_list":{"0":"post-74157","1":"post","2":"type-post","3":"status-publish","4":"format-standard","5":"has-post-thumbnail","7":"category-internacional","8":"category-transporte-aereo","9":"tag-coronavirus","10":"tag-interjet"},"yoast_head":"<!-- This site is optimized with the Yoast SEO plugin v25.1 - https:\/\/yoast.com\/wordpress\/plugins\/seo\/ -->\n<title>Corte ordena a Interjet pagar m\u00e1s de 20 millones de d\u00f3lares<\/title>\n<meta name=\"description\" content=\"Portal de noticias del Per\u00fa sobre el transporte a\u00e9reo, aviaci\u00f3n, turismo, hoteleria, actualidad.\" \/>\n<meta name=\"robots\" content=\"index, follow, max-snippet:-1, max-image-preview:large, max-video-preview:-1\" \/>\n<link rel=\"canonical\" href=\"https:\/\/aeronoticias.com.pe\/noticiero\/transporte-aereo\/corte-ordena-a-interjet-pagar-mas-de-20-millones-de-dolares\/\" \/>\n<meta property=\"og:locale\" content=\"es_ES\" \/>\n<meta property=\"og:type\" content=\"article\" \/>\n<meta property=\"og:title\" content=\"Corte ordena a Interjet pagar m\u00e1s de 20 millones de d\u00f3lares\" \/>\n<meta property=\"og:description\" content=\"Portal de noticias del Per\u00fa sobre el transporte a\u00e9reo, aviaci\u00f3n, turismo, hoteleria, actualidad.\" \/>\n<meta property=\"og:url\" content=\"https:\/\/aeronoticias.com.pe\/noticiero\/transporte-aereo\/corte-ordena-a-interjet-pagar-mas-de-20-millones-de-dolares\/\" \/>\n<meta property=\"og:site_name\" content=\"Aeronoticias.com.pe\" \/>\n<meta property=\"article:publisher\" content=\"https:\/\/www.facebook.com\/Aeronoticias.com.pe\/\" \/>\n<meta property=\"article:published_time\" content=\"2021-08-13T05:14:00+00:00\" \/>\n<meta property=\"article:modified_time\" content=\"2021-08-14T05:16:44+00:00\" \/>\n<meta property=\"og:image\" content=\"https:\/\/aeronoticias.com.pe\/noticiero\/wp-content\/uploads\/2019\/06\/interjet-d.jpg\" \/>\n\t<meta property=\"og:image:width\" content=\"1120\" \/>\n\t<meta property=\"og:image:height\" content=\"581\" \/>\n\t<meta property=\"og:image:type\" content=\"image\/jpeg\" \/>\n<meta name=\"author\" content=\"Jefrey Cuya\" \/>\n<meta name=\"twitter:card\" content=\"summary_large_image\" \/>\n<meta name=\"twitter:creator\" content=\"@aeronoticias\" \/>\n<meta name=\"twitter:site\" content=\"@aeronoticias\" \/>\n<meta name=\"twitter:label1\" content=\"Escrito por\" \/>\n\t<meta name=\"twitter:data1\" content=\"Jefrey Cuya\" \/>\n\t<meta name=\"twitter:label2\" content=\"Tiempo de lectura\" \/>\n\t<meta name=\"twitter:data2\" content=\"1 minuto\" \/>\n<script type=\"application\/ld+json\" class=\"yoast-schema-graph\">{\"@context\":\"https:\/\/schema.org\",\"@graph\":[{\"@type\":\"WebPage\",\"@id\":\"https:\/\/aeronoticias.com.pe\/noticiero\/transporte-aereo\/corte-ordena-a-interjet-pagar-mas-de-20-millones-de-dolares\/\",\"url\":\"https:\/\/aeronoticias.com.pe\/noticiero\/transporte-aereo\/corte-ordena-a-interjet-pagar-mas-de-20-millones-de-dolares\/\",\"name\":\"Corte ordena a Interjet pagar m\u00e1s de 20 millones de d\u00f3lares\",\"isPartOf\":{\"@id\":\"https:\/\/aeronoticias.com.pe\/noticiero\/#website\"},\"primaryImageOfPage\":{\"@id\":\"https:\/\/aeronoticias.com.pe\/noticiero\/transporte-aereo\/corte-ordena-a-interjet-pagar-mas-de-20-millones-de-dolares\/#primaryimage\"},\"image\":{\"@id\":\"https:\/\/aeronoticias.com.pe\/noticiero\/transporte-aereo\/corte-ordena-a-interjet-pagar-mas-de-20-millones-de-dolares\/#primaryimage\"},\"thumbnailUrl\":\"https:\/\/aeronoticias.com.pe\/noticiero\/wp-content\/uploads\/2019\/06\/interjet-d.jpg\",\"datePublished\":\"2021-08-13T05:14:00+00:00\",\"dateModified\":\"2021-08-14T05:16:44+00:00\",\"author\":{\"@id\":\"https:\/\/aeronoticias.com.pe\/noticiero\/#\/schema\/person\/9ef7422a13b22ab480ffc29639f442b0\"},\"description\":\"Portal de noticias del Per\u00fa sobre el transporte a\u00e9reo, aviaci\u00f3n, turismo, hoteleria, actualidad.\",\"breadcrumb\":{\"@id\":\"https:\/\/aeronoticias.com.pe\/noticiero\/transporte-aereo\/corte-ordena-a-interjet-pagar-mas-de-20-millones-de-dolares\/#breadcrumb\"},\"inLanguage\":\"es\",\"potentialAction\":[{\"@type\":\"ReadAction\",\"target\":[\"https:\/\/aeronoticias.com.pe\/noticiero\/transporte-aereo\/corte-ordena-a-interjet-pagar-mas-de-20-millones-de-dolares\/\"]}]},{\"@type\":\"ImageObject\",\"inLanguage\":\"es\",\"@id\":\"https:\/\/aeronoticias.com.pe\/noticiero\/transporte-aereo\/corte-ordena-a-interjet-pagar-mas-de-20-millones-de-dolares\/#primaryimage\",\"url\":\"https:\/\/aeronoticias.com.pe\/noticiero\/wp-content\/uploads\/2019\/06\/interjet-d.jpg\",\"contentUrl\":\"https:\/\/aeronoticias.com.pe\/noticiero\/wp-content\/uploads\/2019\/06\/interjet-d.jpg\",\"width\":1120,\"height\":581},{\"@type\":\"BreadcrumbList\",\"@id\":\"https:\/\/aeronoticias.com.pe\/noticiero\/transporte-aereo\/corte-ordena-a-interjet-pagar-mas-de-20-millones-de-dolares\/#breadcrumb\",\"itemListElement\":[{\"@type\":\"ListItem\",\"position\":1,\"name\":\"Portada\",\"item\":\"https:\/\/aeronoticias.com.pe\/noticiero\/\"},{\"@type\":\"ListItem\",\"position\":2,\"name\":\"Corte ordena a Interjet pagar m\u00e1s de 20 millones de d\u00f3lares\"}]},{\"@type\":\"WebSite\",\"@id\":\"https:\/\/aeronoticias.com.pe\/noticiero\/#website\",\"url\":\"https:\/\/aeronoticias.com.pe\/noticiero\/\",\"name\":\"Aeronoticias.com.pe\",\"description\":\"Noticias de tranporte aereo, turismo, hoteles, gastronomia, actualidad, internacional\",\"potentialAction\":[{\"@type\":\"SearchAction\",\"target\":{\"@type\":\"EntryPoint\",\"urlTemplate\":\"https:\/\/aeronoticias.com.pe\/noticiero\/?s={search_term_string}\"},\"query-input\":{\"@type\":\"PropertyValueSpecification\",\"valueRequired\":true,\"valueName\":\"search_term_string\"}}],\"inLanguage\":\"es\"},{\"@type\":\"Person\",\"@id\":\"https:\/\/aeronoticias.com.pe\/noticiero\/#\/schema\/person\/9ef7422a13b22ab480ffc29639f442b0\",\"name\":\"Jefrey Cuya\",\"url\":\"https:\/\/aeronoticias.com.pe\/noticiero\/author\/jefreycuya\/\"}]}<\/script>\n<!-- \/ Yoast SEO plugin. -->","yoast_head_json":{"title":"Corte ordena a Interjet pagar m\u00e1s de 20 millones de d\u00f3lares","description":"Portal de noticias del Per\u00fa sobre el transporte a\u00e9reo, aviaci\u00f3n, turismo, hoteleria, actualidad.","robots":{"index":"index","follow":"follow","max-snippet":"max-snippet:-1","max-image-preview":"max-image-preview:large","max-video-preview":"max-video-preview:-1"},"canonical":"https:\/\/aeronoticias.com.pe\/noticiero\/transporte-aereo\/corte-ordena-a-interjet-pagar-mas-de-20-millones-de-dolares\/","og_locale":"es_ES","og_type":"article","og_title":"Corte ordena a Interjet pagar m\u00e1s de 20 millones de d\u00f3lares","og_description":"Portal de noticias del Per\u00fa sobre el transporte a\u00e9reo, aviaci\u00f3n, turismo, hoteleria, actualidad.","og_url":"https:\/\/aeronoticias.com.pe\/noticiero\/transporte-aereo\/corte-ordena-a-interjet-pagar-mas-de-20-millones-de-dolares\/","og_site_name":"Aeronoticias.com.pe","article_publisher":"https:\/\/www.facebook.com\/Aeronoticias.com.pe\/","article_published_time":"2021-08-13T05:14:00+00:00","article_modified_time":"2021-08-14T05:16:44+00:00","og_image":[{"width":1120,"height":581,"url":"https:\/\/aeronoticias.com.pe\/noticiero\/wp-content\/uploads\/2019\/06\/interjet-d.jpg","type":"image\/jpeg"}],"author":"Jefrey Cuya","twitter_card":"summary_large_image","twitter_creator":"@aeronoticias","twitter_site":"@aeronoticias","twitter_misc":{"Escrito por":"Jefrey Cuya","Tiempo de lectura":"1 minuto"},"schema":{"@context":"https:\/\/schema.org","@graph":[{"@type":"WebPage","@id":"https:\/\/aeronoticias.com.pe\/noticiero\/transporte-aereo\/corte-ordena-a-interjet-pagar-mas-de-20-millones-de-dolares\/","url":"https:\/\/aeronoticias.com.pe\/noticiero\/transporte-aereo\/corte-ordena-a-interjet-pagar-mas-de-20-millones-de-dolares\/","name":"Corte ordena a Interjet pagar m\u00e1s de 20 millones de d\u00f3lares","isPartOf":{"@id":"https:\/\/aeronoticias.com.pe\/noticiero\/#website"},"primaryImageOfPage":{"@id":"https:\/\/aeronoticias.com.pe\/noticiero\/transporte-aereo\/corte-ordena-a-interjet-pagar-mas-de-20-millones-de-dolares\/#primaryimage"},"image":{"@id":"https:\/\/aeronoticias.com.pe\/noticiero\/transporte-aereo\/corte-ordena-a-interjet-pagar-mas-de-20-millones-de-dolares\/#primaryimage"},"thumbnailUrl":"https:\/\/aeronoticias.com.pe\/noticiero\/wp-content\/uploads\/2019\/06\/interjet-d.jpg","datePublished":"2021-08-13T05:14:00+00:00","dateModified":"2021-08-14T05:16:44+00:00","author":{"@id":"https:\/\/aeronoticias.com.pe\/noticiero\/#\/schema\/person\/9ef7422a13b22ab480ffc29639f442b0"},"description":"Portal de noticias del Per\u00fa sobre el transporte a\u00e9reo, aviaci\u00f3n, turismo, hoteleria, actualidad.","breadcrumb":{"@id":"https:\/\/aeronoticias.com.pe\/noticiero\/transporte-aereo\/corte-ordena-a-interjet-pagar-mas-de-20-millones-de-dolares\/#breadcrumb"},"inLanguage":"es","potentialAction":[{"@type":"ReadAction","target":["https:\/\/aeronoticias.com.pe\/noticiero\/transporte-aereo\/corte-ordena-a-interjet-pagar-mas-de-20-millones-de-dolares\/"]}]},{"@type":"ImageObject","inLanguage":"es","@id":"https:\/\/aeronoticias.com.pe\/noticiero\/transporte-aereo\/corte-ordena-a-interjet-pagar-mas-de-20-millones-de-dolares\/#primaryimage","url":"https:\/\/aeronoticias.com.pe\/noticiero\/wp-content\/uploads\/2019\/06\/interjet-d.jpg","contentUrl":"https:\/\/aeronoticias.com.pe\/noticiero\/wp-content\/uploads\/2019\/06\/interjet-d.jpg","width":1120,"height":581},{"@type":"BreadcrumbList","@id":"https:\/\/aeronoticias.com.pe\/noticiero\/transporte-aereo\/corte-ordena-a-interjet-pagar-mas-de-20-millones-de-dolares\/#breadcrumb","itemListElement":[{"@type":"ListItem","position":1,"name":"Portada","item":"https:\/\/aeronoticias.com.pe\/noticiero\/"},{"@type":"ListItem","position":2,"name":"Corte ordena a Interjet pagar m\u00e1s de 20 millones de d\u00f3lares"}]},{"@type":"WebSite","@id":"https:\/\/aeronoticias.com.pe\/noticiero\/#website","url":"https:\/\/aeronoticias.com.pe\/noticiero\/","name":"Aeronoticias.com.pe","description":"Noticias de tranporte aereo, turismo, hoteles, gastronomia, actualidad, internacional","potentialAction":[{"@type":"SearchAction","target":{"@type":"EntryPoint","urlTemplate":"https:\/\/aeronoticias.com.pe\/noticiero\/?s={search_term_string}"},"query-input":{"@type":"PropertyValueSpecification","valueRequired":true,"valueName":"search_term_string"}}],"inLanguage":"es"},{"@type":"Person","@id":"https:\/\/aeronoticias.com.pe\/noticiero\/#\/schema\/person\/9ef7422a13b22ab480ffc29639f442b0","name":"Jefrey Cuya","url":"https:\/\/aeronoticias.com.pe\/noticiero\/author\/jefreycuya\/"}]}},"_links":{"self":[{"href":"https:\/\/aeronoticias.com.pe\/noticiero\/wp-json\/wp\/v2\/posts\/74157","targetHints":{"allow":["GET"]}}],"collection":[{"href":"https:\/\/aeronoticias.com.pe\/noticiero\/wp-json\/wp\/v2\/posts"}],"about":[{"href":"https:\/\/aeronoticias.com.pe\/noticiero\/wp-json\/wp\/v2\/types\/post"}],"author":[{"embeddable":true,"href":"https:\/\/aeronoticias.com.pe\/noticiero\/wp-json\/wp\/v2\/users\/4"}],"replies":[{"embeddable":true,"href":"https:\/\/aeronoticias.com.pe\/noticiero\/wp-json\/wp\/v2\/comments?post=74157"}],"version-history":[{"count":0,"href":"https:\/\/aeronoticias.com.pe\/noticiero\/wp-json\/wp\/v2\/posts\/74157\/revisions"}],"wp:featuredmedia":[{"embeddable":true,"href":"https:\/\/aeronoticias.com.pe\/noticiero\/wp-json\/wp\/v2\/media\/66505"}],"wp:attachment":[{"href":"https:\/\/aeronoticias.com.pe\/noticiero\/wp-json\/wp\/v2\/media?parent=74157"}],"wp:term":[{"taxonomy":"category","embeddable":true,"href":"https:\/\/aeronoticias.com.pe\/noticiero\/wp-json\/wp\/v2\/categories?post=74157"},{"taxonomy":"post_tag","embeddable":true,"href":"https:\/\/aeronoticias.com.pe\/noticiero\/wp-json\/wp\/v2\/tags?post=74157"}],"curies":[{"name":"wp","href":"https:\/\/api.w.org\/{rel}","templated":true}]}}