{"id":74164,"date":"2021-08-14T00:25:28","date_gmt":"2021-08-14T05:25:28","guid":{"rendered":"https:\/\/aeronoticias.com.pe\/noticiero\/?p=74164"},"modified":"2021-08-14T00:25:32","modified_gmt":"2021-08-14T05:25:32","slug":"aeromexico-amplia-su-codigo-compartido-con-latam","status":"publish","type":"post","link":"https:\/\/aeronoticias.com.pe\/noticiero\/transporte-aereo\/aeromexico-amplia-su-codigo-compartido-con-latam\/","title":{"rendered":"Aerom\u00e9xico ampl\u00eda su c\u00f3digo compartido con LATAM"},"content":{"rendered":"\n<p><strong>(Aeronoticias)<\/strong>.- Grupo Aerom\u00e9xico y LATAM Airlines Group\u00a0ampliaron su acuerdo de c\u00f3digo compartido, con lo que ahora la aerol\u00ednea mexicana a\u00f1adir\u00e1 a su red 18 nuevos destinos en\u00a0Per\u00fa\u00a0a trav\u00e9s de la compa\u00f1\u00eda sudamericana.<\/p>\n\n\n\n<p>En total, los pasajeros de Aerom\u00e9xico<strong>&nbsp;pueden llegar a 66 destinos en toda Sudam\u00e9rica<\/strong>, entre los que se incluyen 18 localidades en Per\u00fa, como Cusco, 13 ciudades colombianas como Medell\u00edn, Cartagena y Cali, as\u00ed como 35 distintos aeropuertos brasile\u00f1os.<\/p>\n\n\n\n<p>Esta semana se inici\u00f3 la publicaci\u00f3n de los c\u00f3digos AM en la operaci\u00f3n de LATAM en el negocio dom\u00e9stico de Per\u00fa. Del mismo modo, se inici\u00f3 la publicaci\u00f3n de los c\u00f3digos LA en la red dom\u00e9stica M\u00e9xico de Aerom\u00e9xico conectando con la ruta LIM-MEX de LATAM Airlines Per\u00fa, se\u00f1alaron a\u00a0<em><strong>A21\u00a0<\/strong><\/em>fuentes del Grupo LATAM.<\/p>\n\n\n\n<p><strong>Esta es la segunda fase de la aplicaci\u00f3n del c\u00f3digo compartido entre ambas compa\u00f1\u00edas,<\/strong>\u00a0luego de que se iniciara con la publicaci\u00f3n de los c\u00f3digos entre Aerom\u00e9xico y las filiales LATAM Brasil y Colombia.<\/p>\n\n\n\n<p>Los pasajeros de LATAM pueden viajar en c\u00f3digo compartido a<strong>&nbsp;43 ciudades mexicanas.<\/strong><\/p>\n\n\n\n<p>Asimismo, la alianza comercial entre ambas partes permite la acumulaci\u00f3n y redenci\u00f3n de puntos para los viajeros frecuentes, pre-asignaci\u00f3n de asientos, equipaje registrado de origen a destino y acceso a salas VIP, entre otros beneficios.<\/p>\n\n\n\n<p>Tanto Aerom\u00e9xico como LATAM han incrementado su colaboraci\u00f3n en la regi\u00f3n desde que<strong>&nbsp;Delta Air Lines&nbsp;<\/strong>anunciara una inversi\u00f3n por el 20% de la compa\u00f1\u00eda sudamericana con sede en Chile a finales del 2019.<\/p>\n\n\n\n<p>Actualmente ambas aerol\u00edneas est\u00e1n en proceso de reorganizaci\u00f3n financiera bajo el Cap\u00edtulo 11 de la Ley de Quiebras y en este momento se encuentran trabajando en sus&nbsp;<strong>Planes de Reorganizaci\u00f3n,&nbsp;<\/strong>los cuales podr\u00edan ser presentados a mediados de septiembre.<\/p>\n\n\n\n<p>En una presentaci\u00f3n llevada a cabo por Grupo Aerom\u00e9xico en 2020, la aerol\u00ednea mexicana revel\u00f3 que estaba en pl\u00e1ticas para expandir sus alianzas con LATAM en Am\u00e9rica del Sur y con Air France-KLM en Europa, se\u00f1alando que estas compa\u00f1\u00edas son aliadas cercanas de Delta.<\/p>\n\n\n\n<p>Entre los objetivos que se plante\u00f3 Aerom\u00e9xico con esta colaboraci\u00f3n se encuentran crear una alianza l\u00edder entre M\u00e9xico y Sudam\u00e9rica a trav\u00e9s de c\u00f3digos compartidos y acuerdos de lealtad y salas VIP; impulsar los hubs de ambas compa\u00f1\u00edas y optimizar la conectividad cruzada en sus redes de rutas.<\/p>\n\n\n\n<p>Esta uni\u00f3n podr\u00eda crear un flujo de ingresos entre 30 y 40 millones de d\u00f3lares, se\u00f1al\u00f3 la aerol\u00ednea mexicana en su presentaci\u00f3n de hace un a\u00f1o.<\/p>\n\n\n\n<p>Fuente: <strong><em>A21<\/em><\/strong>.<\/p>\n","protected":false},"excerpt":{"rendered":"<p>(Aeronoticias).- Grupo Aerom\u00e9xico y LATAM Airlines Group\u00a0ampliaron su acuerdo de c\u00f3digo compartido, con lo que ahora la aerol\u00ednea mexicana a\u00f1adir\u00e1 a su red 18 nuevos destinos en\u00a0Per\u00fa\u00a0a trav\u00e9s de la compa\u00f1\u00eda sudamericana. En total, los pasajeros de Aerom\u00e9xico&nbsp;pueden llegar a 66 destinos en toda Sudam\u00e9rica, entre los que se incluyen 18 localidades en Per\u00fa, como [&hellip;]<\/p>\n","protected":false},"author":4,"featured_media":66987,"comment_status":"open","ping_status":"open","sticky":false,"template":"","format":"standard","meta":{"tdm_status":"","tdm_grid_status":"","footnotes":""},"categories":[32,11],"tags":[102],"class_list":{"0":"post-74164","1":"post","2":"type-post","3":"status-publish","4":"format-standard","5":"has-post-thumbnail","7":"category-internacional","8":"category-transporte-aereo","9":"tag-latam"},"yoast_head":"<!-- This site is optimized with the Yoast SEO plugin v25.1 - https:\/\/yoast.com\/wordpress\/plugins\/seo\/ -->\n<title>Aerom\u00e9xico ampl\u00eda su c\u00f3digo compartido con LATAM<\/title>\n<meta name=\"description\" content=\"Portal de noticias del Per\u00fa sobre el transporte a\u00e9reo, aviaci\u00f3n, turismo, hoteleria, actualidad.\" \/>\n<meta name=\"robots\" content=\"index, follow, max-snippet:-1, max-image-preview:large, max-video-preview:-1\" \/>\n<link rel=\"canonical\" href=\"https:\/\/aeronoticias.com.pe\/noticiero\/transporte-aereo\/aeromexico-amplia-su-codigo-compartido-con-latam\/\" \/>\n<meta property=\"og:locale\" content=\"es_ES\" \/>\n<meta property=\"og:type\" content=\"article\" \/>\n<meta property=\"og:title\" content=\"Aerom\u00e9xico ampl\u00eda su c\u00f3digo compartido con LATAM\" \/>\n<meta property=\"og:description\" content=\"Portal de noticias del Per\u00fa sobre el transporte a\u00e9reo, aviaci\u00f3n, turismo, hoteleria, actualidad.\" \/>\n<meta property=\"og:url\" content=\"https:\/\/aeronoticias.com.pe\/noticiero\/transporte-aereo\/aeromexico-amplia-su-codigo-compartido-con-latam\/\" \/>\n<meta property=\"og:site_name\" content=\"Aeronoticias.com.pe\" \/>\n<meta property=\"article:publisher\" content=\"https:\/\/www.facebook.com\/Aeronoticias.com.pe\/\" \/>\n<meta property=\"article:published_time\" content=\"2021-08-14T05:25:28+00:00\" \/>\n<meta property=\"article:modified_time\" content=\"2021-08-14T05:25:32+00:00\" \/>\n<meta property=\"og:image\" content=\"https:\/\/aeronoticias.com.pe\/noticiero\/wp-content\/uploads\/2019\/04\/Aerom\u00e9xico-Medell\u00edn-y-Canc\u00fan.jpg\" \/>\n\t<meta property=\"og:image:width\" content=\"1000\" \/>\n\t<meta property=\"og:image:height\" content=\"600\" \/>\n\t<meta property=\"og:image:type\" content=\"image\/jpeg\" \/>\n<meta name=\"author\" content=\"Jefrey Cuya\" \/>\n<meta name=\"twitter:card\" content=\"summary_large_image\" \/>\n<meta name=\"twitter:creator\" content=\"@aeronoticias\" \/>\n<meta name=\"twitter:site\" content=\"@aeronoticias\" \/>\n<meta name=\"twitter:label1\" content=\"Escrito por\" \/>\n\t<meta name=\"twitter:data1\" content=\"Jefrey Cuya\" \/>\n\t<meta name=\"twitter:label2\" content=\"Tiempo de lectura\" \/>\n\t<meta name=\"twitter:data2\" content=\"2 minutos\" \/>\n<script type=\"application\/ld+json\" class=\"yoast-schema-graph\">{\"@context\":\"https:\/\/schema.org\",\"@graph\":[{\"@type\":\"WebPage\",\"@id\":\"https:\/\/aeronoticias.com.pe\/noticiero\/transporte-aereo\/aeromexico-amplia-su-codigo-compartido-con-latam\/\",\"url\":\"https:\/\/aeronoticias.com.pe\/noticiero\/transporte-aereo\/aeromexico-amplia-su-codigo-compartido-con-latam\/\",\"name\":\"Aerom\u00e9xico ampl\u00eda su c\u00f3digo compartido con LATAM\",\"isPartOf\":{\"@id\":\"https:\/\/aeronoticias.com.pe\/noticiero\/#website\"},\"primaryImageOfPage\":{\"@id\":\"https:\/\/aeronoticias.com.pe\/noticiero\/transporte-aereo\/aeromexico-amplia-su-codigo-compartido-con-latam\/#primaryimage\"},\"image\":{\"@id\":\"https:\/\/aeronoticias.com.pe\/noticiero\/transporte-aereo\/aeromexico-amplia-su-codigo-compartido-con-latam\/#primaryimage\"},\"thumbnailUrl\":\"https:\/\/aeronoticias.com.pe\/noticiero\/wp-content\/uploads\/2019\/04\/Aerom\u00e9xico-Medell\u00edn-y-Canc\u00fan.jpg\",\"datePublished\":\"2021-08-14T05:25:28+00:00\",\"dateModified\":\"2021-08-14T05:25:32+00:00\",\"author\":{\"@id\":\"https:\/\/aeronoticias.com.pe\/noticiero\/#\/schema\/person\/9ef7422a13b22ab480ffc29639f442b0\"},\"description\":\"Portal de noticias del Per\u00fa sobre el transporte a\u00e9reo, aviaci\u00f3n, turismo, hoteleria, actualidad.\",\"breadcrumb\":{\"@id\":\"https:\/\/aeronoticias.com.pe\/noticiero\/transporte-aereo\/aeromexico-amplia-su-codigo-compartido-con-latam\/#breadcrumb\"},\"inLanguage\":\"es\",\"potentialAction\":[{\"@type\":\"ReadAction\",\"target\":[\"https:\/\/aeronoticias.com.pe\/noticiero\/transporte-aereo\/aeromexico-amplia-su-codigo-compartido-con-latam\/\"]}]},{\"@type\":\"ImageObject\",\"inLanguage\":\"es\",\"@id\":\"https:\/\/aeronoticias.com.pe\/noticiero\/transporte-aereo\/aeromexico-amplia-su-codigo-compartido-con-latam\/#primaryimage\",\"url\":\"https:\/\/aeronoticias.com.pe\/noticiero\/wp-content\/uploads\/2019\/04\/Aerom\u00e9xico-Medell\u00edn-y-Canc\u00fan.jpg\",\"contentUrl\":\"https:\/\/aeronoticias.com.pe\/noticiero\/wp-content\/uploads\/2019\/04\/Aerom\u00e9xico-Medell\u00edn-y-Canc\u00fan.jpg\",\"width\":1000,\"height\":600},{\"@type\":\"BreadcrumbList\",\"@id\":\"https:\/\/aeronoticias.com.pe\/noticiero\/transporte-aereo\/aeromexico-amplia-su-codigo-compartido-con-latam\/#breadcrumb\",\"itemListElement\":[{\"@type\":\"ListItem\",\"position\":1,\"name\":\"Portada\",\"item\":\"https:\/\/aeronoticias.com.pe\/noticiero\/\"},{\"@type\":\"ListItem\",\"position\":2,\"name\":\"Aerom\u00e9xico ampl\u00eda su c\u00f3digo compartido con LATAM\"}]},{\"@type\":\"WebSite\",\"@id\":\"https:\/\/aeronoticias.com.pe\/noticiero\/#website\",\"url\":\"https:\/\/aeronoticias.com.pe\/noticiero\/\",\"name\":\"Aeronoticias.com.pe\",\"description\":\"Noticias de tranporte aereo, turismo, hoteles, gastronomia, actualidad, internacional\",\"potentialAction\":[{\"@type\":\"SearchAction\",\"target\":{\"@type\":\"EntryPoint\",\"urlTemplate\":\"https:\/\/aeronoticias.com.pe\/noticiero\/?s={search_term_string}\"},\"query-input\":{\"@type\":\"PropertyValueSpecification\",\"valueRequired\":true,\"valueName\":\"search_term_string\"}}],\"inLanguage\":\"es\"},{\"@type\":\"Person\",\"@id\":\"https:\/\/aeronoticias.com.pe\/noticiero\/#\/schema\/person\/9ef7422a13b22ab480ffc29639f442b0\",\"name\":\"Jefrey Cuya\",\"url\":\"https:\/\/aeronoticias.com.pe\/noticiero\/author\/jefreycuya\/\"}]}<\/script>\n<!-- \/ Yoast SEO plugin. -->","yoast_head_json":{"title":"Aerom\u00e9xico ampl\u00eda su c\u00f3digo compartido con LATAM","description":"Portal de noticias del Per\u00fa sobre el transporte a\u00e9reo, aviaci\u00f3n, turismo, hoteleria, actualidad.","robots":{"index":"index","follow":"follow","max-snippet":"max-snippet:-1","max-image-preview":"max-image-preview:large","max-video-preview":"max-video-preview:-1"},"canonical":"https:\/\/aeronoticias.com.pe\/noticiero\/transporte-aereo\/aeromexico-amplia-su-codigo-compartido-con-latam\/","og_locale":"es_ES","og_type":"article","og_title":"Aerom\u00e9xico ampl\u00eda su c\u00f3digo compartido con LATAM","og_description":"Portal de noticias del Per\u00fa sobre el transporte a\u00e9reo, aviaci\u00f3n, turismo, hoteleria, actualidad.","og_url":"https:\/\/aeronoticias.com.pe\/noticiero\/transporte-aereo\/aeromexico-amplia-su-codigo-compartido-con-latam\/","og_site_name":"Aeronoticias.com.pe","article_publisher":"https:\/\/www.facebook.com\/Aeronoticias.com.pe\/","article_published_time":"2021-08-14T05:25:28+00:00","article_modified_time":"2021-08-14T05:25:32+00:00","og_image":[{"width":1000,"height":600,"url":"https:\/\/aeronoticias.com.pe\/noticiero\/wp-content\/uploads\/2019\/04\/Aerom\u00e9xico-Medell\u00edn-y-Canc\u00fan.jpg","type":"image\/jpeg"}],"author":"Jefrey Cuya","twitter_card":"summary_large_image","twitter_creator":"@aeronoticias","twitter_site":"@aeronoticias","twitter_misc":{"Escrito por":"Jefrey Cuya","Tiempo de lectura":"2 minutos"},"schema":{"@context":"https:\/\/schema.org","@graph":[{"@type":"WebPage","@id":"https:\/\/aeronoticias.com.pe\/noticiero\/transporte-aereo\/aeromexico-amplia-su-codigo-compartido-con-latam\/","url":"https:\/\/aeronoticias.com.pe\/noticiero\/transporte-aereo\/aeromexico-amplia-su-codigo-compartido-con-latam\/","name":"Aerom\u00e9xico ampl\u00eda su c\u00f3digo compartido con LATAM","isPartOf":{"@id":"https:\/\/aeronoticias.com.pe\/noticiero\/#website"},"primaryImageOfPage":{"@id":"https:\/\/aeronoticias.com.pe\/noticiero\/transporte-aereo\/aeromexico-amplia-su-codigo-compartido-con-latam\/#primaryimage"},"image":{"@id":"https:\/\/aeronoticias.com.pe\/noticiero\/transporte-aereo\/aeromexico-amplia-su-codigo-compartido-con-latam\/#primaryimage"},"thumbnailUrl":"https:\/\/aeronoticias.com.pe\/noticiero\/wp-content\/uploads\/2019\/04\/Aerom\u00e9xico-Medell\u00edn-y-Canc\u00fan.jpg","datePublished":"2021-08-14T05:25:28+00:00","dateModified":"2021-08-14T05:25:32+00:00","author":{"@id":"https:\/\/aeronoticias.com.pe\/noticiero\/#\/schema\/person\/9ef7422a13b22ab480ffc29639f442b0"},"description":"Portal de noticias del Per\u00fa sobre el transporte a\u00e9reo, aviaci\u00f3n, turismo, hoteleria, actualidad.","breadcrumb":{"@id":"https:\/\/aeronoticias.com.pe\/noticiero\/transporte-aereo\/aeromexico-amplia-su-codigo-compartido-con-latam\/#breadcrumb"},"inLanguage":"es","potentialAction":[{"@type":"ReadAction","target":["https:\/\/aeronoticias.com.pe\/noticiero\/transporte-aereo\/aeromexico-amplia-su-codigo-compartido-con-latam\/"]}]},{"@type":"ImageObject","inLanguage":"es","@id":"https:\/\/aeronoticias.com.pe\/noticiero\/transporte-aereo\/aeromexico-amplia-su-codigo-compartido-con-latam\/#primaryimage","url":"https:\/\/aeronoticias.com.pe\/noticiero\/wp-content\/uploads\/2019\/04\/Aerom\u00e9xico-Medell\u00edn-y-Canc\u00fan.jpg","contentUrl":"https:\/\/aeronoticias.com.pe\/noticiero\/wp-content\/uploads\/2019\/04\/Aerom\u00e9xico-Medell\u00edn-y-Canc\u00fan.jpg","width":1000,"height":600},{"@type":"BreadcrumbList","@id":"https:\/\/aeronoticias.com.pe\/noticiero\/transporte-aereo\/aeromexico-amplia-su-codigo-compartido-con-latam\/#breadcrumb","itemListElement":[{"@type":"ListItem","position":1,"name":"Portada","item":"https:\/\/aeronoticias.com.pe\/noticiero\/"},{"@type":"ListItem","position":2,"name":"Aerom\u00e9xico ampl\u00eda su c\u00f3digo compartido con LATAM"}]},{"@type":"WebSite","@id":"https:\/\/aeronoticias.com.pe\/noticiero\/#website","url":"https:\/\/aeronoticias.com.pe\/noticiero\/","name":"Aeronoticias.com.pe","description":"Noticias de tranporte aereo, turismo, hoteles, gastronomia, actualidad, internacional","potentialAction":[{"@type":"SearchAction","target":{"@type":"EntryPoint","urlTemplate":"https:\/\/aeronoticias.com.pe\/noticiero\/?s={search_term_string}"},"query-input":{"@type":"PropertyValueSpecification","valueRequired":true,"valueName":"search_term_string"}}],"inLanguage":"es"},{"@type":"Person","@id":"https:\/\/aeronoticias.com.pe\/noticiero\/#\/schema\/person\/9ef7422a13b22ab480ffc29639f442b0","name":"Jefrey Cuya","url":"https:\/\/aeronoticias.com.pe\/noticiero\/author\/jefreycuya\/"}]}},"_links":{"self":[{"href":"https:\/\/aeronoticias.com.pe\/noticiero\/wp-json\/wp\/v2\/posts\/74164","targetHints":{"allow":["GET"]}}],"collection":[{"href":"https:\/\/aeronoticias.com.pe\/noticiero\/wp-json\/wp\/v2\/posts"}],"about":[{"href":"https:\/\/aeronoticias.com.pe\/noticiero\/wp-json\/wp\/v2\/types\/post"}],"author":[{"embeddable":true,"href":"https:\/\/aeronoticias.com.pe\/noticiero\/wp-json\/wp\/v2\/users\/4"}],"replies":[{"embeddable":true,"href":"https:\/\/aeronoticias.com.pe\/noticiero\/wp-json\/wp\/v2\/comments?post=74164"}],"version-history":[{"count":0,"href":"https:\/\/aeronoticias.com.pe\/noticiero\/wp-json\/wp\/v2\/posts\/74164\/revisions"}],"wp:featuredmedia":[{"embeddable":true,"href":"https:\/\/aeronoticias.com.pe\/noticiero\/wp-json\/wp\/v2\/media\/66987"}],"wp:attachment":[{"href":"https:\/\/aeronoticias.com.pe\/noticiero\/wp-json\/wp\/v2\/media?parent=74164"}],"wp:term":[{"taxonomy":"category","embeddable":true,"href":"https:\/\/aeronoticias.com.pe\/noticiero\/wp-json\/wp\/v2\/categories?post=74164"},{"taxonomy":"post_tag","embeddable":true,"href":"https:\/\/aeronoticias.com.pe\/noticiero\/wp-json\/wp\/v2\/tags?post=74164"}],"curies":[{"name":"wp","href":"https:\/\/api.w.org\/{rel}","templated":true}]}}