{"id":74360,"date":"2021-08-28T07:39:00","date_gmt":"2021-08-28T12:39:00","guid":{"rendered":"https:\/\/aeronoticias.com.pe\/noticiero\/?p=74360"},"modified":"2021-08-29T01:42:45","modified_gmt":"2021-08-29T06:42:45","slug":"aspa-urge-justicia-en-caso-mexicana","status":"publish","type":"post","link":"https:\/\/aeronoticias.com.pe\/noticiero\/transporte-aereo\/aspa-urge-justicia-en-caso-mexicana\/","title":{"rendered":"ASPA urge justicia en caso Mexicana"},"content":{"rendered":"\n<p><strong>(Aeronoticias)<\/strong>.- A 11 a\u00f1os del cierre de operaciones de Mexicana de Aviaci\u00f3n, la Asociaci\u00f3n Sindical de Pilotos Aviadores de M\u00e9xico (<strong>ASPA<\/strong>) hizo un llamado urgente al gobierno para que, con su apoyo y\u00a0mediaci\u00f3n, todos los ex trabajadores de Mexicana de Aviaci\u00f3n perciban una\u00a0indemnizaci\u00f3n justa, se logre el saneamiento del\u00a0taller Mexicana MRO y se proceda a resolver el caso judicial contra Gast\u00f3n Azc\u00e1rraga Andrade, ex presidente del Consejo de Mexicana.\u00a0<\/p>\n\n\n\n<p>ASPA record\u00f3 que sus agremiados han escuchado muchas promesas y visto pocos resultados en materia de justicia con respecto al caso, gener\u00e1ndose durante este tiempo&nbsp;<strong>p\u00e9rdidas de valor de los bienes activos<\/strong>, por lo que es necesario que el proceso termine.<\/p>\n\n\n\n<p>\u201cEl tiempo y los propios procesos del concurso mercantil han generado p\u00e9rdida de valor para los activos de la masa concursal, por ello es tan necesario que este proceso se finiquite lo m\u00e1s pronto posible y que sea positivo para los trabajadores.&nbsp;<strong>No podemos permitir que se sigan devaluando los activos<\/strong>\u201d, dijo Rafael Su\u00e1rez, presidente de la delegaci\u00f3n de pilotos de Mexicana en ASPA.&nbsp;<\/p>\n\n\n\n<p>Entre los bienes inmuebles y unidades de negocio activas se encuentra el&nbsp;<strong>taller de mantenimiento Mexicana MRO<\/strong>, en el cual se est\u00e1 buscando mejorar los contratos con sus clientes y aumentar la productividad del taller, con el objetivo de&nbsp;<strong>sanear las finanzas y hacerlo atractivo para su venta la cual se debe dar a m\u00e1s tardar para el a\u00f1o 2024.<\/strong>&nbsp;<\/p>\n\n\n\n<p>Los recursos que se obtengan de la venta del taller,<strong>&nbsp;formar\u00e1n parte de la liquidaci\u00f3n de los ex trabajadores.&nbsp;<\/strong><\/p>\n\n\n\n<p>Por otro lado,&nbsp;<strong>ASPA mostr\u00f3 apoyo a la iniciativa de crear una aerol\u00ednea con personal ex Mexicana bajo un modelo de negocio de Cooperativa<\/strong>, sin embargo, record\u00f3 que el proyecto debe considerarse independiente ya que no resuelve de fondo las liquidaciones pendientes con los empleados ni el proceso de concurso mercantil.<\/p>\n\n\n\n<p>Fuente: <strong><em>A21<\/em><\/strong>.<\/p>\n","protected":false},"excerpt":{"rendered":"<p>(Aeronoticias).- A 11 a\u00f1os del cierre de operaciones de Mexicana de Aviaci\u00f3n, la Asociaci\u00f3n Sindical de Pilotos Aviadores de M\u00e9xico (ASPA) hizo un llamado urgente al gobierno para que, con su apoyo y\u00a0mediaci\u00f3n, todos los ex trabajadores de Mexicana de Aviaci\u00f3n perciban una\u00a0indemnizaci\u00f3n justa, se logre el saneamiento del\u00a0taller Mexicana MRO y se proceda a [&hellip;]<\/p>\n","protected":false},"author":4,"featured_media":74361,"comment_status":"open","ping_status":"open","sticky":false,"template":"","format":"standard","meta":{"tdm_status":"","tdm_grid_status":"","footnotes":""},"categories":[32,11],"tags":[518,163],"class_list":{"0":"post-74360","1":"post","2":"type-post","3":"status-publish","4":"format-standard","5":"has-post-thumbnail","7":"category-internacional","8":"category-transporte-aereo","9":"tag-aspa","10":"tag-coronavirus"},"yoast_head":"<!-- This site is optimized with the Yoast SEO plugin v25.1 - https:\/\/yoast.com\/wordpress\/plugins\/seo\/ -->\n<title>ASPA urge justicia en caso Mexicana<\/title>\n<meta name=\"description\" content=\"Portal de noticias del Per\u00fa sobre el transporte a\u00e9reo, aviaci\u00f3n, turismo, hoteleria, actualidad.\" \/>\n<meta name=\"robots\" content=\"index, follow, max-snippet:-1, max-image-preview:large, max-video-preview:-1\" \/>\n<link rel=\"canonical\" href=\"https:\/\/aeronoticias.com.pe\/noticiero\/transporte-aereo\/aspa-urge-justicia-en-caso-mexicana\/\" \/>\n<meta property=\"og:locale\" content=\"es_ES\" \/>\n<meta property=\"og:type\" content=\"article\" \/>\n<meta property=\"og:title\" content=\"ASPA urge justicia en caso Mexicana\" \/>\n<meta property=\"og:description\" content=\"Portal de noticias del Per\u00fa sobre el transporte a\u00e9reo, aviaci\u00f3n, turismo, hoteleria, actualidad.\" \/>\n<meta property=\"og:url\" content=\"https:\/\/aeronoticias.com.pe\/noticiero\/transporte-aereo\/aspa-urge-justicia-en-caso-mexicana\/\" \/>\n<meta property=\"og:site_name\" content=\"Aeronoticias.com.pe\" \/>\n<meta property=\"article:publisher\" content=\"https:\/\/www.facebook.com\/Aeronoticias.com.pe\/\" \/>\n<meta property=\"article:published_time\" content=\"2021-08-28T12:39:00+00:00\" \/>\n<meta property=\"article:modified_time\" content=\"2021-08-29T06:42:45+00:00\" \/>\n<meta property=\"og:image\" content=\"https:\/\/aeronoticias.com.pe\/noticiero\/wp-content\/uploads\/2021\/08\/portada-Mexicana-de-Aviaci\u00f3n_0.jpeg\" \/>\n\t<meta property=\"og:image:width\" content=\"2417\" \/>\n\t<meta property=\"og:image:height\" content=\"1104\" \/>\n\t<meta property=\"og:image:type\" content=\"image\/jpeg\" \/>\n<meta name=\"author\" content=\"Jefrey Cuya\" \/>\n<meta name=\"twitter:card\" content=\"summary_large_image\" \/>\n<meta name=\"twitter:creator\" content=\"@aeronoticias\" \/>\n<meta name=\"twitter:site\" content=\"@aeronoticias\" \/>\n<meta name=\"twitter:label1\" content=\"Escrito por\" \/>\n\t<meta name=\"twitter:data1\" content=\"Jefrey Cuya\" \/>\n\t<meta name=\"twitter:label2\" content=\"Tiempo de lectura\" \/>\n\t<meta name=\"twitter:data2\" content=\"2 minutos\" \/>\n<script type=\"application\/ld+json\" class=\"yoast-schema-graph\">{\"@context\":\"https:\/\/schema.org\",\"@graph\":[{\"@type\":\"WebPage\",\"@id\":\"https:\/\/aeronoticias.com.pe\/noticiero\/transporte-aereo\/aspa-urge-justicia-en-caso-mexicana\/\",\"url\":\"https:\/\/aeronoticias.com.pe\/noticiero\/transporte-aereo\/aspa-urge-justicia-en-caso-mexicana\/\",\"name\":\"ASPA urge justicia en caso Mexicana\",\"isPartOf\":{\"@id\":\"https:\/\/aeronoticias.com.pe\/noticiero\/#website\"},\"primaryImageOfPage\":{\"@id\":\"https:\/\/aeronoticias.com.pe\/noticiero\/transporte-aereo\/aspa-urge-justicia-en-caso-mexicana\/#primaryimage\"},\"image\":{\"@id\":\"https:\/\/aeronoticias.com.pe\/noticiero\/transporte-aereo\/aspa-urge-justicia-en-caso-mexicana\/#primaryimage\"},\"thumbnailUrl\":\"https:\/\/aeronoticias.com.pe\/noticiero\/wp-content\/uploads\/2021\/08\/portada-Mexicana-de-Aviaci\u00f3n_0.jpeg\",\"datePublished\":\"2021-08-28T12:39:00+00:00\",\"dateModified\":\"2021-08-29T06:42:45+00:00\",\"author\":{\"@id\":\"https:\/\/aeronoticias.com.pe\/noticiero\/#\/schema\/person\/9ef7422a13b22ab480ffc29639f442b0\"},\"description\":\"Portal de noticias del Per\u00fa sobre el transporte a\u00e9reo, aviaci\u00f3n, turismo, hoteleria, actualidad.\",\"breadcrumb\":{\"@id\":\"https:\/\/aeronoticias.com.pe\/noticiero\/transporte-aereo\/aspa-urge-justicia-en-caso-mexicana\/#breadcrumb\"},\"inLanguage\":\"es\",\"potentialAction\":[{\"@type\":\"ReadAction\",\"target\":[\"https:\/\/aeronoticias.com.pe\/noticiero\/transporte-aereo\/aspa-urge-justicia-en-caso-mexicana\/\"]}]},{\"@type\":\"ImageObject\",\"inLanguage\":\"es\",\"@id\":\"https:\/\/aeronoticias.com.pe\/noticiero\/transporte-aereo\/aspa-urge-justicia-en-caso-mexicana\/#primaryimage\",\"url\":\"https:\/\/aeronoticias.com.pe\/noticiero\/wp-content\/uploads\/2021\/08\/portada-Mexicana-de-Aviaci\u00f3n_0.jpeg\",\"contentUrl\":\"https:\/\/aeronoticias.com.pe\/noticiero\/wp-content\/uploads\/2021\/08\/portada-Mexicana-de-Aviaci\u00f3n_0.jpeg\",\"width\":2417,\"height\":1104},{\"@type\":\"BreadcrumbList\",\"@id\":\"https:\/\/aeronoticias.com.pe\/noticiero\/transporte-aereo\/aspa-urge-justicia-en-caso-mexicana\/#breadcrumb\",\"itemListElement\":[{\"@type\":\"ListItem\",\"position\":1,\"name\":\"Portada\",\"item\":\"https:\/\/aeronoticias.com.pe\/noticiero\/\"},{\"@type\":\"ListItem\",\"position\":2,\"name\":\"ASPA urge justicia en caso Mexicana\"}]},{\"@type\":\"WebSite\",\"@id\":\"https:\/\/aeronoticias.com.pe\/noticiero\/#website\",\"url\":\"https:\/\/aeronoticias.com.pe\/noticiero\/\",\"name\":\"Aeronoticias.com.pe\",\"description\":\"Noticias de tranporte aereo, turismo, hoteles, gastronomia, actualidad, internacional\",\"potentialAction\":[{\"@type\":\"SearchAction\",\"target\":{\"@type\":\"EntryPoint\",\"urlTemplate\":\"https:\/\/aeronoticias.com.pe\/noticiero\/?s={search_term_string}\"},\"query-input\":{\"@type\":\"PropertyValueSpecification\",\"valueRequired\":true,\"valueName\":\"search_term_string\"}}],\"inLanguage\":\"es\"},{\"@type\":\"Person\",\"@id\":\"https:\/\/aeronoticias.com.pe\/noticiero\/#\/schema\/person\/9ef7422a13b22ab480ffc29639f442b0\",\"name\":\"Jefrey Cuya\",\"url\":\"https:\/\/aeronoticias.com.pe\/noticiero\/author\/jefreycuya\/\"}]}<\/script>\n<!-- \/ Yoast SEO plugin. -->","yoast_head_json":{"title":"ASPA urge justicia en caso Mexicana","description":"Portal de noticias del Per\u00fa sobre el transporte a\u00e9reo, aviaci\u00f3n, turismo, hoteleria, actualidad.","robots":{"index":"index","follow":"follow","max-snippet":"max-snippet:-1","max-image-preview":"max-image-preview:large","max-video-preview":"max-video-preview:-1"},"canonical":"https:\/\/aeronoticias.com.pe\/noticiero\/transporte-aereo\/aspa-urge-justicia-en-caso-mexicana\/","og_locale":"es_ES","og_type":"article","og_title":"ASPA urge justicia en caso Mexicana","og_description":"Portal de noticias del Per\u00fa sobre el transporte a\u00e9reo, aviaci\u00f3n, turismo, hoteleria, actualidad.","og_url":"https:\/\/aeronoticias.com.pe\/noticiero\/transporte-aereo\/aspa-urge-justicia-en-caso-mexicana\/","og_site_name":"Aeronoticias.com.pe","article_publisher":"https:\/\/www.facebook.com\/Aeronoticias.com.pe\/","article_published_time":"2021-08-28T12:39:00+00:00","article_modified_time":"2021-08-29T06:42:45+00:00","og_image":[{"width":2417,"height":1104,"url":"https:\/\/aeronoticias.com.pe\/noticiero\/wp-content\/uploads\/2021\/08\/portada-Mexicana-de-Aviaci\u00f3n_0.jpeg","type":"image\/jpeg"}],"author":"Jefrey Cuya","twitter_card":"summary_large_image","twitter_creator":"@aeronoticias","twitter_site":"@aeronoticias","twitter_misc":{"Escrito por":"Jefrey Cuya","Tiempo de lectura":"2 minutos"},"schema":{"@context":"https:\/\/schema.org","@graph":[{"@type":"WebPage","@id":"https:\/\/aeronoticias.com.pe\/noticiero\/transporte-aereo\/aspa-urge-justicia-en-caso-mexicana\/","url":"https:\/\/aeronoticias.com.pe\/noticiero\/transporte-aereo\/aspa-urge-justicia-en-caso-mexicana\/","name":"ASPA urge justicia en caso Mexicana","isPartOf":{"@id":"https:\/\/aeronoticias.com.pe\/noticiero\/#website"},"primaryImageOfPage":{"@id":"https:\/\/aeronoticias.com.pe\/noticiero\/transporte-aereo\/aspa-urge-justicia-en-caso-mexicana\/#primaryimage"},"image":{"@id":"https:\/\/aeronoticias.com.pe\/noticiero\/transporte-aereo\/aspa-urge-justicia-en-caso-mexicana\/#primaryimage"},"thumbnailUrl":"https:\/\/aeronoticias.com.pe\/noticiero\/wp-content\/uploads\/2021\/08\/portada-Mexicana-de-Aviaci\u00f3n_0.jpeg","datePublished":"2021-08-28T12:39:00+00:00","dateModified":"2021-08-29T06:42:45+00:00","author":{"@id":"https:\/\/aeronoticias.com.pe\/noticiero\/#\/schema\/person\/9ef7422a13b22ab480ffc29639f442b0"},"description":"Portal de noticias del Per\u00fa sobre el transporte a\u00e9reo, aviaci\u00f3n, turismo, hoteleria, actualidad.","breadcrumb":{"@id":"https:\/\/aeronoticias.com.pe\/noticiero\/transporte-aereo\/aspa-urge-justicia-en-caso-mexicana\/#breadcrumb"},"inLanguage":"es","potentialAction":[{"@type":"ReadAction","target":["https:\/\/aeronoticias.com.pe\/noticiero\/transporte-aereo\/aspa-urge-justicia-en-caso-mexicana\/"]}]},{"@type":"ImageObject","inLanguage":"es","@id":"https:\/\/aeronoticias.com.pe\/noticiero\/transporte-aereo\/aspa-urge-justicia-en-caso-mexicana\/#primaryimage","url":"https:\/\/aeronoticias.com.pe\/noticiero\/wp-content\/uploads\/2021\/08\/portada-Mexicana-de-Aviaci\u00f3n_0.jpeg","contentUrl":"https:\/\/aeronoticias.com.pe\/noticiero\/wp-content\/uploads\/2021\/08\/portada-Mexicana-de-Aviaci\u00f3n_0.jpeg","width":2417,"height":1104},{"@type":"BreadcrumbList","@id":"https:\/\/aeronoticias.com.pe\/noticiero\/transporte-aereo\/aspa-urge-justicia-en-caso-mexicana\/#breadcrumb","itemListElement":[{"@type":"ListItem","position":1,"name":"Portada","item":"https:\/\/aeronoticias.com.pe\/noticiero\/"},{"@type":"ListItem","position":2,"name":"ASPA urge justicia en caso Mexicana"}]},{"@type":"WebSite","@id":"https:\/\/aeronoticias.com.pe\/noticiero\/#website","url":"https:\/\/aeronoticias.com.pe\/noticiero\/","name":"Aeronoticias.com.pe","description":"Noticias de tranporte aereo, turismo, hoteles, gastronomia, actualidad, internacional","potentialAction":[{"@type":"SearchAction","target":{"@type":"EntryPoint","urlTemplate":"https:\/\/aeronoticias.com.pe\/noticiero\/?s={search_term_string}"},"query-input":{"@type":"PropertyValueSpecification","valueRequired":true,"valueName":"search_term_string"}}],"inLanguage":"es"},{"@type":"Person","@id":"https:\/\/aeronoticias.com.pe\/noticiero\/#\/schema\/person\/9ef7422a13b22ab480ffc29639f442b0","name":"Jefrey Cuya","url":"https:\/\/aeronoticias.com.pe\/noticiero\/author\/jefreycuya\/"}]}},"_links":{"self":[{"href":"https:\/\/aeronoticias.com.pe\/noticiero\/wp-json\/wp\/v2\/posts\/74360","targetHints":{"allow":["GET"]}}],"collection":[{"href":"https:\/\/aeronoticias.com.pe\/noticiero\/wp-json\/wp\/v2\/posts"}],"about":[{"href":"https:\/\/aeronoticias.com.pe\/noticiero\/wp-json\/wp\/v2\/types\/post"}],"author":[{"embeddable":true,"href":"https:\/\/aeronoticias.com.pe\/noticiero\/wp-json\/wp\/v2\/users\/4"}],"replies":[{"embeddable":true,"href":"https:\/\/aeronoticias.com.pe\/noticiero\/wp-json\/wp\/v2\/comments?post=74360"}],"version-history":[{"count":0,"href":"https:\/\/aeronoticias.com.pe\/noticiero\/wp-json\/wp\/v2\/posts\/74360\/revisions"}],"wp:featuredmedia":[{"embeddable":true,"href":"https:\/\/aeronoticias.com.pe\/noticiero\/wp-json\/wp\/v2\/media\/74361"}],"wp:attachment":[{"href":"https:\/\/aeronoticias.com.pe\/noticiero\/wp-json\/wp\/v2\/media?parent=74360"}],"wp:term":[{"taxonomy":"category","embeddable":true,"href":"https:\/\/aeronoticias.com.pe\/noticiero\/wp-json\/wp\/v2\/categories?post=74360"},{"taxonomy":"post_tag","embeddable":true,"href":"https:\/\/aeronoticias.com.pe\/noticiero\/wp-json\/wp\/v2\/tags?post=74360"}],"curies":[{"name":"wp","href":"https:\/\/api.w.org\/{rel}","templated":true}]}}