{"id":74363,"date":"2021-08-30T07:49:16","date_gmt":"2021-08-30T12:49:16","guid":{"rendered":"https:\/\/aeronoticias.com.pe\/noticiero\/?p=74363"},"modified":"2021-08-30T07:49:26","modified_gmt":"2021-08-30T12:49:26","slug":"alianzas-entre-aerolineas-low-cost-y-legacy-seran-comunes","status":"publish","type":"post","link":"https:\/\/aeronoticias.com.pe\/noticiero\/transporte-aereo\/alianzas-entre-aerolineas-low-cost-y-legacy-seran-comunes\/","title":{"rendered":"Alianzas entre aerol\u00edneas low-cost y legacy ser\u00e1n comunes"},"content":{"rendered":"\n<p><strong>(Aeronoticias)<\/strong>.- La crisis por la pandemia del covid-19 har\u00e1 que las aerol\u00edneas tradicionales (tambi\u00e9n conocidas como legacy) y las de bajo costo (low-cost)\u00a0inicien colaboraciones conjuntas, como la que se anunci\u00f3 recientemente entre\u00a0American Airlines y JetSmart.\u00a0<\/p>\n\n\n\n<p>William Franke, director general de&nbsp;<strong>Indigo Partners<\/strong>, una de las principales firmas en la industria a\u00e9rea e inversionista en aerol\u00edneas como&nbsp;<strong>Volaris, Wizz Air y Frontier Airlines<\/strong>, prev\u00e9 que en los pr\u00f3ximos a\u00f1os se generar\u00e1n este tipo de alianzas, las cuales \u201crequerir\u00e1n un tipo de modificaci\u00f3n en los puntos de vista de ambas aerol\u00edneas\u201d.&nbsp;<\/p>\n\n\n\n<p>Por ejemplo, las aerol\u00edneas tendr\u00e1n que llegar a acuerdos sobre c\u00f3mo integrar sus respectivos modelos de negocio bajo una misma alianza, adem\u00e1s de\u00a0<strong>definir a d\u00f3nde volar\u00e1n, cu\u00e1ndo volar\u00e1n y qu\u00e9 tipo de servicios se ofrecer\u00e1n a bordo.<\/strong>\u00a0<\/p>\n\n\n\n<p><strong>Este tipo de alianzas surgir\u00eda por necesidad<\/strong>. Las aerol\u00edneas de servicio completo tienen mayores dificultades compitiendo en los segmentos de corto alcance y con una base de costos efectiva en comparaci\u00f3n con las de bajo costo, puntualiz\u00f3 Franke.&nbsp;<\/p>\n\n\n\n<p>Sin embargo, todav\u00eda hay diversos retos que tienen que enfrentar ambos tipos de aerol\u00edneas para poder&nbsp;<strong>implementar de manera efectiva sus nuevas alianzas y unir dos culturas totalmente distintas<\/strong>, se\u00f1al\u00f3&nbsp;<strong>Alex Cruz, exdirector de British Airways<\/strong>.&nbsp;<\/p>\n\n\n\n<p>La primera de estas grandes alianzas se dio entre American Airlines y JetSmart, una compa\u00f1\u00eda chilena de bajo costo. Pese a que esta colaboraci\u00f3n todav\u00eda est\u00e1 siendo analizada por parte de los gobiernos de ambos pa\u00edses, la aerol\u00ednea estadounidense plante\u00f3 una&nbsp;<strong>inversi\u00f3n y un c\u00f3digo compartido con la chilena.&nbsp;<\/strong><\/p>\n\n\n\n<p>\u201cEsta propuesta de inversi\u00f3n en JetSMART dar\u00eda a los clientes&nbsp;<strong>acceso a una red m\u00e1s grande, a tarifas m\u00e1s bajas y al mejor programa de fidelizaci\u00f3n de viajes de Am\u00e9rica<\/strong>. Esto permitir\u00eda crecer de forma agresiva y rentable en toda Am\u00e9rica Latina a medida que se recupera la demanda\u201d, dijo Vasu Raja, director de ingresos en American Airlines.<\/p>\n\n\n\n<p>Por su parte, Estuardo Ortiz, director general de la aerol\u00ednea chilena, dijo que \u201cel completar esta alianza propuesta,&nbsp;<strong>permitir\u00eda acelerar el camino de JetSMART para convertirse en la l\u00ednea a\u00e9rea ultra bajo costo l\u00edder en Sudam\u00e9rica<\/strong>\u201d.<\/p>\n\n\n\n<p>Fuente: <strong><em>A21<\/em><\/strong>.<\/p>\n","protected":false},"excerpt":{"rendered":"<p>(Aeronoticias).- La crisis por la pandemia del covid-19 har\u00e1 que las aerol\u00edneas tradicionales (tambi\u00e9n conocidas como legacy) y las de bajo costo (low-cost)\u00a0inicien colaboraciones conjuntas, como la que se anunci\u00f3 recientemente entre\u00a0American Airlines y JetSmart.\u00a0 William Franke, director general de&nbsp;Indigo Partners, una de las principales firmas en la industria a\u00e9rea e inversionista en aerol\u00edneas como&nbsp;Volaris, [&hellip;]<\/p>\n","protected":false},"author":4,"featured_media":74364,"comment_status":"open","ping_status":"open","sticky":false,"template":"","format":"standard","meta":{"tdm_status":"","tdm_grid_status":"","footnotes":""},"categories":[32,11],"tags":[163],"class_list":{"0":"post-74363","1":"post","2":"type-post","3":"status-publish","4":"format-standard","5":"has-post-thumbnail","7":"category-internacional","8":"category-transporte-aereo","9":"tag-coronavirus"},"yoast_head":"<!-- This site is optimized with the Yoast SEO plugin v25.1 - https:\/\/yoast.com\/wordpress\/plugins\/seo\/ -->\n<title>Alianzas entre aerol\u00edneas low-cost y legacy ser\u00e1n comunes<\/title>\n<meta name=\"description\" content=\"Portal de noticias del Per\u00fa sobre el transporte a\u00e9reo, aviaci\u00f3n, turismo, hoteleria, actualidad.\" \/>\n<meta name=\"robots\" content=\"index, follow, max-snippet:-1, max-image-preview:large, max-video-preview:-1\" \/>\n<link rel=\"canonical\" href=\"https:\/\/aeronoticias.com.pe\/noticiero\/transporte-aereo\/alianzas-entre-aerolineas-low-cost-y-legacy-seran-comunes\/\" \/>\n<meta property=\"og:locale\" content=\"es_ES\" \/>\n<meta property=\"og:type\" content=\"article\" \/>\n<meta property=\"og:title\" content=\"Alianzas entre aerol\u00edneas low-cost y legacy ser\u00e1n comunes\" \/>\n<meta property=\"og:description\" content=\"Portal de noticias del Per\u00fa sobre el transporte a\u00e9reo, aviaci\u00f3n, turismo, hoteleria, actualidad.\" \/>\n<meta property=\"og:url\" content=\"https:\/\/aeronoticias.com.pe\/noticiero\/transporte-aereo\/alianzas-entre-aerolineas-low-cost-y-legacy-seran-comunes\/\" \/>\n<meta property=\"og:site_name\" content=\"Aeronoticias.com.pe\" \/>\n<meta property=\"article:publisher\" content=\"https:\/\/www.facebook.com\/Aeronoticias.com.pe\/\" \/>\n<meta property=\"article:published_time\" content=\"2021-08-30T12:49:16+00:00\" \/>\n<meta property=\"article:modified_time\" content=\"2021-08-30T12:49:26+00:00\" \/>\n<meta property=\"og:image\" content=\"https:\/\/aeronoticias.com.pe\/noticiero\/wp-content\/uploads\/2021\/08\/Avio\u0301n-gene\u0301rico-2_5.jpg\" \/>\n\t<meta property=\"og:image:width\" content=\"960\" \/>\n\t<meta property=\"og:image:height\" content=\"640\" \/>\n\t<meta property=\"og:image:type\" content=\"image\/jpeg\" \/>\n<meta name=\"author\" content=\"Jefrey Cuya\" \/>\n<meta name=\"twitter:card\" content=\"summary_large_image\" \/>\n<meta name=\"twitter:creator\" content=\"@aeronoticias\" \/>\n<meta name=\"twitter:site\" content=\"@aeronoticias\" \/>\n<meta name=\"twitter:label1\" content=\"Escrito por\" \/>\n\t<meta name=\"twitter:data1\" content=\"Jefrey Cuya\" \/>\n\t<meta name=\"twitter:label2\" content=\"Tiempo de lectura\" \/>\n\t<meta name=\"twitter:data2\" content=\"2 minutos\" \/>\n<script type=\"application\/ld+json\" class=\"yoast-schema-graph\">{\"@context\":\"https:\/\/schema.org\",\"@graph\":[{\"@type\":\"WebPage\",\"@id\":\"https:\/\/aeronoticias.com.pe\/noticiero\/transporte-aereo\/alianzas-entre-aerolineas-low-cost-y-legacy-seran-comunes\/\",\"url\":\"https:\/\/aeronoticias.com.pe\/noticiero\/transporte-aereo\/alianzas-entre-aerolineas-low-cost-y-legacy-seran-comunes\/\",\"name\":\"Alianzas entre aerol\u00edneas low-cost y legacy ser\u00e1n comunes\",\"isPartOf\":{\"@id\":\"https:\/\/aeronoticias.com.pe\/noticiero\/#website\"},\"primaryImageOfPage\":{\"@id\":\"https:\/\/aeronoticias.com.pe\/noticiero\/transporte-aereo\/alianzas-entre-aerolineas-low-cost-y-legacy-seran-comunes\/#primaryimage\"},\"image\":{\"@id\":\"https:\/\/aeronoticias.com.pe\/noticiero\/transporte-aereo\/alianzas-entre-aerolineas-low-cost-y-legacy-seran-comunes\/#primaryimage\"},\"thumbnailUrl\":\"https:\/\/aeronoticias.com.pe\/noticiero\/wp-content\/uploads\/2021\/08\/Avio\u0301n-gene\u0301rico-2_5.jpg\",\"datePublished\":\"2021-08-30T12:49:16+00:00\",\"dateModified\":\"2021-08-30T12:49:26+00:00\",\"author\":{\"@id\":\"https:\/\/aeronoticias.com.pe\/noticiero\/#\/schema\/person\/9ef7422a13b22ab480ffc29639f442b0\"},\"description\":\"Portal de noticias del Per\u00fa sobre el transporte a\u00e9reo, aviaci\u00f3n, turismo, hoteleria, actualidad.\",\"breadcrumb\":{\"@id\":\"https:\/\/aeronoticias.com.pe\/noticiero\/transporte-aereo\/alianzas-entre-aerolineas-low-cost-y-legacy-seran-comunes\/#breadcrumb\"},\"inLanguage\":\"es\",\"potentialAction\":[{\"@type\":\"ReadAction\",\"target\":[\"https:\/\/aeronoticias.com.pe\/noticiero\/transporte-aereo\/alianzas-entre-aerolineas-low-cost-y-legacy-seran-comunes\/\"]}]},{\"@type\":\"ImageObject\",\"inLanguage\":\"es\",\"@id\":\"https:\/\/aeronoticias.com.pe\/noticiero\/transporte-aereo\/alianzas-entre-aerolineas-low-cost-y-legacy-seran-comunes\/#primaryimage\",\"url\":\"https:\/\/aeronoticias.com.pe\/noticiero\/wp-content\/uploads\/2021\/08\/Avio\u0301n-gene\u0301rico-2_5.jpg\",\"contentUrl\":\"https:\/\/aeronoticias.com.pe\/noticiero\/wp-content\/uploads\/2021\/08\/Avio\u0301n-gene\u0301rico-2_5.jpg\",\"width\":960,\"height\":640},{\"@type\":\"BreadcrumbList\",\"@id\":\"https:\/\/aeronoticias.com.pe\/noticiero\/transporte-aereo\/alianzas-entre-aerolineas-low-cost-y-legacy-seran-comunes\/#breadcrumb\",\"itemListElement\":[{\"@type\":\"ListItem\",\"position\":1,\"name\":\"Portada\",\"item\":\"https:\/\/aeronoticias.com.pe\/noticiero\/\"},{\"@type\":\"ListItem\",\"position\":2,\"name\":\"Alianzas entre aerol\u00edneas low-cost y legacy ser\u00e1n comunes\"}]},{\"@type\":\"WebSite\",\"@id\":\"https:\/\/aeronoticias.com.pe\/noticiero\/#website\",\"url\":\"https:\/\/aeronoticias.com.pe\/noticiero\/\",\"name\":\"Aeronoticias.com.pe\",\"description\":\"Noticias de tranporte aereo, turismo, hoteles, gastronomia, actualidad, internacional\",\"potentialAction\":[{\"@type\":\"SearchAction\",\"target\":{\"@type\":\"EntryPoint\",\"urlTemplate\":\"https:\/\/aeronoticias.com.pe\/noticiero\/?s={search_term_string}\"},\"query-input\":{\"@type\":\"PropertyValueSpecification\",\"valueRequired\":true,\"valueName\":\"search_term_string\"}}],\"inLanguage\":\"es\"},{\"@type\":\"Person\",\"@id\":\"https:\/\/aeronoticias.com.pe\/noticiero\/#\/schema\/person\/9ef7422a13b22ab480ffc29639f442b0\",\"name\":\"Jefrey Cuya\",\"url\":\"https:\/\/aeronoticias.com.pe\/noticiero\/author\/jefreycuya\/\"}]}<\/script>\n<!-- \/ Yoast SEO plugin. -->","yoast_head_json":{"title":"Alianzas entre aerol\u00edneas low-cost y legacy ser\u00e1n comunes","description":"Portal de noticias del Per\u00fa sobre el transporte a\u00e9reo, aviaci\u00f3n, turismo, hoteleria, actualidad.","robots":{"index":"index","follow":"follow","max-snippet":"max-snippet:-1","max-image-preview":"max-image-preview:large","max-video-preview":"max-video-preview:-1"},"canonical":"https:\/\/aeronoticias.com.pe\/noticiero\/transporte-aereo\/alianzas-entre-aerolineas-low-cost-y-legacy-seran-comunes\/","og_locale":"es_ES","og_type":"article","og_title":"Alianzas entre aerol\u00edneas low-cost y legacy ser\u00e1n comunes","og_description":"Portal de noticias del Per\u00fa sobre el transporte a\u00e9reo, aviaci\u00f3n, turismo, hoteleria, actualidad.","og_url":"https:\/\/aeronoticias.com.pe\/noticiero\/transporte-aereo\/alianzas-entre-aerolineas-low-cost-y-legacy-seran-comunes\/","og_site_name":"Aeronoticias.com.pe","article_publisher":"https:\/\/www.facebook.com\/Aeronoticias.com.pe\/","article_published_time":"2021-08-30T12:49:16+00:00","article_modified_time":"2021-08-30T12:49:26+00:00","og_image":[{"width":960,"height":640,"url":"https:\/\/aeronoticias.com.pe\/noticiero\/wp-content\/uploads\/2021\/08\/Avio\u0301n-gene\u0301rico-2_5.jpg","type":"image\/jpeg"}],"author":"Jefrey Cuya","twitter_card":"summary_large_image","twitter_creator":"@aeronoticias","twitter_site":"@aeronoticias","twitter_misc":{"Escrito por":"Jefrey Cuya","Tiempo de lectura":"2 minutos"},"schema":{"@context":"https:\/\/schema.org","@graph":[{"@type":"WebPage","@id":"https:\/\/aeronoticias.com.pe\/noticiero\/transporte-aereo\/alianzas-entre-aerolineas-low-cost-y-legacy-seran-comunes\/","url":"https:\/\/aeronoticias.com.pe\/noticiero\/transporte-aereo\/alianzas-entre-aerolineas-low-cost-y-legacy-seran-comunes\/","name":"Alianzas entre aerol\u00edneas low-cost y legacy ser\u00e1n comunes","isPartOf":{"@id":"https:\/\/aeronoticias.com.pe\/noticiero\/#website"},"primaryImageOfPage":{"@id":"https:\/\/aeronoticias.com.pe\/noticiero\/transporte-aereo\/alianzas-entre-aerolineas-low-cost-y-legacy-seran-comunes\/#primaryimage"},"image":{"@id":"https:\/\/aeronoticias.com.pe\/noticiero\/transporte-aereo\/alianzas-entre-aerolineas-low-cost-y-legacy-seran-comunes\/#primaryimage"},"thumbnailUrl":"https:\/\/aeronoticias.com.pe\/noticiero\/wp-content\/uploads\/2021\/08\/Avio\u0301n-gene\u0301rico-2_5.jpg","datePublished":"2021-08-30T12:49:16+00:00","dateModified":"2021-08-30T12:49:26+00:00","author":{"@id":"https:\/\/aeronoticias.com.pe\/noticiero\/#\/schema\/person\/9ef7422a13b22ab480ffc29639f442b0"},"description":"Portal de noticias del Per\u00fa sobre el transporte a\u00e9reo, aviaci\u00f3n, turismo, hoteleria, actualidad.","breadcrumb":{"@id":"https:\/\/aeronoticias.com.pe\/noticiero\/transporte-aereo\/alianzas-entre-aerolineas-low-cost-y-legacy-seran-comunes\/#breadcrumb"},"inLanguage":"es","potentialAction":[{"@type":"ReadAction","target":["https:\/\/aeronoticias.com.pe\/noticiero\/transporte-aereo\/alianzas-entre-aerolineas-low-cost-y-legacy-seran-comunes\/"]}]},{"@type":"ImageObject","inLanguage":"es","@id":"https:\/\/aeronoticias.com.pe\/noticiero\/transporte-aereo\/alianzas-entre-aerolineas-low-cost-y-legacy-seran-comunes\/#primaryimage","url":"https:\/\/aeronoticias.com.pe\/noticiero\/wp-content\/uploads\/2021\/08\/Avio\u0301n-gene\u0301rico-2_5.jpg","contentUrl":"https:\/\/aeronoticias.com.pe\/noticiero\/wp-content\/uploads\/2021\/08\/Avio\u0301n-gene\u0301rico-2_5.jpg","width":960,"height":640},{"@type":"BreadcrumbList","@id":"https:\/\/aeronoticias.com.pe\/noticiero\/transporte-aereo\/alianzas-entre-aerolineas-low-cost-y-legacy-seran-comunes\/#breadcrumb","itemListElement":[{"@type":"ListItem","position":1,"name":"Portada","item":"https:\/\/aeronoticias.com.pe\/noticiero\/"},{"@type":"ListItem","position":2,"name":"Alianzas entre aerol\u00edneas low-cost y legacy ser\u00e1n comunes"}]},{"@type":"WebSite","@id":"https:\/\/aeronoticias.com.pe\/noticiero\/#website","url":"https:\/\/aeronoticias.com.pe\/noticiero\/","name":"Aeronoticias.com.pe","description":"Noticias de tranporte aereo, turismo, hoteles, gastronomia, actualidad, internacional","potentialAction":[{"@type":"SearchAction","target":{"@type":"EntryPoint","urlTemplate":"https:\/\/aeronoticias.com.pe\/noticiero\/?s={search_term_string}"},"query-input":{"@type":"PropertyValueSpecification","valueRequired":true,"valueName":"search_term_string"}}],"inLanguage":"es"},{"@type":"Person","@id":"https:\/\/aeronoticias.com.pe\/noticiero\/#\/schema\/person\/9ef7422a13b22ab480ffc29639f442b0","name":"Jefrey Cuya","url":"https:\/\/aeronoticias.com.pe\/noticiero\/author\/jefreycuya\/"}]}},"_links":{"self":[{"href":"https:\/\/aeronoticias.com.pe\/noticiero\/wp-json\/wp\/v2\/posts\/74363","targetHints":{"allow":["GET"]}}],"collection":[{"href":"https:\/\/aeronoticias.com.pe\/noticiero\/wp-json\/wp\/v2\/posts"}],"about":[{"href":"https:\/\/aeronoticias.com.pe\/noticiero\/wp-json\/wp\/v2\/types\/post"}],"author":[{"embeddable":true,"href":"https:\/\/aeronoticias.com.pe\/noticiero\/wp-json\/wp\/v2\/users\/4"}],"replies":[{"embeddable":true,"href":"https:\/\/aeronoticias.com.pe\/noticiero\/wp-json\/wp\/v2\/comments?post=74363"}],"version-history":[{"count":0,"href":"https:\/\/aeronoticias.com.pe\/noticiero\/wp-json\/wp\/v2\/posts\/74363\/revisions"}],"wp:featuredmedia":[{"embeddable":true,"href":"https:\/\/aeronoticias.com.pe\/noticiero\/wp-json\/wp\/v2\/media\/74364"}],"wp:attachment":[{"href":"https:\/\/aeronoticias.com.pe\/noticiero\/wp-json\/wp\/v2\/media?parent=74363"}],"wp:term":[{"taxonomy":"category","embeddable":true,"href":"https:\/\/aeronoticias.com.pe\/noticiero\/wp-json\/wp\/v2\/categories?post=74363"},{"taxonomy":"post_tag","embeddable":true,"href":"https:\/\/aeronoticias.com.pe\/noticiero\/wp-json\/wp\/v2\/tags?post=74363"}],"curies":[{"name":"wp","href":"https:\/\/api.w.org\/{rel}","templated":true}]}}