{"id":74366,"date":"2021-08-30T07:32:00","date_gmt":"2021-08-30T12:32:00","guid":{"rendered":"https:\/\/aeronoticias.com.pe\/noticiero\/?p=74366"},"modified":"2021-08-30T17:35:56","modified_gmt":"2021-08-30T22:35:56","slug":"afganistan-queda-sin-control-en-espacio-aereo","status":"publish","type":"post","link":"https:\/\/aeronoticias.com.pe\/noticiero\/transporte-aereo\/afganistan-queda-sin-control-en-espacio-aereo\/","title":{"rendered":"Afganist\u00e1n queda sin control en espacio a\u00e9reo"},"content":{"rendered":"\n<p><strong>(Aeronoticias)<\/strong>.- Hoy, el gobierno de los\u00a0Estados Unidos oficializ\u00f3 su salida de Afganist\u00e1n\u00a0luego de una estad\u00eda de dos d\u00e9cadas, derivando en que, oficialmente, todo el espacio a\u00e9reo de este pa\u00eds, incluyendo el de su capital, Kabul,\u00a0est\u00e9 sin servicios de control de tr\u00e1nsito a\u00e9reo.\u00a0<\/p>\n\n\n\n<p>\u201cEfectivo de manera inmediata, el Aeropuerto Internacional Hamid Karzai (OAKB) est\u00e1 sin control.&nbsp;<strong>No hay control de tr\u00e1fico a\u00e9reo ni servicios aeroportuarios disponibles<\/strong>. Las aeronaves que operen hacia, desde o sobre el espacio a\u00e9reo de Kabul y aterricen en el OAKB deben hacerlo con&nbsp;<strong>extrema precauci\u00f3n<\/strong>\u201d, inform\u00f3 la Administraci\u00f3n Federal de Aviaci\u00f3n (FAA) en una notificaci\u00f3n de informaci\u00f3n aeron\u00e1utica (NOTAM).&nbsp;<\/p>\n\n\n\n<p>Asimismo, la&nbsp;<strong>FAA&nbsp;<\/strong>prohibi\u00f3 a todos los operadores civiles estadounidenses pilotos y aeronaves civiles registradas en este pa\u00eds que&nbsp;<strong>operen a cualquier altitud sobre Afganist\u00e1n<\/strong>. Si requieren hacerlo, necesitar\u00e1n de una autorizaci\u00f3n previa otorgada por la Administraci\u00f3n, se\u00f1al\u00f3.&nbsp;&nbsp;<\/p>\n\n\n\n<p>Durante la madrugada del martes 31 de agosto (hora de Afganist\u00e1n),&nbsp;<strong>el ej\u00e9rcito estadounidense finaliz\u00f3 la evacuaci\u00f3n de personal, ej\u00e9rcito, e incluso ciudadanos afganos<\/strong>, justo en la fecha l\u00edmite que hab\u00eda dado el Talib\u00e1n hace un par de semanas.&nbsp;<\/p>\n\n\n\n<p>La salida de Estados Unidos marca el<strong>&nbsp;fin de una guerra de dos d\u00e9cadas<\/strong>, que inici\u00f3 un mes despu\u00e9s de los ataques terroristas del 11 de septiembre de 2001 en los Estados Unidos, llevados a cabo por el grupo Al Qaeda.<\/p>\n\n\n\n<p>El \u00faltimo vuelo estadounidense que sali\u00f3 del Aeropuerto de Kabul fue a bordo de un&nbsp;<strong>C-17.<\/strong><\/p>\n\n\n\n<p>Fuente: <strong><em>A21<\/em><\/strong>.<\/p>\n","protected":false},"excerpt":{"rendered":"<p>(Aeronoticias).- Hoy, el gobierno de los\u00a0Estados Unidos oficializ\u00f3 su salida de Afganist\u00e1n\u00a0luego de una estad\u00eda de dos d\u00e9cadas, derivando en que, oficialmente, todo el espacio a\u00e9reo de este pa\u00eds, incluyendo el de su capital, Kabul,\u00a0est\u00e9 sin servicios de control de tr\u00e1nsito a\u00e9reo.\u00a0 \u201cEfectivo de manera inmediata, el Aeropuerto Internacional Hamid Karzai (OAKB) est\u00e1 sin control.&nbsp;No [&hellip;]<\/p>\n","protected":false},"author":4,"featured_media":74367,"comment_status":"open","ping_status":"open","sticky":false,"template":"","format":"standard","meta":{"tdm_status":"","tdm_grid_status":"","footnotes":""},"categories":[32,11],"tags":[163],"class_list":{"0":"post-74366","1":"post","2":"type-post","3":"status-publish","4":"format-standard","5":"has-post-thumbnail","7":"category-internacional","8":"category-transporte-aereo","9":"tag-coronavirus"},"yoast_head":"<!-- This site is optimized with the Yoast SEO plugin v25.1 - https:\/\/yoast.com\/wordpress\/plugins\/seo\/ -->\n<title>Afganist\u00e1n queda sin control en espacio a\u00e9reo<\/title>\n<meta name=\"description\" content=\"Portal de noticias del Per\u00fa sobre el transporte a\u00e9reo, aviaci\u00f3n, turismo, hoteleria, actualidad.\" \/>\n<meta name=\"robots\" content=\"index, follow, max-snippet:-1, max-image-preview:large, max-video-preview:-1\" \/>\n<link rel=\"canonical\" href=\"https:\/\/aeronoticias.com.pe\/noticiero\/transporte-aereo\/afganistan-queda-sin-control-en-espacio-aereo\/\" \/>\n<meta property=\"og:locale\" content=\"es_ES\" \/>\n<meta property=\"og:type\" content=\"article\" \/>\n<meta property=\"og:title\" content=\"Afganist\u00e1n queda sin control en espacio a\u00e9reo\" \/>\n<meta property=\"og:description\" content=\"Portal de noticias del Per\u00fa sobre el transporte a\u00e9reo, aviaci\u00f3n, turismo, hoteleria, actualidad.\" \/>\n<meta property=\"og:url\" content=\"https:\/\/aeronoticias.com.pe\/noticiero\/transporte-aereo\/afganistan-queda-sin-control-en-espacio-aereo\/\" \/>\n<meta property=\"og:site_name\" content=\"Aeronoticias.com.pe\" \/>\n<meta property=\"article:publisher\" content=\"https:\/\/www.facebook.com\/Aeronoticias.com.pe\/\" \/>\n<meta property=\"article:published_time\" content=\"2021-08-30T12:32:00+00:00\" \/>\n<meta property=\"article:modified_time\" content=\"2021-08-30T22:35:56+00:00\" \/>\n<meta property=\"og:image\" content=\"https:\/\/aeronoticias.com.pe\/noticiero\/wp-content\/uploads\/2021\/08\/Aeropuerto-de-Kabul.jpeg\" \/>\n\t<meta property=\"og:image:width\" content=\"1024\" \/>\n\t<meta property=\"og:image:height\" content=\"654\" \/>\n\t<meta property=\"og:image:type\" content=\"image\/jpeg\" \/>\n<meta name=\"author\" content=\"Jefrey Cuya\" \/>\n<meta name=\"twitter:card\" content=\"summary_large_image\" \/>\n<meta name=\"twitter:creator\" content=\"@aeronoticias\" \/>\n<meta name=\"twitter:site\" content=\"@aeronoticias\" \/>\n<meta name=\"twitter:label1\" content=\"Escrito por\" \/>\n\t<meta name=\"twitter:data1\" content=\"Jefrey Cuya\" \/>\n\t<meta name=\"twitter:label2\" content=\"Tiempo de lectura\" \/>\n\t<meta name=\"twitter:data2\" content=\"1 minuto\" \/>\n<script type=\"application\/ld+json\" class=\"yoast-schema-graph\">{\"@context\":\"https:\/\/schema.org\",\"@graph\":[{\"@type\":\"WebPage\",\"@id\":\"https:\/\/aeronoticias.com.pe\/noticiero\/transporte-aereo\/afganistan-queda-sin-control-en-espacio-aereo\/\",\"url\":\"https:\/\/aeronoticias.com.pe\/noticiero\/transporte-aereo\/afganistan-queda-sin-control-en-espacio-aereo\/\",\"name\":\"Afganist\u00e1n queda sin control en espacio a\u00e9reo\",\"isPartOf\":{\"@id\":\"https:\/\/aeronoticias.com.pe\/noticiero\/#website\"},\"primaryImageOfPage\":{\"@id\":\"https:\/\/aeronoticias.com.pe\/noticiero\/transporte-aereo\/afganistan-queda-sin-control-en-espacio-aereo\/#primaryimage\"},\"image\":{\"@id\":\"https:\/\/aeronoticias.com.pe\/noticiero\/transporte-aereo\/afganistan-queda-sin-control-en-espacio-aereo\/#primaryimage\"},\"thumbnailUrl\":\"https:\/\/aeronoticias.com.pe\/noticiero\/wp-content\/uploads\/2021\/08\/Aeropuerto-de-Kabul.jpeg\",\"datePublished\":\"2021-08-30T12:32:00+00:00\",\"dateModified\":\"2021-08-30T22:35:56+00:00\",\"author\":{\"@id\":\"https:\/\/aeronoticias.com.pe\/noticiero\/#\/schema\/person\/9ef7422a13b22ab480ffc29639f442b0\"},\"description\":\"Portal de noticias del Per\u00fa sobre el transporte a\u00e9reo, aviaci\u00f3n, turismo, hoteleria, actualidad.\",\"breadcrumb\":{\"@id\":\"https:\/\/aeronoticias.com.pe\/noticiero\/transporte-aereo\/afganistan-queda-sin-control-en-espacio-aereo\/#breadcrumb\"},\"inLanguage\":\"es\",\"potentialAction\":[{\"@type\":\"ReadAction\",\"target\":[\"https:\/\/aeronoticias.com.pe\/noticiero\/transporte-aereo\/afganistan-queda-sin-control-en-espacio-aereo\/\"]}]},{\"@type\":\"ImageObject\",\"inLanguage\":\"es\",\"@id\":\"https:\/\/aeronoticias.com.pe\/noticiero\/transporte-aereo\/afganistan-queda-sin-control-en-espacio-aereo\/#primaryimage\",\"url\":\"https:\/\/aeronoticias.com.pe\/noticiero\/wp-content\/uploads\/2021\/08\/Aeropuerto-de-Kabul.jpeg\",\"contentUrl\":\"https:\/\/aeronoticias.com.pe\/noticiero\/wp-content\/uploads\/2021\/08\/Aeropuerto-de-Kabul.jpeg\",\"width\":1024,\"height\":654},{\"@type\":\"BreadcrumbList\",\"@id\":\"https:\/\/aeronoticias.com.pe\/noticiero\/transporte-aereo\/afganistan-queda-sin-control-en-espacio-aereo\/#breadcrumb\",\"itemListElement\":[{\"@type\":\"ListItem\",\"position\":1,\"name\":\"Portada\",\"item\":\"https:\/\/aeronoticias.com.pe\/noticiero\/\"},{\"@type\":\"ListItem\",\"position\":2,\"name\":\"Afganist\u00e1n queda sin control en espacio a\u00e9reo\"}]},{\"@type\":\"WebSite\",\"@id\":\"https:\/\/aeronoticias.com.pe\/noticiero\/#website\",\"url\":\"https:\/\/aeronoticias.com.pe\/noticiero\/\",\"name\":\"Aeronoticias.com.pe\",\"description\":\"Noticias de tranporte aereo, turismo, hoteles, gastronomia, actualidad, internacional\",\"potentialAction\":[{\"@type\":\"SearchAction\",\"target\":{\"@type\":\"EntryPoint\",\"urlTemplate\":\"https:\/\/aeronoticias.com.pe\/noticiero\/?s={search_term_string}\"},\"query-input\":{\"@type\":\"PropertyValueSpecification\",\"valueRequired\":true,\"valueName\":\"search_term_string\"}}],\"inLanguage\":\"es\"},{\"@type\":\"Person\",\"@id\":\"https:\/\/aeronoticias.com.pe\/noticiero\/#\/schema\/person\/9ef7422a13b22ab480ffc29639f442b0\",\"name\":\"Jefrey Cuya\",\"url\":\"https:\/\/aeronoticias.com.pe\/noticiero\/author\/jefreycuya\/\"}]}<\/script>\n<!-- \/ Yoast SEO plugin. -->","yoast_head_json":{"title":"Afganist\u00e1n queda sin control en espacio a\u00e9reo","description":"Portal de noticias del Per\u00fa sobre el transporte a\u00e9reo, aviaci\u00f3n, turismo, hoteleria, actualidad.","robots":{"index":"index","follow":"follow","max-snippet":"max-snippet:-1","max-image-preview":"max-image-preview:large","max-video-preview":"max-video-preview:-1"},"canonical":"https:\/\/aeronoticias.com.pe\/noticiero\/transporte-aereo\/afganistan-queda-sin-control-en-espacio-aereo\/","og_locale":"es_ES","og_type":"article","og_title":"Afganist\u00e1n queda sin control en espacio a\u00e9reo","og_description":"Portal de noticias del Per\u00fa sobre el transporte a\u00e9reo, aviaci\u00f3n, turismo, hoteleria, actualidad.","og_url":"https:\/\/aeronoticias.com.pe\/noticiero\/transporte-aereo\/afganistan-queda-sin-control-en-espacio-aereo\/","og_site_name":"Aeronoticias.com.pe","article_publisher":"https:\/\/www.facebook.com\/Aeronoticias.com.pe\/","article_published_time":"2021-08-30T12:32:00+00:00","article_modified_time":"2021-08-30T22:35:56+00:00","og_image":[{"width":1024,"height":654,"url":"https:\/\/aeronoticias.com.pe\/noticiero\/wp-content\/uploads\/2021\/08\/Aeropuerto-de-Kabul.jpeg","type":"image\/jpeg"}],"author":"Jefrey Cuya","twitter_card":"summary_large_image","twitter_creator":"@aeronoticias","twitter_site":"@aeronoticias","twitter_misc":{"Escrito por":"Jefrey Cuya","Tiempo de lectura":"1 minuto"},"schema":{"@context":"https:\/\/schema.org","@graph":[{"@type":"WebPage","@id":"https:\/\/aeronoticias.com.pe\/noticiero\/transporte-aereo\/afganistan-queda-sin-control-en-espacio-aereo\/","url":"https:\/\/aeronoticias.com.pe\/noticiero\/transporte-aereo\/afganistan-queda-sin-control-en-espacio-aereo\/","name":"Afganist\u00e1n queda sin control en espacio a\u00e9reo","isPartOf":{"@id":"https:\/\/aeronoticias.com.pe\/noticiero\/#website"},"primaryImageOfPage":{"@id":"https:\/\/aeronoticias.com.pe\/noticiero\/transporte-aereo\/afganistan-queda-sin-control-en-espacio-aereo\/#primaryimage"},"image":{"@id":"https:\/\/aeronoticias.com.pe\/noticiero\/transporte-aereo\/afganistan-queda-sin-control-en-espacio-aereo\/#primaryimage"},"thumbnailUrl":"https:\/\/aeronoticias.com.pe\/noticiero\/wp-content\/uploads\/2021\/08\/Aeropuerto-de-Kabul.jpeg","datePublished":"2021-08-30T12:32:00+00:00","dateModified":"2021-08-30T22:35:56+00:00","author":{"@id":"https:\/\/aeronoticias.com.pe\/noticiero\/#\/schema\/person\/9ef7422a13b22ab480ffc29639f442b0"},"description":"Portal de noticias del Per\u00fa sobre el transporte a\u00e9reo, aviaci\u00f3n, turismo, hoteleria, actualidad.","breadcrumb":{"@id":"https:\/\/aeronoticias.com.pe\/noticiero\/transporte-aereo\/afganistan-queda-sin-control-en-espacio-aereo\/#breadcrumb"},"inLanguage":"es","potentialAction":[{"@type":"ReadAction","target":["https:\/\/aeronoticias.com.pe\/noticiero\/transporte-aereo\/afganistan-queda-sin-control-en-espacio-aereo\/"]}]},{"@type":"ImageObject","inLanguage":"es","@id":"https:\/\/aeronoticias.com.pe\/noticiero\/transporte-aereo\/afganistan-queda-sin-control-en-espacio-aereo\/#primaryimage","url":"https:\/\/aeronoticias.com.pe\/noticiero\/wp-content\/uploads\/2021\/08\/Aeropuerto-de-Kabul.jpeg","contentUrl":"https:\/\/aeronoticias.com.pe\/noticiero\/wp-content\/uploads\/2021\/08\/Aeropuerto-de-Kabul.jpeg","width":1024,"height":654},{"@type":"BreadcrumbList","@id":"https:\/\/aeronoticias.com.pe\/noticiero\/transporte-aereo\/afganistan-queda-sin-control-en-espacio-aereo\/#breadcrumb","itemListElement":[{"@type":"ListItem","position":1,"name":"Portada","item":"https:\/\/aeronoticias.com.pe\/noticiero\/"},{"@type":"ListItem","position":2,"name":"Afganist\u00e1n queda sin control en espacio a\u00e9reo"}]},{"@type":"WebSite","@id":"https:\/\/aeronoticias.com.pe\/noticiero\/#website","url":"https:\/\/aeronoticias.com.pe\/noticiero\/","name":"Aeronoticias.com.pe","description":"Noticias de tranporte aereo, turismo, hoteles, gastronomia, actualidad, internacional","potentialAction":[{"@type":"SearchAction","target":{"@type":"EntryPoint","urlTemplate":"https:\/\/aeronoticias.com.pe\/noticiero\/?s={search_term_string}"},"query-input":{"@type":"PropertyValueSpecification","valueRequired":true,"valueName":"search_term_string"}}],"inLanguage":"es"},{"@type":"Person","@id":"https:\/\/aeronoticias.com.pe\/noticiero\/#\/schema\/person\/9ef7422a13b22ab480ffc29639f442b0","name":"Jefrey Cuya","url":"https:\/\/aeronoticias.com.pe\/noticiero\/author\/jefreycuya\/"}]}},"_links":{"self":[{"href":"https:\/\/aeronoticias.com.pe\/noticiero\/wp-json\/wp\/v2\/posts\/74366","targetHints":{"allow":["GET"]}}],"collection":[{"href":"https:\/\/aeronoticias.com.pe\/noticiero\/wp-json\/wp\/v2\/posts"}],"about":[{"href":"https:\/\/aeronoticias.com.pe\/noticiero\/wp-json\/wp\/v2\/types\/post"}],"author":[{"embeddable":true,"href":"https:\/\/aeronoticias.com.pe\/noticiero\/wp-json\/wp\/v2\/users\/4"}],"replies":[{"embeddable":true,"href":"https:\/\/aeronoticias.com.pe\/noticiero\/wp-json\/wp\/v2\/comments?post=74366"}],"version-history":[{"count":0,"href":"https:\/\/aeronoticias.com.pe\/noticiero\/wp-json\/wp\/v2\/posts\/74366\/revisions"}],"wp:featuredmedia":[{"embeddable":true,"href":"https:\/\/aeronoticias.com.pe\/noticiero\/wp-json\/wp\/v2\/media\/74367"}],"wp:attachment":[{"href":"https:\/\/aeronoticias.com.pe\/noticiero\/wp-json\/wp\/v2\/media?parent=74366"}],"wp:term":[{"taxonomy":"category","embeddable":true,"href":"https:\/\/aeronoticias.com.pe\/noticiero\/wp-json\/wp\/v2\/categories?post=74366"},{"taxonomy":"post_tag","embeddable":true,"href":"https:\/\/aeronoticias.com.pe\/noticiero\/wp-json\/wp\/v2\/tags?post=74366"}],"curies":[{"name":"wp","href":"https:\/\/api.w.org\/{rel}","templated":true}]}}