{"id":74399,"date":"2021-08-31T07:20:00","date_gmt":"2021-08-31T12:20:00","guid":{"rendered":"https:\/\/aeronoticias.com.pe\/noticiero\/?p=74399"},"modified":"2021-08-31T22:24:16","modified_gmt":"2021-09-01T03:24:16","slug":"nace-bebe-en-vuelo-de-evacuacion-de-turkish-airlines","status":"publish","type":"post","link":"https:\/\/aeronoticias.com.pe\/noticiero\/transporte-aereo\/nace-bebe-en-vuelo-de-evacuacion-de-turkish-airlines\/","title":{"rendered":"Nace beb\u00e9 en vuelo de evacuaci\u00f3n de Turkish Airlines"},"content":{"rendered":"\n<p><strong>(Aeronoticias)<\/strong>.- Soman Noori, mujer afgana de 26 a\u00f1os que estaba a bordo de un vuelo especial de evacuaci\u00f3n operado por\u00a0Turkish Airlines\u00a0con destino al Reino Unido,\u00a0dio a luz a una ni\u00f1a con ayuda de la tripulaci\u00f3n de cabina<strong>.\u00a0<\/strong><\/p>\n\n\n\n<p>El vuelo&nbsp;<strong>parti\u00f3 de Dubai<\/strong>&nbsp;(Emiratos \u00c1rabes Unidos)&nbsp;<strong>con destino a Birmingham<\/strong>, a bordo de un&nbsp;<strong>Boeing 777-300ER con registro TC-JJV<\/strong>, llevaba a ciudadanos afganos que hab\u00edan trabajado con Gran Breta\u00f1a en Afganist\u00e1n. Sin embargo, mientras sobrevolaba el espacio a\u00e9reo de Kuwait,<strong>&nbsp;la mujer entr\u00f3 en labor de parto a 10 mil metros de altura.<\/strong><\/p>\n\n\n\n<figure class=\"wp-block-image\"><img decoding=\"async\" src=\"https:\/\/a21.com.mx\/sites\/default\/files\/inline-images\/Captura%20de%20pantalla%202021-08-31%20162714.jpg\" alt=\"\"\/><\/figure>\n\n\n\n<p>La aerol\u00ednea dijo que como no hab\u00eda ning\u00fan m\u00e9dico disponible,&nbsp;<strong>la tripulaci\u00f3n de cabina llev\u00f3 a cabo el parto conforme a lo establecido en su entrenamiento<\/strong>. Como medida de precauci\u00f3n, la aeronave aterriz\u00f3 en Kuwait para proporcionar a la madre y a la beb\u00e9 atenci\u00f3n m\u00e9dica y posteriormente reanud\u00f3 su trayecto al Reino Unido.&nbsp;<\/p>\n\n\n\n<figure class=\"wp-block-image\"><img decoding=\"async\" src=\"https:\/\/a21.com.mx\/sites\/default\/files\/inline-images\/Captura%20de%20pantalla%202021-08-31%20162729.jpg\" alt=\"\"\/><\/figure>\n\n\n\n<p>De acuerdo con la agencia turca de noticias Anadolu, la beb\u00e9 fue nombrada \u201c<strong>Havva<\/strong>\u201d, traducido como&nbsp;<strong>Eva<\/strong>, pero que tambi\u00e9n corresponde a una variaci\u00f3n a la&nbsp;<strong>palabra turca para aire,<\/strong>&nbsp;que es \u201c<strong>hava<\/strong>\u201d.<\/p>\n\n\n\n<p>Fuente: <strong><em>A21<\/em><\/strong>.<\/p>\n","protected":false},"excerpt":{"rendered":"<p>(Aeronoticias).- Soman Noori, mujer afgana de 26 a\u00f1os que estaba a bordo de un vuelo especial de evacuaci\u00f3n operado por\u00a0Turkish Airlines\u00a0con destino al Reino Unido,\u00a0dio a luz a una ni\u00f1a con ayuda de la tripulaci\u00f3n de cabina.\u00a0 El vuelo&nbsp;parti\u00f3 de Dubai&nbsp;(Emiratos \u00c1rabes Unidos)&nbsp;con destino a Birmingham, a bordo de un&nbsp;Boeing 777-300ER con registro TC-JJV, llevaba [&hellip;]<\/p>\n","protected":false},"author":4,"featured_media":74400,"comment_status":"open","ping_status":"open","sticky":false,"template":"","format":"standard","meta":{"tdm_status":"","tdm_grid_status":"","footnotes":""},"categories":[32,11],"tags":[163,486],"class_list":{"0":"post-74399","1":"post","2":"type-post","3":"status-publish","4":"format-standard","5":"has-post-thumbnail","7":"category-internacional","8":"category-transporte-aereo","9":"tag-coronavirus","10":"tag-turkish-airlines"},"yoast_head":"<!-- This site is optimized with the Yoast SEO plugin v25.1 - https:\/\/yoast.com\/wordpress\/plugins\/seo\/ -->\n<title>Nace beb\u00e9 en vuelo de evacuaci\u00f3n de Turkish Airlines<\/title>\n<meta name=\"description\" content=\"Portal de noticias del Per\u00fa sobre el transporte a\u00e9reo, aviaci\u00f3n, turismo, hoteleria, actualidad.\" \/>\n<meta name=\"robots\" content=\"index, follow, max-snippet:-1, max-image-preview:large, max-video-preview:-1\" \/>\n<link rel=\"canonical\" href=\"https:\/\/aeronoticias.com.pe\/noticiero\/transporte-aereo\/nace-bebe-en-vuelo-de-evacuacion-de-turkish-airlines\/\" \/>\n<meta property=\"og:locale\" content=\"es_ES\" \/>\n<meta property=\"og:type\" content=\"article\" \/>\n<meta property=\"og:title\" content=\"Nace beb\u00e9 en vuelo de evacuaci\u00f3n de Turkish Airlines\" \/>\n<meta property=\"og:description\" content=\"Portal de noticias del Per\u00fa sobre el transporte a\u00e9reo, aviaci\u00f3n, turismo, hoteleria, actualidad.\" \/>\n<meta property=\"og:url\" content=\"https:\/\/aeronoticias.com.pe\/noticiero\/transporte-aereo\/nace-bebe-en-vuelo-de-evacuacion-de-turkish-airlines\/\" \/>\n<meta property=\"og:site_name\" content=\"Aeronoticias.com.pe\" \/>\n<meta property=\"article:publisher\" content=\"https:\/\/www.facebook.com\/Aeronoticias.com.pe\/\" \/>\n<meta property=\"article:published_time\" content=\"2021-08-31T12:20:00+00:00\" \/>\n<meta property=\"article:modified_time\" content=\"2021-09-01T03:24:16+00:00\" \/>\n<meta property=\"og:image\" content=\"https:\/\/aeronoticias.com.pe\/noticiero\/wp-content\/uploads\/2021\/08\/1080px-TC-JJE@PEK_20190817164004-1.jpg\" \/>\n\t<meta property=\"og:image:width\" content=\"983\" \/>\n\t<meta property=\"og:image:height\" content=\"607\" \/>\n\t<meta property=\"og:image:type\" content=\"image\/jpeg\" \/>\n<meta name=\"author\" content=\"Jefrey Cuya\" \/>\n<meta name=\"twitter:card\" content=\"summary_large_image\" \/>\n<meta name=\"twitter:creator\" content=\"@aeronoticias\" \/>\n<meta name=\"twitter:site\" content=\"@aeronoticias\" \/>\n<meta name=\"twitter:label1\" content=\"Escrito por\" \/>\n\t<meta name=\"twitter:data1\" content=\"Jefrey Cuya\" \/>\n\t<meta name=\"twitter:label2\" content=\"Tiempo de lectura\" \/>\n\t<meta name=\"twitter:data2\" content=\"1 minuto\" \/>\n<script type=\"application\/ld+json\" class=\"yoast-schema-graph\">{\"@context\":\"https:\/\/schema.org\",\"@graph\":[{\"@type\":\"WebPage\",\"@id\":\"https:\/\/aeronoticias.com.pe\/noticiero\/transporte-aereo\/nace-bebe-en-vuelo-de-evacuacion-de-turkish-airlines\/\",\"url\":\"https:\/\/aeronoticias.com.pe\/noticiero\/transporte-aereo\/nace-bebe-en-vuelo-de-evacuacion-de-turkish-airlines\/\",\"name\":\"Nace beb\u00e9 en vuelo de evacuaci\u00f3n de Turkish Airlines\",\"isPartOf\":{\"@id\":\"https:\/\/aeronoticias.com.pe\/noticiero\/#website\"},\"primaryImageOfPage\":{\"@id\":\"https:\/\/aeronoticias.com.pe\/noticiero\/transporte-aereo\/nace-bebe-en-vuelo-de-evacuacion-de-turkish-airlines\/#primaryimage\"},\"image\":{\"@id\":\"https:\/\/aeronoticias.com.pe\/noticiero\/transporte-aereo\/nace-bebe-en-vuelo-de-evacuacion-de-turkish-airlines\/#primaryimage\"},\"thumbnailUrl\":\"https:\/\/aeronoticias.com.pe\/noticiero\/wp-content\/uploads\/2021\/08\/1080px-TC-JJE@PEK_20190817164004-1.jpg\",\"datePublished\":\"2021-08-31T12:20:00+00:00\",\"dateModified\":\"2021-09-01T03:24:16+00:00\",\"author\":{\"@id\":\"https:\/\/aeronoticias.com.pe\/noticiero\/#\/schema\/person\/9ef7422a13b22ab480ffc29639f442b0\"},\"description\":\"Portal de noticias del Per\u00fa sobre el transporte a\u00e9reo, aviaci\u00f3n, turismo, hoteleria, actualidad.\",\"breadcrumb\":{\"@id\":\"https:\/\/aeronoticias.com.pe\/noticiero\/transporte-aereo\/nace-bebe-en-vuelo-de-evacuacion-de-turkish-airlines\/#breadcrumb\"},\"inLanguage\":\"es\",\"potentialAction\":[{\"@type\":\"ReadAction\",\"target\":[\"https:\/\/aeronoticias.com.pe\/noticiero\/transporte-aereo\/nace-bebe-en-vuelo-de-evacuacion-de-turkish-airlines\/\"]}]},{\"@type\":\"ImageObject\",\"inLanguage\":\"es\",\"@id\":\"https:\/\/aeronoticias.com.pe\/noticiero\/transporte-aereo\/nace-bebe-en-vuelo-de-evacuacion-de-turkish-airlines\/#primaryimage\",\"url\":\"https:\/\/aeronoticias.com.pe\/noticiero\/wp-content\/uploads\/2021\/08\/1080px-TC-JJE@PEK_20190817164004-1.jpg\",\"contentUrl\":\"https:\/\/aeronoticias.com.pe\/noticiero\/wp-content\/uploads\/2021\/08\/1080px-TC-JJE@PEK_20190817164004-1.jpg\",\"width\":983,\"height\":607,\"caption\":\"TK20 TC-JJE\"},{\"@type\":\"BreadcrumbList\",\"@id\":\"https:\/\/aeronoticias.com.pe\/noticiero\/transporte-aereo\/nace-bebe-en-vuelo-de-evacuacion-de-turkish-airlines\/#breadcrumb\",\"itemListElement\":[{\"@type\":\"ListItem\",\"position\":1,\"name\":\"Portada\",\"item\":\"https:\/\/aeronoticias.com.pe\/noticiero\/\"},{\"@type\":\"ListItem\",\"position\":2,\"name\":\"Nace beb\u00e9 en vuelo de evacuaci\u00f3n de Turkish Airlines\"}]},{\"@type\":\"WebSite\",\"@id\":\"https:\/\/aeronoticias.com.pe\/noticiero\/#website\",\"url\":\"https:\/\/aeronoticias.com.pe\/noticiero\/\",\"name\":\"Aeronoticias.com.pe\",\"description\":\"Noticias de tranporte aereo, turismo, hoteles, gastronomia, actualidad, internacional\",\"potentialAction\":[{\"@type\":\"SearchAction\",\"target\":{\"@type\":\"EntryPoint\",\"urlTemplate\":\"https:\/\/aeronoticias.com.pe\/noticiero\/?s={search_term_string}\"},\"query-input\":{\"@type\":\"PropertyValueSpecification\",\"valueRequired\":true,\"valueName\":\"search_term_string\"}}],\"inLanguage\":\"es\"},{\"@type\":\"Person\",\"@id\":\"https:\/\/aeronoticias.com.pe\/noticiero\/#\/schema\/person\/9ef7422a13b22ab480ffc29639f442b0\",\"name\":\"Jefrey Cuya\",\"url\":\"https:\/\/aeronoticias.com.pe\/noticiero\/author\/jefreycuya\/\"}]}<\/script>\n<!-- \/ Yoast SEO plugin. -->","yoast_head_json":{"title":"Nace beb\u00e9 en vuelo de evacuaci\u00f3n de Turkish Airlines","description":"Portal de noticias del Per\u00fa sobre el transporte a\u00e9reo, aviaci\u00f3n, turismo, hoteleria, actualidad.","robots":{"index":"index","follow":"follow","max-snippet":"max-snippet:-1","max-image-preview":"max-image-preview:large","max-video-preview":"max-video-preview:-1"},"canonical":"https:\/\/aeronoticias.com.pe\/noticiero\/transporte-aereo\/nace-bebe-en-vuelo-de-evacuacion-de-turkish-airlines\/","og_locale":"es_ES","og_type":"article","og_title":"Nace beb\u00e9 en vuelo de evacuaci\u00f3n de Turkish Airlines","og_description":"Portal de noticias del Per\u00fa sobre el transporte a\u00e9reo, aviaci\u00f3n, turismo, hoteleria, actualidad.","og_url":"https:\/\/aeronoticias.com.pe\/noticiero\/transporte-aereo\/nace-bebe-en-vuelo-de-evacuacion-de-turkish-airlines\/","og_site_name":"Aeronoticias.com.pe","article_publisher":"https:\/\/www.facebook.com\/Aeronoticias.com.pe\/","article_published_time":"2021-08-31T12:20:00+00:00","article_modified_time":"2021-09-01T03:24:16+00:00","og_image":[{"width":983,"height":607,"url":"https:\/\/aeronoticias.com.pe\/noticiero\/wp-content\/uploads\/2021\/08\/1080px-TC-JJE@PEK_20190817164004-1.jpg","type":"image\/jpeg"}],"author":"Jefrey Cuya","twitter_card":"summary_large_image","twitter_creator":"@aeronoticias","twitter_site":"@aeronoticias","twitter_misc":{"Escrito por":"Jefrey Cuya","Tiempo de lectura":"1 minuto"},"schema":{"@context":"https:\/\/schema.org","@graph":[{"@type":"WebPage","@id":"https:\/\/aeronoticias.com.pe\/noticiero\/transporte-aereo\/nace-bebe-en-vuelo-de-evacuacion-de-turkish-airlines\/","url":"https:\/\/aeronoticias.com.pe\/noticiero\/transporte-aereo\/nace-bebe-en-vuelo-de-evacuacion-de-turkish-airlines\/","name":"Nace beb\u00e9 en vuelo de evacuaci\u00f3n de Turkish Airlines","isPartOf":{"@id":"https:\/\/aeronoticias.com.pe\/noticiero\/#website"},"primaryImageOfPage":{"@id":"https:\/\/aeronoticias.com.pe\/noticiero\/transporte-aereo\/nace-bebe-en-vuelo-de-evacuacion-de-turkish-airlines\/#primaryimage"},"image":{"@id":"https:\/\/aeronoticias.com.pe\/noticiero\/transporte-aereo\/nace-bebe-en-vuelo-de-evacuacion-de-turkish-airlines\/#primaryimage"},"thumbnailUrl":"https:\/\/aeronoticias.com.pe\/noticiero\/wp-content\/uploads\/2021\/08\/1080px-TC-JJE@PEK_20190817164004-1.jpg","datePublished":"2021-08-31T12:20:00+00:00","dateModified":"2021-09-01T03:24:16+00:00","author":{"@id":"https:\/\/aeronoticias.com.pe\/noticiero\/#\/schema\/person\/9ef7422a13b22ab480ffc29639f442b0"},"description":"Portal de noticias del Per\u00fa sobre el transporte a\u00e9reo, aviaci\u00f3n, turismo, hoteleria, actualidad.","breadcrumb":{"@id":"https:\/\/aeronoticias.com.pe\/noticiero\/transporte-aereo\/nace-bebe-en-vuelo-de-evacuacion-de-turkish-airlines\/#breadcrumb"},"inLanguage":"es","potentialAction":[{"@type":"ReadAction","target":["https:\/\/aeronoticias.com.pe\/noticiero\/transporte-aereo\/nace-bebe-en-vuelo-de-evacuacion-de-turkish-airlines\/"]}]},{"@type":"ImageObject","inLanguage":"es","@id":"https:\/\/aeronoticias.com.pe\/noticiero\/transporte-aereo\/nace-bebe-en-vuelo-de-evacuacion-de-turkish-airlines\/#primaryimage","url":"https:\/\/aeronoticias.com.pe\/noticiero\/wp-content\/uploads\/2021\/08\/1080px-TC-JJE@PEK_20190817164004-1.jpg","contentUrl":"https:\/\/aeronoticias.com.pe\/noticiero\/wp-content\/uploads\/2021\/08\/1080px-TC-JJE@PEK_20190817164004-1.jpg","width":983,"height":607,"caption":"TK20 TC-JJE"},{"@type":"BreadcrumbList","@id":"https:\/\/aeronoticias.com.pe\/noticiero\/transporte-aereo\/nace-bebe-en-vuelo-de-evacuacion-de-turkish-airlines\/#breadcrumb","itemListElement":[{"@type":"ListItem","position":1,"name":"Portada","item":"https:\/\/aeronoticias.com.pe\/noticiero\/"},{"@type":"ListItem","position":2,"name":"Nace beb\u00e9 en vuelo de evacuaci\u00f3n de Turkish Airlines"}]},{"@type":"WebSite","@id":"https:\/\/aeronoticias.com.pe\/noticiero\/#website","url":"https:\/\/aeronoticias.com.pe\/noticiero\/","name":"Aeronoticias.com.pe","description":"Noticias de tranporte aereo, turismo, hoteles, gastronomia, actualidad, internacional","potentialAction":[{"@type":"SearchAction","target":{"@type":"EntryPoint","urlTemplate":"https:\/\/aeronoticias.com.pe\/noticiero\/?s={search_term_string}"},"query-input":{"@type":"PropertyValueSpecification","valueRequired":true,"valueName":"search_term_string"}}],"inLanguage":"es"},{"@type":"Person","@id":"https:\/\/aeronoticias.com.pe\/noticiero\/#\/schema\/person\/9ef7422a13b22ab480ffc29639f442b0","name":"Jefrey Cuya","url":"https:\/\/aeronoticias.com.pe\/noticiero\/author\/jefreycuya\/"}]}},"_links":{"self":[{"href":"https:\/\/aeronoticias.com.pe\/noticiero\/wp-json\/wp\/v2\/posts\/74399","targetHints":{"allow":["GET"]}}],"collection":[{"href":"https:\/\/aeronoticias.com.pe\/noticiero\/wp-json\/wp\/v2\/posts"}],"about":[{"href":"https:\/\/aeronoticias.com.pe\/noticiero\/wp-json\/wp\/v2\/types\/post"}],"author":[{"embeddable":true,"href":"https:\/\/aeronoticias.com.pe\/noticiero\/wp-json\/wp\/v2\/users\/4"}],"replies":[{"embeddable":true,"href":"https:\/\/aeronoticias.com.pe\/noticiero\/wp-json\/wp\/v2\/comments?post=74399"}],"version-history":[{"count":0,"href":"https:\/\/aeronoticias.com.pe\/noticiero\/wp-json\/wp\/v2\/posts\/74399\/revisions"}],"wp:featuredmedia":[{"embeddable":true,"href":"https:\/\/aeronoticias.com.pe\/noticiero\/wp-json\/wp\/v2\/media\/74400"}],"wp:attachment":[{"href":"https:\/\/aeronoticias.com.pe\/noticiero\/wp-json\/wp\/v2\/media?parent=74399"}],"wp:term":[{"taxonomy":"category","embeddable":true,"href":"https:\/\/aeronoticias.com.pe\/noticiero\/wp-json\/wp\/v2\/categories?post=74399"},{"taxonomy":"post_tag","embeddable":true,"href":"https:\/\/aeronoticias.com.pe\/noticiero\/wp-json\/wp\/v2\/tags?post=74399"}],"curies":[{"name":"wp","href":"https:\/\/api.w.org\/{rel}","templated":true}]}}