{"id":74404,"date":"2021-08-31T06:27:00","date_gmt":"2021-08-31T11:27:00","guid":{"rendered":"https:\/\/aeronoticias.com.pe\/noticiero\/?p=74404"},"modified":"2021-08-31T22:30:46","modified_gmt":"2021-09-01T03:30:46","slug":"detienen-a-hombre-por-intento-de-robo-de-ambulancia-aerea","status":"publish","type":"post","link":"https:\/\/aeronoticias.com.pe\/noticiero\/transporte-aereo\/detienen-a-hombre-por-intento-de-robo-de-ambulancia-aerea\/","title":{"rendered":"Detienen a hombre por intento de robo de ambulancia a\u00e9rea"},"content":{"rendered":"\n<p><strong>(Aeronoticias)<\/strong>.- El\u00a0Departamento de Polic\u00eda de Haw\u00e1i\u00a0arrest\u00f3 a un hombre luego de que\u00a0intentara robar una ambulancia a\u00e9rea\u00a0en el Aeropuerto Internacional de Hilo, al oriente de la isla.\u00a0<\/p>\n\n\n\n<p>De acuerdo con las autoridades,&nbsp;<strong>el hombre de 24 a\u00f1os de edad<\/strong>, identificado como Gabriel Arjona-Molina, atraves\u00f3 una cerca del aeropuerto a bordo de un autom\u00f3vil y lleg\u00f3 al \u00e1rea de aviaci\u00f3n general. Posteriormente se estacion\u00f3 junto al avi\u00f3n, un&nbsp;<strong>Beechcraft King Air C90A<\/strong>, sali\u00f3 de su auto, e intent\u00f3 hacer girar manualmente las h\u00e9lices.&nbsp;<\/p>\n\n\n\n<p>Las autoridades informaron que el sujeto ingres\u00f3 a la aeronave y&nbsp;<strong>pudo encender ambos motores, pero el avi\u00f3n nunca se movi\u00f3.<\/strong>&nbsp;<\/p>\n\n\n\n<p>Momentos m\u00e1s tarde lleg\u00f3 la polic\u00eda y arrest\u00f3 al hombre. Aunque la cerca result\u00f3 da\u00f1ada,&nbsp;<strong>no hubo afectaciones a otros veh\u00edculos ni se reportaron heridos.&nbsp;<\/strong><\/p>\n\n\n\n<p>Los fiscales acusaron a Arjona-Molina por cinco delitos, incluidos los agravantes de&nbsp;<strong>robo en primer grado, da\u00f1os a la propiedad y allanamiento de morada<\/strong>. Se le fij\u00f3 una fianza por 37 mil d\u00f3lares y su audiencia est\u00e1 programada para el 1 de septiembre en el Tribunal de Distrito de Hilo.<\/p>\n\n\n\n<p>Fuente: <strong><em>A21<\/em><\/strong>.<\/p>\n","protected":false},"excerpt":{"rendered":"<p>(Aeronoticias).- El\u00a0Departamento de Polic\u00eda de Haw\u00e1i\u00a0arrest\u00f3 a un hombre luego de que\u00a0intentara robar una ambulancia a\u00e9rea\u00a0en el Aeropuerto Internacional de Hilo, al oriente de la isla.\u00a0 De acuerdo con las autoridades,&nbsp;el hombre de 24 a\u00f1os de edad, identificado como Gabriel Arjona-Molina, atraves\u00f3 una cerca del aeropuerto a bordo de un autom\u00f3vil y lleg\u00f3 al \u00e1rea [&hellip;]<\/p>\n","protected":false},"author":4,"featured_media":74405,"comment_status":"open","ping_status":"open","sticky":false,"template":"","format":"standard","meta":{"tdm_status":"","tdm_grid_status":"","footnotes":""},"categories":[32,11],"tags":[163],"class_list":{"0":"post-74404","1":"post","2":"type-post","3":"status-publish","4":"format-standard","5":"has-post-thumbnail","7":"category-internacional","8":"category-transporte-aereo","9":"tag-coronavirus"},"yoast_head":"<!-- This site is optimized with the Yoast SEO plugin v25.1 - https:\/\/yoast.com\/wordpress\/plugins\/seo\/ -->\n<title>Detienen a hombre por intento de robo de ambulancia a\u00e9rea<\/title>\n<meta name=\"description\" content=\"Portal de noticias del Per\u00fa sobre el transporte a\u00e9reo, aviaci\u00f3n, turismo, hoteleria, actualidad.\" \/>\n<meta name=\"robots\" content=\"index, follow, max-snippet:-1, max-image-preview:large, max-video-preview:-1\" \/>\n<link rel=\"canonical\" href=\"https:\/\/aeronoticias.com.pe\/noticiero\/transporte-aereo\/detienen-a-hombre-por-intento-de-robo-de-ambulancia-aerea\/\" \/>\n<meta property=\"og:locale\" content=\"es_ES\" \/>\n<meta property=\"og:type\" content=\"article\" \/>\n<meta property=\"og:title\" content=\"Detienen a hombre por intento de robo de ambulancia a\u00e9rea\" \/>\n<meta property=\"og:description\" content=\"Portal de noticias del Per\u00fa sobre el transporte a\u00e9reo, aviaci\u00f3n, turismo, hoteleria, actualidad.\" \/>\n<meta property=\"og:url\" content=\"https:\/\/aeronoticias.com.pe\/noticiero\/transporte-aereo\/detienen-a-hombre-por-intento-de-robo-de-ambulancia-aerea\/\" \/>\n<meta property=\"og:site_name\" content=\"Aeronoticias.com.pe\" \/>\n<meta property=\"article:publisher\" content=\"https:\/\/www.facebook.com\/Aeronoticias.com.pe\/\" \/>\n<meta property=\"article:published_time\" content=\"2021-08-31T11:27:00+00:00\" \/>\n<meta property=\"article:modified_time\" content=\"2021-09-01T03:30:46+00:00\" \/>\n<meta property=\"og:image\" content=\"https:\/\/aeronoticias.com.pe\/noticiero\/wp-content\/uploads\/2021\/08\/960px-Coming_into_land_at_Hilo_Airport._8615958015.jpg\" \/>\n\t<meta property=\"og:image:width\" content=\"960\" \/>\n\t<meta property=\"og:image:height\" content=\"720\" \/>\n\t<meta property=\"og:image:type\" content=\"image\/jpeg\" \/>\n<meta name=\"author\" content=\"Jefrey Cuya\" \/>\n<meta name=\"twitter:card\" content=\"summary_large_image\" \/>\n<meta name=\"twitter:creator\" content=\"@aeronoticias\" \/>\n<meta name=\"twitter:site\" content=\"@aeronoticias\" \/>\n<meta name=\"twitter:label1\" content=\"Escrito por\" \/>\n\t<meta name=\"twitter:data1\" content=\"Jefrey Cuya\" \/>\n\t<meta name=\"twitter:label2\" content=\"Tiempo de lectura\" \/>\n\t<meta name=\"twitter:data2\" content=\"1 minuto\" \/>\n<script type=\"application\/ld+json\" class=\"yoast-schema-graph\">{\"@context\":\"https:\/\/schema.org\",\"@graph\":[{\"@type\":\"WebPage\",\"@id\":\"https:\/\/aeronoticias.com.pe\/noticiero\/transporte-aereo\/detienen-a-hombre-por-intento-de-robo-de-ambulancia-aerea\/\",\"url\":\"https:\/\/aeronoticias.com.pe\/noticiero\/transporte-aereo\/detienen-a-hombre-por-intento-de-robo-de-ambulancia-aerea\/\",\"name\":\"Detienen a hombre por intento de robo de ambulancia a\u00e9rea\",\"isPartOf\":{\"@id\":\"https:\/\/aeronoticias.com.pe\/noticiero\/#website\"},\"primaryImageOfPage\":{\"@id\":\"https:\/\/aeronoticias.com.pe\/noticiero\/transporte-aereo\/detienen-a-hombre-por-intento-de-robo-de-ambulancia-aerea\/#primaryimage\"},\"image\":{\"@id\":\"https:\/\/aeronoticias.com.pe\/noticiero\/transporte-aereo\/detienen-a-hombre-por-intento-de-robo-de-ambulancia-aerea\/#primaryimage\"},\"thumbnailUrl\":\"https:\/\/aeronoticias.com.pe\/noticiero\/wp-content\/uploads\/2021\/08\/960px-Coming_into_land_at_Hilo_Airport._8615958015.jpg\",\"datePublished\":\"2021-08-31T11:27:00+00:00\",\"dateModified\":\"2021-09-01T03:30:46+00:00\",\"author\":{\"@id\":\"https:\/\/aeronoticias.com.pe\/noticiero\/#\/schema\/person\/9ef7422a13b22ab480ffc29639f442b0\"},\"description\":\"Portal de noticias del Per\u00fa sobre el transporte a\u00e9reo, aviaci\u00f3n, turismo, hoteleria, actualidad.\",\"breadcrumb\":{\"@id\":\"https:\/\/aeronoticias.com.pe\/noticiero\/transporte-aereo\/detienen-a-hombre-por-intento-de-robo-de-ambulancia-aerea\/#breadcrumb\"},\"inLanguage\":\"es\",\"potentialAction\":[{\"@type\":\"ReadAction\",\"target\":[\"https:\/\/aeronoticias.com.pe\/noticiero\/transporte-aereo\/detienen-a-hombre-por-intento-de-robo-de-ambulancia-aerea\/\"]}]},{\"@type\":\"ImageObject\",\"inLanguage\":\"es\",\"@id\":\"https:\/\/aeronoticias.com.pe\/noticiero\/transporte-aereo\/detienen-a-hombre-por-intento-de-robo-de-ambulancia-aerea\/#primaryimage\",\"url\":\"https:\/\/aeronoticias.com.pe\/noticiero\/wp-content\/uploads\/2021\/08\/960px-Coming_into_land_at_Hilo_Airport._8615958015.jpg\",\"contentUrl\":\"https:\/\/aeronoticias.com.pe\/noticiero\/wp-content\/uploads\/2021\/08\/960px-Coming_into_land_at_Hilo_Airport._8615958015.jpg\",\"width\":960,\"height\":720},{\"@type\":\"BreadcrumbList\",\"@id\":\"https:\/\/aeronoticias.com.pe\/noticiero\/transporte-aereo\/detienen-a-hombre-por-intento-de-robo-de-ambulancia-aerea\/#breadcrumb\",\"itemListElement\":[{\"@type\":\"ListItem\",\"position\":1,\"name\":\"Portada\",\"item\":\"https:\/\/aeronoticias.com.pe\/noticiero\/\"},{\"@type\":\"ListItem\",\"position\":2,\"name\":\"Detienen a hombre por intento de robo de ambulancia a\u00e9rea\"}]},{\"@type\":\"WebSite\",\"@id\":\"https:\/\/aeronoticias.com.pe\/noticiero\/#website\",\"url\":\"https:\/\/aeronoticias.com.pe\/noticiero\/\",\"name\":\"Aeronoticias.com.pe\",\"description\":\"Noticias de tranporte aereo, turismo, hoteles, gastronomia, actualidad, internacional\",\"potentialAction\":[{\"@type\":\"SearchAction\",\"target\":{\"@type\":\"EntryPoint\",\"urlTemplate\":\"https:\/\/aeronoticias.com.pe\/noticiero\/?s={search_term_string}\"},\"query-input\":{\"@type\":\"PropertyValueSpecification\",\"valueRequired\":true,\"valueName\":\"search_term_string\"}}],\"inLanguage\":\"es\"},{\"@type\":\"Person\",\"@id\":\"https:\/\/aeronoticias.com.pe\/noticiero\/#\/schema\/person\/9ef7422a13b22ab480ffc29639f442b0\",\"name\":\"Jefrey Cuya\",\"url\":\"https:\/\/aeronoticias.com.pe\/noticiero\/author\/jefreycuya\/\"}]}<\/script>\n<!-- \/ Yoast SEO plugin. -->","yoast_head_json":{"title":"Detienen a hombre por intento de robo de ambulancia a\u00e9rea","description":"Portal de noticias del Per\u00fa sobre el transporte a\u00e9reo, aviaci\u00f3n, turismo, hoteleria, actualidad.","robots":{"index":"index","follow":"follow","max-snippet":"max-snippet:-1","max-image-preview":"max-image-preview:large","max-video-preview":"max-video-preview:-1"},"canonical":"https:\/\/aeronoticias.com.pe\/noticiero\/transporte-aereo\/detienen-a-hombre-por-intento-de-robo-de-ambulancia-aerea\/","og_locale":"es_ES","og_type":"article","og_title":"Detienen a hombre por intento de robo de ambulancia a\u00e9rea","og_description":"Portal de noticias del Per\u00fa sobre el transporte a\u00e9reo, aviaci\u00f3n, turismo, hoteleria, actualidad.","og_url":"https:\/\/aeronoticias.com.pe\/noticiero\/transporte-aereo\/detienen-a-hombre-por-intento-de-robo-de-ambulancia-aerea\/","og_site_name":"Aeronoticias.com.pe","article_publisher":"https:\/\/www.facebook.com\/Aeronoticias.com.pe\/","article_published_time":"2021-08-31T11:27:00+00:00","article_modified_time":"2021-09-01T03:30:46+00:00","og_image":[{"width":960,"height":720,"url":"https:\/\/aeronoticias.com.pe\/noticiero\/wp-content\/uploads\/2021\/08\/960px-Coming_into_land_at_Hilo_Airport._8615958015.jpg","type":"image\/jpeg"}],"author":"Jefrey Cuya","twitter_card":"summary_large_image","twitter_creator":"@aeronoticias","twitter_site":"@aeronoticias","twitter_misc":{"Escrito por":"Jefrey Cuya","Tiempo de lectura":"1 minuto"},"schema":{"@context":"https:\/\/schema.org","@graph":[{"@type":"WebPage","@id":"https:\/\/aeronoticias.com.pe\/noticiero\/transporte-aereo\/detienen-a-hombre-por-intento-de-robo-de-ambulancia-aerea\/","url":"https:\/\/aeronoticias.com.pe\/noticiero\/transporte-aereo\/detienen-a-hombre-por-intento-de-robo-de-ambulancia-aerea\/","name":"Detienen a hombre por intento de robo de ambulancia a\u00e9rea","isPartOf":{"@id":"https:\/\/aeronoticias.com.pe\/noticiero\/#website"},"primaryImageOfPage":{"@id":"https:\/\/aeronoticias.com.pe\/noticiero\/transporte-aereo\/detienen-a-hombre-por-intento-de-robo-de-ambulancia-aerea\/#primaryimage"},"image":{"@id":"https:\/\/aeronoticias.com.pe\/noticiero\/transporte-aereo\/detienen-a-hombre-por-intento-de-robo-de-ambulancia-aerea\/#primaryimage"},"thumbnailUrl":"https:\/\/aeronoticias.com.pe\/noticiero\/wp-content\/uploads\/2021\/08\/960px-Coming_into_land_at_Hilo_Airport._8615958015.jpg","datePublished":"2021-08-31T11:27:00+00:00","dateModified":"2021-09-01T03:30:46+00:00","author":{"@id":"https:\/\/aeronoticias.com.pe\/noticiero\/#\/schema\/person\/9ef7422a13b22ab480ffc29639f442b0"},"description":"Portal de noticias del Per\u00fa sobre el transporte a\u00e9reo, aviaci\u00f3n, turismo, hoteleria, actualidad.","breadcrumb":{"@id":"https:\/\/aeronoticias.com.pe\/noticiero\/transporte-aereo\/detienen-a-hombre-por-intento-de-robo-de-ambulancia-aerea\/#breadcrumb"},"inLanguage":"es","potentialAction":[{"@type":"ReadAction","target":["https:\/\/aeronoticias.com.pe\/noticiero\/transporte-aereo\/detienen-a-hombre-por-intento-de-robo-de-ambulancia-aerea\/"]}]},{"@type":"ImageObject","inLanguage":"es","@id":"https:\/\/aeronoticias.com.pe\/noticiero\/transporte-aereo\/detienen-a-hombre-por-intento-de-robo-de-ambulancia-aerea\/#primaryimage","url":"https:\/\/aeronoticias.com.pe\/noticiero\/wp-content\/uploads\/2021\/08\/960px-Coming_into_land_at_Hilo_Airport._8615958015.jpg","contentUrl":"https:\/\/aeronoticias.com.pe\/noticiero\/wp-content\/uploads\/2021\/08\/960px-Coming_into_land_at_Hilo_Airport._8615958015.jpg","width":960,"height":720},{"@type":"BreadcrumbList","@id":"https:\/\/aeronoticias.com.pe\/noticiero\/transporte-aereo\/detienen-a-hombre-por-intento-de-robo-de-ambulancia-aerea\/#breadcrumb","itemListElement":[{"@type":"ListItem","position":1,"name":"Portada","item":"https:\/\/aeronoticias.com.pe\/noticiero\/"},{"@type":"ListItem","position":2,"name":"Detienen a hombre por intento de robo de ambulancia a\u00e9rea"}]},{"@type":"WebSite","@id":"https:\/\/aeronoticias.com.pe\/noticiero\/#website","url":"https:\/\/aeronoticias.com.pe\/noticiero\/","name":"Aeronoticias.com.pe","description":"Noticias de tranporte aereo, turismo, hoteles, gastronomia, actualidad, internacional","potentialAction":[{"@type":"SearchAction","target":{"@type":"EntryPoint","urlTemplate":"https:\/\/aeronoticias.com.pe\/noticiero\/?s={search_term_string}"},"query-input":{"@type":"PropertyValueSpecification","valueRequired":true,"valueName":"search_term_string"}}],"inLanguage":"es"},{"@type":"Person","@id":"https:\/\/aeronoticias.com.pe\/noticiero\/#\/schema\/person\/9ef7422a13b22ab480ffc29639f442b0","name":"Jefrey Cuya","url":"https:\/\/aeronoticias.com.pe\/noticiero\/author\/jefreycuya\/"}]}},"_links":{"self":[{"href":"https:\/\/aeronoticias.com.pe\/noticiero\/wp-json\/wp\/v2\/posts\/74404","targetHints":{"allow":["GET"]}}],"collection":[{"href":"https:\/\/aeronoticias.com.pe\/noticiero\/wp-json\/wp\/v2\/posts"}],"about":[{"href":"https:\/\/aeronoticias.com.pe\/noticiero\/wp-json\/wp\/v2\/types\/post"}],"author":[{"embeddable":true,"href":"https:\/\/aeronoticias.com.pe\/noticiero\/wp-json\/wp\/v2\/users\/4"}],"replies":[{"embeddable":true,"href":"https:\/\/aeronoticias.com.pe\/noticiero\/wp-json\/wp\/v2\/comments?post=74404"}],"version-history":[{"count":0,"href":"https:\/\/aeronoticias.com.pe\/noticiero\/wp-json\/wp\/v2\/posts\/74404\/revisions"}],"wp:featuredmedia":[{"embeddable":true,"href":"https:\/\/aeronoticias.com.pe\/noticiero\/wp-json\/wp\/v2\/media\/74405"}],"wp:attachment":[{"href":"https:\/\/aeronoticias.com.pe\/noticiero\/wp-json\/wp\/v2\/media?parent=74404"}],"wp:term":[{"taxonomy":"category","embeddable":true,"href":"https:\/\/aeronoticias.com.pe\/noticiero\/wp-json\/wp\/v2\/categories?post=74404"},{"taxonomy":"post_tag","embeddable":true,"href":"https:\/\/aeronoticias.com.pe\/noticiero\/wp-json\/wp\/v2\/tags?post=74404"}],"curies":[{"name":"wp","href":"https:\/\/api.w.org\/{rel}","templated":true}]}}