{"id":74754,"date":"2021-09-25T11:14:00","date_gmt":"2021-09-25T16:14:00","guid":{"rendered":"https:\/\/aeronoticias.com.pe\/noticiero\/?p=74754"},"modified":"2021-09-25T19:32:48","modified_gmt":"2021-09-26T00:32:48","slug":"peru-planteara-agenda-en-materia-de-propiedad-intelectual","status":"publish","type":"post","link":"https:\/\/aeronoticias.com.pe\/noticiero\/nacionales\/peru-planteara-agenda-en-materia-de-propiedad-intelectual\/","title":{"rendered":"Juli\u00e1n Palac\u00edn Gutierrez, presidente de Indecopi, participar\u00e1 en Cumbre de Propiedad Intelectual de la OMPI-ONU"},"content":{"rendered":"\n<p><strong>(Aeronoticias)<\/strong>.- El Instituto Nacional de Defensa de la Competencia y de la Protecci\u00f3n de la Propiedad Intelectual (Indecopi), plantear\u00e1 la Agenda peruana en temas de propiedad intelectual para el 2022 en las sesiones de la Asamblea de la Uni\u00f3n del Tratado de Cooperaci\u00f3n en materia de Patentes, las cuales se realizar\u00e1n en la sede de la Organizaci\u00f3n Mundial de la Propiedad Intelectual (OMPI) en la ciudad de Ginebra.<\/p>\n\n\n\n<p>La OMPI, que es el organismo de las Naciones Unidas en materia de pol\u00edticas, cooperaci\u00f3n e informaci\u00f3n sobre propiedad intelectual, ha convocado a los l\u00edderes de todas las instituciones estatales a cargo de la propiedad intelectual a la sexag\u00e9sima segunda serie de reuniones de las asambleas de los Estados miembros de la OMPI. Cabe resaltar que este organismo internacional dispondr\u00e1 de los recursos para la asistencia de todos los delegados de cada pa\u00eds miembro.&nbsp;<\/p>\n\n\n\n<p><br>Los Estados miembros se dar\u00e1n cita en estas reuniones del 4 al 8 de octubre para evaluar el avance de la labor de la organizaci\u00f3n, as\u00ed como evaluar la futura orientaci\u00f3n de las pol\u00edticas sobre patentes y propiedad intelectual en la regi\u00f3n.&nbsp;<\/p>\n\n\n\n<p><br>Durante las asambleas generales, el representante del Indecopi, Juli\u00e1n Palac\u00edn, junto a sus pares de Am\u00e9rica Latina y de otros pa\u00edses, participar\u00e1n tambi\u00e9n en sesiones relacionadas a la Red Latinoamericana de Propiedad Intelectual y G\u00e9nero y en la Reuni\u00f3n del Comit\u00e9 Directivo del Programa Iberoamericano de Propiedad Industrial y Promoci\u00f3n del Desarrollo (IBEPI).&nbsp;<br><br>Como parte de su agenda, el ejecutivo tambi\u00e9n sostendr\u00e1 reuniones con representantes del Instituto de Propiedad Industrial de Francia y con la Misi\u00f3n del Per\u00fa en Ginebra, entre otros.&nbsp;<\/p>\n\n\n\n<p><br><strong>Agenda internacional en Lima<\/strong><br>Como pre\u00e1mbulo a las asambleas generales y con la finalidad de fortalecer e impulsar la reactivaci\u00f3n econ\u00f3mica a trav\u00e9s de las herramientas de la propiedad intelectual, la semana del 27 al 30 de setiembre se desarrollar\u00e1n importantes actividades que contar\u00e1n con la participaci\u00f3n de organismos nacionales e internacionales y que estar\u00e1n encabezadas por el presidente ejecutivo del Indecopi.<\/p>\n\n\n\n<p><br>El 27 de setiembre, el directivo participar\u00e1 junto al viceministro de Comercio Exterior y representantes del Ministerio de Desarrollo Agrario y Riego (Midagri) en el Taller sobre diferenciaci\u00f3n de la oferta exportable a trav\u00e9s de signos distintivos para la exportaci\u00f3n e internacionalizaci\u00f3n, denominado&nbsp;<em>Asociatividad para la internacionalizaci\u00f3n de las marcas colectivas<\/em>.&nbsp;<\/p>\n\n\n\n<p><br>\u201cEste evento, organizado por el Indecopi y el Mincetur, est\u00e1 dirigido a los productores de las organizaciones rurales dedicadas a la producci\u00f3n agr\u00edcola y agroindustrial, \u201cpara quienes la asociatividad y la certificaci\u00f3n de marcas colectivas son poderosos instrumentos de competitividad, desarrollo comercial y acceso a mercados externos\u201d, asegur\u00f3 Palac\u00edn.<br>El 28 de este mes recibir\u00e1 a la delegaci\u00f3n de la Oficina de Propiedad Intelectual de la Uni\u00f3n Europea (EUIPO) en una reuni\u00f3n bilateral que buscar\u00e1 reforzar los lazos de cooperaci\u00f3n y asociaci\u00f3n estrat\u00e9gica entre ambas instituciones.&nbsp;<\/p>\n\n\n\n<p><br>En el marco de la cooperaci\u00f3n EUIPO-Indecopi destaca el Proyecto IP Key Am\u00e9rica Latina, proyecto que brinda asistencia t\u00e9cnica para modernizar las instituciones de Propiedad Intelectual en Am\u00e9rica Latina.&nbsp;<br>\u201cEl proyecto apoya asimismo a la Uni\u00f3n Europea en acuerdos comerciales multilaterales y bilaterales y fomenta el di\u00e1logo en la regi\u00f3n en materia de Propiedad Intelectual\u201d, agreg\u00f3.<\/p>\n\n\n\n<p><br>El 29 de setiembre, el m\u00e1ximo representante del Indecopi inaugurar\u00e1 el seminario internacional organizado por el Programa Iberoamericano de Propiedad Industrial y Promoci\u00f3n del Desarrollo (IBEPI) denominado&nbsp;<em>Aprovechando la informaci\u00f3n de patentes para el desarrollo de las Mipymes en Iberoam\u00e9rica<\/em>.<\/p>\n\n\n\n<p><br>El seminario tiene por objetivo promover las ventajas del uso de la informaci\u00f3n de patentes para mejorar la gesti\u00f3n y competitividad de las micro, peque\u00f1as y medianas empresas de los pa\u00edses que conforman la IBEPI.<\/p>\n\n\n\n<p>Fuente: <strong><em>Gesti\u00f3n<\/em><\/strong>.<\/p>\n","protected":false},"excerpt":{"rendered":"<p>(Aeronoticias).- El Instituto Nacional de Defensa de la Competencia y de la Protecci\u00f3n de la Propiedad Intelectual (Indecopi), plantear\u00e1 la Agenda peruana en temas de propiedad intelectual para el 2022 en las sesiones de la Asamblea de la Uni\u00f3n del Tratado de Cooperaci\u00f3n en materia de Patentes, las cuales se realizar\u00e1n en la sede de [&hellip;]<\/p>\n","protected":false},"author":1,"featured_media":74755,"comment_status":"open","ping_status":"open","sticky":false,"template":"","format":"standard","meta":{"tdm_status":"","tdm_grid_status":"","footnotes":""},"categories":[38],"tags":[1367,97],"class_list":{"0":"post-74754","1":"post","2":"type-post","3":"status-publish","4":"format-standard","5":"has-post-thumbnail","7":"category-nacionales","8":"tag-indecopi","9":"tag-peru"},"yoast_head":"<!-- This site is optimized with the Yoast SEO plugin v25.1 - https:\/\/yoast.com\/wordpress\/plugins\/seo\/ -->\n<title>Juli\u00e1n Palac\u00edn Gutierrez, presidente de Indecopi, participar\u00e1 en Cumbre de Propiedad Intelectual de la OMPI-ONU<\/title>\n<meta name=\"description\" content=\"Portal de noticias del Per\u00fa sobre el transporte a\u00e9reo, aviaci\u00f3n, turismo, hoteleria, actualidad.\" \/>\n<meta name=\"robots\" content=\"index, follow, max-snippet:-1, max-image-preview:large, max-video-preview:-1\" \/>\n<link rel=\"canonical\" href=\"https:\/\/aeronoticias.com.pe\/noticiero\/nacionales\/peru-planteara-agenda-en-materia-de-propiedad-intelectual\/\" \/>\n<meta property=\"og:locale\" content=\"es_ES\" \/>\n<meta property=\"og:type\" content=\"article\" \/>\n<meta property=\"og:title\" content=\"Juli\u00e1n Palac\u00edn Gutierrez, presidente de Indecopi, participar\u00e1 en Cumbre de Propiedad Intelectual de la OMPI-ONU\" \/>\n<meta property=\"og:description\" content=\"Portal de noticias del Per\u00fa sobre el transporte a\u00e9reo, aviaci\u00f3n, turismo, hoteleria, actualidad.\" \/>\n<meta property=\"og:url\" content=\"https:\/\/aeronoticias.com.pe\/noticiero\/nacionales\/peru-planteara-agenda-en-materia-de-propiedad-intelectual\/\" \/>\n<meta property=\"og:site_name\" content=\"Aeronoticias.com.pe\" \/>\n<meta property=\"article:publisher\" content=\"https:\/\/www.facebook.com\/Aeronoticias.com.pe\/\" \/>\n<meta property=\"article:published_time\" content=\"2021-09-25T16:14:00+00:00\" \/>\n<meta property=\"article:modified_time\" content=\"2021-09-26T00:32:48+00:00\" \/>\n<meta property=\"og:image\" content=\"https:\/\/aeronoticias.com.pe\/noticiero\/wp-content\/uploads\/2021\/09\/000810712W.jpg\" \/>\n\t<meta property=\"og:image:width\" content=\"1800\" \/>\n\t<meta property=\"og:image:height\" content=\"1199\" \/>\n\t<meta property=\"og:image:type\" content=\"image\/jpeg\" \/>\n<meta name=\"author\" content=\"Redacci\u00f3n Aeronoticias\" \/>\n<meta name=\"twitter:card\" content=\"summary_large_image\" \/>\n<meta name=\"twitter:creator\" content=\"@aeronoticias\" \/>\n<meta name=\"twitter:site\" content=\"@aeronoticias\" \/>\n<meta name=\"twitter:label1\" content=\"Escrito por\" \/>\n\t<meta name=\"twitter:data1\" content=\"Redacci\u00f3n Aeronoticias\" \/>\n\t<meta name=\"twitter:label2\" content=\"Tiempo de lectura\" \/>\n\t<meta name=\"twitter:data2\" content=\"3 minutos\" \/>\n<script type=\"application\/ld+json\" class=\"yoast-schema-graph\">{\"@context\":\"https:\/\/schema.org\",\"@graph\":[{\"@type\":\"WebPage\",\"@id\":\"https:\/\/aeronoticias.com.pe\/noticiero\/nacionales\/peru-planteara-agenda-en-materia-de-propiedad-intelectual\/\",\"url\":\"https:\/\/aeronoticias.com.pe\/noticiero\/nacionales\/peru-planteara-agenda-en-materia-de-propiedad-intelectual\/\",\"name\":\"Juli\u00e1n Palac\u00edn Gutierrez, presidente de Indecopi, participar\u00e1 en Cumbre de Propiedad Intelectual de la OMPI-ONU\",\"isPartOf\":{\"@id\":\"https:\/\/aeronoticias.com.pe\/noticiero\/#website\"},\"primaryImageOfPage\":{\"@id\":\"https:\/\/aeronoticias.com.pe\/noticiero\/nacionales\/peru-planteara-agenda-en-materia-de-propiedad-intelectual\/#primaryimage\"},\"image\":{\"@id\":\"https:\/\/aeronoticias.com.pe\/noticiero\/nacionales\/peru-planteara-agenda-en-materia-de-propiedad-intelectual\/#primaryimage\"},\"thumbnailUrl\":\"https:\/\/aeronoticias.com.pe\/noticiero\/wp-content\/uploads\/2021\/09\/000810712W.jpg\",\"datePublished\":\"2021-09-25T16:14:00+00:00\",\"dateModified\":\"2021-09-26T00:32:48+00:00\",\"author\":{\"@id\":\"https:\/\/aeronoticias.com.pe\/noticiero\/#\/schema\/person\/fc1e5d578f4b62ba1cf7ac2bba1170a0\"},\"description\":\"Portal de noticias del Per\u00fa sobre el transporte a\u00e9reo, aviaci\u00f3n, turismo, hoteleria, actualidad.\",\"breadcrumb\":{\"@id\":\"https:\/\/aeronoticias.com.pe\/noticiero\/nacionales\/peru-planteara-agenda-en-materia-de-propiedad-intelectual\/#breadcrumb\"},\"inLanguage\":\"es\",\"potentialAction\":[{\"@type\":\"ReadAction\",\"target\":[\"https:\/\/aeronoticias.com.pe\/noticiero\/nacionales\/peru-planteara-agenda-en-materia-de-propiedad-intelectual\/\"]}]},{\"@type\":\"ImageObject\",\"inLanguage\":\"es\",\"@id\":\"https:\/\/aeronoticias.com.pe\/noticiero\/nacionales\/peru-planteara-agenda-en-materia-de-propiedad-intelectual\/#primaryimage\",\"url\":\"https:\/\/aeronoticias.com.pe\/noticiero\/wp-content\/uploads\/2021\/09\/000810712W.jpg\",\"contentUrl\":\"https:\/\/aeronoticias.com.pe\/noticiero\/wp-content\/uploads\/2021\/09\/000810712W.jpg\",\"width\":1800,\"height\":1199},{\"@type\":\"BreadcrumbList\",\"@id\":\"https:\/\/aeronoticias.com.pe\/noticiero\/nacionales\/peru-planteara-agenda-en-materia-de-propiedad-intelectual\/#breadcrumb\",\"itemListElement\":[{\"@type\":\"ListItem\",\"position\":1,\"name\":\"Portada\",\"item\":\"https:\/\/aeronoticias.com.pe\/noticiero\/\"},{\"@type\":\"ListItem\",\"position\":2,\"name\":\"Juli\u00e1n Palac\u00edn Gutierrez, presidente de Indecopi, participar\u00e1 en Cumbre de Propiedad Intelectual de la OMPI-ONU\"}]},{\"@type\":\"WebSite\",\"@id\":\"https:\/\/aeronoticias.com.pe\/noticiero\/#website\",\"url\":\"https:\/\/aeronoticias.com.pe\/noticiero\/\",\"name\":\"Aeronoticias.com.pe\",\"description\":\"Noticias de tranporte aereo, turismo, hoteles, gastronomia, actualidad, internacional\",\"potentialAction\":[{\"@type\":\"SearchAction\",\"target\":{\"@type\":\"EntryPoint\",\"urlTemplate\":\"https:\/\/aeronoticias.com.pe\/noticiero\/?s={search_term_string}\"},\"query-input\":{\"@type\":\"PropertyValueSpecification\",\"valueRequired\":true,\"valueName\":\"search_term_string\"}}],\"inLanguage\":\"es\"},{\"@type\":\"Person\",\"@id\":\"https:\/\/aeronoticias.com.pe\/noticiero\/#\/schema\/person\/fc1e5d578f4b62ba1cf7ac2bba1170a0\",\"name\":\"Redacci\u00f3n Aeronoticias\",\"url\":\"https:\/\/aeronoticias.com.pe\/noticiero\/author\/piloto\/\"}]}<\/script>\n<!-- \/ Yoast SEO plugin. -->","yoast_head_json":{"title":"Juli\u00e1n Palac\u00edn Gutierrez, presidente de Indecopi, participar\u00e1 en Cumbre de Propiedad Intelectual de la OMPI-ONU","description":"Portal de noticias del Per\u00fa sobre el transporte a\u00e9reo, aviaci\u00f3n, turismo, hoteleria, actualidad.","robots":{"index":"index","follow":"follow","max-snippet":"max-snippet:-1","max-image-preview":"max-image-preview:large","max-video-preview":"max-video-preview:-1"},"canonical":"https:\/\/aeronoticias.com.pe\/noticiero\/nacionales\/peru-planteara-agenda-en-materia-de-propiedad-intelectual\/","og_locale":"es_ES","og_type":"article","og_title":"Juli\u00e1n Palac\u00edn Gutierrez, presidente de Indecopi, participar\u00e1 en Cumbre de Propiedad Intelectual de la OMPI-ONU","og_description":"Portal de noticias del Per\u00fa sobre el transporte a\u00e9reo, aviaci\u00f3n, turismo, hoteleria, actualidad.","og_url":"https:\/\/aeronoticias.com.pe\/noticiero\/nacionales\/peru-planteara-agenda-en-materia-de-propiedad-intelectual\/","og_site_name":"Aeronoticias.com.pe","article_publisher":"https:\/\/www.facebook.com\/Aeronoticias.com.pe\/","article_published_time":"2021-09-25T16:14:00+00:00","article_modified_time":"2021-09-26T00:32:48+00:00","og_image":[{"width":1800,"height":1199,"url":"https:\/\/aeronoticias.com.pe\/noticiero\/wp-content\/uploads\/2021\/09\/000810712W.jpg","type":"image\/jpeg"}],"author":"Redacci\u00f3n Aeronoticias","twitter_card":"summary_large_image","twitter_creator":"@aeronoticias","twitter_site":"@aeronoticias","twitter_misc":{"Escrito por":"Redacci\u00f3n Aeronoticias","Tiempo de lectura":"3 minutos"},"schema":{"@context":"https:\/\/schema.org","@graph":[{"@type":"WebPage","@id":"https:\/\/aeronoticias.com.pe\/noticiero\/nacionales\/peru-planteara-agenda-en-materia-de-propiedad-intelectual\/","url":"https:\/\/aeronoticias.com.pe\/noticiero\/nacionales\/peru-planteara-agenda-en-materia-de-propiedad-intelectual\/","name":"Juli\u00e1n Palac\u00edn Gutierrez, presidente de Indecopi, participar\u00e1 en Cumbre de Propiedad Intelectual de la OMPI-ONU","isPartOf":{"@id":"https:\/\/aeronoticias.com.pe\/noticiero\/#website"},"primaryImageOfPage":{"@id":"https:\/\/aeronoticias.com.pe\/noticiero\/nacionales\/peru-planteara-agenda-en-materia-de-propiedad-intelectual\/#primaryimage"},"image":{"@id":"https:\/\/aeronoticias.com.pe\/noticiero\/nacionales\/peru-planteara-agenda-en-materia-de-propiedad-intelectual\/#primaryimage"},"thumbnailUrl":"https:\/\/aeronoticias.com.pe\/noticiero\/wp-content\/uploads\/2021\/09\/000810712W.jpg","datePublished":"2021-09-25T16:14:00+00:00","dateModified":"2021-09-26T00:32:48+00:00","author":{"@id":"https:\/\/aeronoticias.com.pe\/noticiero\/#\/schema\/person\/fc1e5d578f4b62ba1cf7ac2bba1170a0"},"description":"Portal de noticias del Per\u00fa sobre el transporte a\u00e9reo, aviaci\u00f3n, turismo, hoteleria, actualidad.","breadcrumb":{"@id":"https:\/\/aeronoticias.com.pe\/noticiero\/nacionales\/peru-planteara-agenda-en-materia-de-propiedad-intelectual\/#breadcrumb"},"inLanguage":"es","potentialAction":[{"@type":"ReadAction","target":["https:\/\/aeronoticias.com.pe\/noticiero\/nacionales\/peru-planteara-agenda-en-materia-de-propiedad-intelectual\/"]}]},{"@type":"ImageObject","inLanguage":"es","@id":"https:\/\/aeronoticias.com.pe\/noticiero\/nacionales\/peru-planteara-agenda-en-materia-de-propiedad-intelectual\/#primaryimage","url":"https:\/\/aeronoticias.com.pe\/noticiero\/wp-content\/uploads\/2021\/09\/000810712W.jpg","contentUrl":"https:\/\/aeronoticias.com.pe\/noticiero\/wp-content\/uploads\/2021\/09\/000810712W.jpg","width":1800,"height":1199},{"@type":"BreadcrumbList","@id":"https:\/\/aeronoticias.com.pe\/noticiero\/nacionales\/peru-planteara-agenda-en-materia-de-propiedad-intelectual\/#breadcrumb","itemListElement":[{"@type":"ListItem","position":1,"name":"Portada","item":"https:\/\/aeronoticias.com.pe\/noticiero\/"},{"@type":"ListItem","position":2,"name":"Juli\u00e1n Palac\u00edn Gutierrez, presidente de Indecopi, participar\u00e1 en Cumbre de Propiedad Intelectual de la OMPI-ONU"}]},{"@type":"WebSite","@id":"https:\/\/aeronoticias.com.pe\/noticiero\/#website","url":"https:\/\/aeronoticias.com.pe\/noticiero\/","name":"Aeronoticias.com.pe","description":"Noticias de tranporte aereo, turismo, hoteles, gastronomia, actualidad, internacional","potentialAction":[{"@type":"SearchAction","target":{"@type":"EntryPoint","urlTemplate":"https:\/\/aeronoticias.com.pe\/noticiero\/?s={search_term_string}"},"query-input":{"@type":"PropertyValueSpecification","valueRequired":true,"valueName":"search_term_string"}}],"inLanguage":"es"},{"@type":"Person","@id":"https:\/\/aeronoticias.com.pe\/noticiero\/#\/schema\/person\/fc1e5d578f4b62ba1cf7ac2bba1170a0","name":"Redacci\u00f3n Aeronoticias","url":"https:\/\/aeronoticias.com.pe\/noticiero\/author\/piloto\/"}]}},"_links":{"self":[{"href":"https:\/\/aeronoticias.com.pe\/noticiero\/wp-json\/wp\/v2\/posts\/74754","targetHints":{"allow":["GET"]}}],"collection":[{"href":"https:\/\/aeronoticias.com.pe\/noticiero\/wp-json\/wp\/v2\/posts"}],"about":[{"href":"https:\/\/aeronoticias.com.pe\/noticiero\/wp-json\/wp\/v2\/types\/post"}],"author":[{"embeddable":true,"href":"https:\/\/aeronoticias.com.pe\/noticiero\/wp-json\/wp\/v2\/users\/1"}],"replies":[{"embeddable":true,"href":"https:\/\/aeronoticias.com.pe\/noticiero\/wp-json\/wp\/v2\/comments?post=74754"}],"version-history":[{"count":0,"href":"https:\/\/aeronoticias.com.pe\/noticiero\/wp-json\/wp\/v2\/posts\/74754\/revisions"}],"wp:featuredmedia":[{"embeddable":true,"href":"https:\/\/aeronoticias.com.pe\/noticiero\/wp-json\/wp\/v2\/media\/74755"}],"wp:attachment":[{"href":"https:\/\/aeronoticias.com.pe\/noticiero\/wp-json\/wp\/v2\/media?parent=74754"}],"wp:term":[{"taxonomy":"category","embeddable":true,"href":"https:\/\/aeronoticias.com.pe\/noticiero\/wp-json\/wp\/v2\/categories?post=74754"},{"taxonomy":"post_tag","embeddable":true,"href":"https:\/\/aeronoticias.com.pe\/noticiero\/wp-json\/wp\/v2\/tags?post=74754"}],"curies":[{"name":"wp","href":"https:\/\/api.w.org\/{rel}","templated":true}]}}