{"id":7507,"date":"2009-12-15T13:44:11","date_gmt":"2009-12-15T13:44:11","guid":{"rendered":"http:\/\/desarrollo.mcvicious.com\/aero2020\/2009\/12\/15\/isabel-allende-revela-detalles-de-su-nueva-novela\/"},"modified":"2009-12-15T13:44:11","modified_gmt":"2009-12-15T13:44:11","slug":"isabel-allende-revela-detalles-de-su-nueva-novela","status":"publish","type":"post","link":"https:\/\/aeronoticias.com.pe\/noticiero\/espectaculos\/isabel-allende-revela-detalles-de-su-nueva-novela\/","title":{"rendered":"Isabel Allende revela detalles de su nueva novela"},"content":{"rendered":"<div style=\"text-align: justify\">La explotaci\u00f3n de los esclavos en el Caribe del siglo XVIII es el trasfondo de \u00abLa isla bajo el mar\u00bb, cuya protagonista -la negra Zarit\u00e9- emprende un largo camino hacia la libertad en un escenario alucinante donde se entremezclan el retumbar de los tambores, el terror y la magia del vud\u00fa.La autora dio detalles sobre su nuevo libro antes de llegar a Buenos Aires.\u00a0\u00abYo creo que los personajes que imagino existen y se me aparecen porque ten\u00eda hecha la investigaci\u00f3n hace tres a\u00f1os y no estaba lista para la novela, por eso escrib\u00ed una memoria (`La suma de los d\u00edas`) sin saber muy bien que estaba haciendo, yo creo que d\u00e1ndome tiempo para que se me apareciera Zarit\u00e9\u00bb, dice la autora en una entrevista con T\u00e9lam, a horas de su llegada a Buenos Aires.<\/div>\n<div style=\"text-align: justify\">\n<div style=\"text-align: center\"><img decoding=\"async\" src=\"images\/stories\/09\/12\/151209\/iallende.jpg\" border=\"0\" alt=\"Isabel Allende revela detalles de su nueva novela\" title=\"Isabel Allende revela detalles de su nueva novela\" \/><\/div>\n<\/div>\n<div style=\"text-align: justify\">Allende no sabe si lo vio o lo so\u00f1\u00f3 \u00aben esa hora rara del amanecer cuando uno cree que esta viendo fantasmas: una mujer alta, con p\u00f3mulos marcados, de manos y cuello largos, los ojos medio dormidos, una mulata oscura, con el pelo muy corto\u00bb.\u00a0\u00abNo s\u00e9 que empieza primero en el proceso lento y largo de escribir una novela, es como ir echando cosas a una olla de sopa y al final ya no puedes separar los ingredientes. La idea empez\u00f3 en Nueva Orle\u00e1ns en 2005 y me enamor\u00e9 de esa ciudad. Tiene ese sabor franc\u00e9s \u00fanico en Estados Unidos, la cosa m\u00e1gica del vud\u00fa, y el jazz, el arte, la cultura afroamericana. Todo est\u00e1 all\u00ed\u00bb, complet\u00f3.\u00a0<\/div>\n<div style=\"text-align: justify\"><\/div>\n<div style=\"text-align: justify\">En ese lugar, la autora de \u00abEva Luna\u00bb, \u00abLa Casa de los Esp\u00edritus\u00bb, \u00abDe amor o de sombras\u00bb, entre otras novelas, descubri\u00f3 de donde sali\u00f3 ese sabor franc\u00e9s: \u00abNo tanto el hecho de que fue colonia francesa un tiempo, tambi\u00e9n lo fue espa\u00f1ola, se lo dieron los 10.000 refugiados que llegaron en el 1800 escapando de la revoluci\u00f3n haitiana\u00bb.\u00a0\u00abEran colonos franceses blancos que llegaron con sus familias y con esclavos dom\u00e9sticos y concubinas africanas y sus hijos de sangre mezclada. Y surgi\u00f3 una clase social de gente de color libre que ten\u00eda acceso a la educaci\u00f3n y recursos econ\u00f3micos. Y tuvo una \u00e9poca de oro que dur\u00f3 a\u00f1os hasta que las leyes racistas americanas acabaron con ella\u00bb, recuerda Allende.<\/div>\n<div style=\"text-align: justify\"><\/div>\n<div style=\"text-align: justify\">Valmorain, el amo de Zarit\u00e9, llega de Par\u00eds a la isla de Santo Domingu\u00e9 (Hait\u00ed), porque su padre -al frente de una plantaci\u00f3n de az\u00facar- est\u00e1 gravemente enfermo, pensando que su estad\u00eda en el nuevo mundo iba a durar muy poco. \u00a0\u00abEs un personaje complejo, un hombre culto para la \u00e9poca, un humanista que en principio nunca le hab\u00eda preocupado el tema de la esclavitud ni lo que hac\u00eda su padre en esa plantaci\u00f3n en la que nunca hab\u00eda puesto los pies -apunta-. Trata de mejorar cuando llega la situaci\u00f3n y se lo va comiendo el clima, la cultura &#8230; de alguna forma termina destrozado\u00bb.<\/div>\n<div style=\"text-align: justify\"><\/div>\n<div style=\"text-align: justify\">\u00abUna de las cosas m\u00e1s fascinantes cuando me met\u00ed en el tema y la investigaci\u00f3n -menciona la escritora- fue ver que entonces se viv\u00eda en un clima de terror. A los esclavos le pod\u00edan hacer cualquier cosa pero tambi\u00e9n los blancos viv\u00edan aterrorizados con la idea de que los pod\u00edan envenenar, atacar por la espalda: el terror era mutuo\u00bb.\u00a0\u00abLa otra cosa que me pareci\u00f3 fascinante -contin\u00faa- es que no se explica el triunfo de la revoluci\u00f3n haitiana, que es la \u00fanica rebeli\u00f3n de esclavos en la historia que ha triunfado\u00bb.\u00a0<\/div>\n<div style=\"text-align: justify\"><\/div>\n<div style=\"text-align: justify\">La formaci\u00f3n de Hait\u00ed, observa Allende, \u00abse explica por el vud\u00fa, por el sentimiento m\u00e1gico de la vida. Enfrentaban a los ca\u00f1ones de Napole\u00f3n a pecho desnudo con un machete en la mano, convencidos que por cada uno de ellos que peleaba hab\u00eda diez mil esp\u00edritus de los muertos que ven\u00edan a pelear con ellos. Hasta los soldados franceses lo cre\u00edan ante tanto valor sobrehumano\u00bb.\u00a0<\/div>\n<div style=\"text-align: justify\"><\/div>\n<div style=\"text-align: justify\">Uno de los h\u00e9roes de Hait\u00ed fue un esclavo llamado Macand\u00e1n, que lo quemaron vivo y se fue en un insecto, seg\u00fan cuentan, \u00aby la iron\u00eda es que vuelve cuando Napole\u00f3n manda a 30.000 hombres a combatir la revoluci\u00f3n y murieron infectados de malaria y de todas las enfermedades pasadas por los mosquitos\u00bb, relata.\u00a0Para Allende, la esclavitud o el trabajo de las mujeres en su lucha por ser reconocidas no es un problema del siglo XVIII sino que contin\u00faa hasta ahora.<\/div>\n<div style=\"text-align: justify\"><\/div>\n<div style=\"text-align: justify\">\u00abNadie te va a dar ni un solo derecho si no lo has peleado. Las ventajas de las muchachas j\u00f3venes no les llegaron solas, les llegaron por la lucha de sus madres y sus abuelas y las pueden perder con una enorme facilidad\u00bb, dijo.\u00a0Y acerca de la magia, subraya Allende que sigue existiendo en Hait\u00ed y en Nueva Orle\u00e1ns. \u00abPor eso no hubo que rastrear mucho, est\u00e1 todo ah\u00ed, y esa es la maravilla de una buena investigaci\u00f3n que deja emerger todas estas cosas con tiempo y con calma\u00bb.<\/div>\n<div style=\"text-align: justify\"><\/div>\n<div style=\"text-align: justify\">Lo mismo le pas\u00f3 con la ciudad de San Francisco, \u00abque ten\u00eda algo quijotesco y extravagante, muy rara y me encant\u00f3. Me pongo a investigar (de all\u00ed sali\u00f3 su novela `Hija de la fortuna`) y la ciudad ten\u00eda 150 a\u00f1os de vida. Acababa de nacer. Y fue creada por un grupo de aventureros, prostitutas, visionarios que fueron por la fiebre del oro, los llev\u00f3 all\u00ed la codicia\u00bb.\u00a0El camino de Zarit\u00e9 fue traz\u00e1ndose a lo largo de la escritura de Allende, porque no sab\u00eda desde el vamos si su personaje iba a vivir finalmente o se iba a morir, en su b\u00fasqueda de la libertad.\u00a0<\/div>\n<div style=\"text-align: justify\"><\/div>\n<div style=\"text-align: justify\">\u00abNo supe hasta el final qu\u00e9 hacer, me daba pena matarla&#8230; murmura sin revelar en voz alta el destino de la protagonista de su \u00faltima novela.<\/div>\n<div style=\"text-align: justify\">Y tampoco anticipa, deber\u00e1 esperar hasta el 8 de enero -fiel a una c\u00e1bala que siempre se repite-, para enterarse ella misma de que se trata su pr\u00f3xima novela cuando se siente ese d\u00eda y empiece a escribirla.<\/div>\n<div><\/div>\n","protected":false},"excerpt":{"rendered":"<p>La explotaci\u00f3n de los esclavos en el Caribe del siglo XVIII es el trasfondo de \u00abLa isla bajo el mar\u00bb, cuya protagonista -la negra Zarit\u00e9- emprende un largo camino hacia la libertad en un escenario alucinante donde se entremezclan el retumbar de los tambores, el terror y la magia del vud\u00fa.La autora dio detalles sobre [&hellip;]<\/p>\n","protected":false},"author":1,"featured_media":0,"comment_status":"open","ping_status":"open","sticky":false,"template":"","format":"standard","meta":{"tdm_status":"","tdm_grid_status":"","footnotes":""},"categories":[41],"tags":[],"class_list":{"0":"post-7507","1":"post","2":"type-post","3":"status-publish","4":"format-standard","6":"category-espectaculos"},"yoast_head":"<!-- This site is optimized with the Yoast SEO plugin v25.1 - https:\/\/yoast.com\/wordpress\/plugins\/seo\/ -->\n<title>Isabel Allende revela detalles de su nueva novela<\/title>\n<meta name=\"description\" content=\"Portal de noticias del Per\u00fa sobre el transporte a\u00e9reo, aviaci\u00f3n, turismo, hoteleria, actualidad.\" \/>\n<meta name=\"robots\" content=\"index, follow, max-snippet:-1, max-image-preview:large, max-video-preview:-1\" \/>\n<link rel=\"canonical\" href=\"https:\/\/aeronoticias.com.pe\/noticiero\/espectaculos\/isabel-allende-revela-detalles-de-su-nueva-novela\/\" \/>\n<meta property=\"og:locale\" content=\"es_ES\" \/>\n<meta property=\"og:type\" content=\"article\" \/>\n<meta property=\"og:title\" content=\"Isabel Allende revela detalles de su nueva novela\" \/>\n<meta property=\"og:description\" content=\"Portal de noticias del Per\u00fa sobre el transporte a\u00e9reo, aviaci\u00f3n, turismo, hoteleria, actualidad.\" \/>\n<meta property=\"og:url\" content=\"https:\/\/aeronoticias.com.pe\/noticiero\/espectaculos\/isabel-allende-revela-detalles-de-su-nueva-novela\/\" \/>\n<meta property=\"og:site_name\" content=\"Aeronoticias.com.pe\" \/>\n<meta property=\"article:publisher\" content=\"https:\/\/www.facebook.com\/Aeronoticias.com.pe\/\" \/>\n<meta property=\"article:published_time\" content=\"2009-12-15T13:44:11+00:00\" \/>\n<meta name=\"author\" content=\"Redacci\u00f3n Aeronoticias\" \/>\n<meta name=\"twitter:card\" content=\"summary_large_image\" \/>\n<meta name=\"twitter:creator\" content=\"@aeronoticias\" \/>\n<meta name=\"twitter:site\" content=\"@aeronoticias\" \/>\n<meta name=\"twitter:label1\" content=\"Escrito por\" \/>\n\t<meta name=\"twitter:data1\" content=\"Redacci\u00f3n Aeronoticias\" \/>\n\t<meta name=\"twitter:label2\" content=\"Tiempo de lectura\" \/>\n\t<meta name=\"twitter:data2\" content=\"5 minutos\" \/>\n<script type=\"application\/ld+json\" class=\"yoast-schema-graph\">{\"@context\":\"https:\/\/schema.org\",\"@graph\":[{\"@type\":\"WebPage\",\"@id\":\"https:\/\/aeronoticias.com.pe\/noticiero\/espectaculos\/isabel-allende-revela-detalles-de-su-nueva-novela\/\",\"url\":\"https:\/\/aeronoticias.com.pe\/noticiero\/espectaculos\/isabel-allende-revela-detalles-de-su-nueva-novela\/\",\"name\":\"Isabel Allende revela detalles de su nueva novela\",\"isPartOf\":{\"@id\":\"https:\/\/aeronoticias.com.pe\/noticiero\/#website\"},\"datePublished\":\"2009-12-15T13:44:11+00:00\",\"author\":{\"@id\":\"https:\/\/aeronoticias.com.pe\/noticiero\/#\/schema\/person\/fc1e5d578f4b62ba1cf7ac2bba1170a0\"},\"description\":\"Portal de noticias del Per\u00fa sobre el transporte a\u00e9reo, aviaci\u00f3n, turismo, hoteleria, actualidad.\",\"breadcrumb\":{\"@id\":\"https:\/\/aeronoticias.com.pe\/noticiero\/espectaculos\/isabel-allende-revela-detalles-de-su-nueva-novela\/#breadcrumb\"},\"inLanguage\":\"es\",\"potentialAction\":[{\"@type\":\"ReadAction\",\"target\":[\"https:\/\/aeronoticias.com.pe\/noticiero\/espectaculos\/isabel-allende-revela-detalles-de-su-nueva-novela\/\"]}]},{\"@type\":\"BreadcrumbList\",\"@id\":\"https:\/\/aeronoticias.com.pe\/noticiero\/espectaculos\/isabel-allende-revela-detalles-de-su-nueva-novela\/#breadcrumb\",\"itemListElement\":[{\"@type\":\"ListItem\",\"position\":1,\"name\":\"Portada\",\"item\":\"https:\/\/aeronoticias.com.pe\/noticiero\/\"},{\"@type\":\"ListItem\",\"position\":2,\"name\":\"Isabel Allende revela detalles de su nueva novela\"}]},{\"@type\":\"WebSite\",\"@id\":\"https:\/\/aeronoticias.com.pe\/noticiero\/#website\",\"url\":\"https:\/\/aeronoticias.com.pe\/noticiero\/\",\"name\":\"Aeronoticias.com.pe\",\"description\":\"Noticias de tranporte aereo, turismo, hoteles, gastronomia, actualidad, internacional\",\"potentialAction\":[{\"@type\":\"SearchAction\",\"target\":{\"@type\":\"EntryPoint\",\"urlTemplate\":\"https:\/\/aeronoticias.com.pe\/noticiero\/?s={search_term_string}\"},\"query-input\":{\"@type\":\"PropertyValueSpecification\",\"valueRequired\":true,\"valueName\":\"search_term_string\"}}],\"inLanguage\":\"es\"},{\"@type\":\"Person\",\"@id\":\"https:\/\/aeronoticias.com.pe\/noticiero\/#\/schema\/person\/fc1e5d578f4b62ba1cf7ac2bba1170a0\",\"name\":\"Redacci\u00f3n Aeronoticias\",\"url\":\"https:\/\/aeronoticias.com.pe\/noticiero\/author\/piloto\/\"}]}<\/script>\n<!-- \/ Yoast SEO plugin. -->","yoast_head_json":{"title":"Isabel Allende revela detalles de su nueva novela","description":"Portal de noticias del Per\u00fa sobre el transporte a\u00e9reo, aviaci\u00f3n, turismo, hoteleria, actualidad.","robots":{"index":"index","follow":"follow","max-snippet":"max-snippet:-1","max-image-preview":"max-image-preview:large","max-video-preview":"max-video-preview:-1"},"canonical":"https:\/\/aeronoticias.com.pe\/noticiero\/espectaculos\/isabel-allende-revela-detalles-de-su-nueva-novela\/","og_locale":"es_ES","og_type":"article","og_title":"Isabel Allende revela detalles de su nueva novela","og_description":"Portal de noticias del Per\u00fa sobre el transporte a\u00e9reo, aviaci\u00f3n, turismo, hoteleria, actualidad.","og_url":"https:\/\/aeronoticias.com.pe\/noticiero\/espectaculos\/isabel-allende-revela-detalles-de-su-nueva-novela\/","og_site_name":"Aeronoticias.com.pe","article_publisher":"https:\/\/www.facebook.com\/Aeronoticias.com.pe\/","article_published_time":"2009-12-15T13:44:11+00:00","author":"Redacci\u00f3n Aeronoticias","twitter_card":"summary_large_image","twitter_creator":"@aeronoticias","twitter_site":"@aeronoticias","twitter_misc":{"Escrito por":"Redacci\u00f3n Aeronoticias","Tiempo de lectura":"5 minutos"},"schema":{"@context":"https:\/\/schema.org","@graph":[{"@type":"WebPage","@id":"https:\/\/aeronoticias.com.pe\/noticiero\/espectaculos\/isabel-allende-revela-detalles-de-su-nueva-novela\/","url":"https:\/\/aeronoticias.com.pe\/noticiero\/espectaculos\/isabel-allende-revela-detalles-de-su-nueva-novela\/","name":"Isabel Allende revela detalles de su nueva novela","isPartOf":{"@id":"https:\/\/aeronoticias.com.pe\/noticiero\/#website"},"datePublished":"2009-12-15T13:44:11+00:00","author":{"@id":"https:\/\/aeronoticias.com.pe\/noticiero\/#\/schema\/person\/fc1e5d578f4b62ba1cf7ac2bba1170a0"},"description":"Portal de noticias del Per\u00fa sobre el transporte a\u00e9reo, aviaci\u00f3n, turismo, hoteleria, actualidad.","breadcrumb":{"@id":"https:\/\/aeronoticias.com.pe\/noticiero\/espectaculos\/isabel-allende-revela-detalles-de-su-nueva-novela\/#breadcrumb"},"inLanguage":"es","potentialAction":[{"@type":"ReadAction","target":["https:\/\/aeronoticias.com.pe\/noticiero\/espectaculos\/isabel-allende-revela-detalles-de-su-nueva-novela\/"]}]},{"@type":"BreadcrumbList","@id":"https:\/\/aeronoticias.com.pe\/noticiero\/espectaculos\/isabel-allende-revela-detalles-de-su-nueva-novela\/#breadcrumb","itemListElement":[{"@type":"ListItem","position":1,"name":"Portada","item":"https:\/\/aeronoticias.com.pe\/noticiero\/"},{"@type":"ListItem","position":2,"name":"Isabel Allende revela detalles de su nueva novela"}]},{"@type":"WebSite","@id":"https:\/\/aeronoticias.com.pe\/noticiero\/#website","url":"https:\/\/aeronoticias.com.pe\/noticiero\/","name":"Aeronoticias.com.pe","description":"Noticias de tranporte aereo, turismo, hoteles, gastronomia, actualidad, internacional","potentialAction":[{"@type":"SearchAction","target":{"@type":"EntryPoint","urlTemplate":"https:\/\/aeronoticias.com.pe\/noticiero\/?s={search_term_string}"},"query-input":{"@type":"PropertyValueSpecification","valueRequired":true,"valueName":"search_term_string"}}],"inLanguage":"es"},{"@type":"Person","@id":"https:\/\/aeronoticias.com.pe\/noticiero\/#\/schema\/person\/fc1e5d578f4b62ba1cf7ac2bba1170a0","name":"Redacci\u00f3n Aeronoticias","url":"https:\/\/aeronoticias.com.pe\/noticiero\/author\/piloto\/"}]}},"_links":{"self":[{"href":"https:\/\/aeronoticias.com.pe\/noticiero\/wp-json\/wp\/v2\/posts\/7507","targetHints":{"allow":["GET"]}}],"collection":[{"href":"https:\/\/aeronoticias.com.pe\/noticiero\/wp-json\/wp\/v2\/posts"}],"about":[{"href":"https:\/\/aeronoticias.com.pe\/noticiero\/wp-json\/wp\/v2\/types\/post"}],"author":[{"embeddable":true,"href":"https:\/\/aeronoticias.com.pe\/noticiero\/wp-json\/wp\/v2\/users\/1"}],"replies":[{"embeddable":true,"href":"https:\/\/aeronoticias.com.pe\/noticiero\/wp-json\/wp\/v2\/comments?post=7507"}],"version-history":[{"count":0,"href":"https:\/\/aeronoticias.com.pe\/noticiero\/wp-json\/wp\/v2\/posts\/7507\/revisions"}],"wp:attachment":[{"href":"https:\/\/aeronoticias.com.pe\/noticiero\/wp-json\/wp\/v2\/media?parent=7507"}],"wp:term":[{"taxonomy":"category","embeddable":true,"href":"https:\/\/aeronoticias.com.pe\/noticiero\/wp-json\/wp\/v2\/categories?post=7507"},{"taxonomy":"post_tag","embeddable":true,"href":"https:\/\/aeronoticias.com.pe\/noticiero\/wp-json\/wp\/v2\/tags?post=7507"}],"curies":[{"name":"wp","href":"https:\/\/api.w.org\/{rel}","templated":true}]}}