{"id":7508,"date":"2009-12-15T13:55:18","date_gmt":"2009-12-15T13:55:18","guid":{"rendered":"http:\/\/desarrollo.mcvicious.com\/aero2020\/2009\/12\/15\/se-abre-debate-en-venezuela-sobre-jueza-encarcelada-tras-rina-de-chavez\/"},"modified":"2009-12-15T13:55:18","modified_gmt":"2009-12-15T13:55:18","slug":"se-abre-debate-en-venezuela-sobre-jueza-encarcelada-tras-rina-de-chavez","status":"publish","type":"post","link":"https:\/\/aeronoticias.com.pe\/noticiero\/internacionales\/se-abre-debate-en-venezuela-sobre-jueza-encarcelada-tras-rina-de-chavez\/","title":{"rendered":"Se abre debate en Venezuela sobre jueza encarcelada tras berrinche de Ch\u00e1vez"},"content":{"rendered":"<div>\n<div style=\"text-align: justify\">La pol\u00e9mica se inici\u00f3 nuevamente en el pa\u00eds centroamericano, ya que una jueza venezolana ha sido detenida por acusaciones de corrupci\u00f3n y abuso de poder tras liberar a un conocido banquero , lo mas resaltante del caso es que \u00a0un furioso presidente Hugo Ch\u00e1vez exigi\u00f3 que sea mandada a prisi\u00f3n por la sentencia m\u00e1xima de 30 a\u00f1os.<\/div>\n<div style=\"text-align: justify\"><\/div>\n<\/div>\n<div style=\"text-align: justify\">El presidente llam\u00f3 \u00abcriminal\u00bb a la jueza y despert\u00f3 el rechazo de la oposici\u00f3n y de algunos expertos legales, que dicen que el caso es una se\u00f1al m\u00e1s de la influencia que Ch\u00e1vez ha adquirido sobre el Poder Judicial.<\/p>\n<div style=\"text-align: center\"><img decoding=\"async\" src=\"images\/stories\/09\/12\/151209\/chaveza.jpg\" border=\"0\" alt=\"Se abre debate en Venezuela sobre jueza encarcelada tras berrinche de Ch\u00e1vez\" title=\"Se abre debate en Venezuela sobre jueza encarcelada tras berrinche de Ch\u00e1vez\" \/><\/div>\n<p><\/div>\n<div style=\"text-align: justify\">Ch\u00e1vez ha extendido su poder en forma gradual en la \u00faltima d\u00e9cada hasta tener un control dominante del Congreso y de otras instituciones estatales y ganar una elecci\u00f3n que anul\u00f3 las restricciones a la reelecci\u00f3n. Ch\u00e1vez niega que intente controlar las cortes y dice que el sistema legal sigue siendo aut\u00f3nomo.<\/p>\n<\/div>\n<div style=\"text-align: justify\">Sin embargo, el r\u00e1pido arresto de la jueza Mar\u00eda Afiuni la semana pasada luego de su fallo, sumado a cargos que parecieron producirse en sincronizaci\u00f3n con la reacci\u00f3n enojada del presidente, ha llevado a algunos a se\u00f1alar al caso como un ejemplo perfecto de la falta de independencia de la justicia venezolana.<\/div>\n<div style=\"text-align: justify\">Alberto Arteaga S\u00e1nchez, profesor de derecho criminal en la Universidad Central, dijo que hay una \u00abpresi\u00f3n inaceptable\u00bb del Poder Ejecutivo sobre el Poder Judicial.<\/p>\n<\/div>\n<div style=\"text-align: justify\"><strong>Aeronoticias<\/strong> considera que la presi\u00f3n que Ch\u00e1vez est\u00e1 ejerciendo sobre \u2013no solo- el Poder Judicial Venezolano, sino sobre otras entidades estatales Venezolanas, y esta acci\u00f3n es una prueba fehaciente que amerita la investigaci\u00f3n de parte de la comunidad internacional y las entidades reguladoras de este tipo de pol\u00edticas mal aplicadas, en relaci\u00f3n a que Ch\u00e1vez no disimula su ira al momento de apuntar con su dedo a alguien, quien misteriosamente hoy esta presa, hecho que repudiamos y consideramos una amenaza fehaciente para la democracia del pa\u00eds hermano.<\/div>\n<div style=\"text-align: justify\"><\/div>\n","protected":false},"excerpt":{"rendered":"<p>La pol\u00e9mica se inici\u00f3 nuevamente en el pa\u00eds centroamericano, ya que una jueza venezolana ha sido detenida por acusaciones de corrupci\u00f3n y abuso de poder tras liberar a un conocido banquero , lo mas resaltante del caso es que \u00a0un furioso presidente Hugo Ch\u00e1vez exigi\u00f3 que sea mandada a prisi\u00f3n por la sentencia m\u00e1xima de [&hellip;]<\/p>\n","protected":false},"author":1,"featured_media":0,"comment_status":"open","ping_status":"open","sticky":false,"template":"","format":"standard","meta":{"tdm_status":"","tdm_grid_status":"","footnotes":""},"categories":[34],"tags":[],"class_list":{"0":"post-7508","1":"post","2":"type-post","3":"status-publish","4":"format-standard","6":"category-internacionales"},"yoast_head":"<!-- This site is optimized with the Yoast SEO plugin v25.1 - https:\/\/yoast.com\/wordpress\/plugins\/seo\/ -->\n<title>Se abre debate en Venezuela sobre jueza encarcelada tras berrinche de Ch\u00e1vez<\/title>\n<meta name=\"description\" content=\"Portal de noticias del Per\u00fa sobre el transporte a\u00e9reo, aviaci\u00f3n, turismo, hoteleria, actualidad.\" \/>\n<meta name=\"robots\" content=\"index, follow, max-snippet:-1, max-image-preview:large, max-video-preview:-1\" \/>\n<link rel=\"canonical\" href=\"https:\/\/aeronoticias.com.pe\/noticiero\/internacionales\/se-abre-debate-en-venezuela-sobre-jueza-encarcelada-tras-rina-de-chavez\/\" \/>\n<meta property=\"og:locale\" content=\"es_ES\" \/>\n<meta property=\"og:type\" content=\"article\" \/>\n<meta property=\"og:title\" content=\"Se abre debate en Venezuela sobre jueza encarcelada tras berrinche de Ch\u00e1vez\" \/>\n<meta property=\"og:description\" content=\"Portal de noticias del Per\u00fa sobre el transporte a\u00e9reo, aviaci\u00f3n, turismo, hoteleria, actualidad.\" \/>\n<meta property=\"og:url\" content=\"https:\/\/aeronoticias.com.pe\/noticiero\/internacionales\/se-abre-debate-en-venezuela-sobre-jueza-encarcelada-tras-rina-de-chavez\/\" \/>\n<meta property=\"og:site_name\" content=\"Aeronoticias.com.pe\" \/>\n<meta property=\"article:publisher\" content=\"https:\/\/www.facebook.com\/Aeronoticias.com.pe\/\" \/>\n<meta property=\"article:published_time\" content=\"2009-12-15T13:55:18+00:00\" \/>\n<meta name=\"author\" content=\"Redacci\u00f3n Aeronoticias\" \/>\n<meta name=\"twitter:card\" content=\"summary_large_image\" \/>\n<meta name=\"twitter:creator\" content=\"@aeronoticias\" \/>\n<meta name=\"twitter:site\" content=\"@aeronoticias\" \/>\n<meta name=\"twitter:label1\" content=\"Escrito por\" \/>\n\t<meta name=\"twitter:data1\" content=\"Redacci\u00f3n Aeronoticias\" \/>\n\t<meta name=\"twitter:label2\" content=\"Tiempo de lectura\" \/>\n\t<meta name=\"twitter:data2\" content=\"2 minutos\" \/>\n<script type=\"application\/ld+json\" class=\"yoast-schema-graph\">{\"@context\":\"https:\/\/schema.org\",\"@graph\":[{\"@type\":\"WebPage\",\"@id\":\"https:\/\/aeronoticias.com.pe\/noticiero\/internacionales\/se-abre-debate-en-venezuela-sobre-jueza-encarcelada-tras-rina-de-chavez\/\",\"url\":\"https:\/\/aeronoticias.com.pe\/noticiero\/internacionales\/se-abre-debate-en-venezuela-sobre-jueza-encarcelada-tras-rina-de-chavez\/\",\"name\":\"Se abre debate en Venezuela sobre jueza encarcelada tras berrinche de Ch\u00e1vez\",\"isPartOf\":{\"@id\":\"https:\/\/aeronoticias.com.pe\/noticiero\/#website\"},\"datePublished\":\"2009-12-15T13:55:18+00:00\",\"author\":{\"@id\":\"https:\/\/aeronoticias.com.pe\/noticiero\/#\/schema\/person\/fc1e5d578f4b62ba1cf7ac2bba1170a0\"},\"description\":\"Portal de noticias del Per\u00fa sobre el transporte a\u00e9reo, aviaci\u00f3n, turismo, hoteleria, actualidad.\",\"breadcrumb\":{\"@id\":\"https:\/\/aeronoticias.com.pe\/noticiero\/internacionales\/se-abre-debate-en-venezuela-sobre-jueza-encarcelada-tras-rina-de-chavez\/#breadcrumb\"},\"inLanguage\":\"es\",\"potentialAction\":[{\"@type\":\"ReadAction\",\"target\":[\"https:\/\/aeronoticias.com.pe\/noticiero\/internacionales\/se-abre-debate-en-venezuela-sobre-jueza-encarcelada-tras-rina-de-chavez\/\"]}]},{\"@type\":\"BreadcrumbList\",\"@id\":\"https:\/\/aeronoticias.com.pe\/noticiero\/internacionales\/se-abre-debate-en-venezuela-sobre-jueza-encarcelada-tras-rina-de-chavez\/#breadcrumb\",\"itemListElement\":[{\"@type\":\"ListItem\",\"position\":1,\"name\":\"Portada\",\"item\":\"https:\/\/aeronoticias.com.pe\/noticiero\/\"},{\"@type\":\"ListItem\",\"position\":2,\"name\":\"Se abre debate en Venezuela sobre jueza encarcelada tras berrinche de Ch\u00e1vez\"}]},{\"@type\":\"WebSite\",\"@id\":\"https:\/\/aeronoticias.com.pe\/noticiero\/#website\",\"url\":\"https:\/\/aeronoticias.com.pe\/noticiero\/\",\"name\":\"Aeronoticias.com.pe\",\"description\":\"Noticias de tranporte aereo, turismo, hoteles, gastronomia, actualidad, internacional\",\"potentialAction\":[{\"@type\":\"SearchAction\",\"target\":{\"@type\":\"EntryPoint\",\"urlTemplate\":\"https:\/\/aeronoticias.com.pe\/noticiero\/?s={search_term_string}\"},\"query-input\":{\"@type\":\"PropertyValueSpecification\",\"valueRequired\":true,\"valueName\":\"search_term_string\"}}],\"inLanguage\":\"es\"},{\"@type\":\"Person\",\"@id\":\"https:\/\/aeronoticias.com.pe\/noticiero\/#\/schema\/person\/fc1e5d578f4b62ba1cf7ac2bba1170a0\",\"name\":\"Redacci\u00f3n Aeronoticias\",\"url\":\"https:\/\/aeronoticias.com.pe\/noticiero\/author\/piloto\/\"}]}<\/script>\n<!-- \/ Yoast SEO plugin. -->","yoast_head_json":{"title":"Se abre debate en Venezuela sobre jueza encarcelada tras berrinche de Ch\u00e1vez","description":"Portal de noticias del Per\u00fa sobre el transporte a\u00e9reo, aviaci\u00f3n, turismo, hoteleria, actualidad.","robots":{"index":"index","follow":"follow","max-snippet":"max-snippet:-1","max-image-preview":"max-image-preview:large","max-video-preview":"max-video-preview:-1"},"canonical":"https:\/\/aeronoticias.com.pe\/noticiero\/internacionales\/se-abre-debate-en-venezuela-sobre-jueza-encarcelada-tras-rina-de-chavez\/","og_locale":"es_ES","og_type":"article","og_title":"Se abre debate en Venezuela sobre jueza encarcelada tras berrinche de Ch\u00e1vez","og_description":"Portal de noticias del Per\u00fa sobre el transporte a\u00e9reo, aviaci\u00f3n, turismo, hoteleria, actualidad.","og_url":"https:\/\/aeronoticias.com.pe\/noticiero\/internacionales\/se-abre-debate-en-venezuela-sobre-jueza-encarcelada-tras-rina-de-chavez\/","og_site_name":"Aeronoticias.com.pe","article_publisher":"https:\/\/www.facebook.com\/Aeronoticias.com.pe\/","article_published_time":"2009-12-15T13:55:18+00:00","author":"Redacci\u00f3n Aeronoticias","twitter_card":"summary_large_image","twitter_creator":"@aeronoticias","twitter_site":"@aeronoticias","twitter_misc":{"Escrito por":"Redacci\u00f3n Aeronoticias","Tiempo de lectura":"2 minutos"},"schema":{"@context":"https:\/\/schema.org","@graph":[{"@type":"WebPage","@id":"https:\/\/aeronoticias.com.pe\/noticiero\/internacionales\/se-abre-debate-en-venezuela-sobre-jueza-encarcelada-tras-rina-de-chavez\/","url":"https:\/\/aeronoticias.com.pe\/noticiero\/internacionales\/se-abre-debate-en-venezuela-sobre-jueza-encarcelada-tras-rina-de-chavez\/","name":"Se abre debate en Venezuela sobre jueza encarcelada tras berrinche de Ch\u00e1vez","isPartOf":{"@id":"https:\/\/aeronoticias.com.pe\/noticiero\/#website"},"datePublished":"2009-12-15T13:55:18+00:00","author":{"@id":"https:\/\/aeronoticias.com.pe\/noticiero\/#\/schema\/person\/fc1e5d578f4b62ba1cf7ac2bba1170a0"},"description":"Portal de noticias del Per\u00fa sobre el transporte a\u00e9reo, aviaci\u00f3n, turismo, hoteleria, actualidad.","breadcrumb":{"@id":"https:\/\/aeronoticias.com.pe\/noticiero\/internacionales\/se-abre-debate-en-venezuela-sobre-jueza-encarcelada-tras-rina-de-chavez\/#breadcrumb"},"inLanguage":"es","potentialAction":[{"@type":"ReadAction","target":["https:\/\/aeronoticias.com.pe\/noticiero\/internacionales\/se-abre-debate-en-venezuela-sobre-jueza-encarcelada-tras-rina-de-chavez\/"]}]},{"@type":"BreadcrumbList","@id":"https:\/\/aeronoticias.com.pe\/noticiero\/internacionales\/se-abre-debate-en-venezuela-sobre-jueza-encarcelada-tras-rina-de-chavez\/#breadcrumb","itemListElement":[{"@type":"ListItem","position":1,"name":"Portada","item":"https:\/\/aeronoticias.com.pe\/noticiero\/"},{"@type":"ListItem","position":2,"name":"Se abre debate en Venezuela sobre jueza encarcelada tras berrinche de Ch\u00e1vez"}]},{"@type":"WebSite","@id":"https:\/\/aeronoticias.com.pe\/noticiero\/#website","url":"https:\/\/aeronoticias.com.pe\/noticiero\/","name":"Aeronoticias.com.pe","description":"Noticias de tranporte aereo, turismo, hoteles, gastronomia, actualidad, internacional","potentialAction":[{"@type":"SearchAction","target":{"@type":"EntryPoint","urlTemplate":"https:\/\/aeronoticias.com.pe\/noticiero\/?s={search_term_string}"},"query-input":{"@type":"PropertyValueSpecification","valueRequired":true,"valueName":"search_term_string"}}],"inLanguage":"es"},{"@type":"Person","@id":"https:\/\/aeronoticias.com.pe\/noticiero\/#\/schema\/person\/fc1e5d578f4b62ba1cf7ac2bba1170a0","name":"Redacci\u00f3n Aeronoticias","url":"https:\/\/aeronoticias.com.pe\/noticiero\/author\/piloto\/"}]}},"_links":{"self":[{"href":"https:\/\/aeronoticias.com.pe\/noticiero\/wp-json\/wp\/v2\/posts\/7508","targetHints":{"allow":["GET"]}}],"collection":[{"href":"https:\/\/aeronoticias.com.pe\/noticiero\/wp-json\/wp\/v2\/posts"}],"about":[{"href":"https:\/\/aeronoticias.com.pe\/noticiero\/wp-json\/wp\/v2\/types\/post"}],"author":[{"embeddable":true,"href":"https:\/\/aeronoticias.com.pe\/noticiero\/wp-json\/wp\/v2\/users\/1"}],"replies":[{"embeddable":true,"href":"https:\/\/aeronoticias.com.pe\/noticiero\/wp-json\/wp\/v2\/comments?post=7508"}],"version-history":[{"count":0,"href":"https:\/\/aeronoticias.com.pe\/noticiero\/wp-json\/wp\/v2\/posts\/7508\/revisions"}],"wp:attachment":[{"href":"https:\/\/aeronoticias.com.pe\/noticiero\/wp-json\/wp\/v2\/media?parent=7508"}],"wp:term":[{"taxonomy":"category","embeddable":true,"href":"https:\/\/aeronoticias.com.pe\/noticiero\/wp-json\/wp\/v2\/categories?post=7508"},{"taxonomy":"post_tag","embeddable":true,"href":"https:\/\/aeronoticias.com.pe\/noticiero\/wp-json\/wp\/v2\/tags?post=7508"}],"curies":[{"name":"wp","href":"https:\/\/api.w.org\/{rel}","templated":true}]}}