{"id":7509,"date":"2009-12-15T13:56:39","date_gmt":"2009-12-15T13:56:39","guid":{"rendered":"http:\/\/desarrollo.mcvicious.com\/aero2020\/2009\/12\/15\/llega-a-sudamerica-el-enviado-de-obama-para-america-latina\/"},"modified":"2009-12-15T13:56:39","modified_gmt":"2009-12-15T13:56:39","slug":"llega-a-sudamerica-el-enviado-de-obama-para-america-latina","status":"publish","type":"post","link":"https:\/\/aeronoticias.com.pe\/noticiero\/politica\/llega-a-sudamerica-el-enviado-de-obama-para-america-latina\/","title":{"rendered":"Llega a Sudam\u00e9rica el enviado de Obama para Am\u00e9rica Latina"},"content":{"rendered":"<div style=\"text-align: justify\">El m\u00e1ximo funcionario de Estados Unidos para Am\u00e9rica Latina, Arturo Valenzuela, llegar\u00e1 hoy a la Argentina como parte de su primera gira por Sudam\u00e9rica. Ser\u00e1 recibido por el jefe de Gabinete, An\u00edbal Fern\u00e1ndez.\u00a0El arribo del enviado del presidente Barack Obama, asumido el mes pasado, ocurre en momentos en que la mayor\u00eda de los pa\u00edses del continente rechaza la postura de Estados Unidos de reconocer, aunnque con matices, las elecciones celebradas en Honduras en noviembre tras el derrocamiento del presidente Manuel Zelaya.<\/div>\n<div style=\"text-align: justify\"><\/div>\n<div style=\"text-align: justify\">En Brasil, primera escala del recorrido latinoamericano de Valenzuela, el gobierno dijo haber coincidido con el enviado esatdounidense en que Zelaya sigue siendo el presidente leg\u00edtimo de Honduras y en que los comicios celebrados el mes pasado en ese pa\u00eds no alcanzan para superar la crisis.\u00a0Tambi\u00e9n coincidieron en que Roberto Micheletti, quien preside el Gobierno de facto desde el golpe de junio, \u00abdebe partir\u00bb, dijo el asesor de Asuntos Internacionales de la Presidencia brasile\u00f1a, Marco Aurelio Garc\u00eda, tras recibir a Velenzuela, que es secretario de Estado adjunto para Asuntos Hemisf\u00e9ricos de Estados Unidos.<\/div>\n<div style=\"text-align: justify\">\n<div style=\"text-align: center\"><img decoding=\"async\" src=\"images\/stories\/09\/12\/151209\/avalenzuela.jpg\" border=\"0\" alt=\"Llega a Sudam\u00e9rica el enviado de Obama para Am\u00e9rica Latina \" title=\"Llega a Sudam\u00e9rica el enviado de Obama para Am\u00e9rica Latina \" \/><\/div>\n<\/div>\n<div style=\"text-align: justify\">Fuentes de la Presidencia dijeron que Valenzuela, un acad\u00e9mico de origen chileno, se reunir\u00e1 hoy con Fern\u00e1ndez en la Casa Rosada a las 11.30.\u00a0Fuera de este encuentro, el \u00fanico evento confirmado del enviado de Obama en su visita de un d\u00eda a Buenos Aires ser\u00e1 una disertaci\u00f3n sobre Am\u00e9rica Latina en la sede del Consejo Argentino para las Relaciones Internacionales (CARI) a partir de las 18.30, informaron a T\u00e9lam voceros del CARI.<\/div>\n<div style=\"text-align: justify\"><\/div>\n<div style=\"text-align: justify\">Este no es el primer viaje por el continente de Valenzuela, quien jur\u00f3 su cargo el 10 de noviembre, luego de que los republicanos bloqueasen durante meses su nominaci\u00f3n. El funcionario estuvo en M\u00e9xico la semana pasada, y hace 15 d\u00edas visit\u00f3 Canad\u00e1, pa\u00eds que tambi\u00e9n cae en su \u00e1rea de competencia.\u00a0El viaje a Sudam\u00e9rica -que lo llevar\u00e1 adem\u00e1s a Uruguay y Paraguay- estaba en los planes de Valenzuela desde su asunci\u00f3n, como lo est\u00e1n tambi\u00e9n una gira por los pa\u00edses andinos y otra posterior por el Caribe, dijeron fuentes del Departamento de Estado.<\/div>\n<div style=\"text-align: justify\"><\/div>\n<div style=\"text-align: justify\">En conferencia de prensa en Washington la semana pasada, Valenzuela dijo que viajaba a Sudam\u00e9rica para \u00abpresentarse\u00bb, explorar la \u00abb\u00fasqueda de un di\u00e1logo com\u00fan\u00bb y \u00abcompartir ideas\u00bb para ver en qu\u00e9 \u00e1reas estos pa\u00edses pueden trabajar juntos con Estados Unidos.\u00a0En Brasil, Valenzuela y el asesor presidencial Garc\u00eda discutieron hoy sobre la situaci\u00f3n en Honduras, las relaciones de la regi\u00f3n con Ir\u00e1n y la instalaci\u00f3n de bases de Estados Unidos en Colombia, durante una \u00abcordial\u00edsima reuni\u00f3n\u00bb, dijo el propio Garc\u00eda.<\/div>\n<div style=\"text-align: justify\"><\/div>\n<div style=\"text-align: justify\">El asesor del presidente Luiz In\u00e1cio Lula da Silva dijo que explic\u00f3 a Valenzuela que el di\u00e1logo de Brasil con Ir\u00e1n y la reciente visita al pa\u00eds del presidente Mahmud Ahmadinejad obdecen al convencimiento de Brasilia de que Teher\u00e1n tiene un \u00abrol positivo que jugar\u00bb en el proceso de paz en Medio Oriente.\u00a0Garc\u00eda reiter\u00f3 que Brasil apoya la actividades nucleares de Ir\u00e1n siempre y cuando tengan fines pac\u00edficos y cumplan con las normas del Organismo Internacional de Energ\u00eda At\u00f3mica (OIEA), inform\u00f3 la agencia de noticias DPA.<\/div>\n<div style=\"text-align: justify\"><\/div>\n<div style=\"text-align: justify\">El viernes pasado, la secretaria de Estado norteamericana, Hillary Clinton, advirti\u00f3 a los pa\u00edses sudamericanos que \u00ablo piensen dos veces\u00bb antes de forjar relaciones con Ir\u00e1n.<\/div>\n<div style=\"text-align: justify\"><\/div>\n<div style=\"text-align: justify\">Sobre Honduras, Grac\u00eda dijo que coincidi\u00f3 con Valenzuela en que cualquier soluci\u00f3n requiere la renuncia de Micheletti y en que se otorgue a Zelaya un salvoconducto para salir de la embajada brasile\u00f1a en Tegucigalpa, donde est\u00e1 refugiado desde septiembre.\u00a0El funcionario brasile\u00f1o cont\u00f3 adem\u00e1s que reiter\u00f3 \u00abla impresi\u00f3n\u00bb de su pa\u00eds que el uso por parte de Estados Unidos de bases militares en suelo colombiano \u00abno es un factor positivo\u00bb para la regi\u00f3n.<\/div>\n<div style=\"text-align: justify\"><\/div>\n<div style=\"text-align: justify\">En muy breves declaraciones, Valenzuela valor\u00f3 la entrevista con el asesor de Lula como \u00abmuy constructiva\u00bb y dijo que se sinti\u00f3 \u00abmuy impresionado\u00bb por las coincidencias \u00aben aspectos fundamentales de las relaciones y los puntos de vista similares en relaci\u00f3n a diversos asuntos hemisf\u00e9ricos\u00bb.<\/div>\n","protected":false},"excerpt":{"rendered":"<p>El m\u00e1ximo funcionario de Estados Unidos para Am\u00e9rica Latina, Arturo Valenzuela, llegar\u00e1 hoy a la Argentina como parte de su primera gira por Sudam\u00e9rica. Ser\u00e1 recibido por el jefe de Gabinete, An\u00edbal Fern\u00e1ndez.\u00a0El arribo del enviado del presidente Barack Obama, asumido el mes pasado, ocurre en momentos en que la mayor\u00eda de los pa\u00edses del [&hellip;]<\/p>\n","protected":false},"author":1,"featured_media":0,"comment_status":"open","ping_status":"open","sticky":false,"template":"","format":"standard","meta":{"tdm_status":"","tdm_grid_status":"","footnotes":""},"categories":[36],"tags":[],"class_list":{"0":"post-7509","1":"post","2":"type-post","3":"status-publish","4":"format-standard","6":"category-politica"},"yoast_head":"<!-- This site is optimized with the Yoast SEO plugin v25.1 - https:\/\/yoast.com\/wordpress\/plugins\/seo\/ -->\n<title>Llega a Sudam\u00e9rica el enviado de Obama para Am\u00e9rica Latina<\/title>\n<meta name=\"description\" content=\"Portal de noticias del Per\u00fa sobre el transporte a\u00e9reo, aviaci\u00f3n, turismo, hoteleria, actualidad.\" \/>\n<meta name=\"robots\" content=\"index, follow, max-snippet:-1, max-image-preview:large, max-video-preview:-1\" \/>\n<link rel=\"canonical\" href=\"https:\/\/aeronoticias.com.pe\/noticiero\/politica\/llega-a-sudamerica-el-enviado-de-obama-para-america-latina\/\" \/>\n<meta property=\"og:locale\" content=\"es_ES\" \/>\n<meta property=\"og:type\" content=\"article\" \/>\n<meta property=\"og:title\" content=\"Llega a Sudam\u00e9rica el enviado de Obama para Am\u00e9rica Latina\" \/>\n<meta property=\"og:description\" content=\"Portal de noticias del Per\u00fa sobre el transporte a\u00e9reo, aviaci\u00f3n, turismo, hoteleria, actualidad.\" \/>\n<meta property=\"og:url\" content=\"https:\/\/aeronoticias.com.pe\/noticiero\/politica\/llega-a-sudamerica-el-enviado-de-obama-para-america-latina\/\" \/>\n<meta property=\"og:site_name\" content=\"Aeronoticias.com.pe\" \/>\n<meta property=\"article:publisher\" content=\"https:\/\/www.facebook.com\/Aeronoticias.com.pe\/\" \/>\n<meta property=\"article:published_time\" content=\"2009-12-15T13:56:39+00:00\" \/>\n<meta name=\"author\" content=\"Redacci\u00f3n Aeronoticias\" \/>\n<meta name=\"twitter:card\" content=\"summary_large_image\" \/>\n<meta name=\"twitter:creator\" content=\"@aeronoticias\" \/>\n<meta name=\"twitter:site\" content=\"@aeronoticias\" \/>\n<meta name=\"twitter:label1\" content=\"Escrito por\" \/>\n\t<meta name=\"twitter:data1\" content=\"Redacci\u00f3n Aeronoticias\" \/>\n\t<meta name=\"twitter:label2\" content=\"Tiempo de lectura\" \/>\n\t<meta name=\"twitter:data2\" content=\"4 minutos\" \/>\n<script type=\"application\/ld+json\" class=\"yoast-schema-graph\">{\"@context\":\"https:\/\/schema.org\",\"@graph\":[{\"@type\":\"WebPage\",\"@id\":\"https:\/\/aeronoticias.com.pe\/noticiero\/politica\/llega-a-sudamerica-el-enviado-de-obama-para-america-latina\/\",\"url\":\"https:\/\/aeronoticias.com.pe\/noticiero\/politica\/llega-a-sudamerica-el-enviado-de-obama-para-america-latina\/\",\"name\":\"Llega a Sudam\u00e9rica el enviado de Obama para Am\u00e9rica Latina\",\"isPartOf\":{\"@id\":\"https:\/\/aeronoticias.com.pe\/noticiero\/#website\"},\"datePublished\":\"2009-12-15T13:56:39+00:00\",\"author\":{\"@id\":\"https:\/\/aeronoticias.com.pe\/noticiero\/#\/schema\/person\/fc1e5d578f4b62ba1cf7ac2bba1170a0\"},\"description\":\"Portal de noticias del Per\u00fa sobre el transporte a\u00e9reo, aviaci\u00f3n, turismo, hoteleria, actualidad.\",\"breadcrumb\":{\"@id\":\"https:\/\/aeronoticias.com.pe\/noticiero\/politica\/llega-a-sudamerica-el-enviado-de-obama-para-america-latina\/#breadcrumb\"},\"inLanguage\":\"es\",\"potentialAction\":[{\"@type\":\"ReadAction\",\"target\":[\"https:\/\/aeronoticias.com.pe\/noticiero\/politica\/llega-a-sudamerica-el-enviado-de-obama-para-america-latina\/\"]}]},{\"@type\":\"BreadcrumbList\",\"@id\":\"https:\/\/aeronoticias.com.pe\/noticiero\/politica\/llega-a-sudamerica-el-enviado-de-obama-para-america-latina\/#breadcrumb\",\"itemListElement\":[{\"@type\":\"ListItem\",\"position\":1,\"name\":\"Portada\",\"item\":\"https:\/\/aeronoticias.com.pe\/noticiero\/\"},{\"@type\":\"ListItem\",\"position\":2,\"name\":\"Llega a Sudam\u00e9rica el enviado de Obama para Am\u00e9rica Latina\"}]},{\"@type\":\"WebSite\",\"@id\":\"https:\/\/aeronoticias.com.pe\/noticiero\/#website\",\"url\":\"https:\/\/aeronoticias.com.pe\/noticiero\/\",\"name\":\"Aeronoticias.com.pe\",\"description\":\"Noticias de tranporte aereo, turismo, hoteles, gastronomia, actualidad, internacional\",\"potentialAction\":[{\"@type\":\"SearchAction\",\"target\":{\"@type\":\"EntryPoint\",\"urlTemplate\":\"https:\/\/aeronoticias.com.pe\/noticiero\/?s={search_term_string}\"},\"query-input\":{\"@type\":\"PropertyValueSpecification\",\"valueRequired\":true,\"valueName\":\"search_term_string\"}}],\"inLanguage\":\"es\"},{\"@type\":\"Person\",\"@id\":\"https:\/\/aeronoticias.com.pe\/noticiero\/#\/schema\/person\/fc1e5d578f4b62ba1cf7ac2bba1170a0\",\"name\":\"Redacci\u00f3n Aeronoticias\",\"url\":\"https:\/\/aeronoticias.com.pe\/noticiero\/author\/piloto\/\"}]}<\/script>\n<!-- \/ Yoast SEO plugin. -->","yoast_head_json":{"title":"Llega a Sudam\u00e9rica el enviado de Obama para Am\u00e9rica Latina","description":"Portal de noticias del Per\u00fa sobre el transporte a\u00e9reo, aviaci\u00f3n, turismo, hoteleria, actualidad.","robots":{"index":"index","follow":"follow","max-snippet":"max-snippet:-1","max-image-preview":"max-image-preview:large","max-video-preview":"max-video-preview:-1"},"canonical":"https:\/\/aeronoticias.com.pe\/noticiero\/politica\/llega-a-sudamerica-el-enviado-de-obama-para-america-latina\/","og_locale":"es_ES","og_type":"article","og_title":"Llega a Sudam\u00e9rica el enviado de Obama para Am\u00e9rica Latina","og_description":"Portal de noticias del Per\u00fa sobre el transporte a\u00e9reo, aviaci\u00f3n, turismo, hoteleria, actualidad.","og_url":"https:\/\/aeronoticias.com.pe\/noticiero\/politica\/llega-a-sudamerica-el-enviado-de-obama-para-america-latina\/","og_site_name":"Aeronoticias.com.pe","article_publisher":"https:\/\/www.facebook.com\/Aeronoticias.com.pe\/","article_published_time":"2009-12-15T13:56:39+00:00","author":"Redacci\u00f3n Aeronoticias","twitter_card":"summary_large_image","twitter_creator":"@aeronoticias","twitter_site":"@aeronoticias","twitter_misc":{"Escrito por":"Redacci\u00f3n Aeronoticias","Tiempo de lectura":"4 minutos"},"schema":{"@context":"https:\/\/schema.org","@graph":[{"@type":"WebPage","@id":"https:\/\/aeronoticias.com.pe\/noticiero\/politica\/llega-a-sudamerica-el-enviado-de-obama-para-america-latina\/","url":"https:\/\/aeronoticias.com.pe\/noticiero\/politica\/llega-a-sudamerica-el-enviado-de-obama-para-america-latina\/","name":"Llega a Sudam\u00e9rica el enviado de Obama para Am\u00e9rica Latina","isPartOf":{"@id":"https:\/\/aeronoticias.com.pe\/noticiero\/#website"},"datePublished":"2009-12-15T13:56:39+00:00","author":{"@id":"https:\/\/aeronoticias.com.pe\/noticiero\/#\/schema\/person\/fc1e5d578f4b62ba1cf7ac2bba1170a0"},"description":"Portal de noticias del Per\u00fa sobre el transporte a\u00e9reo, aviaci\u00f3n, turismo, hoteleria, actualidad.","breadcrumb":{"@id":"https:\/\/aeronoticias.com.pe\/noticiero\/politica\/llega-a-sudamerica-el-enviado-de-obama-para-america-latina\/#breadcrumb"},"inLanguage":"es","potentialAction":[{"@type":"ReadAction","target":["https:\/\/aeronoticias.com.pe\/noticiero\/politica\/llega-a-sudamerica-el-enviado-de-obama-para-america-latina\/"]}]},{"@type":"BreadcrumbList","@id":"https:\/\/aeronoticias.com.pe\/noticiero\/politica\/llega-a-sudamerica-el-enviado-de-obama-para-america-latina\/#breadcrumb","itemListElement":[{"@type":"ListItem","position":1,"name":"Portada","item":"https:\/\/aeronoticias.com.pe\/noticiero\/"},{"@type":"ListItem","position":2,"name":"Llega a Sudam\u00e9rica el enviado de Obama para Am\u00e9rica Latina"}]},{"@type":"WebSite","@id":"https:\/\/aeronoticias.com.pe\/noticiero\/#website","url":"https:\/\/aeronoticias.com.pe\/noticiero\/","name":"Aeronoticias.com.pe","description":"Noticias de tranporte aereo, turismo, hoteles, gastronomia, actualidad, internacional","potentialAction":[{"@type":"SearchAction","target":{"@type":"EntryPoint","urlTemplate":"https:\/\/aeronoticias.com.pe\/noticiero\/?s={search_term_string}"},"query-input":{"@type":"PropertyValueSpecification","valueRequired":true,"valueName":"search_term_string"}}],"inLanguage":"es"},{"@type":"Person","@id":"https:\/\/aeronoticias.com.pe\/noticiero\/#\/schema\/person\/fc1e5d578f4b62ba1cf7ac2bba1170a0","name":"Redacci\u00f3n Aeronoticias","url":"https:\/\/aeronoticias.com.pe\/noticiero\/author\/piloto\/"}]}},"_links":{"self":[{"href":"https:\/\/aeronoticias.com.pe\/noticiero\/wp-json\/wp\/v2\/posts\/7509","targetHints":{"allow":["GET"]}}],"collection":[{"href":"https:\/\/aeronoticias.com.pe\/noticiero\/wp-json\/wp\/v2\/posts"}],"about":[{"href":"https:\/\/aeronoticias.com.pe\/noticiero\/wp-json\/wp\/v2\/types\/post"}],"author":[{"embeddable":true,"href":"https:\/\/aeronoticias.com.pe\/noticiero\/wp-json\/wp\/v2\/users\/1"}],"replies":[{"embeddable":true,"href":"https:\/\/aeronoticias.com.pe\/noticiero\/wp-json\/wp\/v2\/comments?post=7509"}],"version-history":[{"count":0,"href":"https:\/\/aeronoticias.com.pe\/noticiero\/wp-json\/wp\/v2\/posts\/7509\/revisions"}],"wp:attachment":[{"href":"https:\/\/aeronoticias.com.pe\/noticiero\/wp-json\/wp\/v2\/media?parent=7509"}],"wp:term":[{"taxonomy":"category","embeddable":true,"href":"https:\/\/aeronoticias.com.pe\/noticiero\/wp-json\/wp\/v2\/categories?post=7509"},{"taxonomy":"post_tag","embeddable":true,"href":"https:\/\/aeronoticias.com.pe\/noticiero\/wp-json\/wp\/v2\/tags?post=7509"}],"curies":[{"name":"wp","href":"https:\/\/api.w.org\/{rel}","templated":true}]}}