{"id":7513,"date":"2009-12-15T14:22:54","date_gmt":"2009-12-15T14:22:54","guid":{"rendered":"http:\/\/desarrollo.mcvicious.com\/aero2020\/2009\/12\/15\/coche-bomba-estalla-en-mercado-del-centro-de-pakistan-al-menos-18-muertos\/"},"modified":"2009-12-15T14:22:54","modified_gmt":"2009-12-15T14:22:54","slug":"coche-bomba-estalla-en-mercado-del-centro-de-pakistan-al-menos-18-muertos","status":"publish","type":"post","link":"https:\/\/aeronoticias.com.pe\/noticiero\/49\/coche-bomba-estalla-en-mercado-del-centro-de-pakistan-al-menos-18-muertos\/","title":{"rendered":"Coche bomba estalla en mercado del centro de Pakist\u00e1n: al menos 18 muertos"},"content":{"rendered":"<div style=\"text-align: justify\">Al menos 18 personas murieron y 35 resultaron heridas al estallar este martes un coche bomba en un mercado de Dera Ghazi Jan, en el centro de Pakist\u00e1n, indic\u00f3 a la AFP un responsable del ministerio de Salud.<\/p>\n<\/div>\n<div style=\"text-align: justify\">\u00abAl menos 18 personas murieron y 35 sufrieron heridas por la explosi\u00f3n en el mercado\u00bb, dijo el responsable de salud del distrito de Dera Ghazi Jan, el doctor Pervez Haider.<\/p>\n<div style=\"text-align: center\"><img decoding=\"async\" src=\"images\/stories\/09\/12\/151209\/carbomba.jpg\" border=\"0\" alt=\"Coche bomba estalla en mercado del centro de Pakist\u00e1n: al menos 18 muertos\" title=\"Coche bomba estalla en mercado del centro de Pakist\u00e1n: al menos 18 muertos\" \/><\/div>\n<p><\/div>\n<div style=\"text-align: justify\">\u00abHemos declarado el estado de emergencia y el hospital est\u00e1 repleto de gente que busca a familiares\u00bb, a\u00f1adi\u00f3.<\/div>\n<div style=\"text-align: justify\">El atentado no fue reivindicado, pero la gran mayor\u00eda de los ataques que han dejado m\u00e1s de 2.700 muertos en el pa\u00eds desde le verano boreal de 2007 fue perpetrada por el Movimiento de los Talibanes de Pakist\u00e1n (TTP), aliado de la red islamista Al Qaida, o por otros grupos afines.<\/div>\n<div style=\"text-align: justify\"><\/div>\n","protected":false},"excerpt":{"rendered":"<p>Al menos 18 personas murieron y 35 resultaron heridas al estallar este martes un coche bomba en un mercado de Dera Ghazi Jan, en el centro de Pakist\u00e1n, indic\u00f3 a la AFP un responsable del ministerio de Salud. \u00abAl menos 18 personas murieron y 35 sufrieron heridas por la explosi\u00f3n en el mercado\u00bb, dijo el [&hellip;]<\/p>\n","protected":false},"author":1,"featured_media":0,"comment_status":"open","ping_status":"open","sticky":false,"template":"","format":"standard","meta":{"tdm_status":"","tdm_grid_status":"","footnotes":""},"categories":[39],"tags":[],"class_list":{"0":"post-7513","1":"post","2":"type-post","3":"status-publish","4":"format-standard","6":"category-39"},"yoast_head":"<!-- This site is optimized with the Yoast SEO plugin v25.1 - https:\/\/yoast.com\/wordpress\/plugins\/seo\/ -->\n<title>Coche bomba estalla en mercado del centro de Pakist\u00e1n: al menos 18 muertos<\/title>\n<meta name=\"description\" content=\"Portal de noticias del Per\u00fa sobre el transporte a\u00e9reo, aviaci\u00f3n, turismo, hoteleria, actualidad.\" \/>\n<meta name=\"robots\" content=\"index, follow, max-snippet:-1, max-image-preview:large, max-video-preview:-1\" \/>\n<link rel=\"canonical\" href=\"https:\/\/aeronoticias.com.pe\/noticiero\/49\/coche-bomba-estalla-en-mercado-del-centro-de-pakistan-al-menos-18-muertos\/\" \/>\n<meta property=\"og:locale\" content=\"es_ES\" \/>\n<meta property=\"og:type\" content=\"article\" \/>\n<meta property=\"og:title\" content=\"Coche bomba estalla en mercado del centro de Pakist\u00e1n: al menos 18 muertos\" \/>\n<meta property=\"og:description\" content=\"Portal de noticias del Per\u00fa sobre el transporte a\u00e9reo, aviaci\u00f3n, turismo, hoteleria, actualidad.\" \/>\n<meta property=\"og:url\" content=\"https:\/\/aeronoticias.com.pe\/noticiero\/49\/coche-bomba-estalla-en-mercado-del-centro-de-pakistan-al-menos-18-muertos\/\" \/>\n<meta property=\"og:site_name\" content=\"Aeronoticias.com.pe\" \/>\n<meta property=\"article:publisher\" content=\"https:\/\/www.facebook.com\/Aeronoticias.com.pe\/\" \/>\n<meta property=\"article:published_time\" content=\"2009-12-15T14:22:54+00:00\" \/>\n<meta name=\"author\" content=\"Redacci\u00f3n Aeronoticias\" \/>\n<meta name=\"twitter:card\" content=\"summary_large_image\" \/>\n<meta name=\"twitter:creator\" content=\"@aeronoticias\" \/>\n<meta name=\"twitter:site\" content=\"@aeronoticias\" \/>\n<meta name=\"twitter:label1\" content=\"Escrito por\" \/>\n\t<meta name=\"twitter:data1\" content=\"Redacci\u00f3n Aeronoticias\" \/>\n\t<meta name=\"twitter:label2\" content=\"Tiempo de lectura\" \/>\n\t<meta name=\"twitter:data2\" content=\"1 minuto\" \/>\n<script type=\"application\/ld+json\" class=\"yoast-schema-graph\">{\"@context\":\"https:\/\/schema.org\",\"@graph\":[{\"@type\":\"WebPage\",\"@id\":\"https:\/\/aeronoticias.com.pe\/noticiero\/49\/coche-bomba-estalla-en-mercado-del-centro-de-pakistan-al-menos-18-muertos\/\",\"url\":\"https:\/\/aeronoticias.com.pe\/noticiero\/49\/coche-bomba-estalla-en-mercado-del-centro-de-pakistan-al-menos-18-muertos\/\",\"name\":\"Coche bomba estalla en mercado del centro de Pakist\u00e1n: al menos 18 muertos\",\"isPartOf\":{\"@id\":\"https:\/\/aeronoticias.com.pe\/noticiero\/#website\"},\"datePublished\":\"2009-12-15T14:22:54+00:00\",\"author\":{\"@id\":\"https:\/\/aeronoticias.com.pe\/noticiero\/#\/schema\/person\/fc1e5d578f4b62ba1cf7ac2bba1170a0\"},\"description\":\"Portal de noticias del Per\u00fa sobre el transporte a\u00e9reo, aviaci\u00f3n, turismo, hoteleria, actualidad.\",\"breadcrumb\":{\"@id\":\"https:\/\/aeronoticias.com.pe\/noticiero\/49\/coche-bomba-estalla-en-mercado-del-centro-de-pakistan-al-menos-18-muertos\/#breadcrumb\"},\"inLanguage\":\"es\",\"potentialAction\":[{\"@type\":\"ReadAction\",\"target\":[\"https:\/\/aeronoticias.com.pe\/noticiero\/49\/coche-bomba-estalla-en-mercado-del-centro-de-pakistan-al-menos-18-muertos\/\"]}]},{\"@type\":\"BreadcrumbList\",\"@id\":\"https:\/\/aeronoticias.com.pe\/noticiero\/49\/coche-bomba-estalla-en-mercado-del-centro-de-pakistan-al-menos-18-muertos\/#breadcrumb\",\"itemListElement\":[{\"@type\":\"ListItem\",\"position\":1,\"name\":\"Portada\",\"item\":\"https:\/\/aeronoticias.com.pe\/noticiero\/\"},{\"@type\":\"ListItem\",\"position\":2,\"name\":\"Coche bomba estalla en mercado del centro de Pakist\u00e1n: al menos 18 muertos\"}]},{\"@type\":\"WebSite\",\"@id\":\"https:\/\/aeronoticias.com.pe\/noticiero\/#website\",\"url\":\"https:\/\/aeronoticias.com.pe\/noticiero\/\",\"name\":\"Aeronoticias.com.pe\",\"description\":\"Noticias de tranporte aereo, turismo, hoteles, gastronomia, actualidad, internacional\",\"potentialAction\":[{\"@type\":\"SearchAction\",\"target\":{\"@type\":\"EntryPoint\",\"urlTemplate\":\"https:\/\/aeronoticias.com.pe\/noticiero\/?s={search_term_string}\"},\"query-input\":{\"@type\":\"PropertyValueSpecification\",\"valueRequired\":true,\"valueName\":\"search_term_string\"}}],\"inLanguage\":\"es\"},{\"@type\":\"Person\",\"@id\":\"https:\/\/aeronoticias.com.pe\/noticiero\/#\/schema\/person\/fc1e5d578f4b62ba1cf7ac2bba1170a0\",\"name\":\"Redacci\u00f3n Aeronoticias\",\"url\":\"https:\/\/aeronoticias.com.pe\/noticiero\/author\/piloto\/\"}]}<\/script>\n<!-- \/ Yoast SEO plugin. -->","yoast_head_json":{"title":"Coche bomba estalla en mercado del centro de Pakist\u00e1n: al menos 18 muertos","description":"Portal de noticias del Per\u00fa sobre el transporte a\u00e9reo, aviaci\u00f3n, turismo, hoteleria, actualidad.","robots":{"index":"index","follow":"follow","max-snippet":"max-snippet:-1","max-image-preview":"max-image-preview:large","max-video-preview":"max-video-preview:-1"},"canonical":"https:\/\/aeronoticias.com.pe\/noticiero\/49\/coche-bomba-estalla-en-mercado-del-centro-de-pakistan-al-menos-18-muertos\/","og_locale":"es_ES","og_type":"article","og_title":"Coche bomba estalla en mercado del centro de Pakist\u00e1n: al menos 18 muertos","og_description":"Portal de noticias del Per\u00fa sobre el transporte a\u00e9reo, aviaci\u00f3n, turismo, hoteleria, actualidad.","og_url":"https:\/\/aeronoticias.com.pe\/noticiero\/49\/coche-bomba-estalla-en-mercado-del-centro-de-pakistan-al-menos-18-muertos\/","og_site_name":"Aeronoticias.com.pe","article_publisher":"https:\/\/www.facebook.com\/Aeronoticias.com.pe\/","article_published_time":"2009-12-15T14:22:54+00:00","author":"Redacci\u00f3n Aeronoticias","twitter_card":"summary_large_image","twitter_creator":"@aeronoticias","twitter_site":"@aeronoticias","twitter_misc":{"Escrito por":"Redacci\u00f3n Aeronoticias","Tiempo de lectura":"1 minuto"},"schema":{"@context":"https:\/\/schema.org","@graph":[{"@type":"WebPage","@id":"https:\/\/aeronoticias.com.pe\/noticiero\/49\/coche-bomba-estalla-en-mercado-del-centro-de-pakistan-al-menos-18-muertos\/","url":"https:\/\/aeronoticias.com.pe\/noticiero\/49\/coche-bomba-estalla-en-mercado-del-centro-de-pakistan-al-menos-18-muertos\/","name":"Coche bomba estalla en mercado del centro de Pakist\u00e1n: al menos 18 muertos","isPartOf":{"@id":"https:\/\/aeronoticias.com.pe\/noticiero\/#website"},"datePublished":"2009-12-15T14:22:54+00:00","author":{"@id":"https:\/\/aeronoticias.com.pe\/noticiero\/#\/schema\/person\/fc1e5d578f4b62ba1cf7ac2bba1170a0"},"description":"Portal de noticias del Per\u00fa sobre el transporte a\u00e9reo, aviaci\u00f3n, turismo, hoteleria, actualidad.","breadcrumb":{"@id":"https:\/\/aeronoticias.com.pe\/noticiero\/49\/coche-bomba-estalla-en-mercado-del-centro-de-pakistan-al-menos-18-muertos\/#breadcrumb"},"inLanguage":"es","potentialAction":[{"@type":"ReadAction","target":["https:\/\/aeronoticias.com.pe\/noticiero\/49\/coche-bomba-estalla-en-mercado-del-centro-de-pakistan-al-menos-18-muertos\/"]}]},{"@type":"BreadcrumbList","@id":"https:\/\/aeronoticias.com.pe\/noticiero\/49\/coche-bomba-estalla-en-mercado-del-centro-de-pakistan-al-menos-18-muertos\/#breadcrumb","itemListElement":[{"@type":"ListItem","position":1,"name":"Portada","item":"https:\/\/aeronoticias.com.pe\/noticiero\/"},{"@type":"ListItem","position":2,"name":"Coche bomba estalla en mercado del centro de Pakist\u00e1n: al menos 18 muertos"}]},{"@type":"WebSite","@id":"https:\/\/aeronoticias.com.pe\/noticiero\/#website","url":"https:\/\/aeronoticias.com.pe\/noticiero\/","name":"Aeronoticias.com.pe","description":"Noticias de tranporte aereo, turismo, hoteles, gastronomia, actualidad, internacional","potentialAction":[{"@type":"SearchAction","target":{"@type":"EntryPoint","urlTemplate":"https:\/\/aeronoticias.com.pe\/noticiero\/?s={search_term_string}"},"query-input":{"@type":"PropertyValueSpecification","valueRequired":true,"valueName":"search_term_string"}}],"inLanguage":"es"},{"@type":"Person","@id":"https:\/\/aeronoticias.com.pe\/noticiero\/#\/schema\/person\/fc1e5d578f4b62ba1cf7ac2bba1170a0","name":"Redacci\u00f3n Aeronoticias","url":"https:\/\/aeronoticias.com.pe\/noticiero\/author\/piloto\/"}]}},"_links":{"self":[{"href":"https:\/\/aeronoticias.com.pe\/noticiero\/wp-json\/wp\/v2\/posts\/7513","targetHints":{"allow":["GET"]}}],"collection":[{"href":"https:\/\/aeronoticias.com.pe\/noticiero\/wp-json\/wp\/v2\/posts"}],"about":[{"href":"https:\/\/aeronoticias.com.pe\/noticiero\/wp-json\/wp\/v2\/types\/post"}],"author":[{"embeddable":true,"href":"https:\/\/aeronoticias.com.pe\/noticiero\/wp-json\/wp\/v2\/users\/1"}],"replies":[{"embeddable":true,"href":"https:\/\/aeronoticias.com.pe\/noticiero\/wp-json\/wp\/v2\/comments?post=7513"}],"version-history":[{"count":0,"href":"https:\/\/aeronoticias.com.pe\/noticiero\/wp-json\/wp\/v2\/posts\/7513\/revisions"}],"wp:attachment":[{"href":"https:\/\/aeronoticias.com.pe\/noticiero\/wp-json\/wp\/v2\/media?parent=7513"}],"wp:term":[{"taxonomy":"category","embeddable":true,"href":"https:\/\/aeronoticias.com.pe\/noticiero\/wp-json\/wp\/v2\/categories?post=7513"},{"taxonomy":"post_tag","embeddable":true,"href":"https:\/\/aeronoticias.com.pe\/noticiero\/wp-json\/wp\/v2\/tags?post=7513"}],"curies":[{"name":"wp","href":"https:\/\/api.w.org\/{rel}","templated":true}]}}