{"id":7514,"date":"2009-12-15T14:40:03","date_gmt":"2009-12-15T14:40:03","guid":{"rendered":"http:\/\/desarrollo.mcvicious.com\/aero2020\/2009\/12\/15\/ministro-rafael-rey-hablara-hoy-sobre-los-tanques-chinos\/"},"modified":"2009-12-15T14:40:03","modified_gmt":"2009-12-15T14:40:03","slug":"ministro-rafael-rey-hablara-hoy-sobre-los-tanques-chinos","status":"publish","type":"post","link":"https:\/\/aeronoticias.com.pe\/noticiero\/nacionales\/ministro-rafael-rey-hablara-hoy-sobre-los-tanques-chinos\/","title":{"rendered":"Ministro Rafael Rey hablar\u00e1 hoy sobre los tanques chinos"},"content":{"rendered":"<div style=\"text-align: justify\">Seg\u00fan se afirma la Comisi\u00f3n de Defensa del Congreso \u2013que preside Luis Negreiros Criado (PAP)- ha dejado sin piso a la subcomisi\u00f3n del Congreso encargada del seguimiento a las recientes adquisiciones \u2013motivo de pol\u00e9mica- hechas por las Fuerzas Armadas y la Polic\u00eda Nacional, y ya hoy a las 8:20 de la ma\u00f1ana habr\u00eda sido citado el Ministro de Defensa del Per\u00fa Rafael Rey.<\/p>\n<\/div>\n<div style=\"text-align: justify\">Rey fue citado por la Comisi\u00f3n para que informe acerca del proceso de compra de los tanques Chinos para el Ej\u00e9rcito del Per\u00fa, adem\u00e1s reafirm\u00f3 ayer que el gobierno Peruano ha iniciado las negociaciones de compra de tranques MBT-2000 de origen chino, y adelant\u00f3 que la firma del contrato final podr\u00eda darse aun hasta el 30 de enero del pr\u00f3ximo a\u00f1o.<\/p>\n<div style=\"text-align: center\"><img decoding=\"async\" src=\"images\/stories\/rafaelrey.jpg\" border=\"0\" alt=\"Prensa de Porto Alegre visit\u00f3 Lima, Cusco y Machu Picchu  \" title=\"Prensa de Porto Alegre visit\u00f3 Lima, Cusco y Machu Picchu  \" \/><\/div>\n<p><\/div>\n<div style=\"text-align: justify\">A\u00fan se est\u00e1 en conversaciones afirm\u00f3, se est\u00e1n definiendo los precios finales, y si bien existe ya un precio \u201creferencial\u201d y los plazos a pagar, el Per\u00fa est\u00e1 tratando de que los fabricantes adicionen nuevos equipos tecnol\u00f3gicos a los veh\u00edculos de guerra.<\/p>\n<\/div>\n<div style=\"text-align: justify\"><strong>Aeronoticias<\/strong> considera que Rafael Rey es un pol\u00edtico de principios y valores y que m\u00e1s all\u00e1 de las suspicacias y de los errores es un hombre de bien y que sabr\u00e1 defender su punto de vista en relaci\u00f3n a la adquisici\u00f3n de los tanques chinos.<\/div>\n<div style=\"text-align: justify\"><\/div>\n","protected":false},"excerpt":{"rendered":"<p>Seg\u00fan se afirma la Comisi\u00f3n de Defensa del Congreso \u2013que preside Luis Negreiros Criado (PAP)- ha dejado sin piso a la subcomisi\u00f3n del Congreso encargada del seguimiento a las recientes adquisiciones \u2013motivo de pol\u00e9mica- hechas por las Fuerzas Armadas y la Polic\u00eda Nacional, y ya hoy a las 8:20 de la ma\u00f1ana habr\u00eda sido citado [&hellip;]<\/p>\n","protected":false},"author":1,"featured_media":0,"comment_status":"open","ping_status":"open","sticky":false,"template":"","format":"standard","meta":{"tdm_status":"","tdm_grid_status":"","footnotes":""},"categories":[38],"tags":[],"class_list":{"0":"post-7514","1":"post","2":"type-post","3":"status-publish","4":"format-standard","6":"category-nacionales"},"yoast_head":"<!-- This site is optimized with the Yoast SEO plugin v25.1 - https:\/\/yoast.com\/wordpress\/plugins\/seo\/ -->\n<title>Ministro Rafael Rey hablar\u00e1 hoy sobre los tanques chinos<\/title>\n<meta name=\"description\" content=\"Portal de noticias del Per\u00fa sobre el transporte a\u00e9reo, aviaci\u00f3n, turismo, hoteleria, actualidad.\" \/>\n<meta name=\"robots\" content=\"index, follow, max-snippet:-1, max-image-preview:large, max-video-preview:-1\" \/>\n<link rel=\"canonical\" href=\"https:\/\/aeronoticias.com.pe\/noticiero\/nacionales\/ministro-rafael-rey-hablara-hoy-sobre-los-tanques-chinos\/\" \/>\n<meta property=\"og:locale\" content=\"es_ES\" \/>\n<meta property=\"og:type\" content=\"article\" \/>\n<meta property=\"og:title\" content=\"Ministro Rafael Rey hablar\u00e1 hoy sobre los tanques chinos\" \/>\n<meta property=\"og:description\" content=\"Portal de noticias del Per\u00fa sobre el transporte a\u00e9reo, aviaci\u00f3n, turismo, hoteleria, actualidad.\" \/>\n<meta property=\"og:url\" content=\"https:\/\/aeronoticias.com.pe\/noticiero\/nacionales\/ministro-rafael-rey-hablara-hoy-sobre-los-tanques-chinos\/\" \/>\n<meta property=\"og:site_name\" content=\"Aeronoticias.com.pe\" \/>\n<meta property=\"article:publisher\" content=\"https:\/\/www.facebook.com\/Aeronoticias.com.pe\/\" \/>\n<meta property=\"article:published_time\" content=\"2009-12-15T14:40:03+00:00\" \/>\n<meta name=\"author\" content=\"Redacci\u00f3n Aeronoticias\" \/>\n<meta name=\"twitter:card\" content=\"summary_large_image\" \/>\n<meta name=\"twitter:creator\" content=\"@aeronoticias\" \/>\n<meta name=\"twitter:site\" content=\"@aeronoticias\" \/>\n<meta name=\"twitter:label1\" content=\"Escrito por\" \/>\n\t<meta name=\"twitter:data1\" content=\"Redacci\u00f3n Aeronoticias\" \/>\n\t<meta name=\"twitter:label2\" content=\"Tiempo de lectura\" \/>\n\t<meta name=\"twitter:data2\" content=\"1 minuto\" \/>\n<script type=\"application\/ld+json\" class=\"yoast-schema-graph\">{\"@context\":\"https:\/\/schema.org\",\"@graph\":[{\"@type\":\"WebPage\",\"@id\":\"https:\/\/aeronoticias.com.pe\/noticiero\/nacionales\/ministro-rafael-rey-hablara-hoy-sobre-los-tanques-chinos\/\",\"url\":\"https:\/\/aeronoticias.com.pe\/noticiero\/nacionales\/ministro-rafael-rey-hablara-hoy-sobre-los-tanques-chinos\/\",\"name\":\"Ministro Rafael Rey hablar\u00e1 hoy sobre los tanques chinos\",\"isPartOf\":{\"@id\":\"https:\/\/aeronoticias.com.pe\/noticiero\/#website\"},\"datePublished\":\"2009-12-15T14:40:03+00:00\",\"author\":{\"@id\":\"https:\/\/aeronoticias.com.pe\/noticiero\/#\/schema\/person\/fc1e5d578f4b62ba1cf7ac2bba1170a0\"},\"description\":\"Portal de noticias del Per\u00fa sobre el transporte a\u00e9reo, aviaci\u00f3n, turismo, hoteleria, actualidad.\",\"breadcrumb\":{\"@id\":\"https:\/\/aeronoticias.com.pe\/noticiero\/nacionales\/ministro-rafael-rey-hablara-hoy-sobre-los-tanques-chinos\/#breadcrumb\"},\"inLanguage\":\"es\",\"potentialAction\":[{\"@type\":\"ReadAction\",\"target\":[\"https:\/\/aeronoticias.com.pe\/noticiero\/nacionales\/ministro-rafael-rey-hablara-hoy-sobre-los-tanques-chinos\/\"]}]},{\"@type\":\"BreadcrumbList\",\"@id\":\"https:\/\/aeronoticias.com.pe\/noticiero\/nacionales\/ministro-rafael-rey-hablara-hoy-sobre-los-tanques-chinos\/#breadcrumb\",\"itemListElement\":[{\"@type\":\"ListItem\",\"position\":1,\"name\":\"Portada\",\"item\":\"https:\/\/aeronoticias.com.pe\/noticiero\/\"},{\"@type\":\"ListItem\",\"position\":2,\"name\":\"Ministro Rafael Rey hablar\u00e1 hoy sobre los tanques chinos\"}]},{\"@type\":\"WebSite\",\"@id\":\"https:\/\/aeronoticias.com.pe\/noticiero\/#website\",\"url\":\"https:\/\/aeronoticias.com.pe\/noticiero\/\",\"name\":\"Aeronoticias.com.pe\",\"description\":\"Noticias de tranporte aereo, turismo, hoteles, gastronomia, actualidad, internacional\",\"potentialAction\":[{\"@type\":\"SearchAction\",\"target\":{\"@type\":\"EntryPoint\",\"urlTemplate\":\"https:\/\/aeronoticias.com.pe\/noticiero\/?s={search_term_string}\"},\"query-input\":{\"@type\":\"PropertyValueSpecification\",\"valueRequired\":true,\"valueName\":\"search_term_string\"}}],\"inLanguage\":\"es\"},{\"@type\":\"Person\",\"@id\":\"https:\/\/aeronoticias.com.pe\/noticiero\/#\/schema\/person\/fc1e5d578f4b62ba1cf7ac2bba1170a0\",\"name\":\"Redacci\u00f3n Aeronoticias\",\"url\":\"https:\/\/aeronoticias.com.pe\/noticiero\/author\/piloto\/\"}]}<\/script>\n<!-- \/ Yoast SEO plugin. -->","yoast_head_json":{"title":"Ministro Rafael Rey hablar\u00e1 hoy sobre los tanques chinos","description":"Portal de noticias del Per\u00fa sobre el transporte a\u00e9reo, aviaci\u00f3n, turismo, hoteleria, actualidad.","robots":{"index":"index","follow":"follow","max-snippet":"max-snippet:-1","max-image-preview":"max-image-preview:large","max-video-preview":"max-video-preview:-1"},"canonical":"https:\/\/aeronoticias.com.pe\/noticiero\/nacionales\/ministro-rafael-rey-hablara-hoy-sobre-los-tanques-chinos\/","og_locale":"es_ES","og_type":"article","og_title":"Ministro Rafael Rey hablar\u00e1 hoy sobre los tanques chinos","og_description":"Portal de noticias del Per\u00fa sobre el transporte a\u00e9reo, aviaci\u00f3n, turismo, hoteleria, actualidad.","og_url":"https:\/\/aeronoticias.com.pe\/noticiero\/nacionales\/ministro-rafael-rey-hablara-hoy-sobre-los-tanques-chinos\/","og_site_name":"Aeronoticias.com.pe","article_publisher":"https:\/\/www.facebook.com\/Aeronoticias.com.pe\/","article_published_time":"2009-12-15T14:40:03+00:00","author":"Redacci\u00f3n Aeronoticias","twitter_card":"summary_large_image","twitter_creator":"@aeronoticias","twitter_site":"@aeronoticias","twitter_misc":{"Escrito por":"Redacci\u00f3n Aeronoticias","Tiempo de lectura":"1 minuto"},"schema":{"@context":"https:\/\/schema.org","@graph":[{"@type":"WebPage","@id":"https:\/\/aeronoticias.com.pe\/noticiero\/nacionales\/ministro-rafael-rey-hablara-hoy-sobre-los-tanques-chinos\/","url":"https:\/\/aeronoticias.com.pe\/noticiero\/nacionales\/ministro-rafael-rey-hablara-hoy-sobre-los-tanques-chinos\/","name":"Ministro Rafael Rey hablar\u00e1 hoy sobre los tanques chinos","isPartOf":{"@id":"https:\/\/aeronoticias.com.pe\/noticiero\/#website"},"datePublished":"2009-12-15T14:40:03+00:00","author":{"@id":"https:\/\/aeronoticias.com.pe\/noticiero\/#\/schema\/person\/fc1e5d578f4b62ba1cf7ac2bba1170a0"},"description":"Portal de noticias del Per\u00fa sobre el transporte a\u00e9reo, aviaci\u00f3n, turismo, hoteleria, actualidad.","breadcrumb":{"@id":"https:\/\/aeronoticias.com.pe\/noticiero\/nacionales\/ministro-rafael-rey-hablara-hoy-sobre-los-tanques-chinos\/#breadcrumb"},"inLanguage":"es","potentialAction":[{"@type":"ReadAction","target":["https:\/\/aeronoticias.com.pe\/noticiero\/nacionales\/ministro-rafael-rey-hablara-hoy-sobre-los-tanques-chinos\/"]}]},{"@type":"BreadcrumbList","@id":"https:\/\/aeronoticias.com.pe\/noticiero\/nacionales\/ministro-rafael-rey-hablara-hoy-sobre-los-tanques-chinos\/#breadcrumb","itemListElement":[{"@type":"ListItem","position":1,"name":"Portada","item":"https:\/\/aeronoticias.com.pe\/noticiero\/"},{"@type":"ListItem","position":2,"name":"Ministro Rafael Rey hablar\u00e1 hoy sobre los tanques chinos"}]},{"@type":"WebSite","@id":"https:\/\/aeronoticias.com.pe\/noticiero\/#website","url":"https:\/\/aeronoticias.com.pe\/noticiero\/","name":"Aeronoticias.com.pe","description":"Noticias de tranporte aereo, turismo, hoteles, gastronomia, actualidad, internacional","potentialAction":[{"@type":"SearchAction","target":{"@type":"EntryPoint","urlTemplate":"https:\/\/aeronoticias.com.pe\/noticiero\/?s={search_term_string}"},"query-input":{"@type":"PropertyValueSpecification","valueRequired":true,"valueName":"search_term_string"}}],"inLanguage":"es"},{"@type":"Person","@id":"https:\/\/aeronoticias.com.pe\/noticiero\/#\/schema\/person\/fc1e5d578f4b62ba1cf7ac2bba1170a0","name":"Redacci\u00f3n Aeronoticias","url":"https:\/\/aeronoticias.com.pe\/noticiero\/author\/piloto\/"}]}},"_links":{"self":[{"href":"https:\/\/aeronoticias.com.pe\/noticiero\/wp-json\/wp\/v2\/posts\/7514","targetHints":{"allow":["GET"]}}],"collection":[{"href":"https:\/\/aeronoticias.com.pe\/noticiero\/wp-json\/wp\/v2\/posts"}],"about":[{"href":"https:\/\/aeronoticias.com.pe\/noticiero\/wp-json\/wp\/v2\/types\/post"}],"author":[{"embeddable":true,"href":"https:\/\/aeronoticias.com.pe\/noticiero\/wp-json\/wp\/v2\/users\/1"}],"replies":[{"embeddable":true,"href":"https:\/\/aeronoticias.com.pe\/noticiero\/wp-json\/wp\/v2\/comments?post=7514"}],"version-history":[{"count":0,"href":"https:\/\/aeronoticias.com.pe\/noticiero\/wp-json\/wp\/v2\/posts\/7514\/revisions"}],"wp:attachment":[{"href":"https:\/\/aeronoticias.com.pe\/noticiero\/wp-json\/wp\/v2\/media?parent=7514"}],"wp:term":[{"taxonomy":"category","embeddable":true,"href":"https:\/\/aeronoticias.com.pe\/noticiero\/wp-json\/wp\/v2\/categories?post=7514"},{"taxonomy":"post_tag","embeddable":true,"href":"https:\/\/aeronoticias.com.pe\/noticiero\/wp-json\/wp\/v2\/tags?post=7514"}],"curies":[{"name":"wp","href":"https:\/\/api.w.org\/{rel}","templated":true}]}}