{"id":7515,"date":"2009-12-15T14:46:04","date_gmt":"2009-12-15T14:46:04","guid":{"rendered":"http:\/\/desarrollo.mcvicious.com\/aero2020\/2009\/12\/15\/la-onu-reduce-observadores-en-cumbre-de-copenhague\/"},"modified":"2009-12-15T14:46:04","modified_gmt":"2009-12-15T14:46:04","slug":"la-onu-reduce-observadores-en-cumbre-de-copenhague","status":"publish","type":"post","link":"https:\/\/aeronoticias.com.pe\/noticiero\/internacionales\/la-onu-reduce-observadores-en-cumbre-de-copenhague\/","title":{"rendered":"La ONU reduce observadores en Cumbre de Copenhague"},"content":{"rendered":"<div align=\"justify\">En una decisi\u00f3n que busca enfriar las tensiones la ONU redujo de forma dr\u00e1stica las acreditaciones de las ONG ante del desbordamiento del centro de conferencias.- \u00abEs importante que los pol\u00edticos sientan la presi\u00f3n y ahora van a tener menos\u00bb, dice una ecologista espa\u00f1ola. &#8211; De Boer admite la culpa en el caos organizativo.<\/p>\n<p>El secretario de la Convenci\u00f3n de Naciones Unidas contra el cambio clim\u00e1tico, Yvo de Boer, ha asumido hoy la culpa por la falta de previsi\u00f3n ante la masiva afluencia, que ha dejado a miles de personas sin poder acceder al centro de convenciones: \u00abYo soy el culpable. No puedes meter un pie de la talla 44 en zapato de la talla 30. Tenemos un centro de convenciones en el que caben 15.000 personas y tenemos 46.000 personas [acreditadas] que quieren estar aqu\u00ed. Eso es f\u00edsicamente imposible e inseguro. Supongo que pudimos parar las acreditaciones, pero pens\u00e9 que la gente entrar\u00eda y saldr\u00eda de la cumbre y que algunos estar\u00edan s\u00f3lo una semana. As\u00ed que decidimos acreditar a todos aunque no les garantizamos que fueran a poder entrar\u00bb. De Boer ha admitido el caos a la puerta del centro: \u00abS\u00e9 que la gente lleva horas en la puerta de forma inapropiada. Estoy haciendo todos los esfuerzos que puedo para que la gente entre lo m\u00e1s r\u00e1pidamente posible\u00bb.<\/p><\/div>\n<div align=\"justify\">\u00a0<\/div>\n<div align=\"justify\">\n<div style=\"text-align: center\"><img loading=\"lazy\" decoding=\"async\" src=\"images\/stories\/09\/12\/151209\/yvo-de-boer.jpg\" border=\"0\" alt=\"La ONU reduce observadores en Cumbre de Copenhague\" title=\"La ONU reduce observadores en Cumbre de Copenhague\" width=\"400\" height=\"285\" \/><\/div>\n<\/div>\n<div align=\"center\"><em>Yvo de Boer, <\/em><em>secretario de la Convenci\u00f3n de Naciones Unidas contra el cambio clim\u00e1tico. <\/em><\/div>\n<div align=\"justify\">\u00a0<\/div>\n<div align=\"justify\">Este centro de conferencias en Copenhague tiene capacidad para 15.000 personas y las personas acreditadas llegan a las 45.000, algunas de las cuales esperaron ayer m\u00e1s de cinco horas en la calle sin poder entrar. La decisi\u00f3n tomada por los organizadores ha sido reducir los cerca de 21.000 observadores a 7.000, para seguir recortando hasta quedarse en menos de cien el viernes. En el caso de Greenpeace, por ejemplo, la delegaci\u00f3n se reduce primero de 200 ecologistas a 50, y en los pr\u00f3ximos d\u00edas a s\u00f3lo unos pocos. Lo mismo ocurre con la delegaci\u00f3n del movimiento 350.org (el n\u00famero de partes por mill\u00f3n que piden que no rebase la concentraci\u00f3n de CO2 en la atm\u00f3sfera), que de los 350 miembros en Copenhague van a quedarse en poco menos de 50.<br \/>La espa\u00f1ola Mar Asunci\u00f3n, de WWF, es una de las que tiene que salir, como otros 90 de su organizaci\u00f3n, aunque explica que ir\u00e1n rotando los pases para poder entrar de vez en cuando. \u00abNo estamos nada contentos de que hayan reducido a los observadores, nosotros somos el reflejo y la voz de la sociedad civil\u00bb, comenta esta ecologista desde fuera del Bella Center, \u00abes importante que los pol\u00edticos sientan la presi\u00f3n y ahora van a tener menos presi\u00f3n\u00bb.<\/p>\n<p>Imprevisi\u00f3n en el Bella Center<br \/>Cuando hoy se repitan las largas colas en la puerta del centro de conferencias para acreditar a m\u00e1s gente -seg\u00fan los organizadores daneses, el m\u00e1s grande de Escandinavia-, pocos se explican por qu\u00e9 no se ha previsto esta situaci\u00f3n antes. \u00abEsto se sab\u00eda, est\u00e1bamos inscritos desde hace mucho tiempo\u00bb, lamenta Asunci\u00f3n, responsable de Cambio Clim\u00e1tico de WWF Espa\u00f1a, que aun as\u00ed no puede dejar de pensar en el avance de las negociaciones dentro del Bella Center. \u00abAquellos que ven\u00edamos a hacer un seguimiento de nuestros gobiernos no vamos a poder estar ah\u00ed de cont\u00ednuo, pero de todos modos los n\u00fameros importantes de reducci\u00f3n son los de emisiones del acuerdo que se alcance aqu\u00ed\u00bb.<\/p>\n<p>El bolet\u00edn diario de las ONG (el ECO), tambi\u00e9n lamentaba esta ma\u00f1ana esta situaci\u00f3n e invocaba a la Declaraci\u00f3n de R\u00edo sobre el Medio Ambiente y el Desarrollo, donde se defiende la importancia de la participaci\u00f3n de la sociedad civil. \u00abExcluir a la sociedad civil no ser\u00eda s\u00f3lo incompatible con los principios de Naciones Unidas. Ser\u00eda profundamente contraproducente para el esp\u00edritu de la conferencia y el valor pr\u00e1ctico de sus resultados\u00bb, se lee en el diario.<\/p>\n<p><strong>Aeronoticias<\/strong> considera que, el fracaso de la Cumbre de Copenhague es responsabilidad de los pa\u00edses ricos, quienes no entienden que se tiene que encontrar un consenso para evitar que el calentamiento global colapse el planeta en los pr\u00f3ximos a\u00f1os.<\/div>\n","protected":false},"excerpt":{"rendered":"<p>En una decisi\u00f3n que busca enfriar las tensiones la ONU redujo de forma dr\u00e1stica las acreditaciones de las ONG ante del desbordamiento del centro de conferencias.- \u00abEs importante que los pol\u00edticos sientan la presi\u00f3n y ahora van a tener menos\u00bb, dice una ecologista espa\u00f1ola. &#8211; De Boer admite la culpa en el caos organizativo. El [&hellip;]<\/p>\n","protected":false},"author":1,"featured_media":0,"comment_status":"open","ping_status":"open","sticky":false,"template":"","format":"standard","meta":{"tdm_status":"","tdm_grid_status":"","footnotes":""},"categories":[34],"tags":[],"class_list":{"0":"post-7515","1":"post","2":"type-post","3":"status-publish","4":"format-standard","6":"category-internacionales"},"yoast_head":"<!-- This site is optimized with the Yoast SEO plugin v25.1 - https:\/\/yoast.com\/wordpress\/plugins\/seo\/ -->\n<title>La ONU reduce observadores en Cumbre de Copenhague<\/title>\n<meta name=\"description\" content=\"Portal de noticias del Per\u00fa sobre el transporte a\u00e9reo, aviaci\u00f3n, turismo, hoteleria, actualidad.\" \/>\n<meta name=\"robots\" content=\"index, follow, max-snippet:-1, max-image-preview:large, max-video-preview:-1\" \/>\n<link rel=\"canonical\" href=\"https:\/\/aeronoticias.com.pe\/noticiero\/internacionales\/la-onu-reduce-observadores-en-cumbre-de-copenhague\/\" \/>\n<meta property=\"og:locale\" content=\"es_ES\" \/>\n<meta property=\"og:type\" content=\"article\" \/>\n<meta property=\"og:title\" content=\"La ONU reduce observadores en Cumbre de Copenhague\" \/>\n<meta property=\"og:description\" content=\"Portal de noticias del Per\u00fa sobre el transporte a\u00e9reo, aviaci\u00f3n, turismo, hoteleria, actualidad.\" \/>\n<meta property=\"og:url\" content=\"https:\/\/aeronoticias.com.pe\/noticiero\/internacionales\/la-onu-reduce-observadores-en-cumbre-de-copenhague\/\" \/>\n<meta property=\"og:site_name\" content=\"Aeronoticias.com.pe\" \/>\n<meta property=\"article:publisher\" content=\"https:\/\/www.facebook.com\/Aeronoticias.com.pe\/\" \/>\n<meta property=\"article:published_time\" content=\"2009-12-15T14:46:04+00:00\" \/>\n<meta name=\"author\" content=\"Redacci\u00f3n Aeronoticias\" \/>\n<meta name=\"twitter:card\" content=\"summary_large_image\" \/>\n<meta name=\"twitter:creator\" content=\"@aeronoticias\" \/>\n<meta name=\"twitter:site\" content=\"@aeronoticias\" \/>\n<meta name=\"twitter:label1\" content=\"Escrito por\" \/>\n\t<meta name=\"twitter:data1\" content=\"Redacci\u00f3n Aeronoticias\" \/>\n\t<meta name=\"twitter:label2\" content=\"Tiempo de lectura\" \/>\n\t<meta name=\"twitter:data2\" content=\"4 minutos\" \/>\n<script type=\"application\/ld+json\" class=\"yoast-schema-graph\">{\"@context\":\"https:\/\/schema.org\",\"@graph\":[{\"@type\":\"WebPage\",\"@id\":\"https:\/\/aeronoticias.com.pe\/noticiero\/internacionales\/la-onu-reduce-observadores-en-cumbre-de-copenhague\/\",\"url\":\"https:\/\/aeronoticias.com.pe\/noticiero\/internacionales\/la-onu-reduce-observadores-en-cumbre-de-copenhague\/\",\"name\":\"La ONU reduce observadores en Cumbre de Copenhague\",\"isPartOf\":{\"@id\":\"https:\/\/aeronoticias.com.pe\/noticiero\/#website\"},\"datePublished\":\"2009-12-15T14:46:04+00:00\",\"author\":{\"@id\":\"https:\/\/aeronoticias.com.pe\/noticiero\/#\/schema\/person\/fc1e5d578f4b62ba1cf7ac2bba1170a0\"},\"description\":\"Portal de noticias del Per\u00fa sobre el transporte a\u00e9reo, aviaci\u00f3n, turismo, hoteleria, actualidad.\",\"breadcrumb\":{\"@id\":\"https:\/\/aeronoticias.com.pe\/noticiero\/internacionales\/la-onu-reduce-observadores-en-cumbre-de-copenhague\/#breadcrumb\"},\"inLanguage\":\"es\",\"potentialAction\":[{\"@type\":\"ReadAction\",\"target\":[\"https:\/\/aeronoticias.com.pe\/noticiero\/internacionales\/la-onu-reduce-observadores-en-cumbre-de-copenhague\/\"]}]},{\"@type\":\"BreadcrumbList\",\"@id\":\"https:\/\/aeronoticias.com.pe\/noticiero\/internacionales\/la-onu-reduce-observadores-en-cumbre-de-copenhague\/#breadcrumb\",\"itemListElement\":[{\"@type\":\"ListItem\",\"position\":1,\"name\":\"Portada\",\"item\":\"https:\/\/aeronoticias.com.pe\/noticiero\/\"},{\"@type\":\"ListItem\",\"position\":2,\"name\":\"La ONU reduce observadores en Cumbre de Copenhague\"}]},{\"@type\":\"WebSite\",\"@id\":\"https:\/\/aeronoticias.com.pe\/noticiero\/#website\",\"url\":\"https:\/\/aeronoticias.com.pe\/noticiero\/\",\"name\":\"Aeronoticias.com.pe\",\"description\":\"Noticias de tranporte aereo, turismo, hoteles, gastronomia, actualidad, internacional\",\"potentialAction\":[{\"@type\":\"SearchAction\",\"target\":{\"@type\":\"EntryPoint\",\"urlTemplate\":\"https:\/\/aeronoticias.com.pe\/noticiero\/?s={search_term_string}\"},\"query-input\":{\"@type\":\"PropertyValueSpecification\",\"valueRequired\":true,\"valueName\":\"search_term_string\"}}],\"inLanguage\":\"es\"},{\"@type\":\"Person\",\"@id\":\"https:\/\/aeronoticias.com.pe\/noticiero\/#\/schema\/person\/fc1e5d578f4b62ba1cf7ac2bba1170a0\",\"name\":\"Redacci\u00f3n Aeronoticias\",\"url\":\"https:\/\/aeronoticias.com.pe\/noticiero\/author\/piloto\/\"}]}<\/script>\n<!-- \/ Yoast SEO plugin. -->","yoast_head_json":{"title":"La ONU reduce observadores en Cumbre de Copenhague","description":"Portal de noticias del Per\u00fa sobre el transporte a\u00e9reo, aviaci\u00f3n, turismo, hoteleria, actualidad.","robots":{"index":"index","follow":"follow","max-snippet":"max-snippet:-1","max-image-preview":"max-image-preview:large","max-video-preview":"max-video-preview:-1"},"canonical":"https:\/\/aeronoticias.com.pe\/noticiero\/internacionales\/la-onu-reduce-observadores-en-cumbre-de-copenhague\/","og_locale":"es_ES","og_type":"article","og_title":"La ONU reduce observadores en Cumbre de Copenhague","og_description":"Portal de noticias del Per\u00fa sobre el transporte a\u00e9reo, aviaci\u00f3n, turismo, hoteleria, actualidad.","og_url":"https:\/\/aeronoticias.com.pe\/noticiero\/internacionales\/la-onu-reduce-observadores-en-cumbre-de-copenhague\/","og_site_name":"Aeronoticias.com.pe","article_publisher":"https:\/\/www.facebook.com\/Aeronoticias.com.pe\/","article_published_time":"2009-12-15T14:46:04+00:00","author":"Redacci\u00f3n Aeronoticias","twitter_card":"summary_large_image","twitter_creator":"@aeronoticias","twitter_site":"@aeronoticias","twitter_misc":{"Escrito por":"Redacci\u00f3n Aeronoticias","Tiempo de lectura":"4 minutos"},"schema":{"@context":"https:\/\/schema.org","@graph":[{"@type":"WebPage","@id":"https:\/\/aeronoticias.com.pe\/noticiero\/internacionales\/la-onu-reduce-observadores-en-cumbre-de-copenhague\/","url":"https:\/\/aeronoticias.com.pe\/noticiero\/internacionales\/la-onu-reduce-observadores-en-cumbre-de-copenhague\/","name":"La ONU reduce observadores en Cumbre de Copenhague","isPartOf":{"@id":"https:\/\/aeronoticias.com.pe\/noticiero\/#website"},"datePublished":"2009-12-15T14:46:04+00:00","author":{"@id":"https:\/\/aeronoticias.com.pe\/noticiero\/#\/schema\/person\/fc1e5d578f4b62ba1cf7ac2bba1170a0"},"description":"Portal de noticias del Per\u00fa sobre el transporte a\u00e9reo, aviaci\u00f3n, turismo, hoteleria, actualidad.","breadcrumb":{"@id":"https:\/\/aeronoticias.com.pe\/noticiero\/internacionales\/la-onu-reduce-observadores-en-cumbre-de-copenhague\/#breadcrumb"},"inLanguage":"es","potentialAction":[{"@type":"ReadAction","target":["https:\/\/aeronoticias.com.pe\/noticiero\/internacionales\/la-onu-reduce-observadores-en-cumbre-de-copenhague\/"]}]},{"@type":"BreadcrumbList","@id":"https:\/\/aeronoticias.com.pe\/noticiero\/internacionales\/la-onu-reduce-observadores-en-cumbre-de-copenhague\/#breadcrumb","itemListElement":[{"@type":"ListItem","position":1,"name":"Portada","item":"https:\/\/aeronoticias.com.pe\/noticiero\/"},{"@type":"ListItem","position":2,"name":"La ONU reduce observadores en Cumbre de Copenhague"}]},{"@type":"WebSite","@id":"https:\/\/aeronoticias.com.pe\/noticiero\/#website","url":"https:\/\/aeronoticias.com.pe\/noticiero\/","name":"Aeronoticias.com.pe","description":"Noticias de tranporte aereo, turismo, hoteles, gastronomia, actualidad, internacional","potentialAction":[{"@type":"SearchAction","target":{"@type":"EntryPoint","urlTemplate":"https:\/\/aeronoticias.com.pe\/noticiero\/?s={search_term_string}"},"query-input":{"@type":"PropertyValueSpecification","valueRequired":true,"valueName":"search_term_string"}}],"inLanguage":"es"},{"@type":"Person","@id":"https:\/\/aeronoticias.com.pe\/noticiero\/#\/schema\/person\/fc1e5d578f4b62ba1cf7ac2bba1170a0","name":"Redacci\u00f3n Aeronoticias","url":"https:\/\/aeronoticias.com.pe\/noticiero\/author\/piloto\/"}]}},"_links":{"self":[{"href":"https:\/\/aeronoticias.com.pe\/noticiero\/wp-json\/wp\/v2\/posts\/7515","targetHints":{"allow":["GET"]}}],"collection":[{"href":"https:\/\/aeronoticias.com.pe\/noticiero\/wp-json\/wp\/v2\/posts"}],"about":[{"href":"https:\/\/aeronoticias.com.pe\/noticiero\/wp-json\/wp\/v2\/types\/post"}],"author":[{"embeddable":true,"href":"https:\/\/aeronoticias.com.pe\/noticiero\/wp-json\/wp\/v2\/users\/1"}],"replies":[{"embeddable":true,"href":"https:\/\/aeronoticias.com.pe\/noticiero\/wp-json\/wp\/v2\/comments?post=7515"}],"version-history":[{"count":0,"href":"https:\/\/aeronoticias.com.pe\/noticiero\/wp-json\/wp\/v2\/posts\/7515\/revisions"}],"wp:attachment":[{"href":"https:\/\/aeronoticias.com.pe\/noticiero\/wp-json\/wp\/v2\/media?parent=7515"}],"wp:term":[{"taxonomy":"category","embeddable":true,"href":"https:\/\/aeronoticias.com.pe\/noticiero\/wp-json\/wp\/v2\/categories?post=7515"},{"taxonomy":"post_tag","embeddable":true,"href":"https:\/\/aeronoticias.com.pe\/noticiero\/wp-json\/wp\/v2\/tags?post=7515"}],"curies":[{"name":"wp","href":"https:\/\/api.w.org\/{rel}","templated":true}]}}