{"id":7516,"date":"2009-12-15T15:05:14","date_gmt":"2009-12-15T15:05:14","guid":{"rendered":"http:\/\/desarrollo.mcvicious.com\/aero2020\/2009\/12\/15\/peru-un-pais-de-miradas-y-una-cultura-que-permanece-viva\/"},"modified":"2009-12-15T15:05:14","modified_gmt":"2009-12-15T15:05:14","slug":"peru-un-pais-de-miradas-y-una-cultura-que-permanece-viva","status":"publish","type":"post","link":"https:\/\/aeronoticias.com.pe\/noticiero\/turismo\/13\/peru-un-pais-de-miradas-y-una-cultura-que-permanece-viva\/","title":{"rendered":"Per\u00fa: un pa\u00eds de miradas y una cultura que permanece viva"},"content":{"rendered":"<div align=\"justify\">La fama de las tradiciones culturales peruanas obedece b\u00e1sicamente a calidad, a simbolismos y a la originalidad de productos hechos en casa, as\u00ed como\u00a0 los maravillosos legados de las antiguas culturas que poblaran este vasto territorio. Las muestras artesanales, folkl\u00f3ricas, gastron\u00f3micas, religiosas y festivas reflejan una actitud laboriosa y cordial, que los peruanos comparten de una manera muy particular con el mundo.<\/div>\n<div align=\"justify\">\n<div style=\"text-align: center\"><img decoding=\"async\" src=\"images\/stories\/09\/12\/151209\/cultura.jpg\" border=\"0\" alt=\"Per\u00fa: un pa\u00eds de miradas y una cultura que permanece viva\" title=\"Per\u00fa: un pa\u00eds de miradas y una cultura que permanece viva\" \/><\/div>\n<p>La cocina peruana en la actualidad goza de fama universal y es considerada como la mejor de Am\u00e9rica Latina. Su gran desenvolvimiento se basa en la crianza de platos con productos oriundos, gracias a la diversidad clim\u00e1tica del pa\u00eds y las t\u00e9cnicas agr\u00edcolas de plantaci\u00f3n y cosecha. Pero sobretodo, por la influencia a trav\u00e9s de los siglos, las contribuciones culturales regionales y las venidas del extranjero. Cantidad y calidad van de la mano al momento de ofrecer alimentos sabrosos, con sabores, colores, aromas y texturas incomparables en el mundo entero. Y es que precisamente, las delicias en frutas, granos, verduras, tub\u00e9rculos, peces, mariscos, aves y carnes, condimentadas con especias, hongos, licores y yerbas ( incluyendo algas marinas, en lo que refiere al tradicional cebiche) son capaces de satisfacer las mesas mas exigentes.<\/p>\n<p>Los lugares ideales para saborear las comidas regionales son los restaurantes llamados picanter\u00edas y cebicherias, sin dejar de lado a los populares huariques.<\/p>\n<p>Por otro lado est\u00e1n las\u00a0 festividades con sus imaginarios simb\u00f3licos y sus representaciones artesanales, que convierten la m\u00fasica y la coreograf\u00eda en verdaderas manifestaciones de jubilo para la multitud. Ya sea en las monta\u00f1as nevadas ,como en la celebraci\u00f3n del Se\u00f1or del Qoyllur Rittio en el recorrido de ciudades como en la procesi\u00f3n del Se\u00f1or de los Milagros, donde la fe del pueblo es indescriptible.<\/p>\n<p>Sin embargo, tambi\u00e9n la alegr\u00eda y la diversidad est\u00e1n presentes, como lo demuestran los festivales de la Vendimia o de la marinera. Igualmente, el turismo vivencial ofrece la posibilidad de convivir con algunas comunidades, a fin de participar de sus actividades cotidianas. De esta manera, el visitante podr\u00e1 concretar la singular experiencia de disfrutar en un solo viaje, las concepciones del mundo, los atractivos tur\u00edsticos, las fiestas y la gastronom\u00eda regional. Por sobretodo, cuando decida conocer al Per\u00fa de una manera m\u00e1s concientizada, disponga de un tiempo para vivenciar sus mas profundas manifestaciones culturales, lo cual es indispensable para descifrar quienes somos y lo que nos depara el futuro como Naci\u00f3n.<\/p><\/div>\n<div align=\"justify\">\u00a0<\/div>\n<div align=\"justify\">Chay asiy \u00f1awiykita<br \/> Yuyarispa<br \/> Utipuni.<\/p>\n<p> Chay pukllay \u00f1awiykita<br \/> Yuyarispa<br \/> Unquyman chayari.<\/p>\n<p> Tus ojos negros<br \/> Recordando<br \/> Enloquezco.<\/p>\n<p> Tus risue\u00f1os ojos<br \/> Recordando<br \/> Llego a la postraci\u00f3n <\/div>\n<div align=\"justify\">\u00a0<\/div>\n<div align=\"justify\">HARAY ARAWI( Canci\u00f3n)<\/div>\n<div align=\"justify\">Poema Quechua recogido por Huaman Poma de Ayala ( siglo XIV).<br \/> \u00a0\u00a0\u00a0\u00a0\u00a0\u00a0\u00a0\u00a0\u00a0\u00a0\u00a0\u00a0\u00a0\u00a0\u00a0\u00a0\u00a0\u00a0\u00a0\u00a0\u00a0\u00a0\u00a0\u00a0\u00a0\u00a0\u00a0\u00a0\u00a0\u00a0\u00a0\u00a0\u00a0\u00a0\u00a0\u00a0\u00a0\u00a0\u00a0\u00a0\u00a0\u00a0\u00a0\u00a0\u00a0\u00a0\u00a0\u00a0\u00a0\u00a0\u00a0\u00a0\u00a0\u00a0\u00a0\u00a0\u00a0\u00a0\u00a0\u00a0\u00a0\u00a0\u00a0\u00a0\u00a0\u00a0\u00a0\u00a0\u00a0\u00a0\u00a0\u00a0 <\/div>\n","protected":false},"excerpt":{"rendered":"<p>La fama de las tradiciones culturales peruanas obedece b\u00e1sicamente a calidad, a simbolismos y a la originalidad de productos hechos en casa, as\u00ed como\u00a0 los maravillosos legados de las antiguas culturas que poblaran este vasto territorio. Las muestras artesanales, folkl\u00f3ricas, gastron\u00f3micas, religiosas y festivas reflejan una actitud laboriosa y cordial, que los peruanos comparten de [&hellip;]<\/p>\n","protected":false},"author":1,"featured_media":0,"comment_status":"open","ping_status":"open","sticky":false,"template":"","format":"standard","meta":{"tdm_status":"","tdm_grid_status":"","footnotes":""},"categories":[31],"tags":[],"class_list":{"0":"post-7516","1":"post","2":"type-post","3":"status-publish","4":"format-standard","6":"category-31"},"yoast_head":"<!-- This site is optimized with the Yoast SEO plugin v25.1 - https:\/\/yoast.com\/wordpress\/plugins\/seo\/ -->\n<title>Per\u00fa: un pa\u00eds de miradas y una cultura que permanece viva<\/title>\n<meta name=\"description\" content=\"Portal de noticias del Per\u00fa sobre el transporte a\u00e9reo, aviaci\u00f3n, turismo, hoteleria, actualidad.\" \/>\n<meta name=\"robots\" content=\"index, follow, max-snippet:-1, max-image-preview:large, max-video-preview:-1\" \/>\n<link rel=\"canonical\" href=\"https:\/\/aeronoticias.com.pe\/noticiero\/turismo\/13\/peru-un-pais-de-miradas-y-una-cultura-que-permanece-viva\/\" \/>\n<meta property=\"og:locale\" content=\"es_ES\" \/>\n<meta property=\"og:type\" content=\"article\" \/>\n<meta property=\"og:title\" content=\"Per\u00fa: un pa\u00eds de miradas y una cultura que permanece viva\" \/>\n<meta property=\"og:description\" content=\"Portal de noticias del Per\u00fa sobre el transporte a\u00e9reo, aviaci\u00f3n, turismo, hoteleria, actualidad.\" \/>\n<meta property=\"og:url\" content=\"https:\/\/aeronoticias.com.pe\/noticiero\/turismo\/13\/peru-un-pais-de-miradas-y-una-cultura-que-permanece-viva\/\" \/>\n<meta property=\"og:site_name\" content=\"Aeronoticias.com.pe\" \/>\n<meta property=\"article:publisher\" content=\"https:\/\/www.facebook.com\/Aeronoticias.com.pe\/\" \/>\n<meta property=\"article:published_time\" content=\"2009-12-15T15:05:14+00:00\" \/>\n<meta name=\"author\" content=\"Redacci\u00f3n Aeronoticias\" \/>\n<meta name=\"twitter:card\" content=\"summary_large_image\" \/>\n<meta name=\"twitter:creator\" content=\"@aeronoticias\" \/>\n<meta name=\"twitter:site\" content=\"@aeronoticias\" \/>\n<meta name=\"twitter:label1\" content=\"Escrito por\" \/>\n\t<meta name=\"twitter:data1\" content=\"Redacci\u00f3n Aeronoticias\" \/>\n\t<meta name=\"twitter:label2\" content=\"Tiempo de lectura\" \/>\n\t<meta name=\"twitter:data2\" content=\"2 minutos\" \/>\n<script type=\"application\/ld+json\" class=\"yoast-schema-graph\">{\"@context\":\"https:\/\/schema.org\",\"@graph\":[{\"@type\":\"WebPage\",\"@id\":\"https:\/\/aeronoticias.com.pe\/noticiero\/turismo\/13\/peru-un-pais-de-miradas-y-una-cultura-que-permanece-viva\/\",\"url\":\"https:\/\/aeronoticias.com.pe\/noticiero\/turismo\/13\/peru-un-pais-de-miradas-y-una-cultura-que-permanece-viva\/\",\"name\":\"Per\u00fa: un pa\u00eds de miradas y una cultura que permanece viva\",\"isPartOf\":{\"@id\":\"https:\/\/aeronoticias.com.pe\/noticiero\/#website\"},\"datePublished\":\"2009-12-15T15:05:14+00:00\",\"author\":{\"@id\":\"https:\/\/aeronoticias.com.pe\/noticiero\/#\/schema\/person\/fc1e5d578f4b62ba1cf7ac2bba1170a0\"},\"description\":\"Portal de noticias del Per\u00fa sobre el transporte a\u00e9reo, aviaci\u00f3n, turismo, hoteleria, actualidad.\",\"breadcrumb\":{\"@id\":\"https:\/\/aeronoticias.com.pe\/noticiero\/turismo\/13\/peru-un-pais-de-miradas-y-una-cultura-que-permanece-viva\/#breadcrumb\"},\"inLanguage\":\"es\",\"potentialAction\":[{\"@type\":\"ReadAction\",\"target\":[\"https:\/\/aeronoticias.com.pe\/noticiero\/turismo\/13\/peru-un-pais-de-miradas-y-una-cultura-que-permanece-viva\/\"]}]},{\"@type\":\"BreadcrumbList\",\"@id\":\"https:\/\/aeronoticias.com.pe\/noticiero\/turismo\/13\/peru-un-pais-de-miradas-y-una-cultura-que-permanece-viva\/#breadcrumb\",\"itemListElement\":[{\"@type\":\"ListItem\",\"position\":1,\"name\":\"Portada\",\"item\":\"https:\/\/aeronoticias.com.pe\/noticiero\/\"},{\"@type\":\"ListItem\",\"position\":2,\"name\":\"Per\u00fa: un pa\u00eds de miradas y una cultura que permanece viva\"}]},{\"@type\":\"WebSite\",\"@id\":\"https:\/\/aeronoticias.com.pe\/noticiero\/#website\",\"url\":\"https:\/\/aeronoticias.com.pe\/noticiero\/\",\"name\":\"Aeronoticias.com.pe\",\"description\":\"Noticias de tranporte aereo, turismo, hoteles, gastronomia, actualidad, internacional\",\"potentialAction\":[{\"@type\":\"SearchAction\",\"target\":{\"@type\":\"EntryPoint\",\"urlTemplate\":\"https:\/\/aeronoticias.com.pe\/noticiero\/?s={search_term_string}\"},\"query-input\":{\"@type\":\"PropertyValueSpecification\",\"valueRequired\":true,\"valueName\":\"search_term_string\"}}],\"inLanguage\":\"es\"},{\"@type\":\"Person\",\"@id\":\"https:\/\/aeronoticias.com.pe\/noticiero\/#\/schema\/person\/fc1e5d578f4b62ba1cf7ac2bba1170a0\",\"name\":\"Redacci\u00f3n Aeronoticias\",\"url\":\"https:\/\/aeronoticias.com.pe\/noticiero\/author\/piloto\/\"}]}<\/script>\n<!-- \/ Yoast SEO plugin. -->","yoast_head_json":{"title":"Per\u00fa: un pa\u00eds de miradas y una cultura que permanece viva","description":"Portal de noticias del Per\u00fa sobre el transporte a\u00e9reo, aviaci\u00f3n, turismo, hoteleria, actualidad.","robots":{"index":"index","follow":"follow","max-snippet":"max-snippet:-1","max-image-preview":"max-image-preview:large","max-video-preview":"max-video-preview:-1"},"canonical":"https:\/\/aeronoticias.com.pe\/noticiero\/turismo\/13\/peru-un-pais-de-miradas-y-una-cultura-que-permanece-viva\/","og_locale":"es_ES","og_type":"article","og_title":"Per\u00fa: un pa\u00eds de miradas y una cultura que permanece viva","og_description":"Portal de noticias del Per\u00fa sobre el transporte a\u00e9reo, aviaci\u00f3n, turismo, hoteleria, actualidad.","og_url":"https:\/\/aeronoticias.com.pe\/noticiero\/turismo\/13\/peru-un-pais-de-miradas-y-una-cultura-que-permanece-viva\/","og_site_name":"Aeronoticias.com.pe","article_publisher":"https:\/\/www.facebook.com\/Aeronoticias.com.pe\/","article_published_time":"2009-12-15T15:05:14+00:00","author":"Redacci\u00f3n Aeronoticias","twitter_card":"summary_large_image","twitter_creator":"@aeronoticias","twitter_site":"@aeronoticias","twitter_misc":{"Escrito por":"Redacci\u00f3n Aeronoticias","Tiempo de lectura":"2 minutos"},"schema":{"@context":"https:\/\/schema.org","@graph":[{"@type":"WebPage","@id":"https:\/\/aeronoticias.com.pe\/noticiero\/turismo\/13\/peru-un-pais-de-miradas-y-una-cultura-que-permanece-viva\/","url":"https:\/\/aeronoticias.com.pe\/noticiero\/turismo\/13\/peru-un-pais-de-miradas-y-una-cultura-que-permanece-viva\/","name":"Per\u00fa: un pa\u00eds de miradas y una cultura que permanece viva","isPartOf":{"@id":"https:\/\/aeronoticias.com.pe\/noticiero\/#website"},"datePublished":"2009-12-15T15:05:14+00:00","author":{"@id":"https:\/\/aeronoticias.com.pe\/noticiero\/#\/schema\/person\/fc1e5d578f4b62ba1cf7ac2bba1170a0"},"description":"Portal de noticias del Per\u00fa sobre el transporte a\u00e9reo, aviaci\u00f3n, turismo, hoteleria, actualidad.","breadcrumb":{"@id":"https:\/\/aeronoticias.com.pe\/noticiero\/turismo\/13\/peru-un-pais-de-miradas-y-una-cultura-que-permanece-viva\/#breadcrumb"},"inLanguage":"es","potentialAction":[{"@type":"ReadAction","target":["https:\/\/aeronoticias.com.pe\/noticiero\/turismo\/13\/peru-un-pais-de-miradas-y-una-cultura-que-permanece-viva\/"]}]},{"@type":"BreadcrumbList","@id":"https:\/\/aeronoticias.com.pe\/noticiero\/turismo\/13\/peru-un-pais-de-miradas-y-una-cultura-que-permanece-viva\/#breadcrumb","itemListElement":[{"@type":"ListItem","position":1,"name":"Portada","item":"https:\/\/aeronoticias.com.pe\/noticiero\/"},{"@type":"ListItem","position":2,"name":"Per\u00fa: un pa\u00eds de miradas y una cultura que permanece viva"}]},{"@type":"WebSite","@id":"https:\/\/aeronoticias.com.pe\/noticiero\/#website","url":"https:\/\/aeronoticias.com.pe\/noticiero\/","name":"Aeronoticias.com.pe","description":"Noticias de tranporte aereo, turismo, hoteles, gastronomia, actualidad, internacional","potentialAction":[{"@type":"SearchAction","target":{"@type":"EntryPoint","urlTemplate":"https:\/\/aeronoticias.com.pe\/noticiero\/?s={search_term_string}"},"query-input":{"@type":"PropertyValueSpecification","valueRequired":true,"valueName":"search_term_string"}}],"inLanguage":"es"},{"@type":"Person","@id":"https:\/\/aeronoticias.com.pe\/noticiero\/#\/schema\/person\/fc1e5d578f4b62ba1cf7ac2bba1170a0","name":"Redacci\u00f3n Aeronoticias","url":"https:\/\/aeronoticias.com.pe\/noticiero\/author\/piloto\/"}]}},"_links":{"self":[{"href":"https:\/\/aeronoticias.com.pe\/noticiero\/wp-json\/wp\/v2\/posts\/7516","targetHints":{"allow":["GET"]}}],"collection":[{"href":"https:\/\/aeronoticias.com.pe\/noticiero\/wp-json\/wp\/v2\/posts"}],"about":[{"href":"https:\/\/aeronoticias.com.pe\/noticiero\/wp-json\/wp\/v2\/types\/post"}],"author":[{"embeddable":true,"href":"https:\/\/aeronoticias.com.pe\/noticiero\/wp-json\/wp\/v2\/users\/1"}],"replies":[{"embeddable":true,"href":"https:\/\/aeronoticias.com.pe\/noticiero\/wp-json\/wp\/v2\/comments?post=7516"}],"version-history":[{"count":0,"href":"https:\/\/aeronoticias.com.pe\/noticiero\/wp-json\/wp\/v2\/posts\/7516\/revisions"}],"wp:attachment":[{"href":"https:\/\/aeronoticias.com.pe\/noticiero\/wp-json\/wp\/v2\/media?parent=7516"}],"wp:term":[{"taxonomy":"category","embeddable":true,"href":"https:\/\/aeronoticias.com.pe\/noticiero\/wp-json\/wp\/v2\/categories?post=7516"},{"taxonomy":"post_tag","embeddable":true,"href":"https:\/\/aeronoticias.com.pe\/noticiero\/wp-json\/wp\/v2\/tags?post=7516"}],"curies":[{"name":"wp","href":"https:\/\/api.w.org\/{rel}","templated":true}]}}