{"id":7517,"date":"2009-12-15T15:17:57","date_gmt":"2009-12-15T15:17:57","guid":{"rendered":"http:\/\/desarrollo.mcvicious.com\/aero2020\/2009\/12\/15\/pinera-quiere-que-peruanos-se-olviden-del-pasado\/"},"modified":"2009-12-15T15:17:57","modified_gmt":"2009-12-15T15:17:57","slug":"pinera-quiere-que-peruanos-se-olviden-del-pasado","status":"publish","type":"post","link":"https:\/\/aeronoticias.com.pe\/noticiero\/nacionales\/pinera-quiere-que-peruanos-se-olviden-del-pasado\/","title":{"rendered":"Pi\u00f1era quiere que peruanos se olviden del pasado"},"content":{"rendered":"<div align=\"justify\">El\u00a0 virtual presidente de Chile, Sebastian Pi\u00f1era, inst\u00f3 a los peruanos a olvidarse del pasado para caminar juntos hacia un porvenir que puede significar progreso para ambos pa\u00edses, sin detenerse a pensar que los pueblos que olvidan sus errores del pasado est\u00e1n condenados\u00a0 irremediablemente a repetirlos\u00a0 con\u00a0 consecuencias a\u00fan\u00a0 m\u00e1s funestas.<\/p>\n<p>Fue en declaraciones para la radioemisora \u201cAm\u00e9rica Noticias\u201d de la capital chilena, donde eludi\u00f3 pronunciarse sobre palpitantes problemas de actualidad como el diferendo mar\u00edtimo elevado por el Per\u00fa ante el alto Tribunal\u00a0 Internacional de La Haya para definir los l\u00edmites con su pa\u00eds, as\u00ed como el sonado caso de espionaje protagonizado por funcionarios chilenos contra la fuerza a\u00e9rea peruana, recientemente.<\/p>\n<div style=\"text-align: center\"><img decoding=\"async\" src=\"images\/stories\/09\/12\/151209\/pinera.jpg\" border=\"0\" alt=\"Pi\u00f1era quiere que peruanos se olviden del pasado\" title=\"Pi\u00f1era quiere que peruanos se olviden del pasado\" \/><\/div>\n<p>Sin embargo, Pi\u00f1era hizo votos para que \u201clas leg\u00edtimas diferencias que existen se resuelvan en paz de acuerdo al derecho internacional\u201d.<\/p>\n<p>Finalmente, el multimillonario y pol\u00edtico chileno, que es abanderado de la derecha chilena\u00a0 y due\u00f1o de la l\u00ednea a\u00e9rea LAN que ejerce un cuasi monopolio en las rutas internas del Per\u00fa ,hizo menci\u00f3n a su encuentro con el presidente peruano, Alan Garc\u00eda P\u00e9rez, en meses pasados precisando que se considera su amigo personal.<\/p>\n<p>De llegar Pi\u00f1era a convertirse en el pr\u00f3ximo inquilino del Palacio de La Moneda a partir del pr\u00f3ximo a\u00f1o, es de esperar que no deje de mostrar las dos caras de la misma en sus relaciones con el Per\u00fa.<\/div>\n","protected":false},"excerpt":{"rendered":"<p>El\u00a0 virtual presidente de Chile, Sebastian Pi\u00f1era, inst\u00f3 a los peruanos a olvidarse del pasado para caminar juntos hacia un porvenir que puede significar progreso para ambos pa\u00edses, sin detenerse a pensar que los pueblos que olvidan sus errores del pasado est\u00e1n condenados\u00a0 irremediablemente a repetirlos\u00a0 con\u00a0 consecuencias a\u00fan\u00a0 m\u00e1s funestas. Fue en declaraciones para [&hellip;]<\/p>\n","protected":false},"author":1,"featured_media":0,"comment_status":"open","ping_status":"open","sticky":false,"template":"","format":"standard","meta":{"tdm_status":"","tdm_grid_status":"","footnotes":""},"categories":[38],"tags":[],"class_list":{"0":"post-7517","1":"post","2":"type-post","3":"status-publish","4":"format-standard","6":"category-nacionales"},"yoast_head":"<!-- This site is optimized with the Yoast SEO plugin v25.1 - https:\/\/yoast.com\/wordpress\/plugins\/seo\/ -->\n<title>Pi\u00f1era quiere que peruanos se olviden del pasado<\/title>\n<meta name=\"description\" content=\"Portal de noticias del Per\u00fa sobre el transporte a\u00e9reo, aviaci\u00f3n, turismo, hoteleria, actualidad.\" \/>\n<meta name=\"robots\" content=\"index, follow, max-snippet:-1, max-image-preview:large, max-video-preview:-1\" \/>\n<link rel=\"canonical\" href=\"https:\/\/aeronoticias.com.pe\/noticiero\/nacionales\/pinera-quiere-que-peruanos-se-olviden-del-pasado\/\" \/>\n<meta property=\"og:locale\" content=\"es_ES\" \/>\n<meta property=\"og:type\" content=\"article\" \/>\n<meta property=\"og:title\" content=\"Pi\u00f1era quiere que peruanos se olviden del pasado\" \/>\n<meta property=\"og:description\" content=\"Portal de noticias del Per\u00fa sobre el transporte a\u00e9reo, aviaci\u00f3n, turismo, hoteleria, actualidad.\" \/>\n<meta property=\"og:url\" content=\"https:\/\/aeronoticias.com.pe\/noticiero\/nacionales\/pinera-quiere-que-peruanos-se-olviden-del-pasado\/\" \/>\n<meta property=\"og:site_name\" content=\"Aeronoticias.com.pe\" \/>\n<meta property=\"article:publisher\" content=\"https:\/\/www.facebook.com\/Aeronoticias.com.pe\/\" \/>\n<meta property=\"article:published_time\" content=\"2009-12-15T15:17:57+00:00\" \/>\n<meta name=\"author\" content=\"Redacci\u00f3n Aeronoticias\" \/>\n<meta name=\"twitter:card\" content=\"summary_large_image\" \/>\n<meta name=\"twitter:creator\" content=\"@aeronoticias\" \/>\n<meta name=\"twitter:site\" content=\"@aeronoticias\" \/>\n<meta name=\"twitter:label1\" content=\"Escrito por\" \/>\n\t<meta name=\"twitter:data1\" content=\"Redacci\u00f3n Aeronoticias\" \/>\n\t<meta name=\"twitter:label2\" content=\"Tiempo de lectura\" \/>\n\t<meta name=\"twitter:data2\" content=\"1 minuto\" \/>\n<script type=\"application\/ld+json\" class=\"yoast-schema-graph\">{\"@context\":\"https:\/\/schema.org\",\"@graph\":[{\"@type\":\"WebPage\",\"@id\":\"https:\/\/aeronoticias.com.pe\/noticiero\/nacionales\/pinera-quiere-que-peruanos-se-olviden-del-pasado\/\",\"url\":\"https:\/\/aeronoticias.com.pe\/noticiero\/nacionales\/pinera-quiere-que-peruanos-se-olviden-del-pasado\/\",\"name\":\"Pi\u00f1era quiere que peruanos se olviden del pasado\",\"isPartOf\":{\"@id\":\"https:\/\/aeronoticias.com.pe\/noticiero\/#website\"},\"datePublished\":\"2009-12-15T15:17:57+00:00\",\"author\":{\"@id\":\"https:\/\/aeronoticias.com.pe\/noticiero\/#\/schema\/person\/fc1e5d578f4b62ba1cf7ac2bba1170a0\"},\"description\":\"Portal de noticias del Per\u00fa sobre el transporte a\u00e9reo, aviaci\u00f3n, turismo, hoteleria, actualidad.\",\"breadcrumb\":{\"@id\":\"https:\/\/aeronoticias.com.pe\/noticiero\/nacionales\/pinera-quiere-que-peruanos-se-olviden-del-pasado\/#breadcrumb\"},\"inLanguage\":\"es\",\"potentialAction\":[{\"@type\":\"ReadAction\",\"target\":[\"https:\/\/aeronoticias.com.pe\/noticiero\/nacionales\/pinera-quiere-que-peruanos-se-olviden-del-pasado\/\"]}]},{\"@type\":\"BreadcrumbList\",\"@id\":\"https:\/\/aeronoticias.com.pe\/noticiero\/nacionales\/pinera-quiere-que-peruanos-se-olviden-del-pasado\/#breadcrumb\",\"itemListElement\":[{\"@type\":\"ListItem\",\"position\":1,\"name\":\"Portada\",\"item\":\"https:\/\/aeronoticias.com.pe\/noticiero\/\"},{\"@type\":\"ListItem\",\"position\":2,\"name\":\"Pi\u00f1era quiere que peruanos se olviden del pasado\"}]},{\"@type\":\"WebSite\",\"@id\":\"https:\/\/aeronoticias.com.pe\/noticiero\/#website\",\"url\":\"https:\/\/aeronoticias.com.pe\/noticiero\/\",\"name\":\"Aeronoticias.com.pe\",\"description\":\"Noticias de tranporte aereo, turismo, hoteles, gastronomia, actualidad, internacional\",\"potentialAction\":[{\"@type\":\"SearchAction\",\"target\":{\"@type\":\"EntryPoint\",\"urlTemplate\":\"https:\/\/aeronoticias.com.pe\/noticiero\/?s={search_term_string}\"},\"query-input\":{\"@type\":\"PropertyValueSpecification\",\"valueRequired\":true,\"valueName\":\"search_term_string\"}}],\"inLanguage\":\"es\"},{\"@type\":\"Person\",\"@id\":\"https:\/\/aeronoticias.com.pe\/noticiero\/#\/schema\/person\/fc1e5d578f4b62ba1cf7ac2bba1170a0\",\"name\":\"Redacci\u00f3n Aeronoticias\",\"url\":\"https:\/\/aeronoticias.com.pe\/noticiero\/author\/piloto\/\"}]}<\/script>\n<!-- \/ Yoast SEO plugin. -->","yoast_head_json":{"title":"Pi\u00f1era quiere que peruanos se olviden del pasado","description":"Portal de noticias del Per\u00fa sobre el transporte a\u00e9reo, aviaci\u00f3n, turismo, hoteleria, actualidad.","robots":{"index":"index","follow":"follow","max-snippet":"max-snippet:-1","max-image-preview":"max-image-preview:large","max-video-preview":"max-video-preview:-1"},"canonical":"https:\/\/aeronoticias.com.pe\/noticiero\/nacionales\/pinera-quiere-que-peruanos-se-olviden-del-pasado\/","og_locale":"es_ES","og_type":"article","og_title":"Pi\u00f1era quiere que peruanos se olviden del pasado","og_description":"Portal de noticias del Per\u00fa sobre el transporte a\u00e9reo, aviaci\u00f3n, turismo, hoteleria, actualidad.","og_url":"https:\/\/aeronoticias.com.pe\/noticiero\/nacionales\/pinera-quiere-que-peruanos-se-olviden-del-pasado\/","og_site_name":"Aeronoticias.com.pe","article_publisher":"https:\/\/www.facebook.com\/Aeronoticias.com.pe\/","article_published_time":"2009-12-15T15:17:57+00:00","author":"Redacci\u00f3n Aeronoticias","twitter_card":"summary_large_image","twitter_creator":"@aeronoticias","twitter_site":"@aeronoticias","twitter_misc":{"Escrito por":"Redacci\u00f3n Aeronoticias","Tiempo de lectura":"1 minuto"},"schema":{"@context":"https:\/\/schema.org","@graph":[{"@type":"WebPage","@id":"https:\/\/aeronoticias.com.pe\/noticiero\/nacionales\/pinera-quiere-que-peruanos-se-olviden-del-pasado\/","url":"https:\/\/aeronoticias.com.pe\/noticiero\/nacionales\/pinera-quiere-que-peruanos-se-olviden-del-pasado\/","name":"Pi\u00f1era quiere que peruanos se olviden del pasado","isPartOf":{"@id":"https:\/\/aeronoticias.com.pe\/noticiero\/#website"},"datePublished":"2009-12-15T15:17:57+00:00","author":{"@id":"https:\/\/aeronoticias.com.pe\/noticiero\/#\/schema\/person\/fc1e5d578f4b62ba1cf7ac2bba1170a0"},"description":"Portal de noticias del Per\u00fa sobre el transporte a\u00e9reo, aviaci\u00f3n, turismo, hoteleria, actualidad.","breadcrumb":{"@id":"https:\/\/aeronoticias.com.pe\/noticiero\/nacionales\/pinera-quiere-que-peruanos-se-olviden-del-pasado\/#breadcrumb"},"inLanguage":"es","potentialAction":[{"@type":"ReadAction","target":["https:\/\/aeronoticias.com.pe\/noticiero\/nacionales\/pinera-quiere-que-peruanos-se-olviden-del-pasado\/"]}]},{"@type":"BreadcrumbList","@id":"https:\/\/aeronoticias.com.pe\/noticiero\/nacionales\/pinera-quiere-que-peruanos-se-olviden-del-pasado\/#breadcrumb","itemListElement":[{"@type":"ListItem","position":1,"name":"Portada","item":"https:\/\/aeronoticias.com.pe\/noticiero\/"},{"@type":"ListItem","position":2,"name":"Pi\u00f1era quiere que peruanos se olviden del pasado"}]},{"@type":"WebSite","@id":"https:\/\/aeronoticias.com.pe\/noticiero\/#website","url":"https:\/\/aeronoticias.com.pe\/noticiero\/","name":"Aeronoticias.com.pe","description":"Noticias de tranporte aereo, turismo, hoteles, gastronomia, actualidad, internacional","potentialAction":[{"@type":"SearchAction","target":{"@type":"EntryPoint","urlTemplate":"https:\/\/aeronoticias.com.pe\/noticiero\/?s={search_term_string}"},"query-input":{"@type":"PropertyValueSpecification","valueRequired":true,"valueName":"search_term_string"}}],"inLanguage":"es"},{"@type":"Person","@id":"https:\/\/aeronoticias.com.pe\/noticiero\/#\/schema\/person\/fc1e5d578f4b62ba1cf7ac2bba1170a0","name":"Redacci\u00f3n Aeronoticias","url":"https:\/\/aeronoticias.com.pe\/noticiero\/author\/piloto\/"}]}},"_links":{"self":[{"href":"https:\/\/aeronoticias.com.pe\/noticiero\/wp-json\/wp\/v2\/posts\/7517","targetHints":{"allow":["GET"]}}],"collection":[{"href":"https:\/\/aeronoticias.com.pe\/noticiero\/wp-json\/wp\/v2\/posts"}],"about":[{"href":"https:\/\/aeronoticias.com.pe\/noticiero\/wp-json\/wp\/v2\/types\/post"}],"author":[{"embeddable":true,"href":"https:\/\/aeronoticias.com.pe\/noticiero\/wp-json\/wp\/v2\/users\/1"}],"replies":[{"embeddable":true,"href":"https:\/\/aeronoticias.com.pe\/noticiero\/wp-json\/wp\/v2\/comments?post=7517"}],"version-history":[{"count":0,"href":"https:\/\/aeronoticias.com.pe\/noticiero\/wp-json\/wp\/v2\/posts\/7517\/revisions"}],"wp:attachment":[{"href":"https:\/\/aeronoticias.com.pe\/noticiero\/wp-json\/wp\/v2\/media?parent=7517"}],"wp:term":[{"taxonomy":"category","embeddable":true,"href":"https:\/\/aeronoticias.com.pe\/noticiero\/wp-json\/wp\/v2\/categories?post=7517"},{"taxonomy":"post_tag","embeddable":true,"href":"https:\/\/aeronoticias.com.pe\/noticiero\/wp-json\/wp\/v2\/tags?post=7517"}],"curies":[{"name":"wp","href":"https:\/\/api.w.org\/{rel}","templated":true}]}}