{"id":7518,"date":"2009-12-15T15:59:09","date_gmt":"2009-12-15T15:59:09","guid":{"rendered":"http:\/\/desarrollo.mcvicious.com\/aero2020\/2009\/12\/15\/susto-al-interior-de-avion-de-avianca-por-un-insecticida\/"},"modified":"2009-12-15T15:59:09","modified_gmt":"2009-12-15T15:59:09","slug":"susto-al-interior-de-avion-de-avianca-por-un-insecticida","status":"publish","type":"post","link":"https:\/\/aeronoticias.com.pe\/noticiero\/transporte-aereo\/internacional\/susto-al-interior-de-avion-de-avianca-por-un-insecticida\/","title":{"rendered":"Susto al interior de avi\u00f3n de Avianca por un insecticida"},"content":{"rendered":"<div style=\"text-align: justify\">La aeronave, que sali\u00f3 de Bogot\u00e1 con destino a C\u00facuta, tuvo que descender en el aeropuerto Palonegro de Bucaramanga para que las autoridades atendieran a varios de los 70 pasajeros y cinco tripulantes que se intoxicaron por culpa de un insecticida.<\/p>\n<\/div>\n<div style=\"text-align: justify\">Bomberos, miembros de la Defensa Civil y otros organismos de socorro llegaron hasta el lugar para brindar atenci\u00f3n inmediata a los afectados. Al parecer, uno de los pasajeros llevaba tres galones de una sustancia qu\u00edmica en el equipaje de mano que se derram\u00f3 y su olor se esparci\u00f3 en todo el avi\u00f3n, lo que oblig\u00f3 al aterrizaje de emergencia.<\/p>\n<div style=\"text-align: center\"><img decoding=\"async\" src=\"images\/stories\/09\/12\/151209\/avianca.jpg\" border=\"0\" alt=\"Susto al interior de avi\u00f3n de Avianca por un insecticida\" title=\"Susto al interior de avi\u00f3n de Avianca por un insecticida\" \/><\/div>\n<p><\/div>\n<div style=\"text-align: justify\">El coronel Jos\u00e9 Divas, comandante de la Polic\u00eda de Bucaramanga, explic\u00f3 que el elemento que provoc\u00f3 la emergencia tiene \u00abun uso agropecuario que tiene que ver con el ba\u00f1o para el ganado. La concentraci\u00f3n de la misma es la complicada para este tipo de situaciones\u00bb.<\/p>\n<\/div>\n<div style=\"text-align: justify\">Por su parte, el Capit\u00e1n Wilson Pineda, miembro del cuerpo de bomberos de Bucaramanga, inform\u00f3 que seis de los pasajeros \u00abpresentaron problemas respiratorios\u00bb por los gases. Los pasajeros relataron que vivieron momentos de angustia en el vuelo al no saber de d\u00f3nde proven\u00eda el olor.<\/p>\n<\/div>\n<div style=\"text-align: justify\"><strong>Aeronoticias<\/strong> considera que las investigaciones son absolutamente necesarias en un contexto en el que se necesita dilucidar la responsabilidad no solo del autor de este terrible hecho \u2013que mal pudo haber terminado en tragedia-, sin embargo otro aspecto que es muy importante para las investigaciones es el \u201cc\u00f3mo y porque?\u201d se dej\u00f3 pasar a un individuo con tres galones de insecticida liquido a la aeronave, sabiendo la peligrosidad de un acto como este, estar\u00edamos hablando de una negligencia de parte de las autoridades aeroportuarias.<\/div>\n<div style=\"text-align: justify\"><\/div>\n","protected":false},"excerpt":{"rendered":"<p>La aeronave, que sali\u00f3 de Bogot\u00e1 con destino a C\u00facuta, tuvo que descender en el aeropuerto Palonegro de Bucaramanga para que las autoridades atendieran a varios de los 70 pasajeros y cinco tripulantes que se intoxicaron por culpa de un insecticida. Bomberos, miembros de la Defensa Civil y otros organismos de socorro llegaron hasta el [&hellip;]<\/p>\n","protected":false},"author":1,"featured_media":0,"comment_status":"open","ping_status":"open","sticky":false,"template":"","format":"standard","meta":{"tdm_status":"","tdm_grid_status":"","footnotes":""},"categories":[32],"tags":[],"class_list":{"0":"post-7518","1":"post","2":"type-post","3":"status-publish","4":"format-standard","6":"category-internacional"},"yoast_head":"<!-- This site is optimized with the Yoast SEO plugin v25.1 - https:\/\/yoast.com\/wordpress\/plugins\/seo\/ -->\n<title>Susto al interior de avi\u00f3n de Avianca por un insecticida<\/title>\n<meta name=\"description\" content=\"Portal de noticias del Per\u00fa sobre el transporte a\u00e9reo, aviaci\u00f3n, turismo, hoteleria, actualidad.\" \/>\n<meta name=\"robots\" content=\"index, follow, max-snippet:-1, max-image-preview:large, max-video-preview:-1\" \/>\n<link rel=\"canonical\" href=\"https:\/\/aeronoticias.com.pe\/noticiero\/transporte-aereo\/internacional\/susto-al-interior-de-avion-de-avianca-por-un-insecticida\/\" \/>\n<meta property=\"og:locale\" content=\"es_ES\" \/>\n<meta property=\"og:type\" content=\"article\" \/>\n<meta property=\"og:title\" content=\"Susto al interior de avi\u00f3n de Avianca por un insecticida\" \/>\n<meta property=\"og:description\" content=\"Portal de noticias del Per\u00fa sobre el transporte a\u00e9reo, aviaci\u00f3n, turismo, hoteleria, actualidad.\" \/>\n<meta property=\"og:url\" content=\"https:\/\/aeronoticias.com.pe\/noticiero\/transporte-aereo\/internacional\/susto-al-interior-de-avion-de-avianca-por-un-insecticida\/\" \/>\n<meta property=\"og:site_name\" content=\"Aeronoticias.com.pe\" \/>\n<meta property=\"article:publisher\" content=\"https:\/\/www.facebook.com\/Aeronoticias.com.pe\/\" \/>\n<meta property=\"article:published_time\" content=\"2009-12-15T15:59:09+00:00\" \/>\n<meta name=\"author\" content=\"Redacci\u00f3n Aeronoticias\" \/>\n<meta name=\"twitter:card\" content=\"summary_large_image\" \/>\n<meta name=\"twitter:creator\" content=\"@aeronoticias\" \/>\n<meta name=\"twitter:site\" content=\"@aeronoticias\" \/>\n<meta name=\"twitter:label1\" content=\"Escrito por\" \/>\n\t<meta name=\"twitter:data1\" content=\"Redacci\u00f3n Aeronoticias\" \/>\n\t<meta name=\"twitter:label2\" content=\"Tiempo de lectura\" \/>\n\t<meta name=\"twitter:data2\" content=\"1 minuto\" \/>\n<script type=\"application\/ld+json\" class=\"yoast-schema-graph\">{\"@context\":\"https:\/\/schema.org\",\"@graph\":[{\"@type\":\"WebPage\",\"@id\":\"https:\/\/aeronoticias.com.pe\/noticiero\/transporte-aereo\/internacional\/susto-al-interior-de-avion-de-avianca-por-un-insecticida\/\",\"url\":\"https:\/\/aeronoticias.com.pe\/noticiero\/transporte-aereo\/internacional\/susto-al-interior-de-avion-de-avianca-por-un-insecticida\/\",\"name\":\"Susto al interior de avi\u00f3n de Avianca por un insecticida\",\"isPartOf\":{\"@id\":\"https:\/\/aeronoticias.com.pe\/noticiero\/#website\"},\"datePublished\":\"2009-12-15T15:59:09+00:00\",\"author\":{\"@id\":\"https:\/\/aeronoticias.com.pe\/noticiero\/#\/schema\/person\/fc1e5d578f4b62ba1cf7ac2bba1170a0\"},\"description\":\"Portal de noticias del Per\u00fa sobre el transporte a\u00e9reo, aviaci\u00f3n, turismo, hoteleria, actualidad.\",\"breadcrumb\":{\"@id\":\"https:\/\/aeronoticias.com.pe\/noticiero\/transporte-aereo\/internacional\/susto-al-interior-de-avion-de-avianca-por-un-insecticida\/#breadcrumb\"},\"inLanguage\":\"es\",\"potentialAction\":[{\"@type\":\"ReadAction\",\"target\":[\"https:\/\/aeronoticias.com.pe\/noticiero\/transporte-aereo\/internacional\/susto-al-interior-de-avion-de-avianca-por-un-insecticida\/\"]}]},{\"@type\":\"BreadcrumbList\",\"@id\":\"https:\/\/aeronoticias.com.pe\/noticiero\/transporte-aereo\/internacional\/susto-al-interior-de-avion-de-avianca-por-un-insecticida\/#breadcrumb\",\"itemListElement\":[{\"@type\":\"ListItem\",\"position\":1,\"name\":\"Portada\",\"item\":\"https:\/\/aeronoticias.com.pe\/noticiero\/\"},{\"@type\":\"ListItem\",\"position\":2,\"name\":\"Susto al interior de avi\u00f3n de Avianca por un insecticida\"}]},{\"@type\":\"WebSite\",\"@id\":\"https:\/\/aeronoticias.com.pe\/noticiero\/#website\",\"url\":\"https:\/\/aeronoticias.com.pe\/noticiero\/\",\"name\":\"Aeronoticias.com.pe\",\"description\":\"Noticias de tranporte aereo, turismo, hoteles, gastronomia, actualidad, internacional\",\"potentialAction\":[{\"@type\":\"SearchAction\",\"target\":{\"@type\":\"EntryPoint\",\"urlTemplate\":\"https:\/\/aeronoticias.com.pe\/noticiero\/?s={search_term_string}\"},\"query-input\":{\"@type\":\"PropertyValueSpecification\",\"valueRequired\":true,\"valueName\":\"search_term_string\"}}],\"inLanguage\":\"es\"},{\"@type\":\"Person\",\"@id\":\"https:\/\/aeronoticias.com.pe\/noticiero\/#\/schema\/person\/fc1e5d578f4b62ba1cf7ac2bba1170a0\",\"name\":\"Redacci\u00f3n Aeronoticias\",\"url\":\"https:\/\/aeronoticias.com.pe\/noticiero\/author\/piloto\/\"}]}<\/script>\n<!-- \/ Yoast SEO plugin. -->","yoast_head_json":{"title":"Susto al interior de avi\u00f3n de Avianca por un insecticida","description":"Portal de noticias del Per\u00fa sobre el transporte a\u00e9reo, aviaci\u00f3n, turismo, hoteleria, actualidad.","robots":{"index":"index","follow":"follow","max-snippet":"max-snippet:-1","max-image-preview":"max-image-preview:large","max-video-preview":"max-video-preview:-1"},"canonical":"https:\/\/aeronoticias.com.pe\/noticiero\/transporte-aereo\/internacional\/susto-al-interior-de-avion-de-avianca-por-un-insecticida\/","og_locale":"es_ES","og_type":"article","og_title":"Susto al interior de avi\u00f3n de Avianca por un insecticida","og_description":"Portal de noticias del Per\u00fa sobre el transporte a\u00e9reo, aviaci\u00f3n, turismo, hoteleria, actualidad.","og_url":"https:\/\/aeronoticias.com.pe\/noticiero\/transporte-aereo\/internacional\/susto-al-interior-de-avion-de-avianca-por-un-insecticida\/","og_site_name":"Aeronoticias.com.pe","article_publisher":"https:\/\/www.facebook.com\/Aeronoticias.com.pe\/","article_published_time":"2009-12-15T15:59:09+00:00","author":"Redacci\u00f3n Aeronoticias","twitter_card":"summary_large_image","twitter_creator":"@aeronoticias","twitter_site":"@aeronoticias","twitter_misc":{"Escrito por":"Redacci\u00f3n Aeronoticias","Tiempo de lectura":"1 minuto"},"schema":{"@context":"https:\/\/schema.org","@graph":[{"@type":"WebPage","@id":"https:\/\/aeronoticias.com.pe\/noticiero\/transporte-aereo\/internacional\/susto-al-interior-de-avion-de-avianca-por-un-insecticida\/","url":"https:\/\/aeronoticias.com.pe\/noticiero\/transporte-aereo\/internacional\/susto-al-interior-de-avion-de-avianca-por-un-insecticida\/","name":"Susto al interior de avi\u00f3n de Avianca por un insecticida","isPartOf":{"@id":"https:\/\/aeronoticias.com.pe\/noticiero\/#website"},"datePublished":"2009-12-15T15:59:09+00:00","author":{"@id":"https:\/\/aeronoticias.com.pe\/noticiero\/#\/schema\/person\/fc1e5d578f4b62ba1cf7ac2bba1170a0"},"description":"Portal de noticias del Per\u00fa sobre el transporte a\u00e9reo, aviaci\u00f3n, turismo, hoteleria, actualidad.","breadcrumb":{"@id":"https:\/\/aeronoticias.com.pe\/noticiero\/transporte-aereo\/internacional\/susto-al-interior-de-avion-de-avianca-por-un-insecticida\/#breadcrumb"},"inLanguage":"es","potentialAction":[{"@type":"ReadAction","target":["https:\/\/aeronoticias.com.pe\/noticiero\/transporte-aereo\/internacional\/susto-al-interior-de-avion-de-avianca-por-un-insecticida\/"]}]},{"@type":"BreadcrumbList","@id":"https:\/\/aeronoticias.com.pe\/noticiero\/transporte-aereo\/internacional\/susto-al-interior-de-avion-de-avianca-por-un-insecticida\/#breadcrumb","itemListElement":[{"@type":"ListItem","position":1,"name":"Portada","item":"https:\/\/aeronoticias.com.pe\/noticiero\/"},{"@type":"ListItem","position":2,"name":"Susto al interior de avi\u00f3n de Avianca por un insecticida"}]},{"@type":"WebSite","@id":"https:\/\/aeronoticias.com.pe\/noticiero\/#website","url":"https:\/\/aeronoticias.com.pe\/noticiero\/","name":"Aeronoticias.com.pe","description":"Noticias de tranporte aereo, turismo, hoteles, gastronomia, actualidad, internacional","potentialAction":[{"@type":"SearchAction","target":{"@type":"EntryPoint","urlTemplate":"https:\/\/aeronoticias.com.pe\/noticiero\/?s={search_term_string}"},"query-input":{"@type":"PropertyValueSpecification","valueRequired":true,"valueName":"search_term_string"}}],"inLanguage":"es"},{"@type":"Person","@id":"https:\/\/aeronoticias.com.pe\/noticiero\/#\/schema\/person\/fc1e5d578f4b62ba1cf7ac2bba1170a0","name":"Redacci\u00f3n Aeronoticias","url":"https:\/\/aeronoticias.com.pe\/noticiero\/author\/piloto\/"}]}},"_links":{"self":[{"href":"https:\/\/aeronoticias.com.pe\/noticiero\/wp-json\/wp\/v2\/posts\/7518","targetHints":{"allow":["GET"]}}],"collection":[{"href":"https:\/\/aeronoticias.com.pe\/noticiero\/wp-json\/wp\/v2\/posts"}],"about":[{"href":"https:\/\/aeronoticias.com.pe\/noticiero\/wp-json\/wp\/v2\/types\/post"}],"author":[{"embeddable":true,"href":"https:\/\/aeronoticias.com.pe\/noticiero\/wp-json\/wp\/v2\/users\/1"}],"replies":[{"embeddable":true,"href":"https:\/\/aeronoticias.com.pe\/noticiero\/wp-json\/wp\/v2\/comments?post=7518"}],"version-history":[{"count":0,"href":"https:\/\/aeronoticias.com.pe\/noticiero\/wp-json\/wp\/v2\/posts\/7518\/revisions"}],"wp:attachment":[{"href":"https:\/\/aeronoticias.com.pe\/noticiero\/wp-json\/wp\/v2\/media?parent=7518"}],"wp:term":[{"taxonomy":"category","embeddable":true,"href":"https:\/\/aeronoticias.com.pe\/noticiero\/wp-json\/wp\/v2\/categories?post=7518"},{"taxonomy":"post_tag","embeddable":true,"href":"https:\/\/aeronoticias.com.pe\/noticiero\/wp-json\/wp\/v2\/tags?post=7518"}],"curies":[{"name":"wp","href":"https:\/\/api.w.org\/{rel}","templated":true}]}}