{"id":75652,"date":"2021-11-02T07:18:00","date_gmt":"2021-11-02T12:18:00","guid":{"rendered":"https:\/\/aeronoticias.com.pe\/noticiero\/?p=75652"},"modified":"2021-11-02T22:21:51","modified_gmt":"2021-11-03T03:21:51","slug":"incrementan-capacidad-operacional-de-el-dorado","status":"publish","type":"post","link":"https:\/\/aeronoticias.com.pe\/noticiero\/transporte-aereo\/incrementan-capacidad-operacional-de-el-dorado\/","title":{"rendered":"Incrementan capacidad operacional de El Dorado"},"content":{"rendered":"\n<p><strong>(Aeronoticias)<\/strong>.- La Aeron\u00e1utica Civil de Colombia inform\u00f3 que increment\u00f3 la capacidad operacional del\u00a0Aeropuerto Internacional El Dorado en Bogot\u00e1, y pas\u00f3 de 47 a\u00a065 operaciones por hora<strong>,<\/strong>\u00a0sin perder de vista las condiciones de bioseguridad exigidas por la pandemia del covid-19.\u00a0<\/p>\n\n\n\n<p>De esta forma, El Dorado ahora tendr\u00e1&nbsp;<strong>28 aterrizajes y 37 despegues por hora<\/strong>, con lo que alcanza el 88% de la capacidad operada en 2019, cuando la terminal de Bogot\u00e1 atend\u00eda a 74 vuelos cada hora.&nbsp;<\/p>\n\n\n\n<p>\u201cCon este aumento en la capacidad operativa del aeropuerto de Bogot\u00e1 se espera que\u00a0<strong>al finalizar el 2021 se alcance una cifra de 30 millones de pasajeros<\/strong>\u00a0por v\u00eda a\u00e9rea en Colombia\u201d, indic\u00f3 Aerocivil en un comunicado.\u00a0<\/p>\n\n\n\n<p>Hasta ahora,&nbsp;<strong>en los primeros nueve meses del a\u00f1o, El Dorado ha recibido 16 millones de pasajeros<\/strong>, mientras que todo el pa\u00eds de Colombia ha movilizado 20 millones de viajeros, refiri\u00f3 la autoridad aeron\u00e1utica civil del pa\u00eds sudamericano.&nbsp;<\/p>\n\n\n\n<p>En materia de conectividad, luego de la reactivaci\u00f3n del espacio a\u00e9reo colombiano, diversas aerol\u00edneas&nbsp;<strong>han solicitado 80 nuevas rutas<\/strong>&nbsp;y tres nuevos operadores est\u00e1n finalizando su proceso de autorizaci\u00f3n para entrar a prestar servicio comercial a este pa\u00eds.&nbsp;<\/p>\n\n\n\n<p>El gobierno colombiano busca impulsar la reactivaci\u00f3n del transporte a\u00e9reo \u201ccomo motor de la econom\u00eda y como punto fundamental del comercio y la conectividad con el resto del mundo, lo que ha llevado a nuestro pa\u00eds a ser el primero en este proceso en Latinoam\u00e9rica, al contar con la&nbsp;<strong>normalizaci\u00f3n del 85% de sus operaciones a\u00e9reas comerciales<\/strong>, por encima de pa\u00edses como M\u00e9xico, Brasil y Argentina\u201d, indic\u00f3 \u00c1ngela Mar\u00eda Orozco, ministra de Transporte en Colombia.<\/p>\n\n\n\n<p>Fuente: <strong><em>A21<\/em><\/strong>.<\/p>\n","protected":false},"excerpt":{"rendered":"<p>(Aeronoticias).- La Aeron\u00e1utica Civil de Colombia inform\u00f3 que increment\u00f3 la capacidad operacional del\u00a0Aeropuerto Internacional El Dorado en Bogot\u00e1, y pas\u00f3 de 47 a\u00a065 operaciones por hora,\u00a0sin perder de vista las condiciones de bioseguridad exigidas por la pandemia del covid-19.\u00a0 De esta forma, El Dorado ahora tendr\u00e1&nbsp;28 aterrizajes y 37 despegues por hora, con lo que [&hellip;]<\/p>\n","protected":false},"author":1,"featured_media":75653,"comment_status":"open","ping_status":"open","sticky":false,"template":"","format":"standard","meta":{"tdm_status":"","tdm_grid_status":"","footnotes":""},"categories":[32,11],"tags":[163,141],"class_list":{"0":"post-75652","1":"post","2":"type-post","3":"status-publish","4":"format-standard","5":"has-post-thumbnail","7":"category-internacional","8":"category-transporte-aereo","9":"tag-coronavirus","10":"tag-el-dorado"},"yoast_head":"<!-- This site is optimized with the Yoast SEO plugin v25.1 - https:\/\/yoast.com\/wordpress\/plugins\/seo\/ -->\n<title>Incrementan capacidad operacional de El Dorado<\/title>\n<meta name=\"description\" content=\"Portal de noticias del Per\u00fa sobre el transporte a\u00e9reo, aviaci\u00f3n, turismo, hoteleria, actualidad.\" \/>\n<meta name=\"robots\" content=\"index, follow, max-snippet:-1, max-image-preview:large, max-video-preview:-1\" \/>\n<link rel=\"canonical\" href=\"https:\/\/aeronoticias.com.pe\/noticiero\/transporte-aereo\/incrementan-capacidad-operacional-de-el-dorado\/\" \/>\n<meta property=\"og:locale\" content=\"es_ES\" \/>\n<meta property=\"og:type\" content=\"article\" \/>\n<meta property=\"og:title\" content=\"Incrementan capacidad operacional de El Dorado\" \/>\n<meta property=\"og:description\" content=\"Portal de noticias del Per\u00fa sobre el transporte a\u00e9reo, aviaci\u00f3n, turismo, hoteleria, actualidad.\" \/>\n<meta property=\"og:url\" content=\"https:\/\/aeronoticias.com.pe\/noticiero\/transporte-aereo\/incrementan-capacidad-operacional-de-el-dorado\/\" \/>\n<meta property=\"og:site_name\" content=\"Aeronoticias.com.pe\" \/>\n<meta property=\"article:publisher\" content=\"https:\/\/www.facebook.com\/Aeronoticias.com.pe\/\" \/>\n<meta property=\"article:published_time\" content=\"2021-11-02T12:18:00+00:00\" \/>\n<meta property=\"article:modified_time\" content=\"2021-11-03T03:21:51+00:00\" \/>\n<meta property=\"og:image\" content=\"https:\/\/aeronoticias.com.pe\/noticiero\/wp-content\/uploads\/2021\/11\/Aeropuerto-Internacional-El-Dorado_3.jpg\" \/>\n\t<meta property=\"og:image:width\" content=\"730\" \/>\n\t<meta property=\"og:image:height\" content=\"400\" \/>\n\t<meta property=\"og:image:type\" content=\"image\/jpeg\" \/>\n<meta name=\"author\" content=\"Redacci\u00f3n Aeronoticias\" \/>\n<meta name=\"twitter:card\" content=\"summary_large_image\" \/>\n<meta name=\"twitter:creator\" content=\"@aeronoticias\" \/>\n<meta name=\"twitter:site\" content=\"@aeronoticias\" \/>\n<meta name=\"twitter:label1\" content=\"Escrito por\" \/>\n\t<meta name=\"twitter:data1\" content=\"Redacci\u00f3n Aeronoticias\" \/>\n\t<meta name=\"twitter:label2\" content=\"Tiempo de lectura\" \/>\n\t<meta name=\"twitter:data2\" content=\"1 minuto\" \/>\n<script type=\"application\/ld+json\" class=\"yoast-schema-graph\">{\"@context\":\"https:\/\/schema.org\",\"@graph\":[{\"@type\":\"WebPage\",\"@id\":\"https:\/\/aeronoticias.com.pe\/noticiero\/transporte-aereo\/incrementan-capacidad-operacional-de-el-dorado\/\",\"url\":\"https:\/\/aeronoticias.com.pe\/noticiero\/transporte-aereo\/incrementan-capacidad-operacional-de-el-dorado\/\",\"name\":\"Incrementan capacidad operacional de El Dorado\",\"isPartOf\":{\"@id\":\"https:\/\/aeronoticias.com.pe\/noticiero\/#website\"},\"primaryImageOfPage\":{\"@id\":\"https:\/\/aeronoticias.com.pe\/noticiero\/transporte-aereo\/incrementan-capacidad-operacional-de-el-dorado\/#primaryimage\"},\"image\":{\"@id\":\"https:\/\/aeronoticias.com.pe\/noticiero\/transporte-aereo\/incrementan-capacidad-operacional-de-el-dorado\/#primaryimage\"},\"thumbnailUrl\":\"https:\/\/aeronoticias.com.pe\/noticiero\/wp-content\/uploads\/2021\/11\/Aeropuerto-Internacional-El-Dorado_3.jpg\",\"datePublished\":\"2021-11-02T12:18:00+00:00\",\"dateModified\":\"2021-11-03T03:21:51+00:00\",\"author\":{\"@id\":\"https:\/\/aeronoticias.com.pe\/noticiero\/#\/schema\/person\/fc1e5d578f4b62ba1cf7ac2bba1170a0\"},\"description\":\"Portal de noticias del Per\u00fa sobre el transporte a\u00e9reo, aviaci\u00f3n, turismo, hoteleria, actualidad.\",\"breadcrumb\":{\"@id\":\"https:\/\/aeronoticias.com.pe\/noticiero\/transporte-aereo\/incrementan-capacidad-operacional-de-el-dorado\/#breadcrumb\"},\"inLanguage\":\"es\",\"potentialAction\":[{\"@type\":\"ReadAction\",\"target\":[\"https:\/\/aeronoticias.com.pe\/noticiero\/transporte-aereo\/incrementan-capacidad-operacional-de-el-dorado\/\"]}]},{\"@type\":\"ImageObject\",\"inLanguage\":\"es\",\"@id\":\"https:\/\/aeronoticias.com.pe\/noticiero\/transporte-aereo\/incrementan-capacidad-operacional-de-el-dorado\/#primaryimage\",\"url\":\"https:\/\/aeronoticias.com.pe\/noticiero\/wp-content\/uploads\/2021\/11\/Aeropuerto-Internacional-El-Dorado_3.jpg\",\"contentUrl\":\"https:\/\/aeronoticias.com.pe\/noticiero\/wp-content\/uploads\/2021\/11\/Aeropuerto-Internacional-El-Dorado_3.jpg\",\"width\":730,\"height\":400},{\"@type\":\"BreadcrumbList\",\"@id\":\"https:\/\/aeronoticias.com.pe\/noticiero\/transporte-aereo\/incrementan-capacidad-operacional-de-el-dorado\/#breadcrumb\",\"itemListElement\":[{\"@type\":\"ListItem\",\"position\":1,\"name\":\"Portada\",\"item\":\"https:\/\/aeronoticias.com.pe\/noticiero\/\"},{\"@type\":\"ListItem\",\"position\":2,\"name\":\"Incrementan capacidad operacional de El Dorado\"}]},{\"@type\":\"WebSite\",\"@id\":\"https:\/\/aeronoticias.com.pe\/noticiero\/#website\",\"url\":\"https:\/\/aeronoticias.com.pe\/noticiero\/\",\"name\":\"Aeronoticias.com.pe\",\"description\":\"Noticias de tranporte aereo, turismo, hoteles, gastronomia, actualidad, internacional\",\"potentialAction\":[{\"@type\":\"SearchAction\",\"target\":{\"@type\":\"EntryPoint\",\"urlTemplate\":\"https:\/\/aeronoticias.com.pe\/noticiero\/?s={search_term_string}\"},\"query-input\":{\"@type\":\"PropertyValueSpecification\",\"valueRequired\":true,\"valueName\":\"search_term_string\"}}],\"inLanguage\":\"es\"},{\"@type\":\"Person\",\"@id\":\"https:\/\/aeronoticias.com.pe\/noticiero\/#\/schema\/person\/fc1e5d578f4b62ba1cf7ac2bba1170a0\",\"name\":\"Redacci\u00f3n Aeronoticias\",\"url\":\"https:\/\/aeronoticias.com.pe\/noticiero\/author\/piloto\/\"}]}<\/script>\n<!-- \/ Yoast SEO plugin. -->","yoast_head_json":{"title":"Incrementan capacidad operacional de El Dorado","description":"Portal de noticias del Per\u00fa sobre el transporte a\u00e9reo, aviaci\u00f3n, turismo, hoteleria, actualidad.","robots":{"index":"index","follow":"follow","max-snippet":"max-snippet:-1","max-image-preview":"max-image-preview:large","max-video-preview":"max-video-preview:-1"},"canonical":"https:\/\/aeronoticias.com.pe\/noticiero\/transporte-aereo\/incrementan-capacidad-operacional-de-el-dorado\/","og_locale":"es_ES","og_type":"article","og_title":"Incrementan capacidad operacional de El Dorado","og_description":"Portal de noticias del Per\u00fa sobre el transporte a\u00e9reo, aviaci\u00f3n, turismo, hoteleria, actualidad.","og_url":"https:\/\/aeronoticias.com.pe\/noticiero\/transporte-aereo\/incrementan-capacidad-operacional-de-el-dorado\/","og_site_name":"Aeronoticias.com.pe","article_publisher":"https:\/\/www.facebook.com\/Aeronoticias.com.pe\/","article_published_time":"2021-11-02T12:18:00+00:00","article_modified_time":"2021-11-03T03:21:51+00:00","og_image":[{"width":730,"height":400,"url":"https:\/\/aeronoticias.com.pe\/noticiero\/wp-content\/uploads\/2021\/11\/Aeropuerto-Internacional-El-Dorado_3.jpg","type":"image\/jpeg"}],"author":"Redacci\u00f3n Aeronoticias","twitter_card":"summary_large_image","twitter_creator":"@aeronoticias","twitter_site":"@aeronoticias","twitter_misc":{"Escrito por":"Redacci\u00f3n Aeronoticias","Tiempo de lectura":"1 minuto"},"schema":{"@context":"https:\/\/schema.org","@graph":[{"@type":"WebPage","@id":"https:\/\/aeronoticias.com.pe\/noticiero\/transporte-aereo\/incrementan-capacidad-operacional-de-el-dorado\/","url":"https:\/\/aeronoticias.com.pe\/noticiero\/transporte-aereo\/incrementan-capacidad-operacional-de-el-dorado\/","name":"Incrementan capacidad operacional de El Dorado","isPartOf":{"@id":"https:\/\/aeronoticias.com.pe\/noticiero\/#website"},"primaryImageOfPage":{"@id":"https:\/\/aeronoticias.com.pe\/noticiero\/transporte-aereo\/incrementan-capacidad-operacional-de-el-dorado\/#primaryimage"},"image":{"@id":"https:\/\/aeronoticias.com.pe\/noticiero\/transporte-aereo\/incrementan-capacidad-operacional-de-el-dorado\/#primaryimage"},"thumbnailUrl":"https:\/\/aeronoticias.com.pe\/noticiero\/wp-content\/uploads\/2021\/11\/Aeropuerto-Internacional-El-Dorado_3.jpg","datePublished":"2021-11-02T12:18:00+00:00","dateModified":"2021-11-03T03:21:51+00:00","author":{"@id":"https:\/\/aeronoticias.com.pe\/noticiero\/#\/schema\/person\/fc1e5d578f4b62ba1cf7ac2bba1170a0"},"description":"Portal de noticias del Per\u00fa sobre el transporte a\u00e9reo, aviaci\u00f3n, turismo, hoteleria, actualidad.","breadcrumb":{"@id":"https:\/\/aeronoticias.com.pe\/noticiero\/transporte-aereo\/incrementan-capacidad-operacional-de-el-dorado\/#breadcrumb"},"inLanguage":"es","potentialAction":[{"@type":"ReadAction","target":["https:\/\/aeronoticias.com.pe\/noticiero\/transporte-aereo\/incrementan-capacidad-operacional-de-el-dorado\/"]}]},{"@type":"ImageObject","inLanguage":"es","@id":"https:\/\/aeronoticias.com.pe\/noticiero\/transporte-aereo\/incrementan-capacidad-operacional-de-el-dorado\/#primaryimage","url":"https:\/\/aeronoticias.com.pe\/noticiero\/wp-content\/uploads\/2021\/11\/Aeropuerto-Internacional-El-Dorado_3.jpg","contentUrl":"https:\/\/aeronoticias.com.pe\/noticiero\/wp-content\/uploads\/2021\/11\/Aeropuerto-Internacional-El-Dorado_3.jpg","width":730,"height":400},{"@type":"BreadcrumbList","@id":"https:\/\/aeronoticias.com.pe\/noticiero\/transporte-aereo\/incrementan-capacidad-operacional-de-el-dorado\/#breadcrumb","itemListElement":[{"@type":"ListItem","position":1,"name":"Portada","item":"https:\/\/aeronoticias.com.pe\/noticiero\/"},{"@type":"ListItem","position":2,"name":"Incrementan capacidad operacional de El Dorado"}]},{"@type":"WebSite","@id":"https:\/\/aeronoticias.com.pe\/noticiero\/#website","url":"https:\/\/aeronoticias.com.pe\/noticiero\/","name":"Aeronoticias.com.pe","description":"Noticias de tranporte aereo, turismo, hoteles, gastronomia, actualidad, internacional","potentialAction":[{"@type":"SearchAction","target":{"@type":"EntryPoint","urlTemplate":"https:\/\/aeronoticias.com.pe\/noticiero\/?s={search_term_string}"},"query-input":{"@type":"PropertyValueSpecification","valueRequired":true,"valueName":"search_term_string"}}],"inLanguage":"es"},{"@type":"Person","@id":"https:\/\/aeronoticias.com.pe\/noticiero\/#\/schema\/person\/fc1e5d578f4b62ba1cf7ac2bba1170a0","name":"Redacci\u00f3n Aeronoticias","url":"https:\/\/aeronoticias.com.pe\/noticiero\/author\/piloto\/"}]}},"_links":{"self":[{"href":"https:\/\/aeronoticias.com.pe\/noticiero\/wp-json\/wp\/v2\/posts\/75652","targetHints":{"allow":["GET"]}}],"collection":[{"href":"https:\/\/aeronoticias.com.pe\/noticiero\/wp-json\/wp\/v2\/posts"}],"about":[{"href":"https:\/\/aeronoticias.com.pe\/noticiero\/wp-json\/wp\/v2\/types\/post"}],"author":[{"embeddable":true,"href":"https:\/\/aeronoticias.com.pe\/noticiero\/wp-json\/wp\/v2\/users\/1"}],"replies":[{"embeddable":true,"href":"https:\/\/aeronoticias.com.pe\/noticiero\/wp-json\/wp\/v2\/comments?post=75652"}],"version-history":[{"count":0,"href":"https:\/\/aeronoticias.com.pe\/noticiero\/wp-json\/wp\/v2\/posts\/75652\/revisions"}],"wp:featuredmedia":[{"embeddable":true,"href":"https:\/\/aeronoticias.com.pe\/noticiero\/wp-json\/wp\/v2\/media\/75653"}],"wp:attachment":[{"href":"https:\/\/aeronoticias.com.pe\/noticiero\/wp-json\/wp\/v2\/media?parent=75652"}],"wp:term":[{"taxonomy":"category","embeddable":true,"href":"https:\/\/aeronoticias.com.pe\/noticiero\/wp-json\/wp\/v2\/categories?post=75652"},{"taxonomy":"post_tag","embeddable":true,"href":"https:\/\/aeronoticias.com.pe\/noticiero\/wp-json\/wp\/v2\/tags?post=75652"}],"curies":[{"name":"wp","href":"https:\/\/api.w.org\/{rel}","templated":true}]}}