{"id":75655,"date":"2021-11-02T07:21:00","date_gmt":"2021-11-02T12:21:00","guid":{"rendered":"https:\/\/aeronoticias.com.pe\/noticiero\/?p=75655"},"modified":"2021-11-02T22:25:53","modified_gmt":"2021-11-03T03:25:53","slug":"a-la-industria-aerea-le-preocupa-la-nueva-regla-del-sat","status":"publish","type":"post","link":"https:\/\/aeronoticias.com.pe\/noticiero\/transporte-aereo\/a-la-industria-aerea-le-preocupa-la-nueva-regla-del-sat\/","title":{"rendered":"A la industria a\u00e9rea le preocupa la nueva regla del SAT"},"content":{"rendered":"\n<p><strong>(Aeronoticias)<\/strong>.- La C\u00e1mara Nacional de Aerotransportes, (CANAERO) expuso su preocupaci\u00f3n respecto a la\u00a0claridad de aplicaci\u00f3n y procedimiento de la nueva regla de expedici\u00f3n de CFDI con el complemento de la Carta Porte, disposici\u00f3n requerida por el Servicio de Administraci\u00f3n Tributaria (SAT) que obliga a los transportistas a\u00a0establecer un nuevo proceso\u00a0para informar sobre las mercanc\u00edas que transportan.<\/p>\n\n\n\n<p>De acuerdo a la industria, la complejidad est\u00e1 en que para cumplir con este nuevo complemento,&nbsp;<strong>se requiere detallar m\u00e1s de 180 datos nuevos<\/strong>, el 80% de los cuales es informaci\u00f3n del propietario de la mercanc\u00eda o de clientes de una agencia, adem\u00e1s de que no determina las obligaciones puntuales de cada actor involucrado, aunque las responsabilidades de cada uno sean diferentes, ya que el propietario de los bienes enviados es uno, la empresa que transporta otro y en muchos casos hay un tercer agente de log\u00edstica.<\/p>\n\n\n\n<p>En una carta enviada a la titular del SAT, Raquel Buenrostro, el presidente del organismo, Luis Noriega, expuso que aunque han invertido esfuerzo y trabajo en cumplir con el requerimiento,\u00a0<strong>no se han incorporado los acuerdos realizados<\/strong>\u00a0en las mesas de trabajo que han mantenido con la Administraci\u00f3n de Gesti\u00f3n de Servicios y Tr\u00e1mites con Medios Electr\u00f3nicos.<\/p>\n\n\n\n<p>Sobre todo, la confirmaci\u00f3n de que esta regla&nbsp;<strong>solo aplicar\u00e1 a mercanc\u00edas transportadas en territorio nacional y que las importaciones<\/strong>, exportaciones y transbordos quedar\u00e1n exentos, derivado de la aplicabilidad de tratados internacionales; as\u00ed como la clasificaci\u00f3n y descripci\u00f3n de las mercanc\u00edas transportadas por v\u00eda a\u00e9rea<\/p>\n\n\n\n<p>\u201cA la fecha, la industria a\u00e9rea ha invertido un tiempo considerable analizando el m\u00e9todo de cumplimiento a los requerimientos en conformidad con las reglas publicadas y a los acuerdos realizados con la autoridad en estas reuniones, desafortunadamente no han podido ser materializados por la&nbsp;<strong>falta de claridad en las publicaciones y comunicaci\u00f3n con las autoridades<\/strong>\u201d, se\u00f1al\u00f3 la CANAERO en la carta.<\/p>\n\n\n\n<p>Por ello, solicitan una reuni\u00f3n virtual o f\u00edsica lo antes posible con la finalidad de&nbsp;<strong>aclarar lo antes expuesto y dar cumplimiento a lo requerido<\/strong>, ya que la regla debe cumplirse a partir del 1 de diciembre pr\u00f3ximo, y<strong>&nbsp;en enero ser\u00e1 sancionable no hacerlo.<\/strong><\/p>\n\n\n\n<p>De acuerdo a especialistas en el rubro,&nbsp;<strong>la disposici\u00f3n encarece los costos del transporte<\/strong>, ya que obliga a las empresas a establecer un sistema diferente a lo que ya existe en el resto del mundo, es decir, las empresas mexicanas requerir\u00edan desarrollar un nuevo software o un esquema de reporte manual distinto y esto costar\u00e1 tiempo y dinero.<\/p>\n\n\n\n<p>\u201cDe concretarse esta disposici\u00f3n en los t\u00e9rminos actuales sin escuchar a la industria se corre el riesgo de que M\u00e9xico deje de ser una opci\u00f3n para las actividades log\u00edsticas&nbsp;<strong>haciendo menos<\/strong>&nbsp;<strong>competitivo al pa\u00eds<\/strong>\u201d, se\u00f1alaron expertos.<\/p>\n\n\n\n<p>Fuente: <strong><em>A21<\/em><\/strong>.<\/p>\n","protected":false},"excerpt":{"rendered":"<p>(Aeronoticias).- La C\u00e1mara Nacional de Aerotransportes, (CANAERO) expuso su preocupaci\u00f3n respecto a la\u00a0claridad de aplicaci\u00f3n y procedimiento de la nueva regla de expedici\u00f3n de CFDI con el complemento de la Carta Porte, disposici\u00f3n requerida por el Servicio de Administraci\u00f3n Tributaria (SAT) que obliga a los transportistas a\u00a0establecer un nuevo proceso\u00a0para informar sobre las mercanc\u00edas que [&hellip;]<\/p>\n","protected":false},"author":1,"featured_media":75656,"comment_status":"open","ping_status":"open","sticky":false,"template":"","format":"standard","meta":{"tdm_status":"","tdm_grid_status":"","footnotes":""},"categories":[32,11],"tags":[163,1651],"class_list":{"0":"post-75655","1":"post","2":"type-post","3":"status-publish","4":"format-standard","5":"has-post-thumbnail","7":"category-internacional","8":"category-transporte-aereo","9":"tag-coronavirus","10":"tag-sat"},"yoast_head":"<!-- This site is optimized with the Yoast SEO plugin v25.1 - https:\/\/yoast.com\/wordpress\/plugins\/seo\/ -->\n<title>A la industria a\u00e9rea le preocupa la nueva regla del SAT<\/title>\n<meta name=\"description\" content=\"Portal de noticias del Per\u00fa sobre el transporte a\u00e9reo, aviaci\u00f3n, turismo, hoteleria, actualidad.\" \/>\n<meta name=\"robots\" content=\"index, follow, max-snippet:-1, max-image-preview:large, max-video-preview:-1\" \/>\n<link rel=\"canonical\" href=\"https:\/\/aeronoticias.com.pe\/noticiero\/transporte-aereo\/a-la-industria-aerea-le-preocupa-la-nueva-regla-del-sat\/\" \/>\n<meta property=\"og:locale\" content=\"es_ES\" \/>\n<meta property=\"og:type\" content=\"article\" \/>\n<meta property=\"og:title\" content=\"A la industria a\u00e9rea le preocupa la nueva regla del SAT\" \/>\n<meta property=\"og:description\" content=\"Portal de noticias del Per\u00fa sobre el transporte a\u00e9reo, aviaci\u00f3n, turismo, hoteleria, actualidad.\" \/>\n<meta property=\"og:url\" content=\"https:\/\/aeronoticias.com.pe\/noticiero\/transporte-aereo\/a-la-industria-aerea-le-preocupa-la-nueva-regla-del-sat\/\" \/>\n<meta property=\"og:site_name\" content=\"Aeronoticias.com.pe\" \/>\n<meta property=\"article:publisher\" content=\"https:\/\/www.facebook.com\/Aeronoticias.com.pe\/\" \/>\n<meta property=\"article:published_time\" content=\"2021-11-02T12:21:00+00:00\" \/>\n<meta property=\"article:modified_time\" content=\"2021-11-03T03:25:53+00:00\" \/>\n<meta property=\"og:image\" content=\"https:\/\/aeronoticias.com.pe\/noticiero\/wp-content\/uploads\/2021\/11\/a21-portada-carga_3.jpg\" \/>\n\t<meta property=\"og:image:width\" content=\"2417\" \/>\n\t<meta property=\"og:image:height\" content=\"1104\" \/>\n\t<meta property=\"og:image:type\" content=\"image\/jpeg\" \/>\n<meta name=\"author\" content=\"Redacci\u00f3n Aeronoticias\" \/>\n<meta name=\"twitter:card\" content=\"summary_large_image\" \/>\n<meta name=\"twitter:creator\" content=\"@aeronoticias\" \/>\n<meta name=\"twitter:site\" content=\"@aeronoticias\" \/>\n<meta name=\"twitter:label1\" content=\"Escrito por\" \/>\n\t<meta name=\"twitter:data1\" content=\"Redacci\u00f3n Aeronoticias\" \/>\n\t<meta name=\"twitter:label2\" content=\"Tiempo de lectura\" \/>\n\t<meta name=\"twitter:data2\" content=\"2 minutos\" \/>\n<script type=\"application\/ld+json\" class=\"yoast-schema-graph\">{\"@context\":\"https:\/\/schema.org\",\"@graph\":[{\"@type\":\"WebPage\",\"@id\":\"https:\/\/aeronoticias.com.pe\/noticiero\/transporte-aereo\/a-la-industria-aerea-le-preocupa-la-nueva-regla-del-sat\/\",\"url\":\"https:\/\/aeronoticias.com.pe\/noticiero\/transporte-aereo\/a-la-industria-aerea-le-preocupa-la-nueva-regla-del-sat\/\",\"name\":\"A la industria a\u00e9rea le preocupa la nueva regla del SAT\",\"isPartOf\":{\"@id\":\"https:\/\/aeronoticias.com.pe\/noticiero\/#website\"},\"primaryImageOfPage\":{\"@id\":\"https:\/\/aeronoticias.com.pe\/noticiero\/transporte-aereo\/a-la-industria-aerea-le-preocupa-la-nueva-regla-del-sat\/#primaryimage\"},\"image\":{\"@id\":\"https:\/\/aeronoticias.com.pe\/noticiero\/transporte-aereo\/a-la-industria-aerea-le-preocupa-la-nueva-regla-del-sat\/#primaryimage\"},\"thumbnailUrl\":\"https:\/\/aeronoticias.com.pe\/noticiero\/wp-content\/uploads\/2021\/11\/a21-portada-carga_3.jpg\",\"datePublished\":\"2021-11-02T12:21:00+00:00\",\"dateModified\":\"2021-11-03T03:25:53+00:00\",\"author\":{\"@id\":\"https:\/\/aeronoticias.com.pe\/noticiero\/#\/schema\/person\/fc1e5d578f4b62ba1cf7ac2bba1170a0\"},\"description\":\"Portal de noticias del Per\u00fa sobre el transporte a\u00e9reo, aviaci\u00f3n, turismo, hoteleria, actualidad.\",\"breadcrumb\":{\"@id\":\"https:\/\/aeronoticias.com.pe\/noticiero\/transporte-aereo\/a-la-industria-aerea-le-preocupa-la-nueva-regla-del-sat\/#breadcrumb\"},\"inLanguage\":\"es\",\"potentialAction\":[{\"@type\":\"ReadAction\",\"target\":[\"https:\/\/aeronoticias.com.pe\/noticiero\/transporte-aereo\/a-la-industria-aerea-le-preocupa-la-nueva-regla-del-sat\/\"]}]},{\"@type\":\"ImageObject\",\"inLanguage\":\"es\",\"@id\":\"https:\/\/aeronoticias.com.pe\/noticiero\/transporte-aereo\/a-la-industria-aerea-le-preocupa-la-nueva-regla-del-sat\/#primaryimage\",\"url\":\"https:\/\/aeronoticias.com.pe\/noticiero\/wp-content\/uploads\/2021\/11\/a21-portada-carga_3.jpg\",\"contentUrl\":\"https:\/\/aeronoticias.com.pe\/noticiero\/wp-content\/uploads\/2021\/11\/a21-portada-carga_3.jpg\",\"width\":2417,\"height\":1104},{\"@type\":\"BreadcrumbList\",\"@id\":\"https:\/\/aeronoticias.com.pe\/noticiero\/transporte-aereo\/a-la-industria-aerea-le-preocupa-la-nueva-regla-del-sat\/#breadcrumb\",\"itemListElement\":[{\"@type\":\"ListItem\",\"position\":1,\"name\":\"Portada\",\"item\":\"https:\/\/aeronoticias.com.pe\/noticiero\/\"},{\"@type\":\"ListItem\",\"position\":2,\"name\":\"A la industria a\u00e9rea le preocupa la nueva regla del SAT\"}]},{\"@type\":\"WebSite\",\"@id\":\"https:\/\/aeronoticias.com.pe\/noticiero\/#website\",\"url\":\"https:\/\/aeronoticias.com.pe\/noticiero\/\",\"name\":\"Aeronoticias.com.pe\",\"description\":\"Noticias de tranporte aereo, turismo, hoteles, gastronomia, actualidad, internacional\",\"potentialAction\":[{\"@type\":\"SearchAction\",\"target\":{\"@type\":\"EntryPoint\",\"urlTemplate\":\"https:\/\/aeronoticias.com.pe\/noticiero\/?s={search_term_string}\"},\"query-input\":{\"@type\":\"PropertyValueSpecification\",\"valueRequired\":true,\"valueName\":\"search_term_string\"}}],\"inLanguage\":\"es\"},{\"@type\":\"Person\",\"@id\":\"https:\/\/aeronoticias.com.pe\/noticiero\/#\/schema\/person\/fc1e5d578f4b62ba1cf7ac2bba1170a0\",\"name\":\"Redacci\u00f3n Aeronoticias\",\"url\":\"https:\/\/aeronoticias.com.pe\/noticiero\/author\/piloto\/\"}]}<\/script>\n<!-- \/ Yoast SEO plugin. -->","yoast_head_json":{"title":"A la industria a\u00e9rea le preocupa la nueva regla del SAT","description":"Portal de noticias del Per\u00fa sobre el transporte a\u00e9reo, aviaci\u00f3n, turismo, hoteleria, actualidad.","robots":{"index":"index","follow":"follow","max-snippet":"max-snippet:-1","max-image-preview":"max-image-preview:large","max-video-preview":"max-video-preview:-1"},"canonical":"https:\/\/aeronoticias.com.pe\/noticiero\/transporte-aereo\/a-la-industria-aerea-le-preocupa-la-nueva-regla-del-sat\/","og_locale":"es_ES","og_type":"article","og_title":"A la industria a\u00e9rea le preocupa la nueva regla del SAT","og_description":"Portal de noticias del Per\u00fa sobre el transporte a\u00e9reo, aviaci\u00f3n, turismo, hoteleria, actualidad.","og_url":"https:\/\/aeronoticias.com.pe\/noticiero\/transporte-aereo\/a-la-industria-aerea-le-preocupa-la-nueva-regla-del-sat\/","og_site_name":"Aeronoticias.com.pe","article_publisher":"https:\/\/www.facebook.com\/Aeronoticias.com.pe\/","article_published_time":"2021-11-02T12:21:00+00:00","article_modified_time":"2021-11-03T03:25:53+00:00","og_image":[{"width":2417,"height":1104,"url":"https:\/\/aeronoticias.com.pe\/noticiero\/wp-content\/uploads\/2021\/11\/a21-portada-carga_3.jpg","type":"image\/jpeg"}],"author":"Redacci\u00f3n Aeronoticias","twitter_card":"summary_large_image","twitter_creator":"@aeronoticias","twitter_site":"@aeronoticias","twitter_misc":{"Escrito por":"Redacci\u00f3n Aeronoticias","Tiempo de lectura":"2 minutos"},"schema":{"@context":"https:\/\/schema.org","@graph":[{"@type":"WebPage","@id":"https:\/\/aeronoticias.com.pe\/noticiero\/transporte-aereo\/a-la-industria-aerea-le-preocupa-la-nueva-regla-del-sat\/","url":"https:\/\/aeronoticias.com.pe\/noticiero\/transporte-aereo\/a-la-industria-aerea-le-preocupa-la-nueva-regla-del-sat\/","name":"A la industria a\u00e9rea le preocupa la nueva regla del SAT","isPartOf":{"@id":"https:\/\/aeronoticias.com.pe\/noticiero\/#website"},"primaryImageOfPage":{"@id":"https:\/\/aeronoticias.com.pe\/noticiero\/transporte-aereo\/a-la-industria-aerea-le-preocupa-la-nueva-regla-del-sat\/#primaryimage"},"image":{"@id":"https:\/\/aeronoticias.com.pe\/noticiero\/transporte-aereo\/a-la-industria-aerea-le-preocupa-la-nueva-regla-del-sat\/#primaryimage"},"thumbnailUrl":"https:\/\/aeronoticias.com.pe\/noticiero\/wp-content\/uploads\/2021\/11\/a21-portada-carga_3.jpg","datePublished":"2021-11-02T12:21:00+00:00","dateModified":"2021-11-03T03:25:53+00:00","author":{"@id":"https:\/\/aeronoticias.com.pe\/noticiero\/#\/schema\/person\/fc1e5d578f4b62ba1cf7ac2bba1170a0"},"description":"Portal de noticias del Per\u00fa sobre el transporte a\u00e9reo, aviaci\u00f3n, turismo, hoteleria, actualidad.","breadcrumb":{"@id":"https:\/\/aeronoticias.com.pe\/noticiero\/transporte-aereo\/a-la-industria-aerea-le-preocupa-la-nueva-regla-del-sat\/#breadcrumb"},"inLanguage":"es","potentialAction":[{"@type":"ReadAction","target":["https:\/\/aeronoticias.com.pe\/noticiero\/transporte-aereo\/a-la-industria-aerea-le-preocupa-la-nueva-regla-del-sat\/"]}]},{"@type":"ImageObject","inLanguage":"es","@id":"https:\/\/aeronoticias.com.pe\/noticiero\/transporte-aereo\/a-la-industria-aerea-le-preocupa-la-nueva-regla-del-sat\/#primaryimage","url":"https:\/\/aeronoticias.com.pe\/noticiero\/wp-content\/uploads\/2021\/11\/a21-portada-carga_3.jpg","contentUrl":"https:\/\/aeronoticias.com.pe\/noticiero\/wp-content\/uploads\/2021\/11\/a21-portada-carga_3.jpg","width":2417,"height":1104},{"@type":"BreadcrumbList","@id":"https:\/\/aeronoticias.com.pe\/noticiero\/transporte-aereo\/a-la-industria-aerea-le-preocupa-la-nueva-regla-del-sat\/#breadcrumb","itemListElement":[{"@type":"ListItem","position":1,"name":"Portada","item":"https:\/\/aeronoticias.com.pe\/noticiero\/"},{"@type":"ListItem","position":2,"name":"A la industria a\u00e9rea le preocupa la nueva regla del SAT"}]},{"@type":"WebSite","@id":"https:\/\/aeronoticias.com.pe\/noticiero\/#website","url":"https:\/\/aeronoticias.com.pe\/noticiero\/","name":"Aeronoticias.com.pe","description":"Noticias de tranporte aereo, turismo, hoteles, gastronomia, actualidad, internacional","potentialAction":[{"@type":"SearchAction","target":{"@type":"EntryPoint","urlTemplate":"https:\/\/aeronoticias.com.pe\/noticiero\/?s={search_term_string}"},"query-input":{"@type":"PropertyValueSpecification","valueRequired":true,"valueName":"search_term_string"}}],"inLanguage":"es"},{"@type":"Person","@id":"https:\/\/aeronoticias.com.pe\/noticiero\/#\/schema\/person\/fc1e5d578f4b62ba1cf7ac2bba1170a0","name":"Redacci\u00f3n Aeronoticias","url":"https:\/\/aeronoticias.com.pe\/noticiero\/author\/piloto\/"}]}},"_links":{"self":[{"href":"https:\/\/aeronoticias.com.pe\/noticiero\/wp-json\/wp\/v2\/posts\/75655","targetHints":{"allow":["GET"]}}],"collection":[{"href":"https:\/\/aeronoticias.com.pe\/noticiero\/wp-json\/wp\/v2\/posts"}],"about":[{"href":"https:\/\/aeronoticias.com.pe\/noticiero\/wp-json\/wp\/v2\/types\/post"}],"author":[{"embeddable":true,"href":"https:\/\/aeronoticias.com.pe\/noticiero\/wp-json\/wp\/v2\/users\/1"}],"replies":[{"embeddable":true,"href":"https:\/\/aeronoticias.com.pe\/noticiero\/wp-json\/wp\/v2\/comments?post=75655"}],"version-history":[{"count":0,"href":"https:\/\/aeronoticias.com.pe\/noticiero\/wp-json\/wp\/v2\/posts\/75655\/revisions"}],"wp:featuredmedia":[{"embeddable":true,"href":"https:\/\/aeronoticias.com.pe\/noticiero\/wp-json\/wp\/v2\/media\/75656"}],"wp:attachment":[{"href":"https:\/\/aeronoticias.com.pe\/noticiero\/wp-json\/wp\/v2\/media?parent=75655"}],"wp:term":[{"taxonomy":"category","embeddable":true,"href":"https:\/\/aeronoticias.com.pe\/noticiero\/wp-json\/wp\/v2\/categories?post=75655"},{"taxonomy":"post_tag","embeddable":true,"href":"https:\/\/aeronoticias.com.pe\/noticiero\/wp-json\/wp\/v2\/tags?post=75655"}],"curies":[{"name":"wp","href":"https:\/\/api.w.org\/{rel}","templated":true}]}}