{"id":75658,"date":"2021-11-03T14:19:17","date_gmt":"2021-11-03T19:19:17","guid":{"rendered":"https:\/\/aeronoticias.com.pe\/noticiero\/?p=75658"},"modified":"2021-11-03T14:33:39","modified_gmt":"2021-11-03T19:33:39","slug":"aprueban-65-nuevas-rutas-a-la-aerolinea-viva","status":"publish","type":"post","link":"https:\/\/aeronoticias.com.pe\/noticiero\/ultimas\/1\/aprueban-65-nuevas-rutas-a-la-aerolinea-viva\/","title":{"rendered":"Aprueban 65 nuevas rutas a la aerol\u00ednea Viva"},"content":{"rendered":"\n<p><strong>(Aeronoticias):<\/strong> La Aeron\u00e1utica Civil dio v\u00eda libre a la adici\u00f3n al permiso de operaci\u00f3n como empresa regular de pasajeros de 65 nuevas rutas solicitadas a la Sociedad Fast Colombia S.A.S., conocida como&nbsp;<a href=\"https:\/\/aviacionaldia.com\/viva\">Viva<\/a>, para ser operadas en aeronaves A320.<\/p>\n\n\n\n<p>Con esta adici\u00f3n, dada por primera vez a una empresa a\u00e9rea en Colombia, se ampl\u00eda la oferta de rutas y destinos para los usuarios del transporte a\u00e9reo y se fortalece el proceso de reactivaci\u00f3n a\u00e9rea.<\/p>\n\n\n\n<p><strong><em>\u2192&nbsp;<\/em><\/strong><a href=\"https:\/\/aviacionaldia.com\/2021\/10\/viva-y-viva-aerobus-acuerdo-interlinea.html\"><em>Viva y Viva Aerobus anuncian su primer acuerdo interl\u00ednea.<\/em><\/a><\/p>\n\n\n\n<p>\u201cLas rutas autorizadas ofrecer\u00e1n un nuevo abanico de posibilidades a los usuarios del transporte a\u00e9reo para encontrar m\u00e1s alternativas dentro del mercado, brindan m\u00e1s puntos de conexi\u00f3n dentro y fuera del pa\u00eds y ratifican el compromiso del Gobierno nacional, de apoyar la reactivaci\u00f3n econ\u00f3mica de los sectores derivados de la actividad a\u00e9rea, que ya alcanza los 20 millones de pasajeros movilizados y se espera que llegue a los 30 millones al terminar el 2021\u201d, afirm\u00f3 Camilo Pab\u00f3n Almanza, ministro de Transporte (E).<\/p>\n\n\n\n<p>Las nuevas rutas conectar\u00e1n a Bogot\u00e1 con Houston, Miami, Nueva York, San Juan de Puerto Rico, Chicago, Boston, Washington, Baltimore y Tampa. De igual forma, a Medell\u00edn con Nueva York, Houston y San Juan de Puerto Rico; a Cartagena y C\u00facuta con Miami; y a Cali con Orlando y Miami.<\/p>\n\n\n\n<p><em><strong>\u2192<\/strong>&nbsp;<a href=\"https:\/\/aviacionaldia.com\/2021\/10\/viva-cinco-nuevas-rutas-nacionales.html\">Colombia: Viva inicia vuelos a cinco nuevas rutas&nbsp;<\/a><\/em><a href=\"https:\/\/aviacionaldia.com\/2021\/10\/viva-cinco-nuevas-rutas-nacionales.html\"><em>nacionales.<\/em><\/a><\/p>\n\n\n\n<p>Por otra parte, los viajeros podr\u00e1n conectarse con M\u00e9xico en rutas que unen a Cali con Canc\u00fan y Ciudad de M\u00e9xico; a Bogot\u00e1 con Canc\u00fan y a Cartagena con Ciudad de M\u00e9xico.<\/p>\n\n\n\n<p>As\u00ed mismo, la adici\u00f3n de rutas a Viva, le permitir\u00e1 a la aerol\u00ednea conectar a Cali y Cartagena con Lima y a Bogot\u00e1 con Cuzco en Per\u00fa; mientras que Brasil ser\u00e1 conectada entre Bogot\u00e1 y Rio de Janeiro.<\/p>\n\n\n\n<p>Las nuevas rutas tambi\u00e9n tienen puntos de conexi\u00f3n con Centroam\u00e9rica y el Caribe en rutas que unir\u00e1n a Medell\u00edn con Punta Cana, San Salvador, Panam\u00e1 y Santo Domingo; a Bogot\u00e1 con Santo Domingo, Panam\u00e1, Ciudad de Guatemala, Aruba y San Salvador.<\/p>\n\n\n\n<p>En cuanto a las rutas dom\u00e9sticas, la Aeron\u00e1utica Civil autoriz\u00f3 a Viva conectar a Bogot\u00e1 con Neiva, Valledupar, Yopal, Armenia, Apartad\u00f3 y Pasto; a Cartagena con C\u00facuta, Villavicencio, Pasto y Neiva.<\/p>\n\n\n\n<p>Adicionalmente, a San Andr\u00e9s con Neiva, Pasto, Armenia, Villavicencio y Santa Marta; a Cali con Monter\u00eda, Bucaramanga y Riohacha; a Santa Marta con Bucaramanga; a Medell\u00edn con Leticia, Armenia y Apartad\u00f3 y a Bucaramanga con C\u00facuta.<\/p>\n\n\n\n<p>Todas estas rutas podr\u00e1n ser operadas con siete frecuencias semanales.<\/p>\n\n\n\n<p><strong>Fuente: Aviaci\u00f3n al Dia<\/strong><\/p>\n\n\n\n<p><\/p>\n","protected":false},"excerpt":{"rendered":"<p>(Aeronoticias): La Aeron\u00e1utica Civil dio v\u00eda libre a la adici\u00f3n al permiso de operaci\u00f3n como empresa regular de pasajeros de 65 nuevas rutas solicitadas a la Sociedad Fast Colombia S.A.S., conocida como&nbsp;Viva, para ser operadas en aeronaves A320. Con esta adici\u00f3n, dada por primera vez a una empresa a\u00e9rea en Colombia, se ampl\u00eda la oferta [&hellip;]<\/p>\n","protected":false},"author":3,"featured_media":75659,"comment_status":"open","ping_status":"open","sticky":false,"template":"","format":"standard","meta":{"tdm_status":"","tdm_grid_status":"","footnotes":""},"categories":[32,11,30,8],"tags":[],"class_list":{"0":"post-75658","1":"post","2":"type-post","3":"status-publish","4":"format-standard","5":"has-post-thumbnail","7":"category-internacional","8":"category-transporte-aereo","9":"category-30","10":"category-ultimas"},"yoast_head":"<!-- This site is optimized with the Yoast SEO plugin v25.1 - https:\/\/yoast.com\/wordpress\/plugins\/seo\/ -->\n<title>Aprueban 65 nuevas rutas a la aerol\u00ednea Viva<\/title>\n<meta name=\"description\" content=\"Portal de noticias del Per\u00fa sobre el transporte a\u00e9reo, aviaci\u00f3n, turismo, hoteleria, actualidad.\" \/>\n<meta name=\"robots\" content=\"index, follow, max-snippet:-1, max-image-preview:large, max-video-preview:-1\" \/>\n<link rel=\"canonical\" href=\"https:\/\/aeronoticias.com.pe\/noticiero\/ultimas\/1\/aprueban-65-nuevas-rutas-a-la-aerolinea-viva\/\" \/>\n<meta property=\"og:locale\" content=\"es_ES\" \/>\n<meta property=\"og:type\" content=\"article\" \/>\n<meta property=\"og:title\" content=\"Aprueban 65 nuevas rutas a la aerol\u00ednea Viva\" \/>\n<meta property=\"og:description\" content=\"Portal de noticias del Per\u00fa sobre el transporte a\u00e9reo, aviaci\u00f3n, turismo, hoteleria, actualidad.\" \/>\n<meta property=\"og:url\" content=\"https:\/\/aeronoticias.com.pe\/noticiero\/ultimas\/1\/aprueban-65-nuevas-rutas-a-la-aerolinea-viva\/\" \/>\n<meta property=\"og:site_name\" content=\"Aeronoticias.com.pe\" \/>\n<meta property=\"article:publisher\" content=\"https:\/\/www.facebook.com\/Aeronoticias.com.pe\/\" \/>\n<meta property=\"article:published_time\" content=\"2021-11-03T19:19:17+00:00\" \/>\n<meta property=\"article:modified_time\" content=\"2021-11-03T19:33:39+00:00\" \/>\n<meta property=\"og:image\" content=\"https:\/\/aeronoticias.com.pe\/noticiero\/wp-content\/uploads\/2021\/11\/viva.jpg\" \/>\n\t<meta property=\"og:image:width\" content=\"800\" \/>\n\t<meta property=\"og:image:height\" content=\"400\" \/>\n\t<meta property=\"og:image:type\" content=\"image\/jpeg\" \/>\n<meta name=\"author\" content=\"Redacci\u00f3n\" \/>\n<meta name=\"twitter:card\" content=\"summary_large_image\" \/>\n<meta name=\"twitter:creator\" content=\"@aeronoticias\" \/>\n<meta name=\"twitter:site\" content=\"@aeronoticias\" \/>\n<meta name=\"twitter:label1\" content=\"Escrito por\" \/>\n\t<meta name=\"twitter:data1\" content=\"Redacci\u00f3n\" \/>\n\t<meta name=\"twitter:label2\" content=\"Tiempo de lectura\" \/>\n\t<meta name=\"twitter:data2\" content=\"2 minutos\" \/>\n<script type=\"application\/ld+json\" class=\"yoast-schema-graph\">{\"@context\":\"https:\/\/schema.org\",\"@graph\":[{\"@type\":\"WebPage\",\"@id\":\"https:\/\/aeronoticias.com.pe\/noticiero\/ultimas\/1\/aprueban-65-nuevas-rutas-a-la-aerolinea-viva\/\",\"url\":\"https:\/\/aeronoticias.com.pe\/noticiero\/ultimas\/1\/aprueban-65-nuevas-rutas-a-la-aerolinea-viva\/\",\"name\":\"Aprueban 65 nuevas rutas a la aerol\u00ednea Viva\",\"isPartOf\":{\"@id\":\"https:\/\/aeronoticias.com.pe\/noticiero\/#website\"},\"primaryImageOfPage\":{\"@id\":\"https:\/\/aeronoticias.com.pe\/noticiero\/ultimas\/1\/aprueban-65-nuevas-rutas-a-la-aerolinea-viva\/#primaryimage\"},\"image\":{\"@id\":\"https:\/\/aeronoticias.com.pe\/noticiero\/ultimas\/1\/aprueban-65-nuevas-rutas-a-la-aerolinea-viva\/#primaryimage\"},\"thumbnailUrl\":\"https:\/\/aeronoticias.com.pe\/noticiero\/wp-content\/uploads\/2021\/11\/viva.jpg\",\"datePublished\":\"2021-11-03T19:19:17+00:00\",\"dateModified\":\"2021-11-03T19:33:39+00:00\",\"author\":{\"@id\":\"https:\/\/aeronoticias.com.pe\/noticiero\/#\/schema\/person\/16212a617c73f78916b13194154243bd\"},\"description\":\"Portal de noticias del Per\u00fa sobre el transporte a\u00e9reo, aviaci\u00f3n, turismo, hoteleria, actualidad.\",\"breadcrumb\":{\"@id\":\"https:\/\/aeronoticias.com.pe\/noticiero\/ultimas\/1\/aprueban-65-nuevas-rutas-a-la-aerolinea-viva\/#breadcrumb\"},\"inLanguage\":\"es\",\"potentialAction\":[{\"@type\":\"ReadAction\",\"target\":[\"https:\/\/aeronoticias.com.pe\/noticiero\/ultimas\/1\/aprueban-65-nuevas-rutas-a-la-aerolinea-viva\/\"]}]},{\"@type\":\"ImageObject\",\"inLanguage\":\"es\",\"@id\":\"https:\/\/aeronoticias.com.pe\/noticiero\/ultimas\/1\/aprueban-65-nuevas-rutas-a-la-aerolinea-viva\/#primaryimage\",\"url\":\"https:\/\/aeronoticias.com.pe\/noticiero\/wp-content\/uploads\/2021\/11\/viva.jpg\",\"contentUrl\":\"https:\/\/aeronoticias.com.pe\/noticiero\/wp-content\/uploads\/2021\/11\/viva.jpg\",\"width\":800,\"height\":400},{\"@type\":\"BreadcrumbList\",\"@id\":\"https:\/\/aeronoticias.com.pe\/noticiero\/ultimas\/1\/aprueban-65-nuevas-rutas-a-la-aerolinea-viva\/#breadcrumb\",\"itemListElement\":[{\"@type\":\"ListItem\",\"position\":1,\"name\":\"Portada\",\"item\":\"https:\/\/aeronoticias.com.pe\/noticiero\/\"},{\"@type\":\"ListItem\",\"position\":2,\"name\":\"Aprueban 65 nuevas rutas a la aerol\u00ednea Viva\"}]},{\"@type\":\"WebSite\",\"@id\":\"https:\/\/aeronoticias.com.pe\/noticiero\/#website\",\"url\":\"https:\/\/aeronoticias.com.pe\/noticiero\/\",\"name\":\"Aeronoticias.com.pe\",\"description\":\"Noticias de tranporte aereo, turismo, hoteles, gastronomia, actualidad, internacional\",\"potentialAction\":[{\"@type\":\"SearchAction\",\"target\":{\"@type\":\"EntryPoint\",\"urlTemplate\":\"https:\/\/aeronoticias.com.pe\/noticiero\/?s={search_term_string}\"},\"query-input\":{\"@type\":\"PropertyValueSpecification\",\"valueRequired\":true,\"valueName\":\"search_term_string\"}}],\"inLanguage\":\"es\"},{\"@type\":\"Person\",\"@id\":\"https:\/\/aeronoticias.com.pe\/noticiero\/#\/schema\/person\/16212a617c73f78916b13194154243bd\",\"name\":\"Redacci\u00f3n\",\"sameAs\":[\"http:\/\/Redacci\u00f3n\"],\"url\":\"https:\/\/aeronoticias.com.pe\/noticiero\/author\/celeste\/\"}]}<\/script>\n<!-- \/ Yoast SEO plugin. -->","yoast_head_json":{"title":"Aprueban 65 nuevas rutas a la aerol\u00ednea Viva","description":"Portal de noticias del Per\u00fa sobre el transporte a\u00e9reo, aviaci\u00f3n, turismo, hoteleria, actualidad.","robots":{"index":"index","follow":"follow","max-snippet":"max-snippet:-1","max-image-preview":"max-image-preview:large","max-video-preview":"max-video-preview:-1"},"canonical":"https:\/\/aeronoticias.com.pe\/noticiero\/ultimas\/1\/aprueban-65-nuevas-rutas-a-la-aerolinea-viva\/","og_locale":"es_ES","og_type":"article","og_title":"Aprueban 65 nuevas rutas a la aerol\u00ednea Viva","og_description":"Portal de noticias del Per\u00fa sobre el transporte a\u00e9reo, aviaci\u00f3n, turismo, hoteleria, actualidad.","og_url":"https:\/\/aeronoticias.com.pe\/noticiero\/ultimas\/1\/aprueban-65-nuevas-rutas-a-la-aerolinea-viva\/","og_site_name":"Aeronoticias.com.pe","article_publisher":"https:\/\/www.facebook.com\/Aeronoticias.com.pe\/","article_published_time":"2021-11-03T19:19:17+00:00","article_modified_time":"2021-11-03T19:33:39+00:00","og_image":[{"width":800,"height":400,"url":"https:\/\/aeronoticias.com.pe\/noticiero\/wp-content\/uploads\/2021\/11\/viva.jpg","type":"image\/jpeg"}],"author":"Redacci\u00f3n","twitter_card":"summary_large_image","twitter_creator":"@aeronoticias","twitter_site":"@aeronoticias","twitter_misc":{"Escrito por":"Redacci\u00f3n","Tiempo de lectura":"2 minutos"},"schema":{"@context":"https:\/\/schema.org","@graph":[{"@type":"WebPage","@id":"https:\/\/aeronoticias.com.pe\/noticiero\/ultimas\/1\/aprueban-65-nuevas-rutas-a-la-aerolinea-viva\/","url":"https:\/\/aeronoticias.com.pe\/noticiero\/ultimas\/1\/aprueban-65-nuevas-rutas-a-la-aerolinea-viva\/","name":"Aprueban 65 nuevas rutas a la aerol\u00ednea Viva","isPartOf":{"@id":"https:\/\/aeronoticias.com.pe\/noticiero\/#website"},"primaryImageOfPage":{"@id":"https:\/\/aeronoticias.com.pe\/noticiero\/ultimas\/1\/aprueban-65-nuevas-rutas-a-la-aerolinea-viva\/#primaryimage"},"image":{"@id":"https:\/\/aeronoticias.com.pe\/noticiero\/ultimas\/1\/aprueban-65-nuevas-rutas-a-la-aerolinea-viva\/#primaryimage"},"thumbnailUrl":"https:\/\/aeronoticias.com.pe\/noticiero\/wp-content\/uploads\/2021\/11\/viva.jpg","datePublished":"2021-11-03T19:19:17+00:00","dateModified":"2021-11-03T19:33:39+00:00","author":{"@id":"https:\/\/aeronoticias.com.pe\/noticiero\/#\/schema\/person\/16212a617c73f78916b13194154243bd"},"description":"Portal de noticias del Per\u00fa sobre el transporte a\u00e9reo, aviaci\u00f3n, turismo, hoteleria, actualidad.","breadcrumb":{"@id":"https:\/\/aeronoticias.com.pe\/noticiero\/ultimas\/1\/aprueban-65-nuevas-rutas-a-la-aerolinea-viva\/#breadcrumb"},"inLanguage":"es","potentialAction":[{"@type":"ReadAction","target":["https:\/\/aeronoticias.com.pe\/noticiero\/ultimas\/1\/aprueban-65-nuevas-rutas-a-la-aerolinea-viva\/"]}]},{"@type":"ImageObject","inLanguage":"es","@id":"https:\/\/aeronoticias.com.pe\/noticiero\/ultimas\/1\/aprueban-65-nuevas-rutas-a-la-aerolinea-viva\/#primaryimage","url":"https:\/\/aeronoticias.com.pe\/noticiero\/wp-content\/uploads\/2021\/11\/viva.jpg","contentUrl":"https:\/\/aeronoticias.com.pe\/noticiero\/wp-content\/uploads\/2021\/11\/viva.jpg","width":800,"height":400},{"@type":"BreadcrumbList","@id":"https:\/\/aeronoticias.com.pe\/noticiero\/ultimas\/1\/aprueban-65-nuevas-rutas-a-la-aerolinea-viva\/#breadcrumb","itemListElement":[{"@type":"ListItem","position":1,"name":"Portada","item":"https:\/\/aeronoticias.com.pe\/noticiero\/"},{"@type":"ListItem","position":2,"name":"Aprueban 65 nuevas rutas a la aerol\u00ednea Viva"}]},{"@type":"WebSite","@id":"https:\/\/aeronoticias.com.pe\/noticiero\/#website","url":"https:\/\/aeronoticias.com.pe\/noticiero\/","name":"Aeronoticias.com.pe","description":"Noticias de tranporte aereo, turismo, hoteles, gastronomia, actualidad, internacional","potentialAction":[{"@type":"SearchAction","target":{"@type":"EntryPoint","urlTemplate":"https:\/\/aeronoticias.com.pe\/noticiero\/?s={search_term_string}"},"query-input":{"@type":"PropertyValueSpecification","valueRequired":true,"valueName":"search_term_string"}}],"inLanguage":"es"},{"@type":"Person","@id":"https:\/\/aeronoticias.com.pe\/noticiero\/#\/schema\/person\/16212a617c73f78916b13194154243bd","name":"Redacci\u00f3n","sameAs":["http:\/\/Redacci\u00f3n"],"url":"https:\/\/aeronoticias.com.pe\/noticiero\/author\/celeste\/"}]}},"_links":{"self":[{"href":"https:\/\/aeronoticias.com.pe\/noticiero\/wp-json\/wp\/v2\/posts\/75658","targetHints":{"allow":["GET"]}}],"collection":[{"href":"https:\/\/aeronoticias.com.pe\/noticiero\/wp-json\/wp\/v2\/posts"}],"about":[{"href":"https:\/\/aeronoticias.com.pe\/noticiero\/wp-json\/wp\/v2\/types\/post"}],"author":[{"embeddable":true,"href":"https:\/\/aeronoticias.com.pe\/noticiero\/wp-json\/wp\/v2\/users\/3"}],"replies":[{"embeddable":true,"href":"https:\/\/aeronoticias.com.pe\/noticiero\/wp-json\/wp\/v2\/comments?post=75658"}],"version-history":[{"count":0,"href":"https:\/\/aeronoticias.com.pe\/noticiero\/wp-json\/wp\/v2\/posts\/75658\/revisions"}],"wp:featuredmedia":[{"embeddable":true,"href":"https:\/\/aeronoticias.com.pe\/noticiero\/wp-json\/wp\/v2\/media\/75659"}],"wp:attachment":[{"href":"https:\/\/aeronoticias.com.pe\/noticiero\/wp-json\/wp\/v2\/media?parent=75658"}],"wp:term":[{"taxonomy":"category","embeddable":true,"href":"https:\/\/aeronoticias.com.pe\/noticiero\/wp-json\/wp\/v2\/categories?post=75658"},{"taxonomy":"post_tag","embeddable":true,"href":"https:\/\/aeronoticias.com.pe\/noticiero\/wp-json\/wp\/v2\/tags?post=75658"}],"curies":[{"name":"wp","href":"https:\/\/api.w.org\/{rel}","templated":true}]}}