{"id":75661,"date":"2021-11-03T14:28:28","date_gmt":"2021-11-03T19:28:28","guid":{"rendered":"https:\/\/aeronoticias.com.pe\/noticiero\/?p=75661"},"modified":"2021-11-03T14:28:33","modified_gmt":"2021-11-03T19:28:33","slug":"aceptan-plan-de-reorganizacion-de-avianca","status":"publish","type":"post","link":"https:\/\/aeronoticias.com.pe\/noticiero\/ultimas\/1\/aceptan-plan-de-reorganizacion-de-avianca\/","title":{"rendered":"Aceptan Plan de Reorganizaci\u00f3n de Avianca"},"content":{"rendered":"\n<p><strong>(Aeronoticias):<\/strong> La Corte del Distrito Sur de Nueva York acept\u00f3 el\u00a0<strong>Plan de Reorganizaci\u00f3n de Avianca<\/strong>, lo que coloca a la aerol\u00ednea sudamericana para\u00a0<strong>emerger exitosamente de su Cap\u00edtulo 11<\/strong>\u00a0para finales de este a\u00f1o.<\/p>\n\n\n\n<p>El objetivo es que Avianca salga como una compa\u00f1\u00eda a\u00e9rea\u00a0<strong>m\u00e1s eficiente y financieramente s\u00f3lida<\/strong>, que se encuentre bien posicionada para el \u00e9xito a largo plazo, indic\u00f3 la aerol\u00ednea en un comunicado.\u00a0<\/p>\n\n\n\n<p>El plan de negocios tambi\u00e9n prev\u00e9 que\u00a0<strong>Avianca tenga una flota de m\u00e1s de 130 aeronaves conectando en 200 rutas punto a punto para 2025,<\/strong>\u00a0con mayores servicios comerciales a trav\u00e9s de Latinoam\u00e9rica una vez que la demanda se recupere totalmente.\u00a0<\/p>\n\n\n\n<p>\u201cViendo hacia adelante, con una fundaci\u00f3n financiera m\u00e1s s\u00f3lida, Avianca\u00a0<strong>estar\u00e1 mejor posicionada para capturar la demanda del tr\u00e1fico<\/strong>\u00a0con una propuesta de valor atractiva que cumpla con las necesidades de nuestros clientes en Latinoam\u00e9rica y m\u00e1s all\u00e1\u201d, dijo Adri\u00e1n Neuhauser, presidente y director ejecutivo de la aerol\u00ednea.\u00a0<\/p>\n\n\n\n<p>Avianca se convierte as\u00ed en la\u00a0<strong>primera de las tres l\u00edneas a\u00e9reas latinoamericanas en Cap\u00edtulo 11 en tener su Plan de Reorganizaci\u00f3n aprobado<\/strong>. Aerom\u00e9xico est\u00e1 en el proceso de aprobaci\u00f3n, mientras que\u00a0<strong>LATAM Airlines Group<\/strong>\u00a0<strong>todav\u00eda no lo presenta<\/strong>.<\/p>\n\n\n\n<p><strong>Fuente: A21mx<\/strong><\/p>\n","protected":false},"excerpt":{"rendered":"<p>(Aeronoticias): La Corte del Distrito Sur de Nueva York acept\u00f3 el\u00a0Plan de Reorganizaci\u00f3n de Avianca, lo que coloca a la aerol\u00ednea sudamericana para\u00a0emerger exitosamente de su Cap\u00edtulo 11\u00a0para finales de este a\u00f1o. El objetivo es que Avianca salga como una compa\u00f1\u00eda a\u00e9rea\u00a0m\u00e1s eficiente y financieramente s\u00f3lida, que se encuentre bien posicionada para el \u00e9xito a [&hellip;]<\/p>\n","protected":false},"author":3,"featured_media":75662,"comment_status":"open","ping_status":"open","sticky":false,"template":"","format":"standard","meta":{"tdm_status":"","tdm_grid_status":"","footnotes":""},"categories":[11,31,30,8],"tags":[],"class_list":{"0":"post-75661","1":"post","2":"type-post","3":"status-publish","4":"format-standard","5":"has-post-thumbnail","7":"category-transporte-aereo","8":"category-31","9":"category-30","10":"category-ultimas"},"yoast_head":"<!-- This site is optimized with the Yoast SEO plugin v25.1 - https:\/\/yoast.com\/wordpress\/plugins\/seo\/ -->\n<title>Aceptan Plan de Reorganizaci\u00f3n de Avianca<\/title>\n<meta name=\"description\" content=\"EL OBJETIVO DE LA AEROL\u00cdNEA ES EMERGER M\u00c1S EFICIENTE Y FINANCIERAMENTE S\u00d3LIDA\" \/>\n<meta name=\"robots\" content=\"index, follow, max-snippet:-1, max-image-preview:large, max-video-preview:-1\" \/>\n<link rel=\"canonical\" href=\"https:\/\/aeronoticias.com.pe\/noticiero\/ultimas\/1\/aceptan-plan-de-reorganizacion-de-avianca\/\" \/>\n<meta property=\"og:locale\" content=\"es_ES\" \/>\n<meta property=\"og:type\" content=\"article\" \/>\n<meta property=\"og:title\" content=\"Aceptan Plan de Reorganizaci\u00f3n de Avianca\" \/>\n<meta property=\"og:description\" content=\"EL OBJETIVO DE LA AEROL\u00cdNEA ES EMERGER M\u00c1S EFICIENTE Y FINANCIERAMENTE S\u00d3LIDA\" \/>\n<meta property=\"og:url\" content=\"https:\/\/aeronoticias.com.pe\/noticiero\/ultimas\/1\/aceptan-plan-de-reorganizacion-de-avianca\/\" \/>\n<meta property=\"og:site_name\" content=\"Aeronoticias.com.pe\" \/>\n<meta property=\"article:publisher\" content=\"https:\/\/www.facebook.com\/Aeronoticias.com.pe\/\" \/>\n<meta property=\"article:published_time\" content=\"2021-11-03T19:28:28+00:00\" \/>\n<meta property=\"article:modified_time\" content=\"2021-11-03T19:28:33+00:00\" \/>\n<meta property=\"og:image\" content=\"https:\/\/aeronoticias.com.pe\/noticiero\/wp-content\/uploads\/2021\/11\/avi.jpg\" \/>\n\t<meta property=\"og:image:width\" content=\"2048\" \/>\n\t<meta property=\"og:image:height\" content=\"1200\" \/>\n\t<meta property=\"og:image:type\" content=\"image\/jpeg\" \/>\n<meta name=\"author\" content=\"Redacci\u00f3n\" \/>\n<meta name=\"twitter:card\" content=\"summary_large_image\" \/>\n<meta name=\"twitter:creator\" content=\"@aeronoticias\" \/>\n<meta name=\"twitter:site\" content=\"@aeronoticias\" \/>\n<meta name=\"twitter:label1\" content=\"Escrito por\" \/>\n\t<meta name=\"twitter:data1\" content=\"Redacci\u00f3n\" \/>\n\t<meta name=\"twitter:label2\" content=\"Tiempo de lectura\" \/>\n\t<meta name=\"twitter:data2\" content=\"1 minuto\" \/>\n<script type=\"application\/ld+json\" class=\"yoast-schema-graph\">{\"@context\":\"https:\/\/schema.org\",\"@graph\":[{\"@type\":\"WebPage\",\"@id\":\"https:\/\/aeronoticias.com.pe\/noticiero\/ultimas\/1\/aceptan-plan-de-reorganizacion-de-avianca\/\",\"url\":\"https:\/\/aeronoticias.com.pe\/noticiero\/ultimas\/1\/aceptan-plan-de-reorganizacion-de-avianca\/\",\"name\":\"Aceptan Plan de Reorganizaci\u00f3n de Avianca\",\"isPartOf\":{\"@id\":\"https:\/\/aeronoticias.com.pe\/noticiero\/#website\"},\"primaryImageOfPage\":{\"@id\":\"https:\/\/aeronoticias.com.pe\/noticiero\/ultimas\/1\/aceptan-plan-de-reorganizacion-de-avianca\/#primaryimage\"},\"image\":{\"@id\":\"https:\/\/aeronoticias.com.pe\/noticiero\/ultimas\/1\/aceptan-plan-de-reorganizacion-de-avianca\/#primaryimage\"},\"thumbnailUrl\":\"https:\/\/aeronoticias.com.pe\/noticiero\/wp-content\/uploads\/2021\/11\/avi.jpg\",\"datePublished\":\"2021-11-03T19:28:28+00:00\",\"dateModified\":\"2021-11-03T19:28:33+00:00\",\"author\":{\"@id\":\"https:\/\/aeronoticias.com.pe\/noticiero\/#\/schema\/person\/16212a617c73f78916b13194154243bd\"},\"description\":\"EL OBJETIVO DE LA AEROL\u00cdNEA ES EMERGER M\u00c1S EFICIENTE Y FINANCIERAMENTE S\u00d3LIDA\",\"breadcrumb\":{\"@id\":\"https:\/\/aeronoticias.com.pe\/noticiero\/ultimas\/1\/aceptan-plan-de-reorganizacion-de-avianca\/#breadcrumb\"},\"inLanguage\":\"es\",\"potentialAction\":[{\"@type\":\"ReadAction\",\"target\":[\"https:\/\/aeronoticias.com.pe\/noticiero\/ultimas\/1\/aceptan-plan-de-reorganizacion-de-avianca\/\"]}]},{\"@type\":\"ImageObject\",\"inLanguage\":\"es\",\"@id\":\"https:\/\/aeronoticias.com.pe\/noticiero\/ultimas\/1\/aceptan-plan-de-reorganizacion-de-avianca\/#primaryimage\",\"url\":\"https:\/\/aeronoticias.com.pe\/noticiero\/wp-content\/uploads\/2021\/11\/avi.jpg\",\"contentUrl\":\"https:\/\/aeronoticias.com.pe\/noticiero\/wp-content\/uploads\/2021\/11\/avi.jpg\",\"width\":2048,\"height\":1200},{\"@type\":\"BreadcrumbList\",\"@id\":\"https:\/\/aeronoticias.com.pe\/noticiero\/ultimas\/1\/aceptan-plan-de-reorganizacion-de-avianca\/#breadcrumb\",\"itemListElement\":[{\"@type\":\"ListItem\",\"position\":1,\"name\":\"Portada\",\"item\":\"https:\/\/aeronoticias.com.pe\/noticiero\/\"},{\"@type\":\"ListItem\",\"position\":2,\"name\":\"Aceptan Plan de Reorganizaci\u00f3n de Avianca\"}]},{\"@type\":\"WebSite\",\"@id\":\"https:\/\/aeronoticias.com.pe\/noticiero\/#website\",\"url\":\"https:\/\/aeronoticias.com.pe\/noticiero\/\",\"name\":\"Aeronoticias.com.pe\",\"description\":\"Noticias de tranporte aereo, turismo, hoteles, gastronomia, actualidad, internacional\",\"potentialAction\":[{\"@type\":\"SearchAction\",\"target\":{\"@type\":\"EntryPoint\",\"urlTemplate\":\"https:\/\/aeronoticias.com.pe\/noticiero\/?s={search_term_string}\"},\"query-input\":{\"@type\":\"PropertyValueSpecification\",\"valueRequired\":true,\"valueName\":\"search_term_string\"}}],\"inLanguage\":\"es\"},{\"@type\":\"Person\",\"@id\":\"https:\/\/aeronoticias.com.pe\/noticiero\/#\/schema\/person\/16212a617c73f78916b13194154243bd\",\"name\":\"Redacci\u00f3n\",\"sameAs\":[\"http:\/\/Redacci\u00f3n\"],\"url\":\"https:\/\/aeronoticias.com.pe\/noticiero\/author\/celeste\/\"}]}<\/script>\n<!-- \/ Yoast SEO plugin. -->","yoast_head_json":{"title":"Aceptan Plan de Reorganizaci\u00f3n de Avianca","description":"EL OBJETIVO DE LA AEROL\u00cdNEA ES EMERGER M\u00c1S EFICIENTE Y FINANCIERAMENTE S\u00d3LIDA","robots":{"index":"index","follow":"follow","max-snippet":"max-snippet:-1","max-image-preview":"max-image-preview:large","max-video-preview":"max-video-preview:-1"},"canonical":"https:\/\/aeronoticias.com.pe\/noticiero\/ultimas\/1\/aceptan-plan-de-reorganizacion-de-avianca\/","og_locale":"es_ES","og_type":"article","og_title":"Aceptan Plan de Reorganizaci\u00f3n de Avianca","og_description":"EL OBJETIVO DE LA AEROL\u00cdNEA ES EMERGER M\u00c1S EFICIENTE Y FINANCIERAMENTE S\u00d3LIDA","og_url":"https:\/\/aeronoticias.com.pe\/noticiero\/ultimas\/1\/aceptan-plan-de-reorganizacion-de-avianca\/","og_site_name":"Aeronoticias.com.pe","article_publisher":"https:\/\/www.facebook.com\/Aeronoticias.com.pe\/","article_published_time":"2021-11-03T19:28:28+00:00","article_modified_time":"2021-11-03T19:28:33+00:00","og_image":[{"width":2048,"height":1200,"url":"https:\/\/aeronoticias.com.pe\/noticiero\/wp-content\/uploads\/2021\/11\/avi.jpg","type":"image\/jpeg"}],"author":"Redacci\u00f3n","twitter_card":"summary_large_image","twitter_creator":"@aeronoticias","twitter_site":"@aeronoticias","twitter_misc":{"Escrito por":"Redacci\u00f3n","Tiempo de lectura":"1 minuto"},"schema":{"@context":"https:\/\/schema.org","@graph":[{"@type":"WebPage","@id":"https:\/\/aeronoticias.com.pe\/noticiero\/ultimas\/1\/aceptan-plan-de-reorganizacion-de-avianca\/","url":"https:\/\/aeronoticias.com.pe\/noticiero\/ultimas\/1\/aceptan-plan-de-reorganizacion-de-avianca\/","name":"Aceptan Plan de Reorganizaci\u00f3n de Avianca","isPartOf":{"@id":"https:\/\/aeronoticias.com.pe\/noticiero\/#website"},"primaryImageOfPage":{"@id":"https:\/\/aeronoticias.com.pe\/noticiero\/ultimas\/1\/aceptan-plan-de-reorganizacion-de-avianca\/#primaryimage"},"image":{"@id":"https:\/\/aeronoticias.com.pe\/noticiero\/ultimas\/1\/aceptan-plan-de-reorganizacion-de-avianca\/#primaryimage"},"thumbnailUrl":"https:\/\/aeronoticias.com.pe\/noticiero\/wp-content\/uploads\/2021\/11\/avi.jpg","datePublished":"2021-11-03T19:28:28+00:00","dateModified":"2021-11-03T19:28:33+00:00","author":{"@id":"https:\/\/aeronoticias.com.pe\/noticiero\/#\/schema\/person\/16212a617c73f78916b13194154243bd"},"description":"EL OBJETIVO DE LA AEROL\u00cdNEA ES EMERGER M\u00c1S EFICIENTE Y FINANCIERAMENTE S\u00d3LIDA","breadcrumb":{"@id":"https:\/\/aeronoticias.com.pe\/noticiero\/ultimas\/1\/aceptan-plan-de-reorganizacion-de-avianca\/#breadcrumb"},"inLanguage":"es","potentialAction":[{"@type":"ReadAction","target":["https:\/\/aeronoticias.com.pe\/noticiero\/ultimas\/1\/aceptan-plan-de-reorganizacion-de-avianca\/"]}]},{"@type":"ImageObject","inLanguage":"es","@id":"https:\/\/aeronoticias.com.pe\/noticiero\/ultimas\/1\/aceptan-plan-de-reorganizacion-de-avianca\/#primaryimage","url":"https:\/\/aeronoticias.com.pe\/noticiero\/wp-content\/uploads\/2021\/11\/avi.jpg","contentUrl":"https:\/\/aeronoticias.com.pe\/noticiero\/wp-content\/uploads\/2021\/11\/avi.jpg","width":2048,"height":1200},{"@type":"BreadcrumbList","@id":"https:\/\/aeronoticias.com.pe\/noticiero\/ultimas\/1\/aceptan-plan-de-reorganizacion-de-avianca\/#breadcrumb","itemListElement":[{"@type":"ListItem","position":1,"name":"Portada","item":"https:\/\/aeronoticias.com.pe\/noticiero\/"},{"@type":"ListItem","position":2,"name":"Aceptan Plan de Reorganizaci\u00f3n de Avianca"}]},{"@type":"WebSite","@id":"https:\/\/aeronoticias.com.pe\/noticiero\/#website","url":"https:\/\/aeronoticias.com.pe\/noticiero\/","name":"Aeronoticias.com.pe","description":"Noticias de tranporte aereo, turismo, hoteles, gastronomia, actualidad, internacional","potentialAction":[{"@type":"SearchAction","target":{"@type":"EntryPoint","urlTemplate":"https:\/\/aeronoticias.com.pe\/noticiero\/?s={search_term_string}"},"query-input":{"@type":"PropertyValueSpecification","valueRequired":true,"valueName":"search_term_string"}}],"inLanguage":"es"},{"@type":"Person","@id":"https:\/\/aeronoticias.com.pe\/noticiero\/#\/schema\/person\/16212a617c73f78916b13194154243bd","name":"Redacci\u00f3n","sameAs":["http:\/\/Redacci\u00f3n"],"url":"https:\/\/aeronoticias.com.pe\/noticiero\/author\/celeste\/"}]}},"_links":{"self":[{"href":"https:\/\/aeronoticias.com.pe\/noticiero\/wp-json\/wp\/v2\/posts\/75661","targetHints":{"allow":["GET"]}}],"collection":[{"href":"https:\/\/aeronoticias.com.pe\/noticiero\/wp-json\/wp\/v2\/posts"}],"about":[{"href":"https:\/\/aeronoticias.com.pe\/noticiero\/wp-json\/wp\/v2\/types\/post"}],"author":[{"embeddable":true,"href":"https:\/\/aeronoticias.com.pe\/noticiero\/wp-json\/wp\/v2\/users\/3"}],"replies":[{"embeddable":true,"href":"https:\/\/aeronoticias.com.pe\/noticiero\/wp-json\/wp\/v2\/comments?post=75661"}],"version-history":[{"count":0,"href":"https:\/\/aeronoticias.com.pe\/noticiero\/wp-json\/wp\/v2\/posts\/75661\/revisions"}],"wp:featuredmedia":[{"embeddable":true,"href":"https:\/\/aeronoticias.com.pe\/noticiero\/wp-json\/wp\/v2\/media\/75662"}],"wp:attachment":[{"href":"https:\/\/aeronoticias.com.pe\/noticiero\/wp-json\/wp\/v2\/media?parent=75661"}],"wp:term":[{"taxonomy":"category","embeddable":true,"href":"https:\/\/aeronoticias.com.pe\/noticiero\/wp-json\/wp\/v2\/categories?post=75661"},{"taxonomy":"post_tag","embeddable":true,"href":"https:\/\/aeronoticias.com.pe\/noticiero\/wp-json\/wp\/v2\/tags?post=75661"}],"curies":[{"name":"wp","href":"https:\/\/api.w.org\/{rel}","templated":true}]}}