{"id":7596,"date":"2009-12-19T05:46:34","date_gmt":"2009-12-19T05:46:34","guid":{"rendered":"http:\/\/desarrollo.mcvicious.com\/aero2020\/2009\/12\/19\/elecciones-en-chile-desde-la-concertacion-proponen-nuevo-movimiento-progresista\/"},"modified":"2009-12-19T05:46:34","modified_gmt":"2009-12-19T05:46:34","slug":"elecciones-en-chile-desde-la-concertacion-proponen-nuevo-movimiento-progresista","status":"publish","type":"post","link":"https:\/\/aeronoticias.com.pe\/noticiero\/internacionales\/elecciones-en-chile-desde-la-concertacion-proponen-nuevo-movimiento-progresista\/","title":{"rendered":"Elecciones en Chile: desde la concertaci\u00f3n proponen nuevo movimiento progresista"},"content":{"rendered":"<p style=\"text-align: justify\" class=\"MsoNormal\">Se tratar\u00eda de un Movimiento por la Democracia y la Justicia Social que podr\u00eda, incluso, reflejarse en un eventual gobierno de Eduardo Frei, si gana el ballottage del pr\u00f3ximo 17 de enero. La propuesta se gest\u00f3 desde el Partido Por la Democracia (PPD), el socio menor de los cuatro integrantes de la gobernante Concertaci\u00f3n, que encabeza el diputado Pepe Auth.\u00a0Auth dijo a T\u00e9lam que la idea parte de la necesidad de \u00abencontrar elementos en la propuesta de Frei que consiga identificar y entusiasmar a los otros sectores progresistas que no votaron por la Concertaci\u00f3n, para que haya una mayor\u00eda clara contraria a las ideas del liderazgo de la derecha\u00bb.<\/p>\n<p style=\"text-align: justify\" class=\"MsoNormal\">\u00a0<\/p>\n<p style=\"text-align: justify\" class=\"MsoNormal\">\u00a0<\/p>\n<div style=\"text-align: center\"><img decoding=\"async\" src=\"images\/stories\/09\/12\/181209\/pinerasebastian.jpg\" border=\"0\" alt=\"ELECCIONESCHILE\" title=\"ELECCIONESCHILE\" \/><\/div>\n<p><\/p>\n<p>\u00a0<\/p>\n<p style=\"text-align: justify\" class=\"MsoNormal\">\u00abEsto pasa por constituir un amplio frente democr\u00e1tico de justicia e igualdad social que va m\u00e1s all\u00e1 de la Concertaci\u00f3n, y que incluye al Comunismo y Juntos Podemos y, ojal\u00e1, la parte importante de los actores que acompa\u00f1aron a Enriquez-Ominami desde las comunas o las regiones del pa\u00eds\u00bb.\u00a0Para Auth, este es \u00abun proceso que est\u00e1 en marcha, que tiene poco tiempo pero que puede tener respuesta en el resto de la Concertaci\u00f3n. El mismo presidente del Partido Socialista (Camilo Escalona) no descarta ning\u00fan gesto, hasta su propia salida\u00bb de la conducci\u00f3n partidaria.<\/p>\n<p style=\"text-align: justify\" class=\"MsoNormal\">\u00a0<\/p>\n<p style=\"text-align: justify\" class=\"MsoNormal\">A pocos minutos de conocerse los primeros resultados de las elecciones del domingo que dieron al candidato de la Coalici\u00f3n por el Cambio, el empresario Sebasti\u00e1n Pi\u00f1era, una amplia ventaja de 14 puntos sobre Frei, el comando oficialista inici\u00f3 el sondeo de los sectores que podr\u00edan sumarse a su propuesta.\u00a0Respecto a esta primera semana post electoral desde el comando oficalista, Auth consider\u00f3 que \u00abfaltan pero est\u00e1n por hacerse gestos m\u00e1s categ\u00f3ricos de parte del propio Frei, en el sentido que su alternativa presidencial ya no ser\u00e1 s\u00f3lo la Concertaci\u00f3n sino algo m\u00e1s nuevo que lo supera y con una agenda m\u00e1s amplia del espectro democr\u00e1tico y progresista\u00bb.<\/p>\n<p style=\"text-align: justify\" class=\"MsoNormal\">\u00a0<\/p>\n<p style=\"text-align: justify\" class=\"MsoNormal\">Para el l\u00edder del PPD, esta alternativa \u00ababre la verdadera opci\u00f3n de triunfo\u00bb lo que, a su criterio, se refleja en el primer sondeo difundido este viernes tras los comicios que dan una diferencia de 5 puntos (48 a 43) a favor del l\u00edder de la derecha, y que \u00abmuestra que ya hay un movimiento hacia un nuevo gobierno progresista\u00bb.\u00a0Si bien desde la izquierda de Juntos Podemos las se\u00f1alaes fueron expl\u00edcitas desde la misma campa\u00f1a, tanto la derecha como la Concertaci\u00f3n se lanzaron a la b\u00fasqueda de los electores del independiente Marco Enr\u00edquez-Ominami, quien sum\u00f3 el 20% de los votos y declin\u00f3 pronunciarse en favor de Frei o Pi\u00f1era.<\/p>\n<p style=\"text-align: justify\" class=\"MsoNormal\">\u00a0<\/p>\n<p style=\"text-align: justify\" class=\"MsoNormal\">El diputado electo y titular del Partido Comunista de Chile, Guillermo Tellier, dijo a T\u00e9lam que este viernes recibi\u00f3 la propuesta de Auth en un encuentro en el que se analizaron los di\u00e1logos mantenidos durante la semana para lograr el respaldo a la candidatura de Frei de Juntos Podemos, la coalici\u00f3n de izquierda que apoy\u00f3 la candidatura de Jorge Arrate.<\/p>\n<p style=\"text-align: justify\" class=\"MsoNormal\">\u00a0<\/p>\n<p style=\"text-align: justify\" class=\"MsoNormal\">Seg\u00fan Tellier, la propuesta plantea \u00abincluso la conformaci\u00f3n del nuevo gobierno. Pero de inmediato respondemos que no estamos interesados en ingresar al gobierno de la Concertaci\u00f3n, por lo que habr\u00eda que separar la conformaci\u00f3n de un movimiento de lo que es el gobierno\u00bb.\u00a0Este s\u00e1bado, el pleno del Comit\u00e9 Central del PC decidir\u00e1 \u00abuna postura para la segunda vuelta y esperamos una respuesta del comando de Frei al documento que le presentamos\u00bb.<\/p>\n<p style=\"text-align: justify\" class=\"MsoNormal\">\u00a0<\/p>\n<p style=\"text-align: justify\" class=\"MsoNormal\">Juntos Podemos busca un acuerdo program\u00e1tico que incorpore el compromiso por una reforma constitucional, del sistema electoral, de restablecer el rol del Estado, hasta los temas que son del diario vivir como las falencias en la atenci\u00f3n de salud o el acceso a la educaci\u00f3n\u00bb, repas\u00f3 Tellier.\u00a0Tambi\u00e9n para este s\u00e1bado, la coordinaci\u00f3n nacional de Socialistas por Marco adelant\u00f3 que se podr\u00eda decidir el apoyo a Frei en una reuni\u00f3n en la que se reclamar\u00e1 abrir un acuerdo sobre aspectos program\u00e1ticos con el candidato Frei.<\/p>\n<p style=\"text-align: justify\" class=\"MsoNormal\">\u00a0<\/p>\n<p style=\"text-align: justify\" class=\"MsoNormal\">Este jueves hizo lo propio el alcalde de la comuna de Quilicura, Juan Carrasco, quien en primera vuelta adhiri\u00f3 a la candidatura de Marco y en cuya zona el diputado independiente obtuvo la primera mayor\u00eda. As\u00ed, Carrasco se sum\u00f3 a otros jefes comunales marquistas que expresaron su apoyo a Frei como la alcaldesa de Antofagasta, Marcela Hernando, y el de Calama, el independiente Esteban Vel\u00e1squez, quienes coincidieron en que es necesario fortalecer la opci\u00f3n \u00abdemocr\u00e1tica y progresista ante la posibilidad de que la derecha llegue al gobierno\u00bb, informaron los medios locales.<\/p>\n","protected":false},"excerpt":{"rendered":"<p>Se tratar\u00eda de un Movimiento por la Democracia y la Justicia Social que podr\u00eda, incluso, reflejarse en un eventual gobierno de Eduardo Frei, si gana el ballottage del pr\u00f3ximo 17 de enero. La propuesta se gest\u00f3 desde el Partido Por la Democracia (PPD), el socio menor de los cuatro integrantes de la gobernante Concertaci\u00f3n, que [&hellip;]<\/p>\n","protected":false},"author":1,"featured_media":0,"comment_status":"open","ping_status":"open","sticky":false,"template":"","format":"standard","meta":{"tdm_status":"","tdm_grid_status":"","footnotes":""},"categories":[34],"tags":[],"class_list":{"0":"post-7596","1":"post","2":"type-post","3":"status-publish","4":"format-standard","6":"category-internacionales"},"yoast_head":"<!-- This site is optimized with the Yoast SEO plugin v25.1 - https:\/\/yoast.com\/wordpress\/plugins\/seo\/ -->\n<title>Elecciones en Chile: desde la concertaci\u00f3n proponen nuevo movimiento progresista<\/title>\n<meta name=\"description\" content=\"Portal de noticias del Per\u00fa sobre el transporte a\u00e9reo, aviaci\u00f3n, turismo, hoteleria, actualidad.\" \/>\n<meta name=\"robots\" content=\"index, follow, max-snippet:-1, max-image-preview:large, max-video-preview:-1\" \/>\n<link rel=\"canonical\" href=\"https:\/\/aeronoticias.com.pe\/noticiero\/internacionales\/elecciones-en-chile-desde-la-concertacion-proponen-nuevo-movimiento-progresista\/\" \/>\n<meta property=\"og:locale\" content=\"es_ES\" \/>\n<meta property=\"og:type\" content=\"article\" \/>\n<meta property=\"og:title\" content=\"Elecciones en Chile: desde la concertaci\u00f3n proponen nuevo movimiento progresista\" \/>\n<meta property=\"og:description\" content=\"Portal de noticias del Per\u00fa sobre el transporte a\u00e9reo, aviaci\u00f3n, turismo, hoteleria, actualidad.\" \/>\n<meta property=\"og:url\" content=\"https:\/\/aeronoticias.com.pe\/noticiero\/internacionales\/elecciones-en-chile-desde-la-concertacion-proponen-nuevo-movimiento-progresista\/\" \/>\n<meta property=\"og:site_name\" content=\"Aeronoticias.com.pe\" \/>\n<meta property=\"article:publisher\" content=\"https:\/\/www.facebook.com\/Aeronoticias.com.pe\/\" \/>\n<meta property=\"article:published_time\" content=\"2009-12-19T05:46:34+00:00\" \/>\n<meta name=\"author\" content=\"Redacci\u00f3n Aeronoticias\" \/>\n<meta name=\"twitter:card\" content=\"summary_large_image\" \/>\n<meta name=\"twitter:creator\" content=\"@aeronoticias\" \/>\n<meta name=\"twitter:site\" content=\"@aeronoticias\" \/>\n<meta name=\"twitter:label1\" content=\"Escrito por\" \/>\n\t<meta name=\"twitter:data1\" content=\"Redacci\u00f3n Aeronoticias\" \/>\n\t<meta name=\"twitter:label2\" content=\"Tiempo de lectura\" \/>\n\t<meta name=\"twitter:data2\" content=\"4 minutos\" \/>\n<script type=\"application\/ld+json\" class=\"yoast-schema-graph\">{\"@context\":\"https:\/\/schema.org\",\"@graph\":[{\"@type\":\"WebPage\",\"@id\":\"https:\/\/aeronoticias.com.pe\/noticiero\/internacionales\/elecciones-en-chile-desde-la-concertacion-proponen-nuevo-movimiento-progresista\/\",\"url\":\"https:\/\/aeronoticias.com.pe\/noticiero\/internacionales\/elecciones-en-chile-desde-la-concertacion-proponen-nuevo-movimiento-progresista\/\",\"name\":\"Elecciones en Chile: desde la concertaci\u00f3n proponen nuevo movimiento progresista\",\"isPartOf\":{\"@id\":\"https:\/\/aeronoticias.com.pe\/noticiero\/#website\"},\"datePublished\":\"2009-12-19T05:46:34+00:00\",\"author\":{\"@id\":\"https:\/\/aeronoticias.com.pe\/noticiero\/#\/schema\/person\/fc1e5d578f4b62ba1cf7ac2bba1170a0\"},\"description\":\"Portal de noticias del Per\u00fa sobre el transporte a\u00e9reo, aviaci\u00f3n, turismo, hoteleria, actualidad.\",\"breadcrumb\":{\"@id\":\"https:\/\/aeronoticias.com.pe\/noticiero\/internacionales\/elecciones-en-chile-desde-la-concertacion-proponen-nuevo-movimiento-progresista\/#breadcrumb\"},\"inLanguage\":\"es\",\"potentialAction\":[{\"@type\":\"ReadAction\",\"target\":[\"https:\/\/aeronoticias.com.pe\/noticiero\/internacionales\/elecciones-en-chile-desde-la-concertacion-proponen-nuevo-movimiento-progresista\/\"]}]},{\"@type\":\"BreadcrumbList\",\"@id\":\"https:\/\/aeronoticias.com.pe\/noticiero\/internacionales\/elecciones-en-chile-desde-la-concertacion-proponen-nuevo-movimiento-progresista\/#breadcrumb\",\"itemListElement\":[{\"@type\":\"ListItem\",\"position\":1,\"name\":\"Portada\",\"item\":\"https:\/\/aeronoticias.com.pe\/noticiero\/\"},{\"@type\":\"ListItem\",\"position\":2,\"name\":\"Elecciones en Chile: desde la concertaci\u00f3n proponen nuevo movimiento progresista\"}]},{\"@type\":\"WebSite\",\"@id\":\"https:\/\/aeronoticias.com.pe\/noticiero\/#website\",\"url\":\"https:\/\/aeronoticias.com.pe\/noticiero\/\",\"name\":\"Aeronoticias.com.pe\",\"description\":\"Noticias de tranporte aereo, turismo, hoteles, gastronomia, actualidad, internacional\",\"potentialAction\":[{\"@type\":\"SearchAction\",\"target\":{\"@type\":\"EntryPoint\",\"urlTemplate\":\"https:\/\/aeronoticias.com.pe\/noticiero\/?s={search_term_string}\"},\"query-input\":{\"@type\":\"PropertyValueSpecification\",\"valueRequired\":true,\"valueName\":\"search_term_string\"}}],\"inLanguage\":\"es\"},{\"@type\":\"Person\",\"@id\":\"https:\/\/aeronoticias.com.pe\/noticiero\/#\/schema\/person\/fc1e5d578f4b62ba1cf7ac2bba1170a0\",\"name\":\"Redacci\u00f3n Aeronoticias\",\"url\":\"https:\/\/aeronoticias.com.pe\/noticiero\/author\/piloto\/\"}]}<\/script>\n<!-- \/ Yoast SEO plugin. -->","yoast_head_json":{"title":"Elecciones en Chile: desde la concertaci\u00f3n proponen nuevo movimiento progresista","description":"Portal de noticias del Per\u00fa sobre el transporte a\u00e9reo, aviaci\u00f3n, turismo, hoteleria, actualidad.","robots":{"index":"index","follow":"follow","max-snippet":"max-snippet:-1","max-image-preview":"max-image-preview:large","max-video-preview":"max-video-preview:-1"},"canonical":"https:\/\/aeronoticias.com.pe\/noticiero\/internacionales\/elecciones-en-chile-desde-la-concertacion-proponen-nuevo-movimiento-progresista\/","og_locale":"es_ES","og_type":"article","og_title":"Elecciones en Chile: desde la concertaci\u00f3n proponen nuevo movimiento progresista","og_description":"Portal de noticias del Per\u00fa sobre el transporte a\u00e9reo, aviaci\u00f3n, turismo, hoteleria, actualidad.","og_url":"https:\/\/aeronoticias.com.pe\/noticiero\/internacionales\/elecciones-en-chile-desde-la-concertacion-proponen-nuevo-movimiento-progresista\/","og_site_name":"Aeronoticias.com.pe","article_publisher":"https:\/\/www.facebook.com\/Aeronoticias.com.pe\/","article_published_time":"2009-12-19T05:46:34+00:00","author":"Redacci\u00f3n Aeronoticias","twitter_card":"summary_large_image","twitter_creator":"@aeronoticias","twitter_site":"@aeronoticias","twitter_misc":{"Escrito por":"Redacci\u00f3n Aeronoticias","Tiempo de lectura":"4 minutos"},"schema":{"@context":"https:\/\/schema.org","@graph":[{"@type":"WebPage","@id":"https:\/\/aeronoticias.com.pe\/noticiero\/internacionales\/elecciones-en-chile-desde-la-concertacion-proponen-nuevo-movimiento-progresista\/","url":"https:\/\/aeronoticias.com.pe\/noticiero\/internacionales\/elecciones-en-chile-desde-la-concertacion-proponen-nuevo-movimiento-progresista\/","name":"Elecciones en Chile: desde la concertaci\u00f3n proponen nuevo movimiento progresista","isPartOf":{"@id":"https:\/\/aeronoticias.com.pe\/noticiero\/#website"},"datePublished":"2009-12-19T05:46:34+00:00","author":{"@id":"https:\/\/aeronoticias.com.pe\/noticiero\/#\/schema\/person\/fc1e5d578f4b62ba1cf7ac2bba1170a0"},"description":"Portal de noticias del Per\u00fa sobre el transporte a\u00e9reo, aviaci\u00f3n, turismo, hoteleria, actualidad.","breadcrumb":{"@id":"https:\/\/aeronoticias.com.pe\/noticiero\/internacionales\/elecciones-en-chile-desde-la-concertacion-proponen-nuevo-movimiento-progresista\/#breadcrumb"},"inLanguage":"es","potentialAction":[{"@type":"ReadAction","target":["https:\/\/aeronoticias.com.pe\/noticiero\/internacionales\/elecciones-en-chile-desde-la-concertacion-proponen-nuevo-movimiento-progresista\/"]}]},{"@type":"BreadcrumbList","@id":"https:\/\/aeronoticias.com.pe\/noticiero\/internacionales\/elecciones-en-chile-desde-la-concertacion-proponen-nuevo-movimiento-progresista\/#breadcrumb","itemListElement":[{"@type":"ListItem","position":1,"name":"Portada","item":"https:\/\/aeronoticias.com.pe\/noticiero\/"},{"@type":"ListItem","position":2,"name":"Elecciones en Chile: desde la concertaci\u00f3n proponen nuevo movimiento progresista"}]},{"@type":"WebSite","@id":"https:\/\/aeronoticias.com.pe\/noticiero\/#website","url":"https:\/\/aeronoticias.com.pe\/noticiero\/","name":"Aeronoticias.com.pe","description":"Noticias de tranporte aereo, turismo, hoteles, gastronomia, actualidad, internacional","potentialAction":[{"@type":"SearchAction","target":{"@type":"EntryPoint","urlTemplate":"https:\/\/aeronoticias.com.pe\/noticiero\/?s={search_term_string}"},"query-input":{"@type":"PropertyValueSpecification","valueRequired":true,"valueName":"search_term_string"}}],"inLanguage":"es"},{"@type":"Person","@id":"https:\/\/aeronoticias.com.pe\/noticiero\/#\/schema\/person\/fc1e5d578f4b62ba1cf7ac2bba1170a0","name":"Redacci\u00f3n Aeronoticias","url":"https:\/\/aeronoticias.com.pe\/noticiero\/author\/piloto\/"}]}},"_links":{"self":[{"href":"https:\/\/aeronoticias.com.pe\/noticiero\/wp-json\/wp\/v2\/posts\/7596","targetHints":{"allow":["GET"]}}],"collection":[{"href":"https:\/\/aeronoticias.com.pe\/noticiero\/wp-json\/wp\/v2\/posts"}],"about":[{"href":"https:\/\/aeronoticias.com.pe\/noticiero\/wp-json\/wp\/v2\/types\/post"}],"author":[{"embeddable":true,"href":"https:\/\/aeronoticias.com.pe\/noticiero\/wp-json\/wp\/v2\/users\/1"}],"replies":[{"embeddable":true,"href":"https:\/\/aeronoticias.com.pe\/noticiero\/wp-json\/wp\/v2\/comments?post=7596"}],"version-history":[{"count":0,"href":"https:\/\/aeronoticias.com.pe\/noticiero\/wp-json\/wp\/v2\/posts\/7596\/revisions"}],"wp:attachment":[{"href":"https:\/\/aeronoticias.com.pe\/noticiero\/wp-json\/wp\/v2\/media?parent=7596"}],"wp:term":[{"taxonomy":"category","embeddable":true,"href":"https:\/\/aeronoticias.com.pe\/noticiero\/wp-json\/wp\/v2\/categories?post=7596"},{"taxonomy":"post_tag","embeddable":true,"href":"https:\/\/aeronoticias.com.pe\/noticiero\/wp-json\/wp\/v2\/tags?post=7596"}],"curies":[{"name":"wp","href":"https:\/\/api.w.org\/{rel}","templated":true}]}}