{"id":7597,"date":"2009-12-19T05:49:29","date_gmt":"2009-12-19T05:49:29","guid":{"rendered":"http:\/\/desarrollo.mcvicious.com\/aero2020\/2009\/12\/19\/berlusconi-dos-semanas-sin-aparecer-en-publico\/"},"modified":"2009-12-19T05:49:29","modified_gmt":"2009-12-19T05:49:29","slug":"berlusconi-dos-semanas-sin-aparecer-en-publico","status":"publish","type":"post","link":"https:\/\/aeronoticias.com.pe\/noticiero\/politica\/berlusconi-dos-semanas-sin-aparecer-en-publico\/","title":{"rendered":"Berlusconi: dos semanas sin aparecer en p\u00fablico"},"content":{"rendered":"<p style=\"text-align: justify\" class=\"MsoNormal\">El primer ministro italiano, Silvio Berlusconi, mejoraba tras el ataque que sufri\u00f3 el domingo frente a la Catedral de Mil\u00e1n, aunque su m\u00e9dico personal dijo que no podr\u00e1 participar de eventos p\u00fablicos por 15 d\u00edas.<\/p>\n<p style=\"text-align: justify\" class=\"MsoNormal\">Berlusconi, quien permanece desde este jueves convalesciente en su villa particular de Arcore, norte de Italia, \u00abest\u00e1 mejor\u00bb, afirm\u00f3 este viernes su hija Marina, luego de permanecer internado cuatro d\u00edas en un hospital de Mil\u00e1n, inform\u00f3 la agencia de noticias italiana ANSA.<\/p>\n<p style=\"text-align: justify\" class=\"MsoNormal\">\u00a0<\/p>\n<div style=\"text-align: center\"><img decoding=\"async\" src=\"images\/stories\/09\/12\/181209\/berlusconi2.jpg\" border=\"0\" alt=\"BERLUSCONISINAPARECER\" title=\"BERLUSCONISINAPARECER\" \/><\/div>\n<p>\u00a0<\/p>\n<p style=\"text-align: justify\" class=\"MsoNormal\">El premier italiano fue atacado el lunes por un desequilibrado que le arroj\u00f3 una r\u00e9plica met\u00e1lica de la catedral milanesa, la cual impact\u00f3 en su rostro y le provoc\u00f3 la rotura del tabique nasal y la p\u00e9rdida de dos dientes.<\/p>\n<p style=\"text-align: justify\" class=\"MsoNormal\">El \u00abCavaliere\u00bb recibi\u00f3 este viernes la visita del jefe del bloque del gobernante Partido de la Libertad (PDL) en la c\u00e1mara baja, Fabrizio Cicchitto, y el domingo pr\u00f3ximo tiene previsto cenar en su villa con el l\u00edder de la Liga del Norte, Umberto Bossi.<\/p>\n<p style=\"text-align: justify\" class=\"MsoNormal\">Berlusconi, de 73 a\u00f1os, llam\u00f3 el jueves al \u00abdi\u00e1logo\u00bb y expres\u00f3 la esperanza de que se cree un clima pol\u00edtico m\u00e1s calmo, luego de meses de duros enfrentamientos con la oposici\u00f3n, un sector de la Justicia y hasta su esposa, por una serie de esc\u00e1ndalos sexuales en las que se vio involucrado.<\/p>\n<p style=\"text-align: justify\" class=\"MsoNormal\">El jefe del gobierno italiano visit\u00f3 este jueves a su dentista de confianza en Mil\u00e1n, donde sufri\u00f3 una intervenci\u00f3n de casi cuatro horas, antes de regresar a su residencia de Arcore, a 15 kil\u00f3metros de la ciudad.<\/p>\n","protected":false},"excerpt":{"rendered":"<p>El primer ministro italiano, Silvio Berlusconi, mejoraba tras el ataque que sufri\u00f3 el domingo frente a la Catedral de Mil\u00e1n, aunque su m\u00e9dico personal dijo que no podr\u00e1 participar de eventos p\u00fablicos por 15 d\u00edas. Berlusconi, quien permanece desde este jueves convalesciente en su villa particular de Arcore, norte de Italia, \u00abest\u00e1 mejor\u00bb, afirm\u00f3 este [&hellip;]<\/p>\n","protected":false},"author":1,"featured_media":0,"comment_status":"open","ping_status":"open","sticky":false,"template":"","format":"standard","meta":{"tdm_status":"","tdm_grid_status":"","footnotes":""},"categories":[36],"tags":[],"class_list":{"0":"post-7597","1":"post","2":"type-post","3":"status-publish","4":"format-standard","6":"category-politica"},"yoast_head":"<!-- This site is optimized with the Yoast SEO plugin v25.1 - https:\/\/yoast.com\/wordpress\/plugins\/seo\/ -->\n<title>Berlusconi: dos semanas sin aparecer en p\u00fablico<\/title>\n<meta name=\"description\" content=\"Portal de noticias del Per\u00fa sobre el transporte a\u00e9reo, aviaci\u00f3n, turismo, hoteleria, actualidad.\" \/>\n<meta name=\"robots\" content=\"index, follow, max-snippet:-1, max-image-preview:large, max-video-preview:-1\" \/>\n<link rel=\"canonical\" href=\"https:\/\/aeronoticias.com.pe\/noticiero\/politica\/berlusconi-dos-semanas-sin-aparecer-en-publico\/\" \/>\n<meta property=\"og:locale\" content=\"es_ES\" \/>\n<meta property=\"og:type\" content=\"article\" \/>\n<meta property=\"og:title\" content=\"Berlusconi: dos semanas sin aparecer en p\u00fablico\" \/>\n<meta property=\"og:description\" content=\"Portal de noticias del Per\u00fa sobre el transporte a\u00e9reo, aviaci\u00f3n, turismo, hoteleria, actualidad.\" \/>\n<meta property=\"og:url\" content=\"https:\/\/aeronoticias.com.pe\/noticiero\/politica\/berlusconi-dos-semanas-sin-aparecer-en-publico\/\" \/>\n<meta property=\"og:site_name\" content=\"Aeronoticias.com.pe\" \/>\n<meta property=\"article:publisher\" content=\"https:\/\/www.facebook.com\/Aeronoticias.com.pe\/\" \/>\n<meta property=\"article:published_time\" content=\"2009-12-19T05:49:29+00:00\" \/>\n<meta name=\"author\" content=\"Redacci\u00f3n Aeronoticias\" \/>\n<meta name=\"twitter:card\" content=\"summary_large_image\" \/>\n<meta name=\"twitter:creator\" content=\"@aeronoticias\" \/>\n<meta name=\"twitter:site\" content=\"@aeronoticias\" \/>\n<meta name=\"twitter:label1\" content=\"Escrito por\" \/>\n\t<meta name=\"twitter:data1\" content=\"Redacci\u00f3n Aeronoticias\" \/>\n\t<meta name=\"twitter:label2\" content=\"Tiempo de lectura\" \/>\n\t<meta name=\"twitter:data2\" content=\"1 minuto\" \/>\n<script type=\"application\/ld+json\" class=\"yoast-schema-graph\">{\"@context\":\"https:\/\/schema.org\",\"@graph\":[{\"@type\":\"WebPage\",\"@id\":\"https:\/\/aeronoticias.com.pe\/noticiero\/politica\/berlusconi-dos-semanas-sin-aparecer-en-publico\/\",\"url\":\"https:\/\/aeronoticias.com.pe\/noticiero\/politica\/berlusconi-dos-semanas-sin-aparecer-en-publico\/\",\"name\":\"Berlusconi: dos semanas sin aparecer en p\u00fablico\",\"isPartOf\":{\"@id\":\"https:\/\/aeronoticias.com.pe\/noticiero\/#website\"},\"datePublished\":\"2009-12-19T05:49:29+00:00\",\"author\":{\"@id\":\"https:\/\/aeronoticias.com.pe\/noticiero\/#\/schema\/person\/fc1e5d578f4b62ba1cf7ac2bba1170a0\"},\"description\":\"Portal de noticias del Per\u00fa sobre el transporte a\u00e9reo, aviaci\u00f3n, turismo, hoteleria, actualidad.\",\"breadcrumb\":{\"@id\":\"https:\/\/aeronoticias.com.pe\/noticiero\/politica\/berlusconi-dos-semanas-sin-aparecer-en-publico\/#breadcrumb\"},\"inLanguage\":\"es\",\"potentialAction\":[{\"@type\":\"ReadAction\",\"target\":[\"https:\/\/aeronoticias.com.pe\/noticiero\/politica\/berlusconi-dos-semanas-sin-aparecer-en-publico\/\"]}]},{\"@type\":\"BreadcrumbList\",\"@id\":\"https:\/\/aeronoticias.com.pe\/noticiero\/politica\/berlusconi-dos-semanas-sin-aparecer-en-publico\/#breadcrumb\",\"itemListElement\":[{\"@type\":\"ListItem\",\"position\":1,\"name\":\"Portada\",\"item\":\"https:\/\/aeronoticias.com.pe\/noticiero\/\"},{\"@type\":\"ListItem\",\"position\":2,\"name\":\"Berlusconi: dos semanas sin aparecer en p\u00fablico\"}]},{\"@type\":\"WebSite\",\"@id\":\"https:\/\/aeronoticias.com.pe\/noticiero\/#website\",\"url\":\"https:\/\/aeronoticias.com.pe\/noticiero\/\",\"name\":\"Aeronoticias.com.pe\",\"description\":\"Noticias de tranporte aereo, turismo, hoteles, gastronomia, actualidad, internacional\",\"potentialAction\":[{\"@type\":\"SearchAction\",\"target\":{\"@type\":\"EntryPoint\",\"urlTemplate\":\"https:\/\/aeronoticias.com.pe\/noticiero\/?s={search_term_string}\"},\"query-input\":{\"@type\":\"PropertyValueSpecification\",\"valueRequired\":true,\"valueName\":\"search_term_string\"}}],\"inLanguage\":\"es\"},{\"@type\":\"Person\",\"@id\":\"https:\/\/aeronoticias.com.pe\/noticiero\/#\/schema\/person\/fc1e5d578f4b62ba1cf7ac2bba1170a0\",\"name\":\"Redacci\u00f3n Aeronoticias\",\"url\":\"https:\/\/aeronoticias.com.pe\/noticiero\/author\/piloto\/\"}]}<\/script>\n<!-- \/ Yoast SEO plugin. -->","yoast_head_json":{"title":"Berlusconi: dos semanas sin aparecer en p\u00fablico","description":"Portal de noticias del Per\u00fa sobre el transporte a\u00e9reo, aviaci\u00f3n, turismo, hoteleria, actualidad.","robots":{"index":"index","follow":"follow","max-snippet":"max-snippet:-1","max-image-preview":"max-image-preview:large","max-video-preview":"max-video-preview:-1"},"canonical":"https:\/\/aeronoticias.com.pe\/noticiero\/politica\/berlusconi-dos-semanas-sin-aparecer-en-publico\/","og_locale":"es_ES","og_type":"article","og_title":"Berlusconi: dos semanas sin aparecer en p\u00fablico","og_description":"Portal de noticias del Per\u00fa sobre el transporte a\u00e9reo, aviaci\u00f3n, turismo, hoteleria, actualidad.","og_url":"https:\/\/aeronoticias.com.pe\/noticiero\/politica\/berlusconi-dos-semanas-sin-aparecer-en-publico\/","og_site_name":"Aeronoticias.com.pe","article_publisher":"https:\/\/www.facebook.com\/Aeronoticias.com.pe\/","article_published_time":"2009-12-19T05:49:29+00:00","author":"Redacci\u00f3n Aeronoticias","twitter_card":"summary_large_image","twitter_creator":"@aeronoticias","twitter_site":"@aeronoticias","twitter_misc":{"Escrito por":"Redacci\u00f3n Aeronoticias","Tiempo de lectura":"1 minuto"},"schema":{"@context":"https:\/\/schema.org","@graph":[{"@type":"WebPage","@id":"https:\/\/aeronoticias.com.pe\/noticiero\/politica\/berlusconi-dos-semanas-sin-aparecer-en-publico\/","url":"https:\/\/aeronoticias.com.pe\/noticiero\/politica\/berlusconi-dos-semanas-sin-aparecer-en-publico\/","name":"Berlusconi: dos semanas sin aparecer en p\u00fablico","isPartOf":{"@id":"https:\/\/aeronoticias.com.pe\/noticiero\/#website"},"datePublished":"2009-12-19T05:49:29+00:00","author":{"@id":"https:\/\/aeronoticias.com.pe\/noticiero\/#\/schema\/person\/fc1e5d578f4b62ba1cf7ac2bba1170a0"},"description":"Portal de noticias del Per\u00fa sobre el transporte a\u00e9reo, aviaci\u00f3n, turismo, hoteleria, actualidad.","breadcrumb":{"@id":"https:\/\/aeronoticias.com.pe\/noticiero\/politica\/berlusconi-dos-semanas-sin-aparecer-en-publico\/#breadcrumb"},"inLanguage":"es","potentialAction":[{"@type":"ReadAction","target":["https:\/\/aeronoticias.com.pe\/noticiero\/politica\/berlusconi-dos-semanas-sin-aparecer-en-publico\/"]}]},{"@type":"BreadcrumbList","@id":"https:\/\/aeronoticias.com.pe\/noticiero\/politica\/berlusconi-dos-semanas-sin-aparecer-en-publico\/#breadcrumb","itemListElement":[{"@type":"ListItem","position":1,"name":"Portada","item":"https:\/\/aeronoticias.com.pe\/noticiero\/"},{"@type":"ListItem","position":2,"name":"Berlusconi: dos semanas sin aparecer en p\u00fablico"}]},{"@type":"WebSite","@id":"https:\/\/aeronoticias.com.pe\/noticiero\/#website","url":"https:\/\/aeronoticias.com.pe\/noticiero\/","name":"Aeronoticias.com.pe","description":"Noticias de tranporte aereo, turismo, hoteles, gastronomia, actualidad, internacional","potentialAction":[{"@type":"SearchAction","target":{"@type":"EntryPoint","urlTemplate":"https:\/\/aeronoticias.com.pe\/noticiero\/?s={search_term_string}"},"query-input":{"@type":"PropertyValueSpecification","valueRequired":true,"valueName":"search_term_string"}}],"inLanguage":"es"},{"@type":"Person","@id":"https:\/\/aeronoticias.com.pe\/noticiero\/#\/schema\/person\/fc1e5d578f4b62ba1cf7ac2bba1170a0","name":"Redacci\u00f3n Aeronoticias","url":"https:\/\/aeronoticias.com.pe\/noticiero\/author\/piloto\/"}]}},"_links":{"self":[{"href":"https:\/\/aeronoticias.com.pe\/noticiero\/wp-json\/wp\/v2\/posts\/7597","targetHints":{"allow":["GET"]}}],"collection":[{"href":"https:\/\/aeronoticias.com.pe\/noticiero\/wp-json\/wp\/v2\/posts"}],"about":[{"href":"https:\/\/aeronoticias.com.pe\/noticiero\/wp-json\/wp\/v2\/types\/post"}],"author":[{"embeddable":true,"href":"https:\/\/aeronoticias.com.pe\/noticiero\/wp-json\/wp\/v2\/users\/1"}],"replies":[{"embeddable":true,"href":"https:\/\/aeronoticias.com.pe\/noticiero\/wp-json\/wp\/v2\/comments?post=7597"}],"version-history":[{"count":0,"href":"https:\/\/aeronoticias.com.pe\/noticiero\/wp-json\/wp\/v2\/posts\/7597\/revisions"}],"wp:attachment":[{"href":"https:\/\/aeronoticias.com.pe\/noticiero\/wp-json\/wp\/v2\/media?parent=7597"}],"wp:term":[{"taxonomy":"category","embeddable":true,"href":"https:\/\/aeronoticias.com.pe\/noticiero\/wp-json\/wp\/v2\/categories?post=7597"},{"taxonomy":"post_tag","embeddable":true,"href":"https:\/\/aeronoticias.com.pe\/noticiero\/wp-json\/wp\/v2\/tags?post=7597"}],"curies":[{"name":"wp","href":"https:\/\/api.w.org\/{rel}","templated":true}]}}