{"id":7598,"date":"2009-12-19T05:50:38","date_gmt":"2009-12-19T05:50:38","guid":{"rendered":"http:\/\/desarrollo.mcvicious.com\/aero2020\/2009\/12\/19\/la-cumbre-del-clima-termino-con-un-acuerdo-insuficiente\/"},"modified":"2009-12-19T05:50:38","modified_gmt":"2009-12-19T05:50:38","slug":"la-cumbre-del-clima-termino-con-un-acuerdo-insuficiente","status":"publish","type":"post","link":"https:\/\/aeronoticias.com.pe\/noticiero\/ultimas\/1\/la-cumbre-del-clima-termino-con-un-acuerdo-insuficiente\/","title":{"rendered":"La Cumbre del Clima termin\u00f3 con un acuerdo insuficiente"},"content":{"rendered":"<p style=\"text-align: justify\" class=\"MsoNormal\">Tras negociaciones marat\u00f3nicas marcadas por el caos, la improvisaci\u00f3n y el recelo, los gobiernos de 25 pa\u00edses alcanzaron un acuerdo pobre, sin objetivos vinculantes, en la cumbre que se celebr\u00f3 en Copenhague durante dos semanas. De hecho, ninguno qued\u00f3 totalmente satisfecho. Los objetivos de reducci\u00f3n de emisiones de C02 para 2020 no se decidir\u00e1n hasta 2010.\u00a0Con la participaci\u00f3n del presidente de Estados Unidos, Barack Obama, y el primer ministro chino, Wen Jiabao, l\u00edderes pol\u00edticos de importantes pa\u00edses industrializados y emergentes llegaron a un compromiso final en la reuni\u00f3n de la ONU que prev\u00e9 limitar el calentamiento global a dos grados Celsius respecto a los niveles pre-industriales, aunque se trata de un objetivo \u00abvoluntario\u00bb.<\/p>\n<p style=\"text-align: justify\" class=\"MsoNormal\">\u00a0<\/p>\n<div style=\"text-align: center\"><img decoding=\"async\" src=\"images\/stories\/09\/12\/181209\/clima.jpg\" border=\"0\" alt=\"CUMBREDELCLIMA\" title=\"CUMBREDELCLIMA\" \/><\/div>\n<p><\/p>\n<p>\u00a0<\/p>\n<p style=\"text-align: justify\" class=\"MsoNormal\">El acuerdo se gest\u00f3 en una reuni\u00f3n de los l\u00edderes de Estados Unidos, China, India y Sud\u00e1frica. A pesar de que las diferencias entre China y Estados Unidos fueron grandes hasta el \u00faltimo momento, Obama y Jiabao avanzaron lo suficiente como para sellar un compromiso de m\u00ednimos y poder as\u00ed evitar el fracaso total, consigna un cable de la agencia dpa.\u00a0El texto, que deja abiertos muchos detalles, fue calificado por Obama como un acuerdo \u00absensato\u00bb y \u00absin precedentes\u00bb en su forma global, pero de insuficiente en sus objetivos de lucha contra el cambio clim\u00e1tico.<\/p>\n<p style=\"text-align: justify\" class=\"MsoNormal\">En ese sentido, el presidente de M\u00e9xico, Felipe Calder\u00f3n, tambi\u00e9n admiti\u00f3 que este texto \u00abno es el acuerdo que el mundo necesita\u00bb. \u00abEs una base para un acuerdo futuro\u00bb, asegur\u00f3 en referencia a que el a\u00f1o que viene, su pa\u00eds alberga la XVI conferencia internacional sobre cambio clim\u00e1tico.\u00a0La decepci\u00f3n se basa, sobre todo, en el hecho de que deja para enero o febrero de 2010 los objetivos concretos de limitaci\u00f3n de emisiones de gases de efecto invernadero (fundamentalmente el di\u00f3xido de carbono, C02, causante del calentamiento global).<\/p>\n<p style=\"text-align: justify\" class=\"MsoNormal\">Por eso mismo, y a pesar de defender el acuerdo alcanzado hoy, Obama admiti\u00f3 que se trata de \u00abuna muy buena base para seguir trabajando.\u00bb en el futuro.\u00a0El presidente de Francia, Nicolas Sarkozy, anunci\u00f3 que en la pr\u00f3xima conferencia sobre clima de la  ONU, a celebrarse en mayo en Bonn, deber\u00e1n alcanzarse nuevos acuerdos.<\/p>\n<p style=\"text-align: justify\" class=\"MsoNormal\">Seg\u00fan coment\u00f3, se acord\u00f3 que hasta enero de 2010 todos los pa\u00edses deber\u00e1n presentar sus metas nacionales para la reducci\u00f3n de las emisiones de gases de efecto invernadero.\u00a0La organizaci\u00f3n ecologista Greenpeace habl\u00f3 de un resultado \u00abdecepcionante\u00bb. El primer ministro noruego, Jens Stoltenberg, confirm\u00f3 el acuerdo y coment\u00f3: \u00abLo que se alcanz\u00f3 ahora es mejor que nada.\u00bb<\/p>\n<p style=\"text-align: justify\" class=\"MsoNormal\">Obama y Jiabao, seg\u00fan fuentes de la Casa Blanca citadas en Copenhague, alcanzaron un \u00abcompromiso\u00bb (sin especificar en sus detalles) en el controvertido tema de la supervisi\u00f3n de la reducci\u00f3n de emisiones de CO2 por parte de China, el elemento fundamental que bloqueaba el compromiso, que tambi\u00e9n fue apoyado por los pa\u00edses de la Uni\u00f3n Europea (UE).\u00a0Los 27 socios de la  UE aspiran, no obstante, a acuerdos m\u00e1s ambiciosos y vinculantes en materia de lucha contra el calentamiento global. El bloque se ha fijado como objetivo la reducci\u00f3n de sus emisiones de C02 de un 20 por ciento (con posibilidad de incrementarlo hasta un 30 por ciento) para 2020.<\/p>\n<p style=\"text-align: justify\" class=\"MsoNormal\">Tambi\u00e9n ha aprobado un fondo de ayuda de urgencia por valor de 7.200 millones de euros (2.400 millones al a\u00f1o) de aqu\u00ed hasta 2012 para ayudar a los pa\u00edses pobres a luchar contra el calentamiento global.\u00a0No obstante, el presidente de la Comisi\u00f3n Europea, Jos\u00e9 Manuel Durao Barroso, se lament\u00f3 esta noche de que el acuerdo \u00abse queda muy corto respecto a nuestras expectativas. No ocultar\u00e9 mi decepci\u00f3n\u00bb, dijo el portugu\u00e9s en el plenario.<\/p>\n<p style=\"text-align: justify\" class=\"MsoNormal\">Washington quer\u00eda que fuera la ONU quien \u00absupervisara\u00bb esas reducciones de emisiones de C02, mientras que el gigante asi\u00e1tico se negaba por considerarlo una \u00abinjerencia\u00bb en sus asuntos internos. Al final parece, seg\u00fan fuentes diplom\u00e1ticas, que se ha logrado encontrar una v\u00eda \u00abintermedia\u00bb entre ambas posiciones.\u00a0Incluso tras el acuerdo entre estos pa\u00edses, considerados decisivos, a\u00fan quedaba pendiente la aceptaci\u00f3n definitiva por parte del total de los 192 pa\u00edses participantes en la conferencia. Est\u00e1 previsto que esta noche, el plenario de la cumbre analice el acuerdo.<\/p>\n<p style=\"text-align: justify\" class=\"MsoNormal\">No obstante, el grupo del G77 (pa\u00edses en v\u00edas de desarrollo) critic\u00f3 duramente el acuerdo, que consider\u00f3 una \u00abimposici\u00f3n\u00bb de los pa\u00edses ricos a los menos favorecidos del planeta.\u00a0El \u00faltimo d\u00eda de la cumbre en Copenhague estuvo marcado por un caos poco habitual en las negociaciones y los sondeos a puertas cerradas.<\/p>\n<p style=\"text-align: justify\" class=\"MsoNormal\">De la delegaci\u00f3n del primer ministro ruso, Dmitri Medvedev, que abandon\u00f3 Copenhague antes de lo previsto, trascendi\u00f3 que nunca antes se hab\u00eda vivido \u00abuna cumbre tan mal organizada. Esto ha sido un caos\u00bb, asegur\u00f3 una fuente de la delegaci\u00f3n rusa.Previamente, Obama hizo un llamamiento a la comunidad internacional a mover ficha \u00abantes de que sea demasiado tarde\u00bb.<\/p>\n<p style=\"text-align: justify\" class=\"MsoNormal\">Estados Unidos y China suponen -juntos- el 40 por ciento de las emisiones totales de C02 en el mundo.<\/p>\n","protected":false},"excerpt":{"rendered":"<p>Tras negociaciones marat\u00f3nicas marcadas por el caos, la improvisaci\u00f3n y el recelo, los gobiernos de 25 pa\u00edses alcanzaron un acuerdo pobre, sin objetivos vinculantes, en la cumbre que se celebr\u00f3 en Copenhague durante dos semanas. De hecho, ninguno qued\u00f3 totalmente satisfecho. Los objetivos de reducci\u00f3n de emisiones de C02 para 2020 no se decidir\u00e1n hasta [&hellip;]<\/p>\n","protected":false},"author":1,"featured_media":0,"comment_status":"open","ping_status":"open","sticky":false,"template":"","format":"standard","meta":{"tdm_status":"","tdm_grid_status":"","footnotes":""},"categories":[30],"tags":[],"class_list":{"0":"post-7598","1":"post","2":"type-post","3":"status-publish","4":"format-standard","6":"category-30"},"yoast_head":"<!-- This site is optimized with the Yoast SEO plugin v25.1 - https:\/\/yoast.com\/wordpress\/plugins\/seo\/ -->\n<title>La Cumbre del Clima termin\u00f3 con un acuerdo insuficiente<\/title>\n<meta name=\"description\" content=\"Portal de noticias del Per\u00fa sobre el transporte a\u00e9reo, aviaci\u00f3n, turismo, hoteleria, actualidad.\" \/>\n<meta name=\"robots\" content=\"index, follow, max-snippet:-1, max-image-preview:large, max-video-preview:-1\" \/>\n<link rel=\"canonical\" href=\"https:\/\/aeronoticias.com.pe\/noticiero\/ultimas\/1\/la-cumbre-del-clima-termino-con-un-acuerdo-insuficiente\/\" \/>\n<meta property=\"og:locale\" content=\"es_ES\" \/>\n<meta property=\"og:type\" content=\"article\" \/>\n<meta property=\"og:title\" content=\"La Cumbre del Clima termin\u00f3 con un acuerdo insuficiente\" \/>\n<meta property=\"og:description\" content=\"Portal de noticias del Per\u00fa sobre el transporte a\u00e9reo, aviaci\u00f3n, turismo, hoteleria, actualidad.\" \/>\n<meta property=\"og:url\" content=\"https:\/\/aeronoticias.com.pe\/noticiero\/ultimas\/1\/la-cumbre-del-clima-termino-con-un-acuerdo-insuficiente\/\" \/>\n<meta property=\"og:site_name\" content=\"Aeronoticias.com.pe\" \/>\n<meta property=\"article:publisher\" content=\"https:\/\/www.facebook.com\/Aeronoticias.com.pe\/\" \/>\n<meta property=\"article:published_time\" content=\"2009-12-19T05:50:38+00:00\" \/>\n<meta name=\"author\" content=\"Redacci\u00f3n Aeronoticias\" \/>\n<meta name=\"twitter:card\" content=\"summary_large_image\" \/>\n<meta name=\"twitter:creator\" content=\"@aeronoticias\" \/>\n<meta name=\"twitter:site\" content=\"@aeronoticias\" \/>\n<meta name=\"twitter:label1\" content=\"Escrito por\" \/>\n\t<meta name=\"twitter:data1\" content=\"Redacci\u00f3n Aeronoticias\" \/>\n\t<meta name=\"twitter:label2\" content=\"Tiempo de lectura\" \/>\n\t<meta name=\"twitter:data2\" content=\"4 minutos\" \/>\n<script type=\"application\/ld+json\" class=\"yoast-schema-graph\">{\"@context\":\"https:\/\/schema.org\",\"@graph\":[{\"@type\":\"WebPage\",\"@id\":\"https:\/\/aeronoticias.com.pe\/noticiero\/ultimas\/1\/la-cumbre-del-clima-termino-con-un-acuerdo-insuficiente\/\",\"url\":\"https:\/\/aeronoticias.com.pe\/noticiero\/ultimas\/1\/la-cumbre-del-clima-termino-con-un-acuerdo-insuficiente\/\",\"name\":\"La Cumbre del Clima termin\u00f3 con un acuerdo insuficiente\",\"isPartOf\":{\"@id\":\"https:\/\/aeronoticias.com.pe\/noticiero\/#website\"},\"datePublished\":\"2009-12-19T05:50:38+00:00\",\"author\":{\"@id\":\"https:\/\/aeronoticias.com.pe\/noticiero\/#\/schema\/person\/fc1e5d578f4b62ba1cf7ac2bba1170a0\"},\"description\":\"Portal de noticias del Per\u00fa sobre el transporte a\u00e9reo, aviaci\u00f3n, turismo, hoteleria, actualidad.\",\"breadcrumb\":{\"@id\":\"https:\/\/aeronoticias.com.pe\/noticiero\/ultimas\/1\/la-cumbre-del-clima-termino-con-un-acuerdo-insuficiente\/#breadcrumb\"},\"inLanguage\":\"es\",\"potentialAction\":[{\"@type\":\"ReadAction\",\"target\":[\"https:\/\/aeronoticias.com.pe\/noticiero\/ultimas\/1\/la-cumbre-del-clima-termino-con-un-acuerdo-insuficiente\/\"]}]},{\"@type\":\"BreadcrumbList\",\"@id\":\"https:\/\/aeronoticias.com.pe\/noticiero\/ultimas\/1\/la-cumbre-del-clima-termino-con-un-acuerdo-insuficiente\/#breadcrumb\",\"itemListElement\":[{\"@type\":\"ListItem\",\"position\":1,\"name\":\"Portada\",\"item\":\"https:\/\/aeronoticias.com.pe\/noticiero\/\"},{\"@type\":\"ListItem\",\"position\":2,\"name\":\"La Cumbre del Clima termin\u00f3 con un acuerdo insuficiente\"}]},{\"@type\":\"WebSite\",\"@id\":\"https:\/\/aeronoticias.com.pe\/noticiero\/#website\",\"url\":\"https:\/\/aeronoticias.com.pe\/noticiero\/\",\"name\":\"Aeronoticias.com.pe\",\"description\":\"Noticias de tranporte aereo, turismo, hoteles, gastronomia, actualidad, internacional\",\"potentialAction\":[{\"@type\":\"SearchAction\",\"target\":{\"@type\":\"EntryPoint\",\"urlTemplate\":\"https:\/\/aeronoticias.com.pe\/noticiero\/?s={search_term_string}\"},\"query-input\":{\"@type\":\"PropertyValueSpecification\",\"valueRequired\":true,\"valueName\":\"search_term_string\"}}],\"inLanguage\":\"es\"},{\"@type\":\"Person\",\"@id\":\"https:\/\/aeronoticias.com.pe\/noticiero\/#\/schema\/person\/fc1e5d578f4b62ba1cf7ac2bba1170a0\",\"name\":\"Redacci\u00f3n Aeronoticias\",\"url\":\"https:\/\/aeronoticias.com.pe\/noticiero\/author\/piloto\/\"}]}<\/script>\n<!-- \/ Yoast SEO plugin. -->","yoast_head_json":{"title":"La Cumbre del Clima termin\u00f3 con un acuerdo insuficiente","description":"Portal de noticias del Per\u00fa sobre el transporte a\u00e9reo, aviaci\u00f3n, turismo, hoteleria, actualidad.","robots":{"index":"index","follow":"follow","max-snippet":"max-snippet:-1","max-image-preview":"max-image-preview:large","max-video-preview":"max-video-preview:-1"},"canonical":"https:\/\/aeronoticias.com.pe\/noticiero\/ultimas\/1\/la-cumbre-del-clima-termino-con-un-acuerdo-insuficiente\/","og_locale":"es_ES","og_type":"article","og_title":"La Cumbre del Clima termin\u00f3 con un acuerdo insuficiente","og_description":"Portal de noticias del Per\u00fa sobre el transporte a\u00e9reo, aviaci\u00f3n, turismo, hoteleria, actualidad.","og_url":"https:\/\/aeronoticias.com.pe\/noticiero\/ultimas\/1\/la-cumbre-del-clima-termino-con-un-acuerdo-insuficiente\/","og_site_name":"Aeronoticias.com.pe","article_publisher":"https:\/\/www.facebook.com\/Aeronoticias.com.pe\/","article_published_time":"2009-12-19T05:50:38+00:00","author":"Redacci\u00f3n Aeronoticias","twitter_card":"summary_large_image","twitter_creator":"@aeronoticias","twitter_site":"@aeronoticias","twitter_misc":{"Escrito por":"Redacci\u00f3n Aeronoticias","Tiempo de lectura":"4 minutos"},"schema":{"@context":"https:\/\/schema.org","@graph":[{"@type":"WebPage","@id":"https:\/\/aeronoticias.com.pe\/noticiero\/ultimas\/1\/la-cumbre-del-clima-termino-con-un-acuerdo-insuficiente\/","url":"https:\/\/aeronoticias.com.pe\/noticiero\/ultimas\/1\/la-cumbre-del-clima-termino-con-un-acuerdo-insuficiente\/","name":"La Cumbre del Clima termin\u00f3 con un acuerdo insuficiente","isPartOf":{"@id":"https:\/\/aeronoticias.com.pe\/noticiero\/#website"},"datePublished":"2009-12-19T05:50:38+00:00","author":{"@id":"https:\/\/aeronoticias.com.pe\/noticiero\/#\/schema\/person\/fc1e5d578f4b62ba1cf7ac2bba1170a0"},"description":"Portal de noticias del Per\u00fa sobre el transporte a\u00e9reo, aviaci\u00f3n, turismo, hoteleria, actualidad.","breadcrumb":{"@id":"https:\/\/aeronoticias.com.pe\/noticiero\/ultimas\/1\/la-cumbre-del-clima-termino-con-un-acuerdo-insuficiente\/#breadcrumb"},"inLanguage":"es","potentialAction":[{"@type":"ReadAction","target":["https:\/\/aeronoticias.com.pe\/noticiero\/ultimas\/1\/la-cumbre-del-clima-termino-con-un-acuerdo-insuficiente\/"]}]},{"@type":"BreadcrumbList","@id":"https:\/\/aeronoticias.com.pe\/noticiero\/ultimas\/1\/la-cumbre-del-clima-termino-con-un-acuerdo-insuficiente\/#breadcrumb","itemListElement":[{"@type":"ListItem","position":1,"name":"Portada","item":"https:\/\/aeronoticias.com.pe\/noticiero\/"},{"@type":"ListItem","position":2,"name":"La Cumbre del Clima termin\u00f3 con un acuerdo insuficiente"}]},{"@type":"WebSite","@id":"https:\/\/aeronoticias.com.pe\/noticiero\/#website","url":"https:\/\/aeronoticias.com.pe\/noticiero\/","name":"Aeronoticias.com.pe","description":"Noticias de tranporte aereo, turismo, hoteles, gastronomia, actualidad, internacional","potentialAction":[{"@type":"SearchAction","target":{"@type":"EntryPoint","urlTemplate":"https:\/\/aeronoticias.com.pe\/noticiero\/?s={search_term_string}"},"query-input":{"@type":"PropertyValueSpecification","valueRequired":true,"valueName":"search_term_string"}}],"inLanguage":"es"},{"@type":"Person","@id":"https:\/\/aeronoticias.com.pe\/noticiero\/#\/schema\/person\/fc1e5d578f4b62ba1cf7ac2bba1170a0","name":"Redacci\u00f3n Aeronoticias","url":"https:\/\/aeronoticias.com.pe\/noticiero\/author\/piloto\/"}]}},"_links":{"self":[{"href":"https:\/\/aeronoticias.com.pe\/noticiero\/wp-json\/wp\/v2\/posts\/7598","targetHints":{"allow":["GET"]}}],"collection":[{"href":"https:\/\/aeronoticias.com.pe\/noticiero\/wp-json\/wp\/v2\/posts"}],"about":[{"href":"https:\/\/aeronoticias.com.pe\/noticiero\/wp-json\/wp\/v2\/types\/post"}],"author":[{"embeddable":true,"href":"https:\/\/aeronoticias.com.pe\/noticiero\/wp-json\/wp\/v2\/users\/1"}],"replies":[{"embeddable":true,"href":"https:\/\/aeronoticias.com.pe\/noticiero\/wp-json\/wp\/v2\/comments?post=7598"}],"version-history":[{"count":0,"href":"https:\/\/aeronoticias.com.pe\/noticiero\/wp-json\/wp\/v2\/posts\/7598\/revisions"}],"wp:attachment":[{"href":"https:\/\/aeronoticias.com.pe\/noticiero\/wp-json\/wp\/v2\/media?parent=7598"}],"wp:term":[{"taxonomy":"category","embeddable":true,"href":"https:\/\/aeronoticias.com.pe\/noticiero\/wp-json\/wp\/v2\/categories?post=7598"},{"taxonomy":"post_tag","embeddable":true,"href":"https:\/\/aeronoticias.com.pe\/noticiero\/wp-json\/wp\/v2\/tags?post=7598"}],"curies":[{"name":"wp","href":"https:\/\/api.w.org\/{rel}","templated":true}]}}