{"id":7599,"date":"2009-12-19T06:01:15","date_gmt":"2009-12-19T06:01:15","guid":{"rendered":"http:\/\/desarrollo.mcvicious.com\/aero2020\/2009\/12\/19\/habria-progreso-en-oposicion-a-reforma-de-salud-en-el-senado\/"},"modified":"2009-12-19T06:01:15","modified_gmt":"2009-12-19T06:01:15","slug":"habria-progreso-en-oposicion-a-reforma-de-salud-en-el-senado","status":"publish","type":"post","link":"https:\/\/aeronoticias.com.pe\/noticiero\/salud\/habria-progreso-en-oposicion-a-reforma-de-salud-en-el-senado\/","title":{"rendered":"Habr\u00eda progreso en oposici\u00f3n a reforma de salud en el Senado"},"content":{"rendered":"<p style=\"text-align: justify\" class=\"MsoNormal\">Los l\u00edderes dem\u00f3cratas parec\u00edan lograr progreso el viernes por la noche a fin de persuadir al senador Ben Nelson a que converja con el 60mo voto para aprobar una reforma del sistema nacional de salud antes de Navidad.\u00a0Nelson, un moderado del estado de Nebraska, trataba de imponer estrictos l\u00edmites al aborto y dijo que propuso ideas que podr\u00edan corresponder a su preocupaci\u00f3n. Se abstuvo de revelar detalles pero indic\u00f3 que la propuesta \u00abexcluir\u00eda el uso de cualquier tipo de fondos federales directa o indirectamente para financiar abortos\u00bb.<\/p>\n<p style=\"text-align: justify\" class=\"MsoNormal\">\u00a0<\/p>\n<div style=\"text-align: center\"><img decoding=\"async\" src=\"images\/stories\/09\/12\/181209\/capitolio.jpg\" border=\"0\" alt=\"CAPITOLIO\" title=\"CAPITOLIO\" \/><\/div>\n<p>\u00a0<\/p>\n<p style=\"text-align: justify\" class=\"MsoNormal\">\u00abVeremos si eso tiene suficiente alcance\u00bb, agreg\u00f3 Nelson al concluir conversaciones privadas con el l\u00edder de la mayor\u00eda dem\u00f3crata en el Senado, Harry Reid, funcionarios de la Casa Blanca y otros. Es probable que las conversaciones contin\u00faen entrada la noche mientras Reid se apresura a completar el proyecto de ley para una primera votaci\u00f3n dentro de unos d\u00edas. Nelson es el \u00fanico opositor dentro de la bancada dem\u00f3crata de 60 miembros, exactamente el n\u00famero que Reid necesita para superar a la oposici\u00f3n republicana y aprobar el proyecto de ley.<\/p>\n<p style=\"text-align: justify\" class=\"MsoNormal\">En otra se\u00f1al del progreso, Nelson dijo que el lenguaje legislativo usado en el programa de salud p\u00fablica para personas de escasos ingresos podr\u00eda ser redactado antes del acuerdo.\u00a0Nelson ha defendido abiertamente que se apliquen estrictas limitaciones al aborto, con excepci\u00f3n de casos de violaci\u00f3n, incesto o cuando la vida de la madre est\u00e1 en peligro.<\/p>\n<p style=\"text-align: justify\" class=\"MsoNormal\">Entretanto no era aparente que a los republicanos les interesaba mucho acelerar el resultado de las negociaciones.\u00a0En una conferencia de prensa ofrecida el viernes en el Capitolio, el l\u00edder de la bancada republicana Mitch McConnell y su colega John McCain acusaron a los dem\u00f3cratas de intentar apresurar el proyecto de ley mediante decenas de alteraciones que no han sido difundidas, y prometieron oponerse.<\/p>\n<p style=\"text-align: justify\" class=\"MsoNormal\">\u00abCreo que hemos dejado en claro que no aceleraremos la consideraci\u00f3n del proyecto de la reforma m\u00e9dica\u00bb, advirti\u00f3 McConnell. \u00abCreo que est\u00e1n dejando de lado al pueblo estadounidense que virtualmente nos est\u00e1 gritando que no aprobemos esta ley\u00bb, destac\u00f3.\u00a0Pero el sector liberal del partido Dem\u00f3crata tambi\u00e9n expres\u00f3 desacuerdo con el proyecto.<\/p>\n<p style=\"text-align: justify\" class=\"MsoNormal\">El grupo MoveOn.org, que ayud\u00f3 a la elecci\u00f3n de Obama el a\u00f1o pasado, anunci\u00f3 su oposici\u00f3n a la medida, se\u00f1alando la falta de una opci\u00f3n de un seguro administrado por el gobierno. Inst\u00f3 a sus miembros a firmar una petici\u00f3n que diga que \u00abEstados Unidos necesita una verdadera reforma de salud, no una masiva serie de d\u00e1divas a las empresas aseguradoras\u00bb.<\/p>\n<p style=\"text-align: justify\" class=\"MsoNormal\">La ley ampliar\u00eda la cobertura de salud a millones de estadounidenses que no est\u00e1n asegurados, prohibe a la industria negar cobertura a personas con enfermedades preexistentes y que reduzca el aumento de los costos m\u00e9dicos a nivel nacional.\u00a0El senador Reid ha preparado una serie de enmiendas finales al proyecto de 2.074 p\u00e1ginas, que el Senado espera debatir poco despu\u00e9s que sea divulgado en la ma\u00f1ana del s\u00e1bado.<\/p>\n<p style=\"text-align: justify\" class=\"MsoNormal\">Tambi\u00e9n hubo negociaciones con la senadora Olympia Snowe, de Maine, quien vot\u00f3 con los dem\u00f3cratas en el comit\u00e9 de finanzas del Senado.\u00a0El senador Reid piensa presentar una larga lista de cambios al proyecto de ley que podr\u00eda contener centenares de p\u00e1ginas. Ya que esos cambios fueron negociados a puerta cerrada, McCain afirmo que es completamente razonable pedir su lectura en el pleno de la c\u00e1mara alta.<\/p>\n<p style=\"text-align: justify\" class=\"MsoNormal\">Mientras tanto, los meteor\u00f3logos advirtieron que podr\u00edan caer hasta 51  cent\u00edmetros (20 pulgadas) de nieve en una ciudad que suele quedar paralizada con mucho menos.<\/p>\n","protected":false},"excerpt":{"rendered":"<p>Los l\u00edderes dem\u00f3cratas parec\u00edan lograr progreso el viernes por la noche a fin de persuadir al senador Ben Nelson a que converja con el 60mo voto para aprobar una reforma del sistema nacional de salud antes de Navidad.\u00a0Nelson, un moderado del estado de Nebraska, trataba de imponer estrictos l\u00edmites al aborto y dijo que propuso [&hellip;]<\/p>\n","protected":false},"author":1,"featured_media":0,"comment_status":"open","ping_status":"open","sticky":false,"template":"","format":"standard","meta":{"tdm_status":"","tdm_grid_status":"","footnotes":""},"categories":[37],"tags":[],"class_list":{"0":"post-7599","1":"post","2":"type-post","3":"status-publish","4":"format-standard","6":"category-salud"},"yoast_head":"<!-- This site is optimized with the Yoast SEO plugin v25.1 - https:\/\/yoast.com\/wordpress\/plugins\/seo\/ -->\n<title>Habr\u00eda progreso en oposici\u00f3n a reforma de salud en el Senado<\/title>\n<meta name=\"description\" content=\"Portal de noticias del Per\u00fa sobre el transporte a\u00e9reo, aviaci\u00f3n, turismo, hoteleria, actualidad.\" \/>\n<meta name=\"robots\" content=\"index, follow, max-snippet:-1, max-image-preview:large, max-video-preview:-1\" \/>\n<link rel=\"canonical\" href=\"https:\/\/aeronoticias.com.pe\/noticiero\/salud\/habria-progreso-en-oposicion-a-reforma-de-salud-en-el-senado\/\" \/>\n<meta property=\"og:locale\" content=\"es_ES\" \/>\n<meta property=\"og:type\" content=\"article\" \/>\n<meta property=\"og:title\" content=\"Habr\u00eda progreso en oposici\u00f3n a reforma de salud en el Senado\" \/>\n<meta property=\"og:description\" content=\"Portal de noticias del Per\u00fa sobre el transporte a\u00e9reo, aviaci\u00f3n, turismo, hoteleria, actualidad.\" \/>\n<meta property=\"og:url\" content=\"https:\/\/aeronoticias.com.pe\/noticiero\/salud\/habria-progreso-en-oposicion-a-reforma-de-salud-en-el-senado\/\" \/>\n<meta property=\"og:site_name\" content=\"Aeronoticias.com.pe\" \/>\n<meta property=\"article:publisher\" content=\"https:\/\/www.facebook.com\/Aeronoticias.com.pe\/\" \/>\n<meta property=\"article:published_time\" content=\"2009-12-19T06:01:15+00:00\" \/>\n<meta name=\"author\" content=\"Redacci\u00f3n Aeronoticias\" \/>\n<meta name=\"twitter:card\" content=\"summary_large_image\" \/>\n<meta name=\"twitter:creator\" content=\"@aeronoticias\" \/>\n<meta name=\"twitter:site\" content=\"@aeronoticias\" \/>\n<meta name=\"twitter:label1\" content=\"Escrito por\" \/>\n\t<meta name=\"twitter:data1\" content=\"Redacci\u00f3n Aeronoticias\" \/>\n\t<meta name=\"twitter:label2\" content=\"Tiempo de lectura\" \/>\n\t<meta name=\"twitter:data2\" content=\"3 minutos\" \/>\n<script type=\"application\/ld+json\" class=\"yoast-schema-graph\">{\"@context\":\"https:\/\/schema.org\",\"@graph\":[{\"@type\":\"WebPage\",\"@id\":\"https:\/\/aeronoticias.com.pe\/noticiero\/salud\/habria-progreso-en-oposicion-a-reforma-de-salud-en-el-senado\/\",\"url\":\"https:\/\/aeronoticias.com.pe\/noticiero\/salud\/habria-progreso-en-oposicion-a-reforma-de-salud-en-el-senado\/\",\"name\":\"Habr\u00eda progreso en oposici\u00f3n a reforma de salud en el Senado\",\"isPartOf\":{\"@id\":\"https:\/\/aeronoticias.com.pe\/noticiero\/#website\"},\"datePublished\":\"2009-12-19T06:01:15+00:00\",\"author\":{\"@id\":\"https:\/\/aeronoticias.com.pe\/noticiero\/#\/schema\/person\/fc1e5d578f4b62ba1cf7ac2bba1170a0\"},\"description\":\"Portal de noticias del Per\u00fa sobre el transporte a\u00e9reo, aviaci\u00f3n, turismo, hoteleria, actualidad.\",\"breadcrumb\":{\"@id\":\"https:\/\/aeronoticias.com.pe\/noticiero\/salud\/habria-progreso-en-oposicion-a-reforma-de-salud-en-el-senado\/#breadcrumb\"},\"inLanguage\":\"es\",\"potentialAction\":[{\"@type\":\"ReadAction\",\"target\":[\"https:\/\/aeronoticias.com.pe\/noticiero\/salud\/habria-progreso-en-oposicion-a-reforma-de-salud-en-el-senado\/\"]}]},{\"@type\":\"BreadcrumbList\",\"@id\":\"https:\/\/aeronoticias.com.pe\/noticiero\/salud\/habria-progreso-en-oposicion-a-reforma-de-salud-en-el-senado\/#breadcrumb\",\"itemListElement\":[{\"@type\":\"ListItem\",\"position\":1,\"name\":\"Portada\",\"item\":\"https:\/\/aeronoticias.com.pe\/noticiero\/\"},{\"@type\":\"ListItem\",\"position\":2,\"name\":\"Habr\u00eda progreso en oposici\u00f3n a reforma de salud en el Senado\"}]},{\"@type\":\"WebSite\",\"@id\":\"https:\/\/aeronoticias.com.pe\/noticiero\/#website\",\"url\":\"https:\/\/aeronoticias.com.pe\/noticiero\/\",\"name\":\"Aeronoticias.com.pe\",\"description\":\"Noticias de tranporte aereo, turismo, hoteles, gastronomia, actualidad, internacional\",\"potentialAction\":[{\"@type\":\"SearchAction\",\"target\":{\"@type\":\"EntryPoint\",\"urlTemplate\":\"https:\/\/aeronoticias.com.pe\/noticiero\/?s={search_term_string}\"},\"query-input\":{\"@type\":\"PropertyValueSpecification\",\"valueRequired\":true,\"valueName\":\"search_term_string\"}}],\"inLanguage\":\"es\"},{\"@type\":\"Person\",\"@id\":\"https:\/\/aeronoticias.com.pe\/noticiero\/#\/schema\/person\/fc1e5d578f4b62ba1cf7ac2bba1170a0\",\"name\":\"Redacci\u00f3n Aeronoticias\",\"url\":\"https:\/\/aeronoticias.com.pe\/noticiero\/author\/piloto\/\"}]}<\/script>\n<!-- \/ Yoast SEO plugin. -->","yoast_head_json":{"title":"Habr\u00eda progreso en oposici\u00f3n a reforma de salud en el Senado","description":"Portal de noticias del Per\u00fa sobre el transporte a\u00e9reo, aviaci\u00f3n, turismo, hoteleria, actualidad.","robots":{"index":"index","follow":"follow","max-snippet":"max-snippet:-1","max-image-preview":"max-image-preview:large","max-video-preview":"max-video-preview:-1"},"canonical":"https:\/\/aeronoticias.com.pe\/noticiero\/salud\/habria-progreso-en-oposicion-a-reforma-de-salud-en-el-senado\/","og_locale":"es_ES","og_type":"article","og_title":"Habr\u00eda progreso en oposici\u00f3n a reforma de salud en el Senado","og_description":"Portal de noticias del Per\u00fa sobre el transporte a\u00e9reo, aviaci\u00f3n, turismo, hoteleria, actualidad.","og_url":"https:\/\/aeronoticias.com.pe\/noticiero\/salud\/habria-progreso-en-oposicion-a-reforma-de-salud-en-el-senado\/","og_site_name":"Aeronoticias.com.pe","article_publisher":"https:\/\/www.facebook.com\/Aeronoticias.com.pe\/","article_published_time":"2009-12-19T06:01:15+00:00","author":"Redacci\u00f3n Aeronoticias","twitter_card":"summary_large_image","twitter_creator":"@aeronoticias","twitter_site":"@aeronoticias","twitter_misc":{"Escrito por":"Redacci\u00f3n Aeronoticias","Tiempo de lectura":"3 minutos"},"schema":{"@context":"https:\/\/schema.org","@graph":[{"@type":"WebPage","@id":"https:\/\/aeronoticias.com.pe\/noticiero\/salud\/habria-progreso-en-oposicion-a-reforma-de-salud-en-el-senado\/","url":"https:\/\/aeronoticias.com.pe\/noticiero\/salud\/habria-progreso-en-oposicion-a-reforma-de-salud-en-el-senado\/","name":"Habr\u00eda progreso en oposici\u00f3n a reforma de salud en el Senado","isPartOf":{"@id":"https:\/\/aeronoticias.com.pe\/noticiero\/#website"},"datePublished":"2009-12-19T06:01:15+00:00","author":{"@id":"https:\/\/aeronoticias.com.pe\/noticiero\/#\/schema\/person\/fc1e5d578f4b62ba1cf7ac2bba1170a0"},"description":"Portal de noticias del Per\u00fa sobre el transporte a\u00e9reo, aviaci\u00f3n, turismo, hoteleria, actualidad.","breadcrumb":{"@id":"https:\/\/aeronoticias.com.pe\/noticiero\/salud\/habria-progreso-en-oposicion-a-reforma-de-salud-en-el-senado\/#breadcrumb"},"inLanguage":"es","potentialAction":[{"@type":"ReadAction","target":["https:\/\/aeronoticias.com.pe\/noticiero\/salud\/habria-progreso-en-oposicion-a-reforma-de-salud-en-el-senado\/"]}]},{"@type":"BreadcrumbList","@id":"https:\/\/aeronoticias.com.pe\/noticiero\/salud\/habria-progreso-en-oposicion-a-reforma-de-salud-en-el-senado\/#breadcrumb","itemListElement":[{"@type":"ListItem","position":1,"name":"Portada","item":"https:\/\/aeronoticias.com.pe\/noticiero\/"},{"@type":"ListItem","position":2,"name":"Habr\u00eda progreso en oposici\u00f3n a reforma de salud en el Senado"}]},{"@type":"WebSite","@id":"https:\/\/aeronoticias.com.pe\/noticiero\/#website","url":"https:\/\/aeronoticias.com.pe\/noticiero\/","name":"Aeronoticias.com.pe","description":"Noticias de tranporte aereo, turismo, hoteles, gastronomia, actualidad, internacional","potentialAction":[{"@type":"SearchAction","target":{"@type":"EntryPoint","urlTemplate":"https:\/\/aeronoticias.com.pe\/noticiero\/?s={search_term_string}"},"query-input":{"@type":"PropertyValueSpecification","valueRequired":true,"valueName":"search_term_string"}}],"inLanguage":"es"},{"@type":"Person","@id":"https:\/\/aeronoticias.com.pe\/noticiero\/#\/schema\/person\/fc1e5d578f4b62ba1cf7ac2bba1170a0","name":"Redacci\u00f3n Aeronoticias","url":"https:\/\/aeronoticias.com.pe\/noticiero\/author\/piloto\/"}]}},"_links":{"self":[{"href":"https:\/\/aeronoticias.com.pe\/noticiero\/wp-json\/wp\/v2\/posts\/7599","targetHints":{"allow":["GET"]}}],"collection":[{"href":"https:\/\/aeronoticias.com.pe\/noticiero\/wp-json\/wp\/v2\/posts"}],"about":[{"href":"https:\/\/aeronoticias.com.pe\/noticiero\/wp-json\/wp\/v2\/types\/post"}],"author":[{"embeddable":true,"href":"https:\/\/aeronoticias.com.pe\/noticiero\/wp-json\/wp\/v2\/users\/1"}],"replies":[{"embeddable":true,"href":"https:\/\/aeronoticias.com.pe\/noticiero\/wp-json\/wp\/v2\/comments?post=7599"}],"version-history":[{"count":0,"href":"https:\/\/aeronoticias.com.pe\/noticiero\/wp-json\/wp\/v2\/posts\/7599\/revisions"}],"wp:attachment":[{"href":"https:\/\/aeronoticias.com.pe\/noticiero\/wp-json\/wp\/v2\/media?parent=7599"}],"wp:term":[{"taxonomy":"category","embeddable":true,"href":"https:\/\/aeronoticias.com.pe\/noticiero\/wp-json\/wp\/v2\/categories?post=7599"},{"taxonomy":"post_tag","embeddable":true,"href":"https:\/\/aeronoticias.com.pe\/noticiero\/wp-json\/wp\/v2\/tags?post=7599"}],"curies":[{"name":"wp","href":"https:\/\/api.w.org\/{rel}","templated":true}]}}