{"id":7604,"date":"2009-12-19T06:13:50","date_gmt":"2009-12-19T06:13:50","guid":{"rendered":"http:\/\/desarrollo.mcvicious.com\/aero2020\/2009\/12\/19\/jefe-de-estado-encabeza-celebracion-por-navidad-y-reparto-de-regalos-a-ninos-en-palacio-de-gobierno\/"},"modified":"2009-12-19T06:13:50","modified_gmt":"2009-12-19T06:13:50","slug":"jefe-de-estado-encabeza-celebracion-por-navidad-y-reparto-de-regalos-a-ninos-en-palacio-de-gobierno","status":"publish","type":"post","link":"https:\/\/aeronoticias.com.pe\/noticiero\/nacionales\/jefe-de-estado-encabeza-celebracion-por-navidad-y-reparto-de-regalos-a-ninos-en-palacio-de-gobierno\/","title":{"rendered":"Jefe de Estado encabeza celebraci\u00f3n por Navidad y reparto de regalos a ni\u00f1os en Palacio de Gobierno"},"content":{"rendered":"<div style=\"text-align: justify\">El presidente Alan Garc\u00eda P\u00e9rez encabezar\u00e1 esta ma\u00f1ana el show de celebraci\u00f3n de navidad y reparto de regalos a ni\u00f1os, seg\u00fan inform\u00f3 la Secretar\u00eda de Prensa de la Presidencia de la Rep\u00fablica.\u00a0Esta ceremonia est\u00e1 prevista para las 10:00 horas y se llevar\u00e1 a cabo en el Patio de Honor de Palacio de Gobierno.<\/div>\n<div style=\"text-align: justify\"><\/div>\n<div style=\"text-align: justify\">Previamente, el mandatario presidir\u00e1 la ceremonia de premiaci\u00f3n a los ganadores del concurso \u201cTesoros Humanos Vivientes de la Naci\u00f3n 2009\u201d.<\/div>\n<div style=\"text-align: justify\"><\/div>\n<div style=\"text-align: justify\">Este evento est\u00e1 programado a las 09:00 horas en el Sal\u00f3n Dorado de Palacio de Gobierno. <\/div>\n<div style=\"text-align: justify\">\u00a0<\/div>\n<div style=\"text-align: justify\">\n<div style=\"text-align: center\"><img decoding=\"async\" src=\"images\/stories\/09\/12\/181209\/salondorado.jpg\" border=\"0\" alt=\"SALONDORADOPALACIODEGOBIERNO\" title=\"SALONDORADOPALACIODEGOBIERNO\" \/><\/div>\n<p><\/div>\n<div style=\"text-align: justify\">Asimismo, en su agenda de trabajo diaria, el mandatario visitar\u00e1 la exposici\u00f3n de nacimientos elaborados por los grandes maestros de la artesan\u00eda peruana, que se exponen en el Hall El\u00e9spuru de la sede de gobierno.<\/div>\n<div style=\"text-align: justify\"><\/div>\n","protected":false},"excerpt":{"rendered":"<p>El presidente Alan Garc\u00eda P\u00e9rez encabezar\u00e1 esta ma\u00f1ana el show de celebraci\u00f3n de navidad y reparto de regalos a ni\u00f1os, seg\u00fan inform\u00f3 la Secretar\u00eda de Prensa de la Presidencia de la Rep\u00fablica.\u00a0Esta ceremonia est\u00e1 prevista para las 10:00 horas y se llevar\u00e1 a cabo en el Patio de Honor de Palacio de Gobierno. Previamente, el [&hellip;]<\/p>\n","protected":false},"author":1,"featured_media":0,"comment_status":"open","ping_status":"open","sticky":false,"template":"","format":"standard","meta":{"tdm_status":"","tdm_grid_status":"","footnotes":""},"categories":[38],"tags":[],"class_list":{"0":"post-7604","1":"post","2":"type-post","3":"status-publish","4":"format-standard","6":"category-nacionales"},"yoast_head":"<!-- This site is optimized with the Yoast SEO plugin v25.1 - https:\/\/yoast.com\/wordpress\/plugins\/seo\/ -->\n<title>Jefe de Estado encabeza celebraci\u00f3n por Navidad y reparto de regalos a ni\u00f1os en Palacio de Gobierno<\/title>\n<meta name=\"description\" content=\"Portal de noticias del Per\u00fa sobre el transporte a\u00e9reo, aviaci\u00f3n, turismo, hoteleria, actualidad.\" \/>\n<meta name=\"robots\" content=\"index, follow, max-snippet:-1, max-image-preview:large, max-video-preview:-1\" \/>\n<link rel=\"canonical\" href=\"https:\/\/aeronoticias.com.pe\/noticiero\/nacionales\/jefe-de-estado-encabeza-celebracion-por-navidad-y-reparto-de-regalos-a-ninos-en-palacio-de-gobierno\/\" \/>\n<meta property=\"og:locale\" content=\"es_ES\" \/>\n<meta property=\"og:type\" content=\"article\" \/>\n<meta property=\"og:title\" content=\"Jefe de Estado encabeza celebraci\u00f3n por Navidad y reparto de regalos a ni\u00f1os en Palacio de Gobierno\" \/>\n<meta property=\"og:description\" content=\"Portal de noticias del Per\u00fa sobre el transporte a\u00e9reo, aviaci\u00f3n, turismo, hoteleria, actualidad.\" \/>\n<meta property=\"og:url\" content=\"https:\/\/aeronoticias.com.pe\/noticiero\/nacionales\/jefe-de-estado-encabeza-celebracion-por-navidad-y-reparto-de-regalos-a-ninos-en-palacio-de-gobierno\/\" \/>\n<meta property=\"og:site_name\" content=\"Aeronoticias.com.pe\" \/>\n<meta property=\"article:publisher\" content=\"https:\/\/www.facebook.com\/Aeronoticias.com.pe\/\" \/>\n<meta property=\"article:published_time\" content=\"2009-12-19T06:13:50+00:00\" \/>\n<meta name=\"author\" content=\"Redacci\u00f3n Aeronoticias\" \/>\n<meta name=\"twitter:card\" content=\"summary_large_image\" \/>\n<meta name=\"twitter:creator\" content=\"@aeronoticias\" \/>\n<meta name=\"twitter:site\" content=\"@aeronoticias\" \/>\n<meta name=\"twitter:label1\" content=\"Escrito por\" \/>\n\t<meta name=\"twitter:data1\" content=\"Redacci\u00f3n Aeronoticias\" \/>\n\t<meta name=\"twitter:label2\" content=\"Tiempo de lectura\" \/>\n\t<meta name=\"twitter:data2\" content=\"1 minuto\" \/>\n<script type=\"application\/ld+json\" class=\"yoast-schema-graph\">{\"@context\":\"https:\/\/schema.org\",\"@graph\":[{\"@type\":\"WebPage\",\"@id\":\"https:\/\/aeronoticias.com.pe\/noticiero\/nacionales\/jefe-de-estado-encabeza-celebracion-por-navidad-y-reparto-de-regalos-a-ninos-en-palacio-de-gobierno\/\",\"url\":\"https:\/\/aeronoticias.com.pe\/noticiero\/nacionales\/jefe-de-estado-encabeza-celebracion-por-navidad-y-reparto-de-regalos-a-ninos-en-palacio-de-gobierno\/\",\"name\":\"Jefe de Estado encabeza celebraci\u00f3n por Navidad y reparto de regalos a ni\u00f1os en Palacio de Gobierno\",\"isPartOf\":{\"@id\":\"https:\/\/aeronoticias.com.pe\/noticiero\/#website\"},\"datePublished\":\"2009-12-19T06:13:50+00:00\",\"author\":{\"@id\":\"https:\/\/aeronoticias.com.pe\/noticiero\/#\/schema\/person\/fc1e5d578f4b62ba1cf7ac2bba1170a0\"},\"description\":\"Portal de noticias del Per\u00fa sobre el transporte a\u00e9reo, aviaci\u00f3n, turismo, hoteleria, actualidad.\",\"breadcrumb\":{\"@id\":\"https:\/\/aeronoticias.com.pe\/noticiero\/nacionales\/jefe-de-estado-encabeza-celebracion-por-navidad-y-reparto-de-regalos-a-ninos-en-palacio-de-gobierno\/#breadcrumb\"},\"inLanguage\":\"es\",\"potentialAction\":[{\"@type\":\"ReadAction\",\"target\":[\"https:\/\/aeronoticias.com.pe\/noticiero\/nacionales\/jefe-de-estado-encabeza-celebracion-por-navidad-y-reparto-de-regalos-a-ninos-en-palacio-de-gobierno\/\"]}]},{\"@type\":\"BreadcrumbList\",\"@id\":\"https:\/\/aeronoticias.com.pe\/noticiero\/nacionales\/jefe-de-estado-encabeza-celebracion-por-navidad-y-reparto-de-regalos-a-ninos-en-palacio-de-gobierno\/#breadcrumb\",\"itemListElement\":[{\"@type\":\"ListItem\",\"position\":1,\"name\":\"Portada\",\"item\":\"https:\/\/aeronoticias.com.pe\/noticiero\/\"},{\"@type\":\"ListItem\",\"position\":2,\"name\":\"Jefe de Estado encabeza celebraci\u00f3n por Navidad y reparto de regalos a ni\u00f1os en Palacio de Gobierno\"}]},{\"@type\":\"WebSite\",\"@id\":\"https:\/\/aeronoticias.com.pe\/noticiero\/#website\",\"url\":\"https:\/\/aeronoticias.com.pe\/noticiero\/\",\"name\":\"Aeronoticias.com.pe\",\"description\":\"Noticias de tranporte aereo, turismo, hoteles, gastronomia, actualidad, internacional\",\"potentialAction\":[{\"@type\":\"SearchAction\",\"target\":{\"@type\":\"EntryPoint\",\"urlTemplate\":\"https:\/\/aeronoticias.com.pe\/noticiero\/?s={search_term_string}\"},\"query-input\":{\"@type\":\"PropertyValueSpecification\",\"valueRequired\":true,\"valueName\":\"search_term_string\"}}],\"inLanguage\":\"es\"},{\"@type\":\"Person\",\"@id\":\"https:\/\/aeronoticias.com.pe\/noticiero\/#\/schema\/person\/fc1e5d578f4b62ba1cf7ac2bba1170a0\",\"name\":\"Redacci\u00f3n Aeronoticias\",\"url\":\"https:\/\/aeronoticias.com.pe\/noticiero\/author\/piloto\/\"}]}<\/script>\n<!-- \/ Yoast SEO plugin. -->","yoast_head_json":{"title":"Jefe de Estado encabeza celebraci\u00f3n por Navidad y reparto de regalos a ni\u00f1os en Palacio de Gobierno","description":"Portal de noticias del Per\u00fa sobre el transporte a\u00e9reo, aviaci\u00f3n, turismo, hoteleria, actualidad.","robots":{"index":"index","follow":"follow","max-snippet":"max-snippet:-1","max-image-preview":"max-image-preview:large","max-video-preview":"max-video-preview:-1"},"canonical":"https:\/\/aeronoticias.com.pe\/noticiero\/nacionales\/jefe-de-estado-encabeza-celebracion-por-navidad-y-reparto-de-regalos-a-ninos-en-palacio-de-gobierno\/","og_locale":"es_ES","og_type":"article","og_title":"Jefe de Estado encabeza celebraci\u00f3n por Navidad y reparto de regalos a ni\u00f1os en Palacio de Gobierno","og_description":"Portal de noticias del Per\u00fa sobre el transporte a\u00e9reo, aviaci\u00f3n, turismo, hoteleria, actualidad.","og_url":"https:\/\/aeronoticias.com.pe\/noticiero\/nacionales\/jefe-de-estado-encabeza-celebracion-por-navidad-y-reparto-de-regalos-a-ninos-en-palacio-de-gobierno\/","og_site_name":"Aeronoticias.com.pe","article_publisher":"https:\/\/www.facebook.com\/Aeronoticias.com.pe\/","article_published_time":"2009-12-19T06:13:50+00:00","author":"Redacci\u00f3n Aeronoticias","twitter_card":"summary_large_image","twitter_creator":"@aeronoticias","twitter_site":"@aeronoticias","twitter_misc":{"Escrito por":"Redacci\u00f3n Aeronoticias","Tiempo de lectura":"1 minuto"},"schema":{"@context":"https:\/\/schema.org","@graph":[{"@type":"WebPage","@id":"https:\/\/aeronoticias.com.pe\/noticiero\/nacionales\/jefe-de-estado-encabeza-celebracion-por-navidad-y-reparto-de-regalos-a-ninos-en-palacio-de-gobierno\/","url":"https:\/\/aeronoticias.com.pe\/noticiero\/nacionales\/jefe-de-estado-encabeza-celebracion-por-navidad-y-reparto-de-regalos-a-ninos-en-palacio-de-gobierno\/","name":"Jefe de Estado encabeza celebraci\u00f3n por Navidad y reparto de regalos a ni\u00f1os en Palacio de Gobierno","isPartOf":{"@id":"https:\/\/aeronoticias.com.pe\/noticiero\/#website"},"datePublished":"2009-12-19T06:13:50+00:00","author":{"@id":"https:\/\/aeronoticias.com.pe\/noticiero\/#\/schema\/person\/fc1e5d578f4b62ba1cf7ac2bba1170a0"},"description":"Portal de noticias del Per\u00fa sobre el transporte a\u00e9reo, aviaci\u00f3n, turismo, hoteleria, actualidad.","breadcrumb":{"@id":"https:\/\/aeronoticias.com.pe\/noticiero\/nacionales\/jefe-de-estado-encabeza-celebracion-por-navidad-y-reparto-de-regalos-a-ninos-en-palacio-de-gobierno\/#breadcrumb"},"inLanguage":"es","potentialAction":[{"@type":"ReadAction","target":["https:\/\/aeronoticias.com.pe\/noticiero\/nacionales\/jefe-de-estado-encabeza-celebracion-por-navidad-y-reparto-de-regalos-a-ninos-en-palacio-de-gobierno\/"]}]},{"@type":"BreadcrumbList","@id":"https:\/\/aeronoticias.com.pe\/noticiero\/nacionales\/jefe-de-estado-encabeza-celebracion-por-navidad-y-reparto-de-regalos-a-ninos-en-palacio-de-gobierno\/#breadcrumb","itemListElement":[{"@type":"ListItem","position":1,"name":"Portada","item":"https:\/\/aeronoticias.com.pe\/noticiero\/"},{"@type":"ListItem","position":2,"name":"Jefe de Estado encabeza celebraci\u00f3n por Navidad y reparto de regalos a ni\u00f1os en Palacio de Gobierno"}]},{"@type":"WebSite","@id":"https:\/\/aeronoticias.com.pe\/noticiero\/#website","url":"https:\/\/aeronoticias.com.pe\/noticiero\/","name":"Aeronoticias.com.pe","description":"Noticias de tranporte aereo, turismo, hoteles, gastronomia, actualidad, internacional","potentialAction":[{"@type":"SearchAction","target":{"@type":"EntryPoint","urlTemplate":"https:\/\/aeronoticias.com.pe\/noticiero\/?s={search_term_string}"},"query-input":{"@type":"PropertyValueSpecification","valueRequired":true,"valueName":"search_term_string"}}],"inLanguage":"es"},{"@type":"Person","@id":"https:\/\/aeronoticias.com.pe\/noticiero\/#\/schema\/person\/fc1e5d578f4b62ba1cf7ac2bba1170a0","name":"Redacci\u00f3n Aeronoticias","url":"https:\/\/aeronoticias.com.pe\/noticiero\/author\/piloto\/"}]}},"_links":{"self":[{"href":"https:\/\/aeronoticias.com.pe\/noticiero\/wp-json\/wp\/v2\/posts\/7604","targetHints":{"allow":["GET"]}}],"collection":[{"href":"https:\/\/aeronoticias.com.pe\/noticiero\/wp-json\/wp\/v2\/posts"}],"about":[{"href":"https:\/\/aeronoticias.com.pe\/noticiero\/wp-json\/wp\/v2\/types\/post"}],"author":[{"embeddable":true,"href":"https:\/\/aeronoticias.com.pe\/noticiero\/wp-json\/wp\/v2\/users\/1"}],"replies":[{"embeddable":true,"href":"https:\/\/aeronoticias.com.pe\/noticiero\/wp-json\/wp\/v2\/comments?post=7604"}],"version-history":[{"count":0,"href":"https:\/\/aeronoticias.com.pe\/noticiero\/wp-json\/wp\/v2\/posts\/7604\/revisions"}],"wp:attachment":[{"href":"https:\/\/aeronoticias.com.pe\/noticiero\/wp-json\/wp\/v2\/media?parent=7604"}],"wp:term":[{"taxonomy":"category","embeddable":true,"href":"https:\/\/aeronoticias.com.pe\/noticiero\/wp-json\/wp\/v2\/categories?post=7604"},{"taxonomy":"post_tag","embeddable":true,"href":"https:\/\/aeronoticias.com.pe\/noticiero\/wp-json\/wp\/v2\/tags?post=7604"}],"curies":[{"name":"wp","href":"https:\/\/api.w.org\/{rel}","templated":true}]}}