{"id":7606,"date":"2009-12-19T14:57:20","date_gmt":"2009-12-19T14:57:20","guid":{"rendered":"http:\/\/desarrollo.mcvicious.com\/aero2020\/2009\/12\/19\/transporte-de-bajo-costo-en-estados-unidos-y-europa-mitigo-los-desastrosos-resultados-del-transporte-aereo-mundial\/"},"modified":"2009-12-19T14:57:20","modified_gmt":"2009-12-19T14:57:20","slug":"transporte-de-bajo-costo-en-estados-unidos-y-europa-mitigo-los-desastrosos-resultados-del-transporte-aereo-mundial","status":"publish","type":"post","link":"https:\/\/aeronoticias.com.pe\/noticiero\/transporte-aereo\/internacional\/transporte-de-bajo-costo-en-estados-unidos-y-europa-mitigo-los-desastrosos-resultados-del-transporte-aereo-mundial\/","title":{"rendered":"Transporte de bajo costo en Estados Unidos y Europa mitig\u00f3 los desastrosos resultados del transporte a\u00e9reo mundial"},"content":{"rendered":"<div align=\"justify\">El transporte a\u00e9reo mundial registr\u00f3 en 2009 \u00absus peores resultados\u00bb de la historia de la aviaci\u00f3n civil, con una ca\u00edda de 3,1% del transporte regular de pasajeros de las compa\u00f1\u00edas a\u00e9reas, seg\u00fan datos preliminares publicados el viernes por la Organizaci\u00f3n de la Aviaci\u00f3n Civil Internacional (OACI).<\/p>\n<p>Esta disminuci\u00f3n, la mayor registrada por la industria, refleja el repliegue del 1% del Producto Interior Bruto mundial este a\u00f1o, explica el organismo de la ONU en un comunicado.<br \/>Evidentemente la crisis econ\u00f3mica mundial, los problemas financieros, la caida de la bolsa, el desempleo y la p\u00e9rdida del poder adquisitivo en millones de personas han tenido influencia en los viajes.<\/div>\n<div align=\"justify\">\u00a0<\/p>\n<div style=\"text-align: center\"><img decoding=\"async\" src=\"images\/stories\/09\/12\/191209\/ryanair.jpg\" border=\"0\" alt=\"ryanair\" title=\"ryanair\" \/><\/div>\n<\/div>\n<div align=\"justify\">\u00a0<\/div>\n<div align=\"justify\">El conjunto del tr\u00e1fico a\u00e9reo se redujo en todas las regiones del mundo, salvo en Medio Oriente, donde los transportistas registraron un crecimiento de 10%. El transporte internacional cay\u00f3 alrededor de 3,9% y el dom\u00e9stico 1,8%.<\/p>\n<p>Estos malos resultados fueron mitigados por el crecimiento del transporte interno de pasajeros en mercados emergentes de Asia y Am\u00e9rica Latina y por la buena performance relativa del transporte a\u00e9reo de bajo costo en Am\u00e9rica del Norte y Europa y en la regi\u00f3n de Asia-Pac\u00edfico, afirma la OACI.<\/p>\n<p>El organismo prev\u00e9 que el crecimiento vuelva en 2010, con un alza de 3,3%. Una recuperaci\u00f3n que continuar\u00e1 en 2011, cuando el transporte a\u00e9reo mundial recupere su tasa de crecimiento tradicional: 5,5% anual.<\/p>\n<p>Aeronoticias considera que, en Am\u00e9rica Latina la crisis econ\u00f3mica no ha tenido efectos devastadores como ha ocurrido en otras regiones del mundo y de ah\u00ed el crecimiento del mercado en algunos pa\u00edses, sin embargo subsisten los problemas de dominio cuasimonopolico en algunos pa\u00edses y tarifas a\u00e9reas discriminatorias y en algunos casos exorbitantes.<\/p>\n<p>Es importante que se analice aeropol\u00edticamente el crecimiento y \u00e9xito de las l\u00edneas a\u00e9reas de bajo costo en Am\u00e9rica del Norte y en Europa, dentro de un contexto en el que pa\u00edses como Per\u00fa, ya est\u00e1 estudiando esta experiencia para implementar un rompimiento del monopolio a\u00e9reo y posibilitar a trav\u00e9s de una l\u00ednea a\u00e9rea de bandera con capital mixto, mejores y m\u00e1s econ\u00f3micos servicios, lo que nos abre tal ves el debate a la necesidad de la popularizaci\u00f3n de los servicios de transporte a\u00e9reo.<\/div>\n","protected":false},"excerpt":{"rendered":"<p>El transporte a\u00e9reo mundial registr\u00f3 en 2009 \u00absus peores resultados\u00bb de la historia de la aviaci\u00f3n civil, con una ca\u00edda de 3,1% del transporte regular de pasajeros de las compa\u00f1\u00edas a\u00e9reas, seg\u00fan datos preliminares publicados el viernes por la Organizaci\u00f3n de la Aviaci\u00f3n Civil Internacional (OACI). Esta disminuci\u00f3n, la mayor registrada por la industria, refleja [&hellip;]<\/p>\n","protected":false},"author":1,"featured_media":0,"comment_status":"open","ping_status":"open","sticky":false,"template":"","format":"standard","meta":{"tdm_status":"","tdm_grid_status":"","footnotes":""},"categories":[32],"tags":[],"class_list":{"0":"post-7606","1":"post","2":"type-post","3":"status-publish","4":"format-standard","6":"category-internacional"},"yoast_head":"<!-- This site is optimized with the Yoast SEO plugin v25.1 - https:\/\/yoast.com\/wordpress\/plugins\/seo\/ -->\n<title>Transporte de bajo costo en Estados Unidos y Europa mitig\u00f3 los desastrosos resultados del transporte a\u00e9reo mundial<\/title>\n<meta name=\"description\" content=\"Portal de noticias del Per\u00fa sobre el transporte a\u00e9reo, aviaci\u00f3n, turismo, hoteleria, actualidad.\" \/>\n<meta name=\"robots\" content=\"index, follow, max-snippet:-1, max-image-preview:large, max-video-preview:-1\" \/>\n<link rel=\"canonical\" href=\"https:\/\/aeronoticias.com.pe\/noticiero\/transporte-aereo\/internacional\/transporte-de-bajo-costo-en-estados-unidos-y-europa-mitigo-los-desastrosos-resultados-del-transporte-aereo-mundial\/\" \/>\n<meta property=\"og:locale\" content=\"es_ES\" \/>\n<meta property=\"og:type\" content=\"article\" \/>\n<meta property=\"og:title\" content=\"Transporte de bajo costo en Estados Unidos y Europa mitig\u00f3 los desastrosos resultados del transporte a\u00e9reo mundial\" \/>\n<meta property=\"og:description\" content=\"Portal de noticias del Per\u00fa sobre el transporte a\u00e9reo, aviaci\u00f3n, turismo, hoteleria, actualidad.\" \/>\n<meta property=\"og:url\" content=\"https:\/\/aeronoticias.com.pe\/noticiero\/transporte-aereo\/internacional\/transporte-de-bajo-costo-en-estados-unidos-y-europa-mitigo-los-desastrosos-resultados-del-transporte-aereo-mundial\/\" \/>\n<meta property=\"og:site_name\" content=\"Aeronoticias.com.pe\" \/>\n<meta property=\"article:publisher\" content=\"https:\/\/www.facebook.com\/Aeronoticias.com.pe\/\" \/>\n<meta property=\"article:published_time\" content=\"2009-12-19T14:57:20+00:00\" \/>\n<meta name=\"author\" content=\"Redacci\u00f3n Aeronoticias\" \/>\n<meta name=\"twitter:card\" content=\"summary_large_image\" \/>\n<meta name=\"twitter:creator\" content=\"@aeronoticias\" \/>\n<meta name=\"twitter:site\" content=\"@aeronoticias\" \/>\n<meta name=\"twitter:label1\" content=\"Escrito por\" \/>\n\t<meta name=\"twitter:data1\" content=\"Redacci\u00f3n Aeronoticias\" \/>\n\t<meta name=\"twitter:label2\" content=\"Tiempo de lectura\" \/>\n\t<meta name=\"twitter:data2\" content=\"2 minutos\" \/>\n<script type=\"application\/ld+json\" class=\"yoast-schema-graph\">{\"@context\":\"https:\/\/schema.org\",\"@graph\":[{\"@type\":\"WebPage\",\"@id\":\"https:\/\/aeronoticias.com.pe\/noticiero\/transporte-aereo\/internacional\/transporte-de-bajo-costo-en-estados-unidos-y-europa-mitigo-los-desastrosos-resultados-del-transporte-aereo-mundial\/\",\"url\":\"https:\/\/aeronoticias.com.pe\/noticiero\/transporte-aereo\/internacional\/transporte-de-bajo-costo-en-estados-unidos-y-europa-mitigo-los-desastrosos-resultados-del-transporte-aereo-mundial\/\",\"name\":\"Transporte de bajo costo en Estados Unidos y Europa mitig\u00f3 los desastrosos resultados del transporte a\u00e9reo mundial\",\"isPartOf\":{\"@id\":\"https:\/\/aeronoticias.com.pe\/noticiero\/#website\"},\"datePublished\":\"2009-12-19T14:57:20+00:00\",\"author\":{\"@id\":\"https:\/\/aeronoticias.com.pe\/noticiero\/#\/schema\/person\/fc1e5d578f4b62ba1cf7ac2bba1170a0\"},\"description\":\"Portal de noticias del Per\u00fa sobre el transporte a\u00e9reo, aviaci\u00f3n, turismo, hoteleria, actualidad.\",\"breadcrumb\":{\"@id\":\"https:\/\/aeronoticias.com.pe\/noticiero\/transporte-aereo\/internacional\/transporte-de-bajo-costo-en-estados-unidos-y-europa-mitigo-los-desastrosos-resultados-del-transporte-aereo-mundial\/#breadcrumb\"},\"inLanguage\":\"es\",\"potentialAction\":[{\"@type\":\"ReadAction\",\"target\":[\"https:\/\/aeronoticias.com.pe\/noticiero\/transporte-aereo\/internacional\/transporte-de-bajo-costo-en-estados-unidos-y-europa-mitigo-los-desastrosos-resultados-del-transporte-aereo-mundial\/\"]}]},{\"@type\":\"BreadcrumbList\",\"@id\":\"https:\/\/aeronoticias.com.pe\/noticiero\/transporte-aereo\/internacional\/transporte-de-bajo-costo-en-estados-unidos-y-europa-mitigo-los-desastrosos-resultados-del-transporte-aereo-mundial\/#breadcrumb\",\"itemListElement\":[{\"@type\":\"ListItem\",\"position\":1,\"name\":\"Portada\",\"item\":\"https:\/\/aeronoticias.com.pe\/noticiero\/\"},{\"@type\":\"ListItem\",\"position\":2,\"name\":\"Transporte de bajo costo en Estados Unidos y Europa mitig\u00f3 los desastrosos resultados del transporte a\u00e9reo mundial\"}]},{\"@type\":\"WebSite\",\"@id\":\"https:\/\/aeronoticias.com.pe\/noticiero\/#website\",\"url\":\"https:\/\/aeronoticias.com.pe\/noticiero\/\",\"name\":\"Aeronoticias.com.pe\",\"description\":\"Noticias de tranporte aereo, turismo, hoteles, gastronomia, actualidad, internacional\",\"potentialAction\":[{\"@type\":\"SearchAction\",\"target\":{\"@type\":\"EntryPoint\",\"urlTemplate\":\"https:\/\/aeronoticias.com.pe\/noticiero\/?s={search_term_string}\"},\"query-input\":{\"@type\":\"PropertyValueSpecification\",\"valueRequired\":true,\"valueName\":\"search_term_string\"}}],\"inLanguage\":\"es\"},{\"@type\":\"Person\",\"@id\":\"https:\/\/aeronoticias.com.pe\/noticiero\/#\/schema\/person\/fc1e5d578f4b62ba1cf7ac2bba1170a0\",\"name\":\"Redacci\u00f3n Aeronoticias\",\"url\":\"https:\/\/aeronoticias.com.pe\/noticiero\/author\/piloto\/\"}]}<\/script>\n<!-- \/ Yoast SEO plugin. -->","yoast_head_json":{"title":"Transporte de bajo costo en Estados Unidos y Europa mitig\u00f3 los desastrosos resultados del transporte a\u00e9reo mundial","description":"Portal de noticias del Per\u00fa sobre el transporte a\u00e9reo, aviaci\u00f3n, turismo, hoteleria, actualidad.","robots":{"index":"index","follow":"follow","max-snippet":"max-snippet:-1","max-image-preview":"max-image-preview:large","max-video-preview":"max-video-preview:-1"},"canonical":"https:\/\/aeronoticias.com.pe\/noticiero\/transporte-aereo\/internacional\/transporte-de-bajo-costo-en-estados-unidos-y-europa-mitigo-los-desastrosos-resultados-del-transporte-aereo-mundial\/","og_locale":"es_ES","og_type":"article","og_title":"Transporte de bajo costo en Estados Unidos y Europa mitig\u00f3 los desastrosos resultados del transporte a\u00e9reo mundial","og_description":"Portal de noticias del Per\u00fa sobre el transporte a\u00e9reo, aviaci\u00f3n, turismo, hoteleria, actualidad.","og_url":"https:\/\/aeronoticias.com.pe\/noticiero\/transporte-aereo\/internacional\/transporte-de-bajo-costo-en-estados-unidos-y-europa-mitigo-los-desastrosos-resultados-del-transporte-aereo-mundial\/","og_site_name":"Aeronoticias.com.pe","article_publisher":"https:\/\/www.facebook.com\/Aeronoticias.com.pe\/","article_published_time":"2009-12-19T14:57:20+00:00","author":"Redacci\u00f3n Aeronoticias","twitter_card":"summary_large_image","twitter_creator":"@aeronoticias","twitter_site":"@aeronoticias","twitter_misc":{"Escrito por":"Redacci\u00f3n Aeronoticias","Tiempo de lectura":"2 minutos"},"schema":{"@context":"https:\/\/schema.org","@graph":[{"@type":"WebPage","@id":"https:\/\/aeronoticias.com.pe\/noticiero\/transporte-aereo\/internacional\/transporte-de-bajo-costo-en-estados-unidos-y-europa-mitigo-los-desastrosos-resultados-del-transporte-aereo-mundial\/","url":"https:\/\/aeronoticias.com.pe\/noticiero\/transporte-aereo\/internacional\/transporte-de-bajo-costo-en-estados-unidos-y-europa-mitigo-los-desastrosos-resultados-del-transporte-aereo-mundial\/","name":"Transporte de bajo costo en Estados Unidos y Europa mitig\u00f3 los desastrosos resultados del transporte a\u00e9reo mundial","isPartOf":{"@id":"https:\/\/aeronoticias.com.pe\/noticiero\/#website"},"datePublished":"2009-12-19T14:57:20+00:00","author":{"@id":"https:\/\/aeronoticias.com.pe\/noticiero\/#\/schema\/person\/fc1e5d578f4b62ba1cf7ac2bba1170a0"},"description":"Portal de noticias del Per\u00fa sobre el transporte a\u00e9reo, aviaci\u00f3n, turismo, hoteleria, actualidad.","breadcrumb":{"@id":"https:\/\/aeronoticias.com.pe\/noticiero\/transporte-aereo\/internacional\/transporte-de-bajo-costo-en-estados-unidos-y-europa-mitigo-los-desastrosos-resultados-del-transporte-aereo-mundial\/#breadcrumb"},"inLanguage":"es","potentialAction":[{"@type":"ReadAction","target":["https:\/\/aeronoticias.com.pe\/noticiero\/transporte-aereo\/internacional\/transporte-de-bajo-costo-en-estados-unidos-y-europa-mitigo-los-desastrosos-resultados-del-transporte-aereo-mundial\/"]}]},{"@type":"BreadcrumbList","@id":"https:\/\/aeronoticias.com.pe\/noticiero\/transporte-aereo\/internacional\/transporte-de-bajo-costo-en-estados-unidos-y-europa-mitigo-los-desastrosos-resultados-del-transporte-aereo-mundial\/#breadcrumb","itemListElement":[{"@type":"ListItem","position":1,"name":"Portada","item":"https:\/\/aeronoticias.com.pe\/noticiero\/"},{"@type":"ListItem","position":2,"name":"Transporte de bajo costo en Estados Unidos y Europa mitig\u00f3 los desastrosos resultados del transporte a\u00e9reo mundial"}]},{"@type":"WebSite","@id":"https:\/\/aeronoticias.com.pe\/noticiero\/#website","url":"https:\/\/aeronoticias.com.pe\/noticiero\/","name":"Aeronoticias.com.pe","description":"Noticias de tranporte aereo, turismo, hoteles, gastronomia, actualidad, internacional","potentialAction":[{"@type":"SearchAction","target":{"@type":"EntryPoint","urlTemplate":"https:\/\/aeronoticias.com.pe\/noticiero\/?s={search_term_string}"},"query-input":{"@type":"PropertyValueSpecification","valueRequired":true,"valueName":"search_term_string"}}],"inLanguage":"es"},{"@type":"Person","@id":"https:\/\/aeronoticias.com.pe\/noticiero\/#\/schema\/person\/fc1e5d578f4b62ba1cf7ac2bba1170a0","name":"Redacci\u00f3n Aeronoticias","url":"https:\/\/aeronoticias.com.pe\/noticiero\/author\/piloto\/"}]}},"_links":{"self":[{"href":"https:\/\/aeronoticias.com.pe\/noticiero\/wp-json\/wp\/v2\/posts\/7606","targetHints":{"allow":["GET"]}}],"collection":[{"href":"https:\/\/aeronoticias.com.pe\/noticiero\/wp-json\/wp\/v2\/posts"}],"about":[{"href":"https:\/\/aeronoticias.com.pe\/noticiero\/wp-json\/wp\/v2\/types\/post"}],"author":[{"embeddable":true,"href":"https:\/\/aeronoticias.com.pe\/noticiero\/wp-json\/wp\/v2\/users\/1"}],"replies":[{"embeddable":true,"href":"https:\/\/aeronoticias.com.pe\/noticiero\/wp-json\/wp\/v2\/comments?post=7606"}],"version-history":[{"count":0,"href":"https:\/\/aeronoticias.com.pe\/noticiero\/wp-json\/wp\/v2\/posts\/7606\/revisions"}],"wp:attachment":[{"href":"https:\/\/aeronoticias.com.pe\/noticiero\/wp-json\/wp\/v2\/media?parent=7606"}],"wp:term":[{"taxonomy":"category","embeddable":true,"href":"https:\/\/aeronoticias.com.pe\/noticiero\/wp-json\/wp\/v2\/categories?post=7606"},{"taxonomy":"post_tag","embeddable":true,"href":"https:\/\/aeronoticias.com.pe\/noticiero\/wp-json\/wp\/v2\/tags?post=7606"}],"curies":[{"name":"wp","href":"https:\/\/api.w.org\/{rel}","templated":true}]}}