{"id":7615,"date":"2009-12-21T13:35:54","date_gmt":"2009-12-21T13:35:54","guid":{"rendered":"http:\/\/desarrollo.mcvicious.com\/aero2020\/2009\/12\/21\/los-gobiernos-de-colombia-y-venezuela-se-acusaron-mutuamente-de-tener-planes-belicistas\/"},"modified":"2009-12-21T13:35:54","modified_gmt":"2009-12-21T13:35:54","slug":"los-gobiernos-de-colombia-y-venezuela-se-acusaron-mutuamente-de-tener-planes-belicistas","status":"publish","type":"post","link":"https:\/\/aeronoticias.com.pe\/noticiero\/internacionales\/los-gobiernos-de-colombia-y-venezuela-se-acusaron-mutuamente-de-tener-planes-belicistas\/","title":{"rendered":"Los gobiernos de Colombia y Venezuela se acusaron mutuamente de tener planes belicistas"},"content":{"rendered":"<div style=\"text-align: justify\">Las administraciones de Uribe y Ch\u00e1vez sostuvieron adem\u00e1s que est\u00e1n preparados para soportar una agresi\u00f3n externa. Mientras que el mandatario boliviariano advirti\u00f3 a Estados Unidos y a Colombia que \u201cse van a arrepentir\u201d si agreden a su pa\u00eds, el ministro de Defensa de Bogot\u00e1 dijo que Venezuela busca \u201cproyectar fuerzas m\u00e1s all\u00e1 de sus fronteras\u201d.<\/div>\n<div style=\"text-align: justify\"><\/div>\n<div style=\"text-align: justify\">Por un lado, el presidente venezolano, Hugo Ch\u00e1vez, advirti\u00f3 a Colombia y Estados Unidos que \u00abse van a arrepentir\u00bb si agreden a su pa\u00eds, luego de que el gobierno colombiano anunciara ayer su decisi\u00f3n de movilizar tropas a la frontera con Venezuela. Por otro, el ministro de Defensa de Colombia, Gabriel Silva, dijo que su gobierno se est\u00e1 \u00abpreparando para evitar una agresi\u00f3n\u00bb y acus\u00f3 al de Venezuela de \u00abgastar miles de millones de d\u00f3lares en equipamiento militar\u00bb para \u00abproyectar fuerzas m\u00e1s all\u00e1 de las fronteras\u00bb.<\/div>\n<div style=\"text-align: justify\">\n<div style=\"text-align: center\"><img decoding=\"async\" src=\"images\/stories\/09\/12\/211209\/colombia.jpg\" border=\"0\" alt=\"Los gobiernos de Colombia y Venezuela se acusaron mutuamente de tener planes belicistas \" title=\"Los gobiernos de Colombia y Venezuela se acusaron mutuamente de tener planes belicistas \" \/><\/div>\n<p><\/div>\n<div style=\"text-align: justify\">En su programa dominical de televisi\u00f3n \u00abAl\u00f3 Presidente\u00bb, Ch\u00e1vez denunci\u00f3 que Colombia est\u00e1 enviando hacia territorio venezolano aviones no tripulados estadounidenses en misiones de espionaje y afirm\u00f3 que orden\u00f3 derribarlos. \u00abEllos est\u00e1n preparando una agresi\u00f3n, cr\u00e9anme se\u00f1ores burgueses de Colombia, si ustedes agreden a Venezuela se van arrepentir, nosotros no estamos desarmados ni estamos de brazos cruzados\u00bb, afirm\u00f3 el mandatario venezolano.<\/div>\n<div style=\"text-align: justify\"><\/div>\n<div style=\"text-align: justify\">El comandante del Ej\u00e9rcito de Colombia, Oscar Gonz\u00e1lez, anunci\u00f3 ayer s\u00e1bado la activaci\u00f3n de seis batallones de aviaci\u00f3n, dos de ellos en la frontera con Venezuela. Ambos pa\u00edses mantienen desde hace tiempo una tensa relaci\u00f3n diplom\u00e1tica que se agrav\u00f3 en los \u00faltimos meses, a ra\u00edz de la autorizaci\u00f3n a tropas estadounidenses para utilizar bases militares colombianas.<\/div>\n<div style=\"text-align: justify\"><\/div>\n<div style=\"text-align: justify\">\u00abEst\u00e1n instalando unidades militares en la frontera creyendo que con eso nos van a meter miedo\u00bb, sostuvo Ch\u00e1vez, quien inst\u00f3 a sus compatriotas a \u00abestar tranquilos pero alertas, sin desespero\u00bb, ante un eventual ataque.<\/div>\n<div style=\"text-align: justify\"><\/div>\n<div style=\"text-align: justify\">Tambi\u00e9n reiter\u00f3 su denuncia de que Estados Unidos quiere agredir a Venezuela utilizando a Colombia y las bases en Aruba y Curazao. El presidente Ch\u00e1vez hizo un llamado al gobierno de Colombia para que \u00abrecupere su m\u00ednimo y no se deje utilizar por el imperio yanqui para ponernos a pelear. Nosotros no tenemos ning\u00fan plan contra Colombia; Dios nos libre de una guerra con Colombia, pero eso no depende de nosotros\u00bb, asegur\u00f3.<\/div>\n<div style=\"text-align: justify\"><\/div>\n<div style=\"text-align: justify\">Ch\u00e1vez coment\u00f3 que Colombia est\u00e1 utilizando aviones no tripulados que filman por donde pasan y algunos lanzan bombas, por lo que orden\u00f3 derribarlos.\u00a0Igualmente, sostuvo que el gobierno colombiano \u00abda tristeza\u00bb, pues \u00abya se ha declarado enemigo de Venezuela\u00bb, y refut\u00f3 que su gobierno proteja a l\u00edderes de la guerrilla colombiana.<\/div>\n<div style=\"text-align: justify\"><\/div>\n<div style=\"text-align: justify\">\u00abEl imperio quiere acabar con la revoluci\u00f3n bolivariana para instalar aqu\u00ed un gobierno como el de Honduras, arrastrado al imperio yanqui\u00bb, subray\u00f3 Ch\u00e1vez.\u00a0\u00abEsto aqu\u00ed, se\u00f1ores del imperio, s\u00e9panlo, no va a ocurrir, hagan ustedes lo que hagan, no lo van a lograr nunca\u00bb, advirti\u00f3.\u00a0En tanto, Silva desminti\u00f3 que el gobierno colombiano planee atacar a Venezuela pero advirti\u00f3 que est\u00e1 prepar\u00e1ndose para una agresi\u00f3n externa.<\/div>\n<div style=\"text-align: justify\"><\/div>\n<div style=\"text-align: justify\">\u00abNo se trata de prepararse para una agresi\u00f3n, se trata de prepararse para evitarla, y quiero insistir en eso: nos estamos preparando para evitar una agresi\u00f3n\u00bb, dijo en declaraciones publicadas hoy por el diario bogotano El Tiempo y rese\u00f1adas por ANSA.\u00a0Silva asegur\u00f3 que Colombia no entrar\u00e1 \u00abjam\u00e1s en una carrera armamentista\u00bb pero advirti\u00f3 que est\u00e1 realizando \u00abun proceso de construcci\u00f3n de una capacidad disuasiva, para que todos lo consideren muy bien y sepan los riesgos de una agresi\u00f3n\u00bb.<\/div>\n<div style=\"text-align: justify\"><\/div>\n<div style=\"text-align: justify\">\u00abTenemos una doctrina que es de disuaci\u00f3n m\u00ednima cre\u00edble, o sea, las capacidades m\u00ednimas necesarias, que no nos desv\u00eden de nuestro objeto fundamental, que es el orden p\u00fablico interno\u00bb, se\u00f1al\u00f3 el ministro y explic\u00f3 que se trata de \u00ablo m\u00ednimo necesario para que a nadie se le ocurra, sea quien sea, una agresi\u00f3n\u00bb.\u00a0Interrogado sobre el gasto militar de Venezuela, Silva respondi\u00f3 que \u00abgastar miles de millones de d\u00f3lares en equipamiento militar, que no tiene que ver con orden p\u00fablico interno sino para proyectar fuerzas m\u00e1s all\u00e1 de las fronteras, es la definici\u00f3n t\u00e9cnica de `ofensivo`\u00bb.<\/div>\n<div style=\"text-align: justify\"><\/div>\n<div style=\"text-align: justify\">El ministro agreg\u00f3 que \u00abVenezuela ha invertido miles de millones de d\u00f3lares en armas cuando la gente est\u00e1 llena de necesidades\u00bb.<\/div>\n<div style=\"text-align: justify\"><\/div>\n<div style=\"text-align: justify\">\u00abLos colombianos no estamos con las manos amarradas: tenemos el mejor ej\u00e9rcito de Am\u00e9rica latina, tenemos hombres y mujeres que han combatido; en la mayor\u00eda de los pa\u00edses de la regi\u00f3n nunca se ha combatido, ninguno de sus soldados ha estado en una guerra, los nuestros s\u00ed; es un ej\u00e9rcito de calibre mundial, no estamos inermes\u00bb, indic\u00f3.<\/div>\n<div style=\"text-align: justify\"><\/div>\n<div style=\"text-align: justify\"><strong>Aeronoticias<\/strong> considera que los planes b\u00e9licos de parte de una u otra naci\u00f3n son absolutamente repudiables en un contexto en el que se tiene que reforzar los lazos de paz y amistad bilateral, y no fomentar una lucha armamentista por lo que es necesario rever las pol\u00edticas internas y medidas anti armas.<\/div>\n<div style=\"text-align: justify\"><\/div>\n","protected":false},"excerpt":{"rendered":"<p>Las administraciones de Uribe y Ch\u00e1vez sostuvieron adem\u00e1s que est\u00e1n preparados para soportar una agresi\u00f3n externa. Mientras que el mandatario boliviariano advirti\u00f3 a Estados Unidos y a Colombia que \u201cse van a arrepentir\u201d si agreden a su pa\u00eds, el ministro de Defensa de Bogot\u00e1 dijo que Venezuela busca \u201cproyectar fuerzas m\u00e1s all\u00e1 de sus fronteras\u201d. [&hellip;]<\/p>\n","protected":false},"author":1,"featured_media":0,"comment_status":"open","ping_status":"open","sticky":false,"template":"","format":"standard","meta":{"tdm_status":"","tdm_grid_status":"","footnotes":""},"categories":[34],"tags":[],"class_list":{"0":"post-7615","1":"post","2":"type-post","3":"status-publish","4":"format-standard","6":"category-internacionales"},"yoast_head":"<!-- This site is optimized with the Yoast SEO plugin v25.1 - https:\/\/yoast.com\/wordpress\/plugins\/seo\/ -->\n<title>Los gobiernos de Colombia y Venezuela se acusaron mutuamente de tener planes belicistas<\/title>\n<meta name=\"description\" content=\"Portal de noticias del Per\u00fa sobre el transporte a\u00e9reo, aviaci\u00f3n, turismo, hoteleria, actualidad.\" \/>\n<meta name=\"robots\" content=\"index, follow, max-snippet:-1, max-image-preview:large, max-video-preview:-1\" \/>\n<link rel=\"canonical\" href=\"https:\/\/aeronoticias.com.pe\/noticiero\/internacionales\/los-gobiernos-de-colombia-y-venezuela-se-acusaron-mutuamente-de-tener-planes-belicistas\/\" \/>\n<meta property=\"og:locale\" content=\"es_ES\" \/>\n<meta property=\"og:type\" content=\"article\" \/>\n<meta property=\"og:title\" content=\"Los gobiernos de Colombia y Venezuela se acusaron mutuamente de tener planes belicistas\" \/>\n<meta property=\"og:description\" content=\"Portal de noticias del Per\u00fa sobre el transporte a\u00e9reo, aviaci\u00f3n, turismo, hoteleria, actualidad.\" \/>\n<meta property=\"og:url\" content=\"https:\/\/aeronoticias.com.pe\/noticiero\/internacionales\/los-gobiernos-de-colombia-y-venezuela-se-acusaron-mutuamente-de-tener-planes-belicistas\/\" \/>\n<meta property=\"og:site_name\" content=\"Aeronoticias.com.pe\" \/>\n<meta property=\"article:publisher\" content=\"https:\/\/www.facebook.com\/Aeronoticias.com.pe\/\" \/>\n<meta property=\"article:published_time\" content=\"2009-12-21T13:35:54+00:00\" \/>\n<meta name=\"author\" content=\"Redacci\u00f3n Aeronoticias\" \/>\n<meta name=\"twitter:card\" content=\"summary_large_image\" \/>\n<meta name=\"twitter:creator\" content=\"@aeronoticias\" \/>\n<meta name=\"twitter:site\" content=\"@aeronoticias\" \/>\n<meta name=\"twitter:label1\" content=\"Escrito por\" \/>\n\t<meta name=\"twitter:data1\" content=\"Redacci\u00f3n Aeronoticias\" \/>\n\t<meta name=\"twitter:label2\" content=\"Tiempo de lectura\" \/>\n\t<meta name=\"twitter:data2\" content=\"4 minutos\" \/>\n<script type=\"application\/ld+json\" class=\"yoast-schema-graph\">{\"@context\":\"https:\/\/schema.org\",\"@graph\":[{\"@type\":\"WebPage\",\"@id\":\"https:\/\/aeronoticias.com.pe\/noticiero\/internacionales\/los-gobiernos-de-colombia-y-venezuela-se-acusaron-mutuamente-de-tener-planes-belicistas\/\",\"url\":\"https:\/\/aeronoticias.com.pe\/noticiero\/internacionales\/los-gobiernos-de-colombia-y-venezuela-se-acusaron-mutuamente-de-tener-planes-belicistas\/\",\"name\":\"Los gobiernos de Colombia y Venezuela se acusaron mutuamente de tener planes belicistas\",\"isPartOf\":{\"@id\":\"https:\/\/aeronoticias.com.pe\/noticiero\/#website\"},\"datePublished\":\"2009-12-21T13:35:54+00:00\",\"author\":{\"@id\":\"https:\/\/aeronoticias.com.pe\/noticiero\/#\/schema\/person\/fc1e5d578f4b62ba1cf7ac2bba1170a0\"},\"description\":\"Portal de noticias del Per\u00fa sobre el transporte a\u00e9reo, aviaci\u00f3n, turismo, hoteleria, actualidad.\",\"breadcrumb\":{\"@id\":\"https:\/\/aeronoticias.com.pe\/noticiero\/internacionales\/los-gobiernos-de-colombia-y-venezuela-se-acusaron-mutuamente-de-tener-planes-belicistas\/#breadcrumb\"},\"inLanguage\":\"es\",\"potentialAction\":[{\"@type\":\"ReadAction\",\"target\":[\"https:\/\/aeronoticias.com.pe\/noticiero\/internacionales\/los-gobiernos-de-colombia-y-venezuela-se-acusaron-mutuamente-de-tener-planes-belicistas\/\"]}]},{\"@type\":\"BreadcrumbList\",\"@id\":\"https:\/\/aeronoticias.com.pe\/noticiero\/internacionales\/los-gobiernos-de-colombia-y-venezuela-se-acusaron-mutuamente-de-tener-planes-belicistas\/#breadcrumb\",\"itemListElement\":[{\"@type\":\"ListItem\",\"position\":1,\"name\":\"Portada\",\"item\":\"https:\/\/aeronoticias.com.pe\/noticiero\/\"},{\"@type\":\"ListItem\",\"position\":2,\"name\":\"Los gobiernos de Colombia y Venezuela se acusaron mutuamente de tener planes belicistas\"}]},{\"@type\":\"WebSite\",\"@id\":\"https:\/\/aeronoticias.com.pe\/noticiero\/#website\",\"url\":\"https:\/\/aeronoticias.com.pe\/noticiero\/\",\"name\":\"Aeronoticias.com.pe\",\"description\":\"Noticias de tranporte aereo, turismo, hoteles, gastronomia, actualidad, internacional\",\"potentialAction\":[{\"@type\":\"SearchAction\",\"target\":{\"@type\":\"EntryPoint\",\"urlTemplate\":\"https:\/\/aeronoticias.com.pe\/noticiero\/?s={search_term_string}\"},\"query-input\":{\"@type\":\"PropertyValueSpecification\",\"valueRequired\":true,\"valueName\":\"search_term_string\"}}],\"inLanguage\":\"es\"},{\"@type\":\"Person\",\"@id\":\"https:\/\/aeronoticias.com.pe\/noticiero\/#\/schema\/person\/fc1e5d578f4b62ba1cf7ac2bba1170a0\",\"name\":\"Redacci\u00f3n Aeronoticias\",\"url\":\"https:\/\/aeronoticias.com.pe\/noticiero\/author\/piloto\/\"}]}<\/script>\n<!-- \/ Yoast SEO plugin. -->","yoast_head_json":{"title":"Los gobiernos de Colombia y Venezuela se acusaron mutuamente de tener planes belicistas","description":"Portal de noticias del Per\u00fa sobre el transporte a\u00e9reo, aviaci\u00f3n, turismo, hoteleria, actualidad.","robots":{"index":"index","follow":"follow","max-snippet":"max-snippet:-1","max-image-preview":"max-image-preview:large","max-video-preview":"max-video-preview:-1"},"canonical":"https:\/\/aeronoticias.com.pe\/noticiero\/internacionales\/los-gobiernos-de-colombia-y-venezuela-se-acusaron-mutuamente-de-tener-planes-belicistas\/","og_locale":"es_ES","og_type":"article","og_title":"Los gobiernos de Colombia y Venezuela se acusaron mutuamente de tener planes belicistas","og_description":"Portal de noticias del Per\u00fa sobre el transporte a\u00e9reo, aviaci\u00f3n, turismo, hoteleria, actualidad.","og_url":"https:\/\/aeronoticias.com.pe\/noticiero\/internacionales\/los-gobiernos-de-colombia-y-venezuela-se-acusaron-mutuamente-de-tener-planes-belicistas\/","og_site_name":"Aeronoticias.com.pe","article_publisher":"https:\/\/www.facebook.com\/Aeronoticias.com.pe\/","article_published_time":"2009-12-21T13:35:54+00:00","author":"Redacci\u00f3n Aeronoticias","twitter_card":"summary_large_image","twitter_creator":"@aeronoticias","twitter_site":"@aeronoticias","twitter_misc":{"Escrito por":"Redacci\u00f3n Aeronoticias","Tiempo de lectura":"4 minutos"},"schema":{"@context":"https:\/\/schema.org","@graph":[{"@type":"WebPage","@id":"https:\/\/aeronoticias.com.pe\/noticiero\/internacionales\/los-gobiernos-de-colombia-y-venezuela-se-acusaron-mutuamente-de-tener-planes-belicistas\/","url":"https:\/\/aeronoticias.com.pe\/noticiero\/internacionales\/los-gobiernos-de-colombia-y-venezuela-se-acusaron-mutuamente-de-tener-planes-belicistas\/","name":"Los gobiernos de Colombia y Venezuela se acusaron mutuamente de tener planes belicistas","isPartOf":{"@id":"https:\/\/aeronoticias.com.pe\/noticiero\/#website"},"datePublished":"2009-12-21T13:35:54+00:00","author":{"@id":"https:\/\/aeronoticias.com.pe\/noticiero\/#\/schema\/person\/fc1e5d578f4b62ba1cf7ac2bba1170a0"},"description":"Portal de noticias del Per\u00fa sobre el transporte a\u00e9reo, aviaci\u00f3n, turismo, hoteleria, actualidad.","breadcrumb":{"@id":"https:\/\/aeronoticias.com.pe\/noticiero\/internacionales\/los-gobiernos-de-colombia-y-venezuela-se-acusaron-mutuamente-de-tener-planes-belicistas\/#breadcrumb"},"inLanguage":"es","potentialAction":[{"@type":"ReadAction","target":["https:\/\/aeronoticias.com.pe\/noticiero\/internacionales\/los-gobiernos-de-colombia-y-venezuela-se-acusaron-mutuamente-de-tener-planes-belicistas\/"]}]},{"@type":"BreadcrumbList","@id":"https:\/\/aeronoticias.com.pe\/noticiero\/internacionales\/los-gobiernos-de-colombia-y-venezuela-se-acusaron-mutuamente-de-tener-planes-belicistas\/#breadcrumb","itemListElement":[{"@type":"ListItem","position":1,"name":"Portada","item":"https:\/\/aeronoticias.com.pe\/noticiero\/"},{"@type":"ListItem","position":2,"name":"Los gobiernos de Colombia y Venezuela se acusaron mutuamente de tener planes belicistas"}]},{"@type":"WebSite","@id":"https:\/\/aeronoticias.com.pe\/noticiero\/#website","url":"https:\/\/aeronoticias.com.pe\/noticiero\/","name":"Aeronoticias.com.pe","description":"Noticias de tranporte aereo, turismo, hoteles, gastronomia, actualidad, internacional","potentialAction":[{"@type":"SearchAction","target":{"@type":"EntryPoint","urlTemplate":"https:\/\/aeronoticias.com.pe\/noticiero\/?s={search_term_string}"},"query-input":{"@type":"PropertyValueSpecification","valueRequired":true,"valueName":"search_term_string"}}],"inLanguage":"es"},{"@type":"Person","@id":"https:\/\/aeronoticias.com.pe\/noticiero\/#\/schema\/person\/fc1e5d578f4b62ba1cf7ac2bba1170a0","name":"Redacci\u00f3n Aeronoticias","url":"https:\/\/aeronoticias.com.pe\/noticiero\/author\/piloto\/"}]}},"_links":{"self":[{"href":"https:\/\/aeronoticias.com.pe\/noticiero\/wp-json\/wp\/v2\/posts\/7615","targetHints":{"allow":["GET"]}}],"collection":[{"href":"https:\/\/aeronoticias.com.pe\/noticiero\/wp-json\/wp\/v2\/posts"}],"about":[{"href":"https:\/\/aeronoticias.com.pe\/noticiero\/wp-json\/wp\/v2\/types\/post"}],"author":[{"embeddable":true,"href":"https:\/\/aeronoticias.com.pe\/noticiero\/wp-json\/wp\/v2\/users\/1"}],"replies":[{"embeddable":true,"href":"https:\/\/aeronoticias.com.pe\/noticiero\/wp-json\/wp\/v2\/comments?post=7615"}],"version-history":[{"count":0,"href":"https:\/\/aeronoticias.com.pe\/noticiero\/wp-json\/wp\/v2\/posts\/7615\/revisions"}],"wp:attachment":[{"href":"https:\/\/aeronoticias.com.pe\/noticiero\/wp-json\/wp\/v2\/media?parent=7615"}],"wp:term":[{"taxonomy":"category","embeddable":true,"href":"https:\/\/aeronoticias.com.pe\/noticiero\/wp-json\/wp\/v2\/categories?post=7615"},{"taxonomy":"post_tag","embeddable":true,"href":"https:\/\/aeronoticias.com.pe\/noticiero\/wp-json\/wp\/v2\/tags?post=7615"}],"curies":[{"name":"wp","href":"https:\/\/api.w.org\/{rel}","templated":true}]}}