{"id":7616,"date":"2009-12-21T13:47:25","date_gmt":"2009-12-21T13:47:25","guid":{"rendered":"http:\/\/desarrollo.mcvicious.com\/aero2020\/2009\/12\/21\/la-reforma-de-salud-de-obama-supero-el-primer-escollo-en-el-senado-norteamericano\/"},"modified":"2009-12-21T13:47:25","modified_gmt":"2009-12-21T13:47:25","slug":"la-reforma-de-salud-de-obama-supero-el-primer-escollo-en-el-senado-norteamericano","status":"publish","type":"post","link":"https:\/\/aeronoticias.com.pe\/noticiero\/salud\/la-reforma-de-salud-de-obama-supero-el-primer-escollo-en-el-senado-norteamericano\/","title":{"rendered":"La reforma de salud de Obama super\u00f3 el primer escollo en el Senado Norteamericano"},"content":{"rendered":"<div style=\"text-align: justify\">La aprobaci\u00f3n de la reforma de salud, prevista para el 24 de diciembre, qued\u00f3 en las primeras horas de hoy m\u00e1s cerca con la aprobaci\u00f3n de una medida para limitar temporalmente el debate. Esta madrugada los dem\u00f3cratas lograron sumar para esta votaci\u00f3n los 60 apoyos necesarios para evitar las maniobras dilatorias de los republicanos.<\/div>\n<div style=\"text-align: justify\"><\/div>\n<div style=\"text-align: justify\">La votaci\u00f3n se efectu\u00f3 al finalizar una sesi\u00f3n nocturna de los senadores, a la 1.20 PM locales de hoy. Los representantes republicanos votaron en contra, tal como se esperaba, en esta fase final del duelo por una de las iniciativas m\u00e1s importantes de Obama a nivel pol\u00edtico interno.\u00a0<\/div>\n<div style=\"text-align: justify\">\u00a0<\/p>\n<div style=\"text-align: center\"><img loading=\"lazy\" decoding=\"async\" src=\"images\/stories\/09\/12\/211209\/obama1.jpg\" border=\"0\" alt=\"La reforma de salud de Obama super\u00f3 el primer escollo en el Senado Norteamericano\" title=\"La reforma de salud de Obama super\u00f3 el primer escollo en el Senado Norteamericano\" width=\"400\" height=\"285\" \/><\/div>\n<\/div>\n<div style=\"text-align: justify\">\u00a0<\/div>\n<div style=\"text-align: justify\">Las otras dos votaciones de procedimiento previstas est\u00e1n agendadas para ma\u00f1ana y el mi\u00e9rcoles y el debate se espera para la vigilia de Navidad, es decir, para el jueves pr\u00f3ximo a las 19.\u00a0<\/div>\n<div style=\"text-align: justify\"><\/div>\n<div style=\"text-align: justify\">El texto que se apruebe tendr\u00e1 que armonizarse despu\u00e9s con el adoptado en noviembre por la C\u00e1mara de Representantes.\u00a0<\/div>\n<div style=\"text-align: justify\"><\/div>\n<div style=\"text-align: justify\">El texto del Senado promete asegurar servicios mutuales a m\u00e1s de 30 millones de estadounidenses que ahora carecen de los mismos, con un costo de 871.000 millones de d\u00f3lares en 10 a\u00f1os, y con la perspectiva de 132.000 millones de d\u00f3lares de reducci\u00f3n del d\u00e9ficit.\u00a0<\/div>\n<div style=\"text-align: justify\"><\/div>\n<div style=\"text-align: justify\">Los dem\u00f3cratas hab\u00edan logrado el viernes, tras arduas negociaciones, sumar el voto n\u00famero 60 cuando convencieron a Ben Nelson. El senador por Nebraska no hab\u00eda confirmado hasta ahora su voto favorable al exigir una regulaci\u00f3n m\u00e1s estricta de la financiaci\u00f3n de abortos.\u00a0<\/div>\n<div style=\"text-align: justify\"><\/div>\n<div style=\"text-align: justify\">El acuerdo con Nelson fue alcanzado cuando el l\u00edder de la mayor\u00eda dem\u00f3crata en el Senado, Harry Reid, satisfizo las demandas de su colega de que los fondos federales no sean utilizados para financiar el aborto, as\u00ed como de que Nebraska reciba m\u00e1s ayuda para aumentar la cobertura de los que no est\u00e1n asegurados.\u00a0<\/div>\n<div style=\"text-align: justify\"><\/div>\n<div style=\"text-align: justify\">El senador advirti\u00f3, sin embargo, que retirar\u00e1 su apoyo si el proyecto de ley se modifica cuando la C\u00e1mara de Representantes (diputados) y el Senado se re\u00fanan para decidir una versi\u00f3n definitiva.\u00a0<\/div>\n<div style=\"text-align: justify\"><\/div>\n<div style=\"text-align: justify\">Los republicanos se oponen a la ley con el argumento de que aumentar\u00e1 el d\u00e9ficit federal. El senador republicano Mitch McConnell llam\u00f3 al proyecto de ley \u00abun desastre legislativo de proporciones hist\u00f3ricas\u00bb.<\/div>\n<div style=\"text-align: justify\"><strong>\u00a0<\/strong><\/div>\n<div style=\"text-align: justify\"><strong>Aeronoticias<\/strong> considera que, el \u00e9xito del gobierno de Obama depende en un 90% de la reforma de salud, que permitir\u00e1 una cobertura para millones de norteamericanos que hoy por los costos prohibitivos de la medicina USA tienen un deficiente sistema de salud, y aqu\u00ed si hay que poner \u00e9nfasis en que el gobierno de Fidel Castro con todos sus desaciertos si le da servicios de salud pr\u00e1cticamente sin costo a toda la poblaci\u00f3n cubana, lo que nos lleva a pensar de que el derecho y acceso a la salud es un derecho humano b\u00e1sico que los gobiernos deben garantizar a toda la poblaci\u00f3n para que las democracias se legitimen como el sistema de gobierno que realmente nace del pueblo, es para el pueblo y por el pueblo.<\/div>\n","protected":false},"excerpt":{"rendered":"<p>La aprobaci\u00f3n de la reforma de salud, prevista para el 24 de diciembre, qued\u00f3 en las primeras horas de hoy m\u00e1s cerca con la aprobaci\u00f3n de una medida para limitar temporalmente el debate. Esta madrugada los dem\u00f3cratas lograron sumar para esta votaci\u00f3n los 60 apoyos necesarios para evitar las maniobras dilatorias de los republicanos. La [&hellip;]<\/p>\n","protected":false},"author":1,"featured_media":0,"comment_status":"open","ping_status":"open","sticky":false,"template":"","format":"standard","meta":{"tdm_status":"","tdm_grid_status":"","footnotes":""},"categories":[37],"tags":[],"class_list":{"0":"post-7616","1":"post","2":"type-post","3":"status-publish","4":"format-standard","6":"category-salud"},"yoast_head":"<!-- This site is optimized with the Yoast SEO plugin v25.1 - https:\/\/yoast.com\/wordpress\/plugins\/seo\/ -->\n<title>La reforma de salud de Obama super\u00f3 el primer escollo en el Senado Norteamericano<\/title>\n<meta name=\"description\" content=\"Portal de noticias del Per\u00fa sobre el transporte a\u00e9reo, aviaci\u00f3n, turismo, hoteleria, actualidad.\" \/>\n<meta name=\"robots\" content=\"index, follow, max-snippet:-1, max-image-preview:large, max-video-preview:-1\" \/>\n<link rel=\"canonical\" href=\"https:\/\/aeronoticias.com.pe\/noticiero\/salud\/la-reforma-de-salud-de-obama-supero-el-primer-escollo-en-el-senado-norteamericano\/\" \/>\n<meta property=\"og:locale\" content=\"es_ES\" \/>\n<meta property=\"og:type\" content=\"article\" \/>\n<meta property=\"og:title\" content=\"La reforma de salud de Obama super\u00f3 el primer escollo en el Senado Norteamericano\" \/>\n<meta property=\"og:description\" content=\"Portal de noticias del Per\u00fa sobre el transporte a\u00e9reo, aviaci\u00f3n, turismo, hoteleria, actualidad.\" \/>\n<meta property=\"og:url\" content=\"https:\/\/aeronoticias.com.pe\/noticiero\/salud\/la-reforma-de-salud-de-obama-supero-el-primer-escollo-en-el-senado-norteamericano\/\" \/>\n<meta property=\"og:site_name\" content=\"Aeronoticias.com.pe\" \/>\n<meta property=\"article:publisher\" content=\"https:\/\/www.facebook.com\/Aeronoticias.com.pe\/\" \/>\n<meta property=\"article:published_time\" content=\"2009-12-21T13:47:25+00:00\" \/>\n<meta name=\"author\" content=\"Redacci\u00f3n Aeronoticias\" \/>\n<meta name=\"twitter:card\" content=\"summary_large_image\" \/>\n<meta name=\"twitter:creator\" content=\"@aeronoticias\" \/>\n<meta name=\"twitter:site\" content=\"@aeronoticias\" \/>\n<meta name=\"twitter:label1\" content=\"Escrito por\" \/>\n\t<meta name=\"twitter:data1\" content=\"Redacci\u00f3n Aeronoticias\" \/>\n\t<meta name=\"twitter:label2\" content=\"Tiempo de lectura\" \/>\n\t<meta name=\"twitter:data2\" content=\"3 minutos\" \/>\n<script type=\"application\/ld+json\" class=\"yoast-schema-graph\">{\"@context\":\"https:\/\/schema.org\",\"@graph\":[{\"@type\":\"WebPage\",\"@id\":\"https:\/\/aeronoticias.com.pe\/noticiero\/salud\/la-reforma-de-salud-de-obama-supero-el-primer-escollo-en-el-senado-norteamericano\/\",\"url\":\"https:\/\/aeronoticias.com.pe\/noticiero\/salud\/la-reforma-de-salud-de-obama-supero-el-primer-escollo-en-el-senado-norteamericano\/\",\"name\":\"La reforma de salud de Obama super\u00f3 el primer escollo en el Senado Norteamericano\",\"isPartOf\":{\"@id\":\"https:\/\/aeronoticias.com.pe\/noticiero\/#website\"},\"datePublished\":\"2009-12-21T13:47:25+00:00\",\"author\":{\"@id\":\"https:\/\/aeronoticias.com.pe\/noticiero\/#\/schema\/person\/fc1e5d578f4b62ba1cf7ac2bba1170a0\"},\"description\":\"Portal de noticias del Per\u00fa sobre el transporte a\u00e9reo, aviaci\u00f3n, turismo, hoteleria, actualidad.\",\"breadcrumb\":{\"@id\":\"https:\/\/aeronoticias.com.pe\/noticiero\/salud\/la-reforma-de-salud-de-obama-supero-el-primer-escollo-en-el-senado-norteamericano\/#breadcrumb\"},\"inLanguage\":\"es\",\"potentialAction\":[{\"@type\":\"ReadAction\",\"target\":[\"https:\/\/aeronoticias.com.pe\/noticiero\/salud\/la-reforma-de-salud-de-obama-supero-el-primer-escollo-en-el-senado-norteamericano\/\"]}]},{\"@type\":\"BreadcrumbList\",\"@id\":\"https:\/\/aeronoticias.com.pe\/noticiero\/salud\/la-reforma-de-salud-de-obama-supero-el-primer-escollo-en-el-senado-norteamericano\/#breadcrumb\",\"itemListElement\":[{\"@type\":\"ListItem\",\"position\":1,\"name\":\"Portada\",\"item\":\"https:\/\/aeronoticias.com.pe\/noticiero\/\"},{\"@type\":\"ListItem\",\"position\":2,\"name\":\"La reforma de salud de Obama super\u00f3 el primer escollo en el Senado Norteamericano\"}]},{\"@type\":\"WebSite\",\"@id\":\"https:\/\/aeronoticias.com.pe\/noticiero\/#website\",\"url\":\"https:\/\/aeronoticias.com.pe\/noticiero\/\",\"name\":\"Aeronoticias.com.pe\",\"description\":\"Noticias de tranporte aereo, turismo, hoteles, gastronomia, actualidad, internacional\",\"potentialAction\":[{\"@type\":\"SearchAction\",\"target\":{\"@type\":\"EntryPoint\",\"urlTemplate\":\"https:\/\/aeronoticias.com.pe\/noticiero\/?s={search_term_string}\"},\"query-input\":{\"@type\":\"PropertyValueSpecification\",\"valueRequired\":true,\"valueName\":\"search_term_string\"}}],\"inLanguage\":\"es\"},{\"@type\":\"Person\",\"@id\":\"https:\/\/aeronoticias.com.pe\/noticiero\/#\/schema\/person\/fc1e5d578f4b62ba1cf7ac2bba1170a0\",\"name\":\"Redacci\u00f3n Aeronoticias\",\"url\":\"https:\/\/aeronoticias.com.pe\/noticiero\/author\/piloto\/\"}]}<\/script>\n<!-- \/ Yoast SEO plugin. -->","yoast_head_json":{"title":"La reforma de salud de Obama super\u00f3 el primer escollo en el Senado Norteamericano","description":"Portal de noticias del Per\u00fa sobre el transporte a\u00e9reo, aviaci\u00f3n, turismo, hoteleria, actualidad.","robots":{"index":"index","follow":"follow","max-snippet":"max-snippet:-1","max-image-preview":"max-image-preview:large","max-video-preview":"max-video-preview:-1"},"canonical":"https:\/\/aeronoticias.com.pe\/noticiero\/salud\/la-reforma-de-salud-de-obama-supero-el-primer-escollo-en-el-senado-norteamericano\/","og_locale":"es_ES","og_type":"article","og_title":"La reforma de salud de Obama super\u00f3 el primer escollo en el Senado Norteamericano","og_description":"Portal de noticias del Per\u00fa sobre el transporte a\u00e9reo, aviaci\u00f3n, turismo, hoteleria, actualidad.","og_url":"https:\/\/aeronoticias.com.pe\/noticiero\/salud\/la-reforma-de-salud-de-obama-supero-el-primer-escollo-en-el-senado-norteamericano\/","og_site_name":"Aeronoticias.com.pe","article_publisher":"https:\/\/www.facebook.com\/Aeronoticias.com.pe\/","article_published_time":"2009-12-21T13:47:25+00:00","author":"Redacci\u00f3n Aeronoticias","twitter_card":"summary_large_image","twitter_creator":"@aeronoticias","twitter_site":"@aeronoticias","twitter_misc":{"Escrito por":"Redacci\u00f3n Aeronoticias","Tiempo de lectura":"3 minutos"},"schema":{"@context":"https:\/\/schema.org","@graph":[{"@type":"WebPage","@id":"https:\/\/aeronoticias.com.pe\/noticiero\/salud\/la-reforma-de-salud-de-obama-supero-el-primer-escollo-en-el-senado-norteamericano\/","url":"https:\/\/aeronoticias.com.pe\/noticiero\/salud\/la-reforma-de-salud-de-obama-supero-el-primer-escollo-en-el-senado-norteamericano\/","name":"La reforma de salud de Obama super\u00f3 el primer escollo en el Senado Norteamericano","isPartOf":{"@id":"https:\/\/aeronoticias.com.pe\/noticiero\/#website"},"datePublished":"2009-12-21T13:47:25+00:00","author":{"@id":"https:\/\/aeronoticias.com.pe\/noticiero\/#\/schema\/person\/fc1e5d578f4b62ba1cf7ac2bba1170a0"},"description":"Portal de noticias del Per\u00fa sobre el transporte a\u00e9reo, aviaci\u00f3n, turismo, hoteleria, actualidad.","breadcrumb":{"@id":"https:\/\/aeronoticias.com.pe\/noticiero\/salud\/la-reforma-de-salud-de-obama-supero-el-primer-escollo-en-el-senado-norteamericano\/#breadcrumb"},"inLanguage":"es","potentialAction":[{"@type":"ReadAction","target":["https:\/\/aeronoticias.com.pe\/noticiero\/salud\/la-reforma-de-salud-de-obama-supero-el-primer-escollo-en-el-senado-norteamericano\/"]}]},{"@type":"BreadcrumbList","@id":"https:\/\/aeronoticias.com.pe\/noticiero\/salud\/la-reforma-de-salud-de-obama-supero-el-primer-escollo-en-el-senado-norteamericano\/#breadcrumb","itemListElement":[{"@type":"ListItem","position":1,"name":"Portada","item":"https:\/\/aeronoticias.com.pe\/noticiero\/"},{"@type":"ListItem","position":2,"name":"La reforma de salud de Obama super\u00f3 el primer escollo en el Senado Norteamericano"}]},{"@type":"WebSite","@id":"https:\/\/aeronoticias.com.pe\/noticiero\/#website","url":"https:\/\/aeronoticias.com.pe\/noticiero\/","name":"Aeronoticias.com.pe","description":"Noticias de tranporte aereo, turismo, hoteles, gastronomia, actualidad, internacional","potentialAction":[{"@type":"SearchAction","target":{"@type":"EntryPoint","urlTemplate":"https:\/\/aeronoticias.com.pe\/noticiero\/?s={search_term_string}"},"query-input":{"@type":"PropertyValueSpecification","valueRequired":true,"valueName":"search_term_string"}}],"inLanguage":"es"},{"@type":"Person","@id":"https:\/\/aeronoticias.com.pe\/noticiero\/#\/schema\/person\/fc1e5d578f4b62ba1cf7ac2bba1170a0","name":"Redacci\u00f3n Aeronoticias","url":"https:\/\/aeronoticias.com.pe\/noticiero\/author\/piloto\/"}]}},"_links":{"self":[{"href":"https:\/\/aeronoticias.com.pe\/noticiero\/wp-json\/wp\/v2\/posts\/7616","targetHints":{"allow":["GET"]}}],"collection":[{"href":"https:\/\/aeronoticias.com.pe\/noticiero\/wp-json\/wp\/v2\/posts"}],"about":[{"href":"https:\/\/aeronoticias.com.pe\/noticiero\/wp-json\/wp\/v2\/types\/post"}],"author":[{"embeddable":true,"href":"https:\/\/aeronoticias.com.pe\/noticiero\/wp-json\/wp\/v2\/users\/1"}],"replies":[{"embeddable":true,"href":"https:\/\/aeronoticias.com.pe\/noticiero\/wp-json\/wp\/v2\/comments?post=7616"}],"version-history":[{"count":0,"href":"https:\/\/aeronoticias.com.pe\/noticiero\/wp-json\/wp\/v2\/posts\/7616\/revisions"}],"wp:attachment":[{"href":"https:\/\/aeronoticias.com.pe\/noticiero\/wp-json\/wp\/v2\/media?parent=7616"}],"wp:term":[{"taxonomy":"category","embeddable":true,"href":"https:\/\/aeronoticias.com.pe\/noticiero\/wp-json\/wp\/v2\/categories?post=7616"},{"taxonomy":"post_tag","embeddable":true,"href":"https:\/\/aeronoticias.com.pe\/noticiero\/wp-json\/wp\/v2\/tags?post=7616"}],"curies":[{"name":"wp","href":"https:\/\/api.w.org\/{rel}","templated":true}]}}