{"id":7618,"date":"2009-12-21T13:59:10","date_gmt":"2009-12-21T13:59:10","guid":{"rendered":"http:\/\/desarrollo.mcvicious.com\/aero2020\/2009\/12\/21\/cancelan-170-vuelos-por-nieve-en-aeropuerto-madrileno-de-barajas\/"},"modified":"2009-12-21T13:59:10","modified_gmt":"2009-12-21T13:59:10","slug":"cancelan-170-vuelos-por-nieve-en-aeropuerto-madrileno-de-barajas","status":"publish","type":"post","link":"https:\/\/aeronoticias.com.pe\/noticiero\/transporte-aereo\/internacional\/cancelan-170-vuelos-por-nieve-en-aeropuerto-madrileno-de-barajas\/","title":{"rendered":"Cancelan 170 vuelos por nieve en aeropuerto Madrile\u00f1o de Barajas"},"content":{"rendered":"<div align=\"justify\">La gran nevada, que es la mayor en los \u00faltimos a\u00f1os sigue afectando el transporte a\u00e9reo, en este caso, sus efectos hoy sobre la capital espa\u00f1ola ha afectado al funcionamiento del transporte ferroviario y a\u00e9reo, y ha provocado la suspensi\u00f3n del Ave en direcci\u00f3n Barcelona, Sevilla y M\u00e1laga hasta las 10:00 horas. Una salida de v\u00eda de un tren -a causa de la nieve tambi\u00e9n- ha impedido que salieran ocho trenes de alta velocidad esta ma\u00f1ana. Adem\u00e1s, AENA ha informado de que dos pistas del aeropuerto de Madrid-Barajas han tenido que cerrarse a consecuencia de la nieve ca\u00edda sobre el aeropuerto madrile\u00f1o. A estas horas todas las pistas est\u00e1n abiertas, aunque el tr\u00e1fico a\u00e9reo se ha relentizado notablemente y las cancelaciones son una constante. Hasta el momento cerca de 170 vuelos han tenido que ser cancelados. Adem\u00e1s de Barajas, se han visto afectados los aeropuertos de Le\u00f3n y Valladolid.<\/p>\n<p>En la pantalla de informaci\u00f3n aparec\u00edan esta ma\u00f1ana numerosos trenes AVE suspendidos hasta las nueve y media de la ma\u00f1ana excepto uno que cubr\u00eda el recorrido C\u00f3rdoba &#8211; Sevilla, otro destino Algeciras y uno\u00a0 m\u00e1s con destino Toledo. En las taquillas y andenes de Cercan\u00edas hab\u00eda una afluencia contante pero normalizada. En los andenes de Atocha hab\u00eda normalidad. En cuanto a la media distancia, los trenes con direcci\u00f3n a Cuenca han sido suspendidos y en su lugar se ha habilitado un autob\u00fas. <\/p><\/div>\n<div align=\"justify\">\n<div style=\"text-align: center\"><img decoding=\"async\" src=\"images\/stories\/09\/12\/211209\/la_nieve.jpg\" border=\"0\" \/><\/div>\n<\/div>\n<div align=\"justify\">Hay que se\u00f1alar que desde el s\u00e1bado, el Ayuntamiento de Madrid mantiene activado el Plan Nevada 2009-2010 para asegurar la movilidad ante el riesgo de fuertes nevadas. En este plan, destinado a facilitar la movilidad de personas y veh\u00edculos en el t\u00e9rmino municipal de Madrid y a eliminar el hielo en las aceras y calzadas de la ciudad, participan 6.621 operarios, de Medio Ambiente, Obras y Espacios P\u00fablicos, y Madrid Calle 30, adem\u00e1s de 766 medios mec\u00e1nicos como m\u00e1quinas quitanieves, camiones repartidores de sal, baldeadoras y veh\u00edculos auxiliares con cuchillas. <\/p>\n<p>Por su parte, el ministerio de Fomento ha enviado seis m\u00e1quinas para limpiar los tramos m\u00e1s afectados por la nieve en la A-1, A-5 y A-6. y ha liberado el peaje de la Radial 5. La A-5 ha estado cortada durante varias horas esta ma\u00f1ana, aunque a estas horas el tr\u00e1fico, aunque con muchas complicaciones, est\u00e1 restablecido.\u00a0 Todos los accesos a Madrid presentan a\u00fan a estas horas dificultades.\u00a0 <\/p>\n<p>Por otro lado, fuentes de AENA han informado de que, de las cuatro pistas con las que cuenta el aeropuerto de Barajas, dos de ellas han permanecido varias horas cerradas, aunque a estas horas ya est\u00e1n operativas. Las mismas fuentes explicaron que se est\u00e1 procediendo a las tareas de limpieza, y que las colas y los retrasos as\u00ed como las cancelaciones son una constante. De hecho, un total de 170 vuelos han sido suspendidos -89 de salidas y 85 de llegada, adem\u00e1s de desviarse nueve m\u00e1s- y el puente a\u00e9reo que une Madrid y Barcelona tambi\u00e9n ha resultado afectado por el temporal. De hecho el primer vuelo del d\u00eda que une estas dos ciudades ha salido con cinco horas de retraso. Todav\u00eda se desconoce la demora de los vuelos en el aeropuerto de la capital, donde seg\u00fan las mismas fuentes la nieve ha obligado a cerrar los aeropuertos de Torrej\u00f3n de Ardoz y Cuatro Vientos, a la espera de limpiar las pistas para que puedan estar operativas. <\/p>\n<p>Fomento mantiene adem\u00e1s activado el correspondiente plan en los aeropuertos espa\u00f1oles con el objetivo de minimizar la influencia de las condiciones invernales adversas en el tr\u00e1fico a\u00e9reo. Este ministerio ha defendido hoy su actuaci\u00f3n en materia de transportes ante la llegada a la pen\u00ednsula del temporal de nieve y fr\u00edo y record\u00f3 que a \u00faltima hora de la tarde de ayer despleg\u00f3 un total de 545 m\u00e1quinas extendedoras de fundentes (73 en Madrid) en carreteras de titularidad estatal de todo el pa\u00eds para prevenir en lo posible los problemas de circulaci\u00f3n. Para esta tarea, Fomento asegura mediante un comunicado que requiri\u00f3 el trabajo de 800 personas, 86 de ellas en Madrid, entre conductores de quitanieves, operarios y t\u00e9cnicos. De este modo, desde este ministerio se niega que se haya vuelto a caer en la improvisaci\u00f3n, como ya parara el pasado a\u00f1o durante la gran nevada que \u00abcolaps\u00f3\u00bb la capital. <\/p>\n<p>Por su parte, el diputado popular Andr\u00e9s Ayala que ha sufrido el \u00abcaos\u00bb de Barajas, se ha mostrado muy molesto con el ministro de Fomento, Jos\u00e9 Blanco. As\u00ed,ha asegurado: \u00abNosotros creemos que este fin semana, el ministro Blanco deberia haberse dedicado a echar sal en las carreteras\u00bb en lugar de ir echando \u00abvinagre en mitines domingueros preparados para su lucimiento personal\u00bb, asegura.\u00a0\u00a0 <\/p>\n<p>Cabe se\u00f1alar que un total de 37 provincias espa\u00f1olas se hallan en alerta a causa de la nieve, el viento o la lluvia, seg\u00fan datos de la Agencia Estatal de Meteorolog\u00eda (Aemet). De ellas, nueve -La Rioja, Navarra, Burgos, Le\u00f3n, Palencia, Soria, Huesca, Zaragoza y Teruel- lo est\u00e1n por el riesgo \u00abimportante\u00bb de nevadas.<\/p>\n<p><strong>Aeronoticias<\/strong> considera que gran parte de los efectos de la nevada, pueden estar influenciados por el cambio clim\u00e1tico, ya que el calentamiento global podr\u00eda producir que el clima var\u00ede intensificando sus efectos en el fr\u00edo y en el calor, lo que nos lleva a pensar que el fracaso de la Cumbre de Copenhague le cobrar\u00e1 la factura al mundo en los pr\u00f3ximos a\u00f1os con da\u00f1os que podr\u00edan ser incalculables, mientras tanto el fr\u00edo se apodera de Europa, pero esta vez de una forma m\u00e1s intensa, lo que tiene que estudiarse y analizarse para determinar si existe un punto de conexi\u00f3n.<\/div>\n","protected":false},"excerpt":{"rendered":"<p>La gran nevada, que es la mayor en los \u00faltimos a\u00f1os sigue afectando el transporte a\u00e9reo, en este caso, sus efectos hoy sobre la capital espa\u00f1ola ha afectado al funcionamiento del transporte ferroviario y a\u00e9reo, y ha provocado la suspensi\u00f3n del Ave en direcci\u00f3n Barcelona, Sevilla y M\u00e1laga hasta las 10:00 horas. Una salida de [&hellip;]<\/p>\n","protected":false},"author":1,"featured_media":0,"comment_status":"open","ping_status":"open","sticky":false,"template":"","format":"standard","meta":{"tdm_status":"","tdm_grid_status":"","footnotes":""},"categories":[32],"tags":[],"class_list":{"0":"post-7618","1":"post","2":"type-post","3":"status-publish","4":"format-standard","6":"category-internacional"},"yoast_head":"<!-- This site is optimized with the Yoast SEO plugin v25.1 - https:\/\/yoast.com\/wordpress\/plugins\/seo\/ -->\n<title>Cancelan 170 vuelos por nieve en aeropuerto Madrile\u00f1o de Barajas<\/title>\n<meta name=\"description\" content=\"Portal de noticias del Per\u00fa sobre el transporte a\u00e9reo, aviaci\u00f3n, turismo, hoteleria, actualidad.\" \/>\n<meta name=\"robots\" content=\"index, follow, max-snippet:-1, max-image-preview:large, max-video-preview:-1\" \/>\n<link rel=\"canonical\" href=\"https:\/\/aeronoticias.com.pe\/noticiero\/transporte-aereo\/internacional\/cancelan-170-vuelos-por-nieve-en-aeropuerto-madrileno-de-barajas\/\" \/>\n<meta property=\"og:locale\" content=\"es_ES\" \/>\n<meta property=\"og:type\" content=\"article\" \/>\n<meta property=\"og:title\" content=\"Cancelan 170 vuelos por nieve en aeropuerto Madrile\u00f1o de Barajas\" \/>\n<meta property=\"og:description\" content=\"Portal de noticias del Per\u00fa sobre el transporte a\u00e9reo, aviaci\u00f3n, turismo, hoteleria, actualidad.\" \/>\n<meta property=\"og:url\" content=\"https:\/\/aeronoticias.com.pe\/noticiero\/transporte-aereo\/internacional\/cancelan-170-vuelos-por-nieve-en-aeropuerto-madrileno-de-barajas\/\" \/>\n<meta property=\"og:site_name\" content=\"Aeronoticias.com.pe\" \/>\n<meta property=\"article:publisher\" content=\"https:\/\/www.facebook.com\/Aeronoticias.com.pe\/\" \/>\n<meta property=\"article:published_time\" content=\"2009-12-21T13:59:10+00:00\" \/>\n<meta name=\"author\" content=\"Redacci\u00f3n Aeronoticias\" \/>\n<meta name=\"twitter:card\" content=\"summary_large_image\" \/>\n<meta name=\"twitter:creator\" content=\"@aeronoticias\" \/>\n<meta name=\"twitter:site\" content=\"@aeronoticias\" \/>\n<meta name=\"twitter:label1\" content=\"Escrito por\" \/>\n\t<meta name=\"twitter:data1\" content=\"Redacci\u00f3n Aeronoticias\" \/>\n\t<meta name=\"twitter:label2\" content=\"Tiempo de lectura\" \/>\n\t<meta name=\"twitter:data2\" content=\"5 minutos\" \/>\n<script type=\"application\/ld+json\" class=\"yoast-schema-graph\">{\"@context\":\"https:\/\/schema.org\",\"@graph\":[{\"@type\":\"WebPage\",\"@id\":\"https:\/\/aeronoticias.com.pe\/noticiero\/transporte-aereo\/internacional\/cancelan-170-vuelos-por-nieve-en-aeropuerto-madrileno-de-barajas\/\",\"url\":\"https:\/\/aeronoticias.com.pe\/noticiero\/transporte-aereo\/internacional\/cancelan-170-vuelos-por-nieve-en-aeropuerto-madrileno-de-barajas\/\",\"name\":\"Cancelan 170 vuelos por nieve en aeropuerto Madrile\u00f1o de Barajas\",\"isPartOf\":{\"@id\":\"https:\/\/aeronoticias.com.pe\/noticiero\/#website\"},\"datePublished\":\"2009-12-21T13:59:10+00:00\",\"author\":{\"@id\":\"https:\/\/aeronoticias.com.pe\/noticiero\/#\/schema\/person\/fc1e5d578f4b62ba1cf7ac2bba1170a0\"},\"description\":\"Portal de noticias del Per\u00fa sobre el transporte a\u00e9reo, aviaci\u00f3n, turismo, hoteleria, actualidad.\",\"breadcrumb\":{\"@id\":\"https:\/\/aeronoticias.com.pe\/noticiero\/transporte-aereo\/internacional\/cancelan-170-vuelos-por-nieve-en-aeropuerto-madrileno-de-barajas\/#breadcrumb\"},\"inLanguage\":\"es\",\"potentialAction\":[{\"@type\":\"ReadAction\",\"target\":[\"https:\/\/aeronoticias.com.pe\/noticiero\/transporte-aereo\/internacional\/cancelan-170-vuelos-por-nieve-en-aeropuerto-madrileno-de-barajas\/\"]}]},{\"@type\":\"BreadcrumbList\",\"@id\":\"https:\/\/aeronoticias.com.pe\/noticiero\/transporte-aereo\/internacional\/cancelan-170-vuelos-por-nieve-en-aeropuerto-madrileno-de-barajas\/#breadcrumb\",\"itemListElement\":[{\"@type\":\"ListItem\",\"position\":1,\"name\":\"Portada\",\"item\":\"https:\/\/aeronoticias.com.pe\/noticiero\/\"},{\"@type\":\"ListItem\",\"position\":2,\"name\":\"Cancelan 170 vuelos por nieve en aeropuerto Madrile\u00f1o de Barajas\"}]},{\"@type\":\"WebSite\",\"@id\":\"https:\/\/aeronoticias.com.pe\/noticiero\/#website\",\"url\":\"https:\/\/aeronoticias.com.pe\/noticiero\/\",\"name\":\"Aeronoticias.com.pe\",\"description\":\"Noticias de tranporte aereo, turismo, hoteles, gastronomia, actualidad, internacional\",\"potentialAction\":[{\"@type\":\"SearchAction\",\"target\":{\"@type\":\"EntryPoint\",\"urlTemplate\":\"https:\/\/aeronoticias.com.pe\/noticiero\/?s={search_term_string}\"},\"query-input\":{\"@type\":\"PropertyValueSpecification\",\"valueRequired\":true,\"valueName\":\"search_term_string\"}}],\"inLanguage\":\"es\"},{\"@type\":\"Person\",\"@id\":\"https:\/\/aeronoticias.com.pe\/noticiero\/#\/schema\/person\/fc1e5d578f4b62ba1cf7ac2bba1170a0\",\"name\":\"Redacci\u00f3n Aeronoticias\",\"url\":\"https:\/\/aeronoticias.com.pe\/noticiero\/author\/piloto\/\"}]}<\/script>\n<!-- \/ Yoast SEO plugin. -->","yoast_head_json":{"title":"Cancelan 170 vuelos por nieve en aeropuerto Madrile\u00f1o de Barajas","description":"Portal de noticias del Per\u00fa sobre el transporte a\u00e9reo, aviaci\u00f3n, turismo, hoteleria, actualidad.","robots":{"index":"index","follow":"follow","max-snippet":"max-snippet:-1","max-image-preview":"max-image-preview:large","max-video-preview":"max-video-preview:-1"},"canonical":"https:\/\/aeronoticias.com.pe\/noticiero\/transporte-aereo\/internacional\/cancelan-170-vuelos-por-nieve-en-aeropuerto-madrileno-de-barajas\/","og_locale":"es_ES","og_type":"article","og_title":"Cancelan 170 vuelos por nieve en aeropuerto Madrile\u00f1o de Barajas","og_description":"Portal de noticias del Per\u00fa sobre el transporte a\u00e9reo, aviaci\u00f3n, turismo, hoteleria, actualidad.","og_url":"https:\/\/aeronoticias.com.pe\/noticiero\/transporte-aereo\/internacional\/cancelan-170-vuelos-por-nieve-en-aeropuerto-madrileno-de-barajas\/","og_site_name":"Aeronoticias.com.pe","article_publisher":"https:\/\/www.facebook.com\/Aeronoticias.com.pe\/","article_published_time":"2009-12-21T13:59:10+00:00","author":"Redacci\u00f3n Aeronoticias","twitter_card":"summary_large_image","twitter_creator":"@aeronoticias","twitter_site":"@aeronoticias","twitter_misc":{"Escrito por":"Redacci\u00f3n Aeronoticias","Tiempo de lectura":"5 minutos"},"schema":{"@context":"https:\/\/schema.org","@graph":[{"@type":"WebPage","@id":"https:\/\/aeronoticias.com.pe\/noticiero\/transporte-aereo\/internacional\/cancelan-170-vuelos-por-nieve-en-aeropuerto-madrileno-de-barajas\/","url":"https:\/\/aeronoticias.com.pe\/noticiero\/transporte-aereo\/internacional\/cancelan-170-vuelos-por-nieve-en-aeropuerto-madrileno-de-barajas\/","name":"Cancelan 170 vuelos por nieve en aeropuerto Madrile\u00f1o de Barajas","isPartOf":{"@id":"https:\/\/aeronoticias.com.pe\/noticiero\/#website"},"datePublished":"2009-12-21T13:59:10+00:00","author":{"@id":"https:\/\/aeronoticias.com.pe\/noticiero\/#\/schema\/person\/fc1e5d578f4b62ba1cf7ac2bba1170a0"},"description":"Portal de noticias del Per\u00fa sobre el transporte a\u00e9reo, aviaci\u00f3n, turismo, hoteleria, actualidad.","breadcrumb":{"@id":"https:\/\/aeronoticias.com.pe\/noticiero\/transporte-aereo\/internacional\/cancelan-170-vuelos-por-nieve-en-aeropuerto-madrileno-de-barajas\/#breadcrumb"},"inLanguage":"es","potentialAction":[{"@type":"ReadAction","target":["https:\/\/aeronoticias.com.pe\/noticiero\/transporte-aereo\/internacional\/cancelan-170-vuelos-por-nieve-en-aeropuerto-madrileno-de-barajas\/"]}]},{"@type":"BreadcrumbList","@id":"https:\/\/aeronoticias.com.pe\/noticiero\/transporte-aereo\/internacional\/cancelan-170-vuelos-por-nieve-en-aeropuerto-madrileno-de-barajas\/#breadcrumb","itemListElement":[{"@type":"ListItem","position":1,"name":"Portada","item":"https:\/\/aeronoticias.com.pe\/noticiero\/"},{"@type":"ListItem","position":2,"name":"Cancelan 170 vuelos por nieve en aeropuerto Madrile\u00f1o de Barajas"}]},{"@type":"WebSite","@id":"https:\/\/aeronoticias.com.pe\/noticiero\/#website","url":"https:\/\/aeronoticias.com.pe\/noticiero\/","name":"Aeronoticias.com.pe","description":"Noticias de tranporte aereo, turismo, hoteles, gastronomia, actualidad, internacional","potentialAction":[{"@type":"SearchAction","target":{"@type":"EntryPoint","urlTemplate":"https:\/\/aeronoticias.com.pe\/noticiero\/?s={search_term_string}"},"query-input":{"@type":"PropertyValueSpecification","valueRequired":true,"valueName":"search_term_string"}}],"inLanguage":"es"},{"@type":"Person","@id":"https:\/\/aeronoticias.com.pe\/noticiero\/#\/schema\/person\/fc1e5d578f4b62ba1cf7ac2bba1170a0","name":"Redacci\u00f3n Aeronoticias","url":"https:\/\/aeronoticias.com.pe\/noticiero\/author\/piloto\/"}]}},"_links":{"self":[{"href":"https:\/\/aeronoticias.com.pe\/noticiero\/wp-json\/wp\/v2\/posts\/7618","targetHints":{"allow":["GET"]}}],"collection":[{"href":"https:\/\/aeronoticias.com.pe\/noticiero\/wp-json\/wp\/v2\/posts"}],"about":[{"href":"https:\/\/aeronoticias.com.pe\/noticiero\/wp-json\/wp\/v2\/types\/post"}],"author":[{"embeddable":true,"href":"https:\/\/aeronoticias.com.pe\/noticiero\/wp-json\/wp\/v2\/users\/1"}],"replies":[{"embeddable":true,"href":"https:\/\/aeronoticias.com.pe\/noticiero\/wp-json\/wp\/v2\/comments?post=7618"}],"version-history":[{"count":0,"href":"https:\/\/aeronoticias.com.pe\/noticiero\/wp-json\/wp\/v2\/posts\/7618\/revisions"}],"wp:attachment":[{"href":"https:\/\/aeronoticias.com.pe\/noticiero\/wp-json\/wp\/v2\/media?parent=7618"}],"wp:term":[{"taxonomy":"category","embeddable":true,"href":"https:\/\/aeronoticias.com.pe\/noticiero\/wp-json\/wp\/v2\/categories?post=7618"},{"taxonomy":"post_tag","embeddable":true,"href":"https:\/\/aeronoticias.com.pe\/noticiero\/wp-json\/wp\/v2\/tags?post=7618"}],"curies":[{"name":"wp","href":"https:\/\/api.w.org\/{rel}","templated":true}]}}