{"id":7620,"date":"2009-12-21T14:24:44","date_gmt":"2009-12-21T14:24:44","guid":{"rendered":"http:\/\/desarrollo.mcvicious.com\/aero2020\/2009\/12\/21\/corea-del-sur-informa-de-primer-caso-de-muerte-por-virus-resistente-a-tamiflu-del-mundo\/"},"modified":"2009-12-21T14:24:44","modified_gmt":"2009-12-21T14:24:44","slug":"corea-del-sur-informa-de-primer-caso-de-muerte-por-virus-resistente-a-tamiflu-del-mundo","status":"publish","type":"post","link":"https:\/\/aeronoticias.com.pe\/noticiero\/salud\/corea-del-sur-informa-de-primer-caso-de-muerte-por-virus-resistente-a-tamiflu-del-mundo\/","title":{"rendered":"Corea del Sur informa de primer caso de muerte por virus resistente a Tamiflu del mundo"},"content":{"rendered":"<div style=\"text-align: justify\">Una ni\u00f1a surcoreana, cuyo organismo no mostr\u00f3 ning\u00fan tipo de respuesta al medicamento antiviral Tamiflu, muri\u00f3 el jueves por neumon\u00eda e insuficiencia respiratoria, informaron las autoridades sanitarias del pa\u00eds.\u00a0La prensa local afirm\u00f3 que \u00e9ste es el primer caso de este tipo que se produce en todo el mundo.<\/div>\n<div style=\"text-align: justify\"><\/div>\n<div style=\"text-align: justify\">La ni\u00f1a de un a\u00f1o de edad, que sufr\u00eda trastornos en el sistema nervioso, fue hospitalizada con fiebre alta y tos el mes pasado, pero su estado sigui\u00f3 deterior\u00e1ndose a pesar de ser tratada con Tamiflu, incluso con dosis dobles durante los \u00faltimos d\u00edas, seg\u00fan el Ministerio de Sanidad, Bienestar Social y Asuntos Familiares.\u00a0Las autoridades sanitarias confirmaron la semana pasada que el virus que se encontr\u00f3 en el organismo de la ni\u00f1a era resistente al Tamiflu.<\/div>\n<div style=\"text-align: justify\">\n<div style=\"text-align: center\"><img decoding=\"async\" src=\"images\/stories\/09\/12\/211209\/tamflu.jpg\" border=\"0\" alt=\"Corea del Sur informa de primer caso de muerte por virus resistente a Tamiflu del mundo\" title=\"Corea del Sur informa de primer caso de muerte por virus resistente a Tamiflu del mundo\" \/><\/div>\n<p><\/div>\n<div style=\"text-align: justify\">Este es el primer fallecimiento de este tipo del que se informa tanto en el pa\u00eds como en el resto del mundo. Corea del Sur ha informado de otros dos casos similares de resistencia al Tamiflu, mientras que la Organizaci\u00f3n Mundial de la Salud ha informado de otros 102 casos en todo el mundo, seg\u00fan la prensa de Se\u00fal.<\/div>\n<div style=\"text-align: justify\"><\/div>\n<div style=\"text-align: justify\">La ni\u00f1a era demasiado peque\u00f1a para que se le suministrase el medicamento Relenza, que s\u00f3lo est\u00e1 aprobado para tratar a ni\u00f1os mayores de siete a\u00f1os, agrega la prensa local.<\/div>\n<div style=\"text-align: justify\"><\/div>\n<div style=\"text-align: justify\">Corea del Sur inform\u00f3 de 117 muertes por gripe A (H1N1) hasta el 4 de diciembre, seg\u00fan datos recogidos por el Ministerio de Sanidad.<\/div>\n<div style=\"text-align: justify\">Aeronoticias considera que es necesario investigar las causas de porque a la resistencia del f\u00e1rmaco Tamiflu en raz\u00f3n a que podr\u00edamos estar hablando de una posible mutaci\u00f3n del virus de influenza A\/H1N1.<\/div>\n<div style=\"text-align: justify\"><\/div>\n","protected":false},"excerpt":{"rendered":"<p>Una ni\u00f1a surcoreana, cuyo organismo no mostr\u00f3 ning\u00fan tipo de respuesta al medicamento antiviral Tamiflu, muri\u00f3 el jueves por neumon\u00eda e insuficiencia respiratoria, informaron las autoridades sanitarias del pa\u00eds.\u00a0La prensa local afirm\u00f3 que \u00e9ste es el primer caso de este tipo que se produce en todo el mundo. La ni\u00f1a de un a\u00f1o de edad, [&hellip;]<\/p>\n","protected":false},"author":1,"featured_media":0,"comment_status":"open","ping_status":"open","sticky":false,"template":"","format":"standard","meta":{"tdm_status":"","tdm_grid_status":"","footnotes":""},"categories":[37],"tags":[],"class_list":{"0":"post-7620","1":"post","2":"type-post","3":"status-publish","4":"format-standard","6":"category-salud"},"yoast_head":"<!-- This site is optimized with the Yoast SEO plugin v25.1 - https:\/\/yoast.com\/wordpress\/plugins\/seo\/ -->\n<title>Corea del Sur informa de primer caso de muerte por virus resistente a Tamiflu del mundo<\/title>\n<meta name=\"description\" content=\"Portal de noticias del Per\u00fa sobre el transporte a\u00e9reo, aviaci\u00f3n, turismo, hoteleria, actualidad.\" \/>\n<meta name=\"robots\" content=\"index, follow, max-snippet:-1, max-image-preview:large, max-video-preview:-1\" \/>\n<link rel=\"canonical\" href=\"https:\/\/aeronoticias.com.pe\/noticiero\/salud\/corea-del-sur-informa-de-primer-caso-de-muerte-por-virus-resistente-a-tamiflu-del-mundo\/\" \/>\n<meta property=\"og:locale\" content=\"es_ES\" \/>\n<meta property=\"og:type\" content=\"article\" \/>\n<meta property=\"og:title\" content=\"Corea del Sur informa de primer caso de muerte por virus resistente a Tamiflu del mundo\" \/>\n<meta property=\"og:description\" content=\"Portal de noticias del Per\u00fa sobre el transporte a\u00e9reo, aviaci\u00f3n, turismo, hoteleria, actualidad.\" \/>\n<meta property=\"og:url\" content=\"https:\/\/aeronoticias.com.pe\/noticiero\/salud\/corea-del-sur-informa-de-primer-caso-de-muerte-por-virus-resistente-a-tamiflu-del-mundo\/\" \/>\n<meta property=\"og:site_name\" content=\"Aeronoticias.com.pe\" \/>\n<meta property=\"article:publisher\" content=\"https:\/\/www.facebook.com\/Aeronoticias.com.pe\/\" \/>\n<meta property=\"article:published_time\" content=\"2009-12-21T14:24:44+00:00\" \/>\n<meta name=\"author\" content=\"Redacci\u00f3n Aeronoticias\" \/>\n<meta name=\"twitter:card\" content=\"summary_large_image\" \/>\n<meta name=\"twitter:creator\" content=\"@aeronoticias\" \/>\n<meta name=\"twitter:site\" content=\"@aeronoticias\" \/>\n<meta name=\"twitter:label1\" content=\"Escrito por\" \/>\n\t<meta name=\"twitter:data1\" content=\"Redacci\u00f3n Aeronoticias\" \/>\n\t<meta name=\"twitter:label2\" content=\"Tiempo de lectura\" \/>\n\t<meta name=\"twitter:data2\" content=\"1 minuto\" \/>\n<script type=\"application\/ld+json\" class=\"yoast-schema-graph\">{\"@context\":\"https:\/\/schema.org\",\"@graph\":[{\"@type\":\"WebPage\",\"@id\":\"https:\/\/aeronoticias.com.pe\/noticiero\/salud\/corea-del-sur-informa-de-primer-caso-de-muerte-por-virus-resistente-a-tamiflu-del-mundo\/\",\"url\":\"https:\/\/aeronoticias.com.pe\/noticiero\/salud\/corea-del-sur-informa-de-primer-caso-de-muerte-por-virus-resistente-a-tamiflu-del-mundo\/\",\"name\":\"Corea del Sur informa de primer caso de muerte por virus resistente a Tamiflu del mundo\",\"isPartOf\":{\"@id\":\"https:\/\/aeronoticias.com.pe\/noticiero\/#website\"},\"datePublished\":\"2009-12-21T14:24:44+00:00\",\"author\":{\"@id\":\"https:\/\/aeronoticias.com.pe\/noticiero\/#\/schema\/person\/fc1e5d578f4b62ba1cf7ac2bba1170a0\"},\"description\":\"Portal de noticias del Per\u00fa sobre el transporte a\u00e9reo, aviaci\u00f3n, turismo, hoteleria, actualidad.\",\"breadcrumb\":{\"@id\":\"https:\/\/aeronoticias.com.pe\/noticiero\/salud\/corea-del-sur-informa-de-primer-caso-de-muerte-por-virus-resistente-a-tamiflu-del-mundo\/#breadcrumb\"},\"inLanguage\":\"es\",\"potentialAction\":[{\"@type\":\"ReadAction\",\"target\":[\"https:\/\/aeronoticias.com.pe\/noticiero\/salud\/corea-del-sur-informa-de-primer-caso-de-muerte-por-virus-resistente-a-tamiflu-del-mundo\/\"]}]},{\"@type\":\"BreadcrumbList\",\"@id\":\"https:\/\/aeronoticias.com.pe\/noticiero\/salud\/corea-del-sur-informa-de-primer-caso-de-muerte-por-virus-resistente-a-tamiflu-del-mundo\/#breadcrumb\",\"itemListElement\":[{\"@type\":\"ListItem\",\"position\":1,\"name\":\"Portada\",\"item\":\"https:\/\/aeronoticias.com.pe\/noticiero\/\"},{\"@type\":\"ListItem\",\"position\":2,\"name\":\"Corea del Sur informa de primer caso de muerte por virus resistente a Tamiflu del mundo\"}]},{\"@type\":\"WebSite\",\"@id\":\"https:\/\/aeronoticias.com.pe\/noticiero\/#website\",\"url\":\"https:\/\/aeronoticias.com.pe\/noticiero\/\",\"name\":\"Aeronoticias.com.pe\",\"description\":\"Noticias de tranporte aereo, turismo, hoteles, gastronomia, actualidad, internacional\",\"potentialAction\":[{\"@type\":\"SearchAction\",\"target\":{\"@type\":\"EntryPoint\",\"urlTemplate\":\"https:\/\/aeronoticias.com.pe\/noticiero\/?s={search_term_string}\"},\"query-input\":{\"@type\":\"PropertyValueSpecification\",\"valueRequired\":true,\"valueName\":\"search_term_string\"}}],\"inLanguage\":\"es\"},{\"@type\":\"Person\",\"@id\":\"https:\/\/aeronoticias.com.pe\/noticiero\/#\/schema\/person\/fc1e5d578f4b62ba1cf7ac2bba1170a0\",\"name\":\"Redacci\u00f3n Aeronoticias\",\"url\":\"https:\/\/aeronoticias.com.pe\/noticiero\/author\/piloto\/\"}]}<\/script>\n<!-- \/ Yoast SEO plugin. -->","yoast_head_json":{"title":"Corea del Sur informa de primer caso de muerte por virus resistente a Tamiflu del mundo","description":"Portal de noticias del Per\u00fa sobre el transporte a\u00e9reo, aviaci\u00f3n, turismo, hoteleria, actualidad.","robots":{"index":"index","follow":"follow","max-snippet":"max-snippet:-1","max-image-preview":"max-image-preview:large","max-video-preview":"max-video-preview:-1"},"canonical":"https:\/\/aeronoticias.com.pe\/noticiero\/salud\/corea-del-sur-informa-de-primer-caso-de-muerte-por-virus-resistente-a-tamiflu-del-mundo\/","og_locale":"es_ES","og_type":"article","og_title":"Corea del Sur informa de primer caso de muerte por virus resistente a Tamiflu del mundo","og_description":"Portal de noticias del Per\u00fa sobre el transporte a\u00e9reo, aviaci\u00f3n, turismo, hoteleria, actualidad.","og_url":"https:\/\/aeronoticias.com.pe\/noticiero\/salud\/corea-del-sur-informa-de-primer-caso-de-muerte-por-virus-resistente-a-tamiflu-del-mundo\/","og_site_name":"Aeronoticias.com.pe","article_publisher":"https:\/\/www.facebook.com\/Aeronoticias.com.pe\/","article_published_time":"2009-12-21T14:24:44+00:00","author":"Redacci\u00f3n Aeronoticias","twitter_card":"summary_large_image","twitter_creator":"@aeronoticias","twitter_site":"@aeronoticias","twitter_misc":{"Escrito por":"Redacci\u00f3n Aeronoticias","Tiempo de lectura":"1 minuto"},"schema":{"@context":"https:\/\/schema.org","@graph":[{"@type":"WebPage","@id":"https:\/\/aeronoticias.com.pe\/noticiero\/salud\/corea-del-sur-informa-de-primer-caso-de-muerte-por-virus-resistente-a-tamiflu-del-mundo\/","url":"https:\/\/aeronoticias.com.pe\/noticiero\/salud\/corea-del-sur-informa-de-primer-caso-de-muerte-por-virus-resistente-a-tamiflu-del-mundo\/","name":"Corea del Sur informa de primer caso de muerte por virus resistente a Tamiflu del mundo","isPartOf":{"@id":"https:\/\/aeronoticias.com.pe\/noticiero\/#website"},"datePublished":"2009-12-21T14:24:44+00:00","author":{"@id":"https:\/\/aeronoticias.com.pe\/noticiero\/#\/schema\/person\/fc1e5d578f4b62ba1cf7ac2bba1170a0"},"description":"Portal de noticias del Per\u00fa sobre el transporte a\u00e9reo, aviaci\u00f3n, turismo, hoteleria, actualidad.","breadcrumb":{"@id":"https:\/\/aeronoticias.com.pe\/noticiero\/salud\/corea-del-sur-informa-de-primer-caso-de-muerte-por-virus-resistente-a-tamiflu-del-mundo\/#breadcrumb"},"inLanguage":"es","potentialAction":[{"@type":"ReadAction","target":["https:\/\/aeronoticias.com.pe\/noticiero\/salud\/corea-del-sur-informa-de-primer-caso-de-muerte-por-virus-resistente-a-tamiflu-del-mundo\/"]}]},{"@type":"BreadcrumbList","@id":"https:\/\/aeronoticias.com.pe\/noticiero\/salud\/corea-del-sur-informa-de-primer-caso-de-muerte-por-virus-resistente-a-tamiflu-del-mundo\/#breadcrumb","itemListElement":[{"@type":"ListItem","position":1,"name":"Portada","item":"https:\/\/aeronoticias.com.pe\/noticiero\/"},{"@type":"ListItem","position":2,"name":"Corea del Sur informa de primer caso de muerte por virus resistente a Tamiflu del mundo"}]},{"@type":"WebSite","@id":"https:\/\/aeronoticias.com.pe\/noticiero\/#website","url":"https:\/\/aeronoticias.com.pe\/noticiero\/","name":"Aeronoticias.com.pe","description":"Noticias de tranporte aereo, turismo, hoteles, gastronomia, actualidad, internacional","potentialAction":[{"@type":"SearchAction","target":{"@type":"EntryPoint","urlTemplate":"https:\/\/aeronoticias.com.pe\/noticiero\/?s={search_term_string}"},"query-input":{"@type":"PropertyValueSpecification","valueRequired":true,"valueName":"search_term_string"}}],"inLanguage":"es"},{"@type":"Person","@id":"https:\/\/aeronoticias.com.pe\/noticiero\/#\/schema\/person\/fc1e5d578f4b62ba1cf7ac2bba1170a0","name":"Redacci\u00f3n Aeronoticias","url":"https:\/\/aeronoticias.com.pe\/noticiero\/author\/piloto\/"}]}},"_links":{"self":[{"href":"https:\/\/aeronoticias.com.pe\/noticiero\/wp-json\/wp\/v2\/posts\/7620","targetHints":{"allow":["GET"]}}],"collection":[{"href":"https:\/\/aeronoticias.com.pe\/noticiero\/wp-json\/wp\/v2\/posts"}],"about":[{"href":"https:\/\/aeronoticias.com.pe\/noticiero\/wp-json\/wp\/v2\/types\/post"}],"author":[{"embeddable":true,"href":"https:\/\/aeronoticias.com.pe\/noticiero\/wp-json\/wp\/v2\/users\/1"}],"replies":[{"embeddable":true,"href":"https:\/\/aeronoticias.com.pe\/noticiero\/wp-json\/wp\/v2\/comments?post=7620"}],"version-history":[{"count":0,"href":"https:\/\/aeronoticias.com.pe\/noticiero\/wp-json\/wp\/v2\/posts\/7620\/revisions"}],"wp:attachment":[{"href":"https:\/\/aeronoticias.com.pe\/noticiero\/wp-json\/wp\/v2\/media?parent=7620"}],"wp:term":[{"taxonomy":"category","embeddable":true,"href":"https:\/\/aeronoticias.com.pe\/noticiero\/wp-json\/wp\/v2\/categories?post=7620"},{"taxonomy":"post_tag","embeddable":true,"href":"https:\/\/aeronoticias.com.pe\/noticiero\/wp-json\/wp\/v2\/tags?post=7620"}],"curies":[{"name":"wp","href":"https:\/\/api.w.org\/{rel}","templated":true}]}}