{"id":76639,"date":"2021-12-28T10:55:36","date_gmt":"2021-12-28T15:55:36","guid":{"rendered":"https:\/\/aeronoticias.com.pe\/noticiero\/?p=76639"},"modified":"2021-12-29T12:29:42","modified_gmt":"2021-12-29T17:29:42","slug":"presentan-proyecto-de-ley-para-crear-yperu-linea-aerea-de-bajo-costo-del-peru","status":"publish","type":"post","link":"https:\/\/aeronoticias.com.pe\/noticiero\/ultimas\/1\/presentan-proyecto-de-ley-para-crear-yperu-linea-aerea-de-bajo-costo-del-peru\/","title":{"rendered":"Presentan Proyecto de Ley para crear \u00abYPERU\u00bb, L\u00ednea A\u00e9rea de Bandera de bajo costo del Per\u00fa"},"content":{"rendered":"\n<p><strong>(Aeronoticias)<\/strong> El Congresista por Hu\u00e1nuco de la bancada de Per\u00fa Libre, Abel Reyes Cam, habr\u00eda presentado un Proyecto Declarativo de Anteproyecto de Ley de Creaci\u00f3n de <strong>\u00abYPERU\u00bb<\/strong>, nombre comercial <strong>CHASKA PERU<\/strong>, (<a href=\"https:\/\/es.scribd.com\/document\/549998911\/Pl-Crea-La-Linea-Aerea-Nacional-Del-Peru-Yperu-Chaska-Peru\">https:\/\/es.scribd.com\/document\/549998911\/Pl-Crea-La-Linea-Aerea-Nacional-Del-Peru-Yperu-Chaska-Peru<\/a>)  que crea la L\u00ednea A\u00e9rea de Bandera del Per\u00fa, que permitir\u00e1 convertir al Per\u00fa en un mercado low-cost, para que 20 millones de peruanos que usan el transporte terrestre por la misma tarifa o con un diferencial de un 10%, puedan transportarse v\u00eda a\u00e9rea fomentando el libre mercado, la libre competencia dentro de una nueva pol\u00edtica a\u00e9rea, en donde se busca beneficiar a los consumidores peruanos eliminando las barreras burocr\u00e1ticas y los sobrecostos que afectan la explotaci\u00f3n de los aeropuertos, afectando a los consumidores y a la industria a\u00e9rea que requieren una aut\u00e9ntica pol\u00edtica de libre mercado que nos permita crecer en los pr\u00f3ximos a\u00f1os.<\/p>\n\n\n\n<p><strong>Cabe precisar, que este Anteproyecto no irroga gasto p\u00fablico al Estado<\/strong>, es sin inversi\u00f3n p\u00fablica y buscar atraer inversi\u00f3n privada y el Estado se reserva el 20% de las acciones en contraprestaci\u00f3n por los derechos que otorga; el Presidente del Directorio de YPERU-CHASKA PERU ser\u00eda nombrado por el Presidente de la Rep\u00fablica y se busca que los consumidores peruanos tengan una L\u00ednea A\u00e9rea de Bandera de bajo costo e infraestructura aeroportuaria low-cost y competencia para que en cada regi\u00f3n funcione un m\u00ednimo de 2 aer\u00f3dromos o aeropuertos, terminando con los monopolios que nos han convertido en el pa\u00eds de los aeropuertos vac\u00edos, es decir sin aeronaves.<\/p>\n\n\n\n<p>Abel Reyes Cam expres\u00f3 que, otros de los objetivos de este Proyecto es lograr que el concesionario Lima Airport Partners (LAP) del Aeropuerto Internacional Jorge Ch\u00e1vez (AIJCH), cumpla con su obligaci\u00f3n con el Estado peruano y antes del 2025 construya un nuevo terminal de pasajeros de 35 millones, lo que sumado al actual de 18 millones, nos permitir\u00e1 tener una capacidad de 53 millones de pasajeros para satisfacer la demanda hasta el 2035, en donde el mercado crecer\u00eda a 30 mil millones de d\u00f3lares por a\u00f1o, esa es la geopol\u00edtica en la que tenemos que pensar atrayendo la inversi\u00f3n privada con el liderazgo de pol\u00edticas p\u00fablicas de un Estado promotor, dijo.<\/p>\n\n\n\n<p>Por \u00faltimo, expres\u00f3 que hoy hay m\u00e1s de 10 mil aeronaves sin volar en todo el mundo; nosotros necesitamos captar inversi\u00f3n extranjera para traer 50 aeronaves Airbus A-320 y similares de menor capacidad inclusive, para llevar este sue\u00f1o y permitir el desarrollo de un mercado de 10 mil millones de d\u00f3lares anuales que deben invertirse y reinvertirse en el Per\u00fa creando puestos de trabajo, garantizando libre competencia con los otros operadores aerocomerciales, lo que buscamos es que crezca el mercado para que los pasajeros del transporte terrestre accedan al transporte a\u00e9reo, como ocurre en otros pa\u00edses, acot\u00f3. <a href=\"https:\/\/es.scribd.com\/doc\/192155127\/Linea-Aerea-de-Bandera\" target=\"_blank\" rel=\"noreferrer noopener\">Ver Libro L\u00ednea A\u00e9rea de Bandera de bajo costo.<\/a><\/p>\n\n\n\n<p><a href=\"https:\/\/aeronoticias.com.pe\/noticiero\/wp-content\/uploads\/2021\/12\/PROYECTO-DECLARATIVO-DE-ANTEPROYECTO-DE-LEY-DE-CREACI\u00d3N-DE-YPERU.pdf\">He aqu\u00ed el Declarativo del Congresista Abel Reyes Cam de Per\u00fa Libre.<\/a><\/p>\n\n\n\n<p><\/p>\n","protected":false},"excerpt":{"rendered":"<p>(Aeronoticias) El Congresista por Hu\u00e1nuco de la bancada de Per\u00fa Libre, Abel Reyes Cam, habr\u00eda presentado un Proyecto Declarativo de Anteproyecto de Ley de Creaci\u00f3n de \u00abYPERU\u00bb, nombre comercial CHASKA PERU, (https:\/\/es.scribd.com\/document\/549998911\/Pl-Crea-La-Linea-Aerea-Nacional-Del-Peru-Yperu-Chaska-Peru) que crea la L\u00ednea A\u00e9rea de Bandera del Per\u00fa, que permitir\u00e1 convertir al Per\u00fa en un mercado low-cost, para que 20 millones de [&hellip;]<\/p>\n","protected":false},"author":3,"featured_media":76657,"comment_status":"open","ping_status":"open","sticky":false,"template":"","format":"standard","meta":{"tdm_status":"","tdm_grid_status":"","footnotes":""},"categories":[8,30],"tags":[],"class_list":{"0":"post-76639","1":"post","2":"type-post","3":"status-publish","4":"format-standard","5":"has-post-thumbnail","7":"category-ultimas","8":"category-30"},"yoast_head":"<!-- This site is optimized with the Yoast SEO plugin v25.1 - https:\/\/yoast.com\/wordpress\/plugins\/seo\/ -->\n<title>Presentan Proyecto de Ley para crear &quot;YPERU&quot;, L\u00ednea A\u00e9rea de Bandera de bajo costo del Per\u00fa<\/title>\n<meta name=\"description\" content=\"Congresista Abel Reyes Cam, presenta Proyecto Declarativo retomando el Proyecto de la bancada de Acci\u00f3n Popular 6153-2020, que en el 2020, aprob\u00f3 la creaci\u00f3n de la L\u00ednea A\u00e9rea de Bandera del Per\u00fa.\" \/>\n<meta name=\"robots\" content=\"index, follow, max-snippet:-1, max-image-preview:large, max-video-preview:-1\" \/>\n<link rel=\"canonical\" href=\"https:\/\/aeronoticias.com.pe\/noticiero\/ultimas\/1\/presentan-proyecto-de-ley-para-crear-yperu-linea-aerea-de-bajo-costo-del-peru\/\" \/>\n<meta property=\"og:locale\" content=\"es_ES\" \/>\n<meta property=\"og:type\" content=\"article\" \/>\n<meta property=\"og:title\" content=\"Presentan Proyecto de Ley para crear &quot;YPERU&quot;, L\u00ednea A\u00e9rea de Bandera de bajo costo del Per\u00fa\" \/>\n<meta property=\"og:description\" content=\"Congresista Abel Reyes Cam, presenta Proyecto Declarativo retomando el Proyecto de la bancada de Acci\u00f3n Popular 6153-2020, que en el 2020, aprob\u00f3 la creaci\u00f3n de la L\u00ednea A\u00e9rea de Bandera del Per\u00fa.\" \/>\n<meta property=\"og:url\" content=\"https:\/\/aeronoticias.com.pe\/noticiero\/ultimas\/1\/presentan-proyecto-de-ley-para-crear-yperu-linea-aerea-de-bajo-costo-del-peru\/\" \/>\n<meta property=\"og:site_name\" content=\"Aeronoticias.com.pe\" \/>\n<meta property=\"article:publisher\" content=\"https:\/\/www.facebook.com\/Aeronoticias.com.pe\/\" \/>\n<meta property=\"article:published_time\" content=\"2021-12-28T15:55:36+00:00\" \/>\n<meta property=\"article:modified_time\" content=\"2021-12-29T17:29:42+00:00\" \/>\n<meta property=\"og:image\" content=\"https:\/\/aeronoticias.com.pe\/noticiero\/wp-content\/uploads\/2021\/12\/abelreyescam.jpg\" \/>\n\t<meta property=\"og:image:width\" content=\"825\" \/>\n\t<meta property=\"og:image:height\" content=\"464\" \/>\n\t<meta property=\"og:image:type\" content=\"image\/jpeg\" \/>\n<meta name=\"author\" content=\"Redacci\u00f3n\" \/>\n<meta name=\"twitter:card\" content=\"summary_large_image\" \/>\n<meta name=\"twitter:creator\" content=\"@aeronoticias\" \/>\n<meta name=\"twitter:site\" content=\"@aeronoticias\" \/>\n<meta name=\"twitter:label1\" content=\"Escrito por\" \/>\n\t<meta name=\"twitter:data1\" content=\"Redacci\u00f3n\" \/>\n\t<meta name=\"twitter:label2\" content=\"Tiempo de lectura\" \/>\n\t<meta name=\"twitter:data2\" content=\"3 minutos\" \/>\n<script type=\"application\/ld+json\" class=\"yoast-schema-graph\">{\"@context\":\"https:\/\/schema.org\",\"@graph\":[{\"@type\":\"WebPage\",\"@id\":\"https:\/\/aeronoticias.com.pe\/noticiero\/ultimas\/1\/presentan-proyecto-de-ley-para-crear-yperu-linea-aerea-de-bajo-costo-del-peru\/\",\"url\":\"https:\/\/aeronoticias.com.pe\/noticiero\/ultimas\/1\/presentan-proyecto-de-ley-para-crear-yperu-linea-aerea-de-bajo-costo-del-peru\/\",\"name\":\"Presentan Proyecto de Ley para crear \\\"YPERU\\\", L\u00ednea A\u00e9rea de Bandera de bajo costo del Per\u00fa\",\"isPartOf\":{\"@id\":\"https:\/\/aeronoticias.com.pe\/noticiero\/#website\"},\"primaryImageOfPage\":{\"@id\":\"https:\/\/aeronoticias.com.pe\/noticiero\/ultimas\/1\/presentan-proyecto-de-ley-para-crear-yperu-linea-aerea-de-bajo-costo-del-peru\/#primaryimage\"},\"image\":{\"@id\":\"https:\/\/aeronoticias.com.pe\/noticiero\/ultimas\/1\/presentan-proyecto-de-ley-para-crear-yperu-linea-aerea-de-bajo-costo-del-peru\/#primaryimage\"},\"thumbnailUrl\":\"https:\/\/aeronoticias.com.pe\/noticiero\/wp-content\/uploads\/2021\/12\/abelreyescam.jpg\",\"datePublished\":\"2021-12-28T15:55:36+00:00\",\"dateModified\":\"2021-12-29T17:29:42+00:00\",\"author\":{\"@id\":\"https:\/\/aeronoticias.com.pe\/noticiero\/#\/schema\/person\/16212a617c73f78916b13194154243bd\"},\"description\":\"Congresista Abel Reyes Cam, presenta Proyecto Declarativo retomando el Proyecto de la bancada de Acci\u00f3n Popular 6153-2020, que en el 2020, aprob\u00f3 la creaci\u00f3n de la L\u00ednea A\u00e9rea de Bandera del Per\u00fa.\",\"breadcrumb\":{\"@id\":\"https:\/\/aeronoticias.com.pe\/noticiero\/ultimas\/1\/presentan-proyecto-de-ley-para-crear-yperu-linea-aerea-de-bajo-costo-del-peru\/#breadcrumb\"},\"inLanguage\":\"es\",\"potentialAction\":[{\"@type\":\"ReadAction\",\"target\":[\"https:\/\/aeronoticias.com.pe\/noticiero\/ultimas\/1\/presentan-proyecto-de-ley-para-crear-yperu-linea-aerea-de-bajo-costo-del-peru\/\"]}]},{\"@type\":\"ImageObject\",\"inLanguage\":\"es\",\"@id\":\"https:\/\/aeronoticias.com.pe\/noticiero\/ultimas\/1\/presentan-proyecto-de-ley-para-crear-yperu-linea-aerea-de-bajo-costo-del-peru\/#primaryimage\",\"url\":\"https:\/\/aeronoticias.com.pe\/noticiero\/wp-content\/uploads\/2021\/12\/abelreyescam.jpg\",\"contentUrl\":\"https:\/\/aeronoticias.com.pe\/noticiero\/wp-content\/uploads\/2021\/12\/abelreyescam.jpg\",\"width\":825,\"height\":464,\"caption\":\"Congresista Abel Reyes Cam\"},{\"@type\":\"BreadcrumbList\",\"@id\":\"https:\/\/aeronoticias.com.pe\/noticiero\/ultimas\/1\/presentan-proyecto-de-ley-para-crear-yperu-linea-aerea-de-bajo-costo-del-peru\/#breadcrumb\",\"itemListElement\":[{\"@type\":\"ListItem\",\"position\":1,\"name\":\"Portada\",\"item\":\"https:\/\/aeronoticias.com.pe\/noticiero\/\"},{\"@type\":\"ListItem\",\"position\":2,\"name\":\"Presentan Proyecto de Ley para crear \u00abYPERU\u00bb, L\u00ednea A\u00e9rea de Bandera de bajo costo del Per\u00fa\"}]},{\"@type\":\"WebSite\",\"@id\":\"https:\/\/aeronoticias.com.pe\/noticiero\/#website\",\"url\":\"https:\/\/aeronoticias.com.pe\/noticiero\/\",\"name\":\"Aeronoticias.com.pe\",\"description\":\"Noticias de tranporte aereo, turismo, hoteles, gastronomia, actualidad, internacional\",\"potentialAction\":[{\"@type\":\"SearchAction\",\"target\":{\"@type\":\"EntryPoint\",\"urlTemplate\":\"https:\/\/aeronoticias.com.pe\/noticiero\/?s={search_term_string}\"},\"query-input\":{\"@type\":\"PropertyValueSpecification\",\"valueRequired\":true,\"valueName\":\"search_term_string\"}}],\"inLanguage\":\"es\"},{\"@type\":\"Person\",\"@id\":\"https:\/\/aeronoticias.com.pe\/noticiero\/#\/schema\/person\/16212a617c73f78916b13194154243bd\",\"name\":\"Redacci\u00f3n\",\"sameAs\":[\"http:\/\/Redacci\u00f3n\"],\"url\":\"https:\/\/aeronoticias.com.pe\/noticiero\/author\/celeste\/\"}]}<\/script>\n<!-- \/ Yoast SEO plugin. -->","yoast_head_json":{"title":"Presentan Proyecto de Ley para crear \"YPERU\", L\u00ednea A\u00e9rea de Bandera de bajo costo del Per\u00fa","description":"Congresista Abel Reyes Cam, presenta Proyecto Declarativo retomando el Proyecto de la bancada de Acci\u00f3n Popular 6153-2020, que en el 2020, aprob\u00f3 la creaci\u00f3n de la L\u00ednea A\u00e9rea de Bandera del Per\u00fa.","robots":{"index":"index","follow":"follow","max-snippet":"max-snippet:-1","max-image-preview":"max-image-preview:large","max-video-preview":"max-video-preview:-1"},"canonical":"https:\/\/aeronoticias.com.pe\/noticiero\/ultimas\/1\/presentan-proyecto-de-ley-para-crear-yperu-linea-aerea-de-bajo-costo-del-peru\/","og_locale":"es_ES","og_type":"article","og_title":"Presentan Proyecto de Ley para crear \"YPERU\", L\u00ednea A\u00e9rea de Bandera de bajo costo del Per\u00fa","og_description":"Congresista Abel Reyes Cam, presenta Proyecto Declarativo retomando el Proyecto de la bancada de Acci\u00f3n Popular 6153-2020, que en el 2020, aprob\u00f3 la creaci\u00f3n de la L\u00ednea A\u00e9rea de Bandera del Per\u00fa.","og_url":"https:\/\/aeronoticias.com.pe\/noticiero\/ultimas\/1\/presentan-proyecto-de-ley-para-crear-yperu-linea-aerea-de-bajo-costo-del-peru\/","og_site_name":"Aeronoticias.com.pe","article_publisher":"https:\/\/www.facebook.com\/Aeronoticias.com.pe\/","article_published_time":"2021-12-28T15:55:36+00:00","article_modified_time":"2021-12-29T17:29:42+00:00","og_image":[{"width":825,"height":464,"url":"https:\/\/aeronoticias.com.pe\/noticiero\/wp-content\/uploads\/2021\/12\/abelreyescam.jpg","type":"image\/jpeg"}],"author":"Redacci\u00f3n","twitter_card":"summary_large_image","twitter_creator":"@aeronoticias","twitter_site":"@aeronoticias","twitter_misc":{"Escrito por":"Redacci\u00f3n","Tiempo de lectura":"3 minutos"},"schema":{"@context":"https:\/\/schema.org","@graph":[{"@type":"WebPage","@id":"https:\/\/aeronoticias.com.pe\/noticiero\/ultimas\/1\/presentan-proyecto-de-ley-para-crear-yperu-linea-aerea-de-bajo-costo-del-peru\/","url":"https:\/\/aeronoticias.com.pe\/noticiero\/ultimas\/1\/presentan-proyecto-de-ley-para-crear-yperu-linea-aerea-de-bajo-costo-del-peru\/","name":"Presentan Proyecto de Ley para crear \"YPERU\", L\u00ednea A\u00e9rea de Bandera de bajo costo del Per\u00fa","isPartOf":{"@id":"https:\/\/aeronoticias.com.pe\/noticiero\/#website"},"primaryImageOfPage":{"@id":"https:\/\/aeronoticias.com.pe\/noticiero\/ultimas\/1\/presentan-proyecto-de-ley-para-crear-yperu-linea-aerea-de-bajo-costo-del-peru\/#primaryimage"},"image":{"@id":"https:\/\/aeronoticias.com.pe\/noticiero\/ultimas\/1\/presentan-proyecto-de-ley-para-crear-yperu-linea-aerea-de-bajo-costo-del-peru\/#primaryimage"},"thumbnailUrl":"https:\/\/aeronoticias.com.pe\/noticiero\/wp-content\/uploads\/2021\/12\/abelreyescam.jpg","datePublished":"2021-12-28T15:55:36+00:00","dateModified":"2021-12-29T17:29:42+00:00","author":{"@id":"https:\/\/aeronoticias.com.pe\/noticiero\/#\/schema\/person\/16212a617c73f78916b13194154243bd"},"description":"Congresista Abel Reyes Cam, presenta Proyecto Declarativo retomando el Proyecto de la bancada de Acci\u00f3n Popular 6153-2020, que en el 2020, aprob\u00f3 la creaci\u00f3n de la L\u00ednea A\u00e9rea de Bandera del Per\u00fa.","breadcrumb":{"@id":"https:\/\/aeronoticias.com.pe\/noticiero\/ultimas\/1\/presentan-proyecto-de-ley-para-crear-yperu-linea-aerea-de-bajo-costo-del-peru\/#breadcrumb"},"inLanguage":"es","potentialAction":[{"@type":"ReadAction","target":["https:\/\/aeronoticias.com.pe\/noticiero\/ultimas\/1\/presentan-proyecto-de-ley-para-crear-yperu-linea-aerea-de-bajo-costo-del-peru\/"]}]},{"@type":"ImageObject","inLanguage":"es","@id":"https:\/\/aeronoticias.com.pe\/noticiero\/ultimas\/1\/presentan-proyecto-de-ley-para-crear-yperu-linea-aerea-de-bajo-costo-del-peru\/#primaryimage","url":"https:\/\/aeronoticias.com.pe\/noticiero\/wp-content\/uploads\/2021\/12\/abelreyescam.jpg","contentUrl":"https:\/\/aeronoticias.com.pe\/noticiero\/wp-content\/uploads\/2021\/12\/abelreyescam.jpg","width":825,"height":464,"caption":"Congresista Abel Reyes Cam"},{"@type":"BreadcrumbList","@id":"https:\/\/aeronoticias.com.pe\/noticiero\/ultimas\/1\/presentan-proyecto-de-ley-para-crear-yperu-linea-aerea-de-bajo-costo-del-peru\/#breadcrumb","itemListElement":[{"@type":"ListItem","position":1,"name":"Portada","item":"https:\/\/aeronoticias.com.pe\/noticiero\/"},{"@type":"ListItem","position":2,"name":"Presentan Proyecto de Ley para crear \u00abYPERU\u00bb, L\u00ednea A\u00e9rea de Bandera de bajo costo del Per\u00fa"}]},{"@type":"WebSite","@id":"https:\/\/aeronoticias.com.pe\/noticiero\/#website","url":"https:\/\/aeronoticias.com.pe\/noticiero\/","name":"Aeronoticias.com.pe","description":"Noticias de tranporte aereo, turismo, hoteles, gastronomia, actualidad, internacional","potentialAction":[{"@type":"SearchAction","target":{"@type":"EntryPoint","urlTemplate":"https:\/\/aeronoticias.com.pe\/noticiero\/?s={search_term_string}"},"query-input":{"@type":"PropertyValueSpecification","valueRequired":true,"valueName":"search_term_string"}}],"inLanguage":"es"},{"@type":"Person","@id":"https:\/\/aeronoticias.com.pe\/noticiero\/#\/schema\/person\/16212a617c73f78916b13194154243bd","name":"Redacci\u00f3n","sameAs":["http:\/\/Redacci\u00f3n"],"url":"https:\/\/aeronoticias.com.pe\/noticiero\/author\/celeste\/"}]}},"_links":{"self":[{"href":"https:\/\/aeronoticias.com.pe\/noticiero\/wp-json\/wp\/v2\/posts\/76639","targetHints":{"allow":["GET"]}}],"collection":[{"href":"https:\/\/aeronoticias.com.pe\/noticiero\/wp-json\/wp\/v2\/posts"}],"about":[{"href":"https:\/\/aeronoticias.com.pe\/noticiero\/wp-json\/wp\/v2\/types\/post"}],"author":[{"embeddable":true,"href":"https:\/\/aeronoticias.com.pe\/noticiero\/wp-json\/wp\/v2\/users\/3"}],"replies":[{"embeddable":true,"href":"https:\/\/aeronoticias.com.pe\/noticiero\/wp-json\/wp\/v2\/comments?post=76639"}],"version-history":[{"count":0,"href":"https:\/\/aeronoticias.com.pe\/noticiero\/wp-json\/wp\/v2\/posts\/76639\/revisions"}],"wp:featuredmedia":[{"embeddable":true,"href":"https:\/\/aeronoticias.com.pe\/noticiero\/wp-json\/wp\/v2\/media\/76657"}],"wp:attachment":[{"href":"https:\/\/aeronoticias.com.pe\/noticiero\/wp-json\/wp\/v2\/media?parent=76639"}],"wp:term":[{"taxonomy":"category","embeddable":true,"href":"https:\/\/aeronoticias.com.pe\/noticiero\/wp-json\/wp\/v2\/categories?post=76639"},{"taxonomy":"post_tag","embeddable":true,"href":"https:\/\/aeronoticias.com.pe\/noticiero\/wp-json\/wp\/v2\/tags?post=76639"}],"curies":[{"name":"wp","href":"https:\/\/api.w.org\/{rel}","templated":true}]}}