{"id":76675,"date":"2021-12-28T12:57:50","date_gmt":"2021-12-28T17:57:50","guid":{"rendered":"https:\/\/aeronoticias.com.pe\/noticiero\/?p=76675"},"modified":"2021-12-28T13:50:48","modified_gmt":"2021-12-28T18:50:48","slug":"lap-quiere-postergar-inversiones-incumpliendo-el-contrato-de-concesion-con-el-estado-peruano","status":"publish","type":"post","link":"https:\/\/aeronoticias.com.pe\/noticiero\/ultimas\/1\/lap-quiere-postergar-inversiones-incumpliendo-el-contrato-de-concesion-con-el-estado-peruano\/","title":{"rendered":"LAP quiere postergar inversiones incumpliendo el Contrato de Concesi\u00f3n con el Estado Peruano"},"content":{"rendered":"\n<p><strong>(Aeronoticias)<\/strong>: El Diario Gesti\u00f3n, publica el art\u00edculo de opini\u00f3n \u00ab<strong><a href=\"https:\/\/gestion.pe\/opinion\/que-no-nos-corten-las-alas-noticia\/\">que no nos corten las Alas<\/a><\/strong>\u00bb del Sr. Diego Carrillo, ex viceministro de Comunicaciones, con el que el Instituto Peruano de Derecho A\u00e9reo IPDA, manifiesta no estar de acuerdo con LAP y suponemos adem\u00e1s que esta posici\u00f3n del Concesionario  tampoco tendr\u00e1 el apoyo de la IATA, AETAE y APEA, los gremios de la Industria A\u00e9rea que ya se han pronunciado, exigiendo que LAP cumpla con el Contrato de Concesi\u00f3n y construya antes del 2025 un terminal de 35 millones de pasajeros que sumados a los 18 millones del antiguo terminal, nos permitir\u00e1 tener una infraestructura aeroportuaria de 53 millones de pasajeros, convirtiendo al Per\u00fa en Hub l\u00edder, con relaci\u00f3n a Colombia y Chile.<\/p>\n\n\n\n<p>El contenido de este art\u00edculo es simplemente la repetici\u00f3n de los argumentos que esgrime LAP del incumplimiento del Contrato de Concesi\u00f3n de Lima Airport Partners  (LAP), para construir el terminala\u00e9reo de 35 millones de pasajeros para el a\u00f1o 2025 que nos permitir\u00eda como pa\u00eds sumando los 18 millones de pasajeros del terminal antiguo, tener un aeropuerto de 53 millones de pasajeros con techo hasta el 2035.<\/p>\n\n\n\n<p>Diego Carrillo, narra lo que piensa LAP, es que la Construcci\u00f3n del terminal modular solo de 18 millones de pasajeros, mas los 17 del terminal antiguo, nos permitir\u00e1 una capacidad de menos de 35 millones que colapsar\u00e1 antes del 2030, en donde nuevamente habr\u00e1 congesti\u00f3n aeroportuaria y sobrecostos por sobrevuelos de aerol\u00edneas nacionales e internacionales como ocurri\u00f3 en el 2018 y 2019 con el agravante de que los aeropuertos de Santiago de Chile y Colombia nos quitar\u00e1n la posici\u00f3n de Hub, superando ampliamente esta capacidad aeroportuaria.<\/p>\n\n\n\n<p><em><span><b>Diego Carrillo pone \u00e9nfasis a los ojos del buen lector a un posible incumplimiento contractual del Concesionario del Aeropuerto Internacional Jorge <\/b><\/span><strong>Ch\u00e1vez LAP con el Estado Peruano, con lo que no podemos estar de acuerdo ya que cuando habla de estados financieros, en el a\u00f1o 2018 debi\u00f3 precisar que LAP en el 2018 y 2019 tuvo 200 millones de d\u00f3lares de utilidades que se las repatriaron a Alemania <\/strong><\/em>y que solo con ese monto hubieran podido cumplir austeramente con construir el terminal para 35 millones de pasajeros que prometieron y anunciaron en el gobierno de Vizcarra y que l\u00f3gicamente ahora quieren eludir.<\/p>\n\n\n\n<p>Dice que el Estado Peruano entreg\u00f3 en el 2018 los terrenos, pero no precisa que han pasado 2 a\u00f1os y meses y no ha iniciado siquiera la construcci\u00f3n del nuevo terminal que tiene que ser entregado en el 2025 y precisa que de no cumplir LAP, el Estado Peruano estar\u00eda en la facultad de caducar la concesi\u00f3n sin pago alguno para LAP.<\/p>\n\n\n\n<p>Consideramos que este art\u00edculo muestra la posici\u00f3n de LAP, ahora nosotros la precisamos en defensa de los intereses del Estado Peruano, no se puede aceptar ning\u00fan incumplimiento contractual de un aeropuerto modular a construir por etapas <strong><em>y no es cierto lo afirmado de \u00abesta obligaci\u00f3n contractual de invertir en corto plazo, producto de sus propias demoras, cuando los terrenos se entregaron hace 2 a\u00f1os y meses lo que no justifica postergar ninguna inversi\u00f3n,  <\/em><\/strong>salvo que los funcionarios p\u00fablicos que sigan esta tesis quieran decidir contra los intereses del Estado Peruano; esa es nuestra opini\u00f3n.<\/p>\n\n\n\n<p>Cuando Diego Carrillo habla de autofinanciamiento y que la inversi\u00f3n sale del propio bolsillo de LAP se olvida cuantificar las utilidades que tuvo LAP en 20 a\u00f1os de operaciones y que en solo 2 a\u00f1os superaron los 200 millones de d\u00f3lares, en consecuencia la defensa del Estado Peruano y la de los derechos de los consumidores de tener siquiera una infraestructura aeroportuaria que compita con Chile y con Colombia no es negociable, los Contratos Ley hay que cumplirlos y se tiene que respetar lo que se ofreci\u00f3.<\/p>\n\n\n\n<p>Expresamos nuestra discrepancia con el llamado autofinanciamiento, ya que los beneficios que ha tenido seg\u00fan balances publicados por una eficiente operaci\u00f3n del AIJCH, bajo la APP ser\u00eda natural, a decir de  Diego Carrillo <strong><em>\u00abque el socio privado tenga un incentivo para postergar inversiones, discrepamos de esta posici\u00f3n de LAP ya que nosotros pensamos que LAP ha tenido muchas utilidades que tendr\u00edan que ser la palanca de financiamiento del nuevo terminal de 35 millones de pasajeros que LAP se oblig\u00f3 a construir para el 2025 y que ahora quiere postergar\u00bb. <\/em><\/strong><\/p>\n\n\n\n<p>Creemos tratando de interpretar lo que dice Diego Carrillo que su pensamiento es que el Estado debe de mantener una posici\u00f3n de negociaci\u00f3n a la altura de las circunstancias que permita que el pa\u00eds tenga un nuevo aeropuerto a tiempo y con los mejores niveles de servicios posibles y eso en buen castellano debi\u00f3 complementarse con decir en consecuencia LAP tiene que cumplir con la Adenda 7 y lo pactado con el Estado Peruano y entregarnos antes del 2025 un terminal de pasajeros nuevo, para 35 millones de personas.<\/p>\n\n\n\n<p>Por \u00faltimo, pensamos <strong><em>que el incumplimiento de LAP originar\u00e1 en los pr\u00f3ximos a\u00f1os que el Aeropuerto Internacional Jorge Ch\u00e1vez AIJCH como ocurri\u00f3 en el a\u00f1o 2018 y 2019 con el aumento del tr\u00e1fico a\u00e9reo, se convierta en uno de los aeropuertos m\u00e1s congestionados de Am\u00e9rica del Sur, con grave da\u00f1o a la industria a\u00e9rea<\/em><\/strong>, lo que originar\u00e1 p\u00e9rdidas, sobrecostos y aumento de los pasajes a\u00e9reos en un escenario aerocomercial que se tiene que respetar los derechos de los consumidores.<\/p>\n\n\n\n<p><\/p>\n\n\n\n<p><strong>Por: Plana Period\u00edstica<\/strong><\/p>\n\n\n\n<p><strong>Relacionados: <\/strong><\/p>\n\n\n\n<p><a href=\"https:\/\/aeronoticias.com.pe\/noticiero\/lap-tuvo-200-millones-de-dolares-de-utilidades-2018-2019-sin-embargo-paralizo-obras-aeroportuarias\/\">LAP tuvo USD 200 millones de utilidades 2018-2019 y ahora no quiere cumplir la Adenda N\u00ba7, que le obliga a construir un Terminal para 35 millones de pasajeros<\/a><\/p>\n\n\n\n<p><a href=\"https:\/\/gestion.pe\/opinion\/que-no-nos-corten-las-alas-noticia\/\">LAP inici\u00f3 trabajos de excavaci\u00f3n para construcci\u00f3n del nuevo terminal de pasajeros<\/a><\/p>\n","protected":false},"excerpt":{"rendered":"<p>(Aeronoticias): El Diario Gesti\u00f3n, publica el art\u00edculo de opini\u00f3n \u00abque no nos corten las Alas\u00bb del Sr. Diego Carrillo, ex viceministro de Comunicaciones, con el que el Instituto Peruano de Derecho A\u00e9reo IPDA, manifiesta no estar de acuerdo con LAP y suponemos adem\u00e1s que esta posici\u00f3n del Concesionario tampoco tendr\u00e1 el apoyo de la IATA, [&hellip;]<\/p>\n","protected":false},"author":3,"featured_media":76681,"comment_status":"open","ping_status":"open","sticky":false,"template":"","format":"standard","meta":{"tdm_status":"","tdm_grid_status":"","footnotes":""},"categories":[51,31,8,30],"tags":[1704,1705,1703,169],"class_list":{"0":"post-76675","1":"post","2":"type-post","3":"status-publish","4":"format-standard","5":"has-post-thumbnail","7":"category-nacional","8":"category-31","9":"category-ultimas","10":"category-30","11":"tag-aetae","12":"tag-apea","13":"tag-hub","14":"tag-lap"},"yoast_head":"<!-- This site is optimized with the Yoast SEO plugin v25.1 - https:\/\/yoast.com\/wordpress\/plugins\/seo\/ -->\n<title>LAP quiere postergar inversiones incumpliendo el Contrato de Concesi\u00f3n con el Estado Peruano<\/title>\n<meta name=\"description\" content=\"Art\u00edculo de Diego Carrillo, Ex Vice Ministro de Comunicaciones defiende incumplimiento de LAP con el Estado Peruano.\" \/>\n<meta name=\"robots\" content=\"index, follow, max-snippet:-1, max-image-preview:large, max-video-preview:-1\" \/>\n<link rel=\"canonical\" href=\"https:\/\/aeronoticias.com.pe\/noticiero\/ultimas\/1\/lap-quiere-postergar-inversiones-incumpliendo-el-contrato-de-concesion-con-el-estado-peruano\/\" \/>\n<meta property=\"og:locale\" content=\"es_ES\" \/>\n<meta property=\"og:type\" content=\"article\" \/>\n<meta property=\"og:title\" content=\"LAP quiere postergar inversiones incumpliendo el Contrato de Concesi\u00f3n con el Estado Peruano\" \/>\n<meta property=\"og:description\" content=\"Art\u00edculo de Diego Carrillo, Ex Vice Ministro de Comunicaciones defiende incumplimiento de LAP con el Estado Peruano.\" \/>\n<meta property=\"og:url\" content=\"https:\/\/aeronoticias.com.pe\/noticiero\/ultimas\/1\/lap-quiere-postergar-inversiones-incumpliendo-el-contrato-de-concesion-con-el-estado-peruano\/\" \/>\n<meta property=\"og:site_name\" content=\"Aeronoticias.com.pe\" \/>\n<meta property=\"article:publisher\" content=\"https:\/\/www.facebook.com\/Aeronoticias.com.pe\/\" \/>\n<meta property=\"article:published_time\" content=\"2021-12-28T17:57:50+00:00\" \/>\n<meta property=\"article:modified_time\" content=\"2021-12-28T18:50:48+00:00\" \/>\n<meta property=\"og:image\" content=\"https:\/\/aeronoticias.com.pe\/noticiero\/wp-content\/uploads\/2021\/12\/avion-2.jpg\" \/>\n\t<meta property=\"og:image:width\" content=\"600\" \/>\n\t<meta property=\"og:image:height\" content=\"401\" \/>\n\t<meta property=\"og:image:type\" content=\"image\/jpeg\" \/>\n<meta name=\"author\" content=\"Redacci\u00f3n\" \/>\n<meta name=\"twitter:card\" content=\"summary_large_image\" \/>\n<meta name=\"twitter:creator\" content=\"@aeronoticias\" \/>\n<meta name=\"twitter:site\" content=\"@aeronoticias\" \/>\n<meta name=\"twitter:label1\" content=\"Escrito por\" \/>\n\t<meta name=\"twitter:data1\" content=\"Redacci\u00f3n\" \/>\n\t<meta name=\"twitter:label2\" content=\"Tiempo de lectura\" \/>\n\t<meta name=\"twitter:data2\" content=\"5 minutos\" \/>\n<script type=\"application\/ld+json\" class=\"yoast-schema-graph\">{\"@context\":\"https:\/\/schema.org\",\"@graph\":[{\"@type\":\"WebPage\",\"@id\":\"https:\/\/aeronoticias.com.pe\/noticiero\/ultimas\/1\/lap-quiere-postergar-inversiones-incumpliendo-el-contrato-de-concesion-con-el-estado-peruano\/\",\"url\":\"https:\/\/aeronoticias.com.pe\/noticiero\/ultimas\/1\/lap-quiere-postergar-inversiones-incumpliendo-el-contrato-de-concesion-con-el-estado-peruano\/\",\"name\":\"LAP quiere postergar inversiones incumpliendo el Contrato de Concesi\u00f3n con el Estado Peruano\",\"isPartOf\":{\"@id\":\"https:\/\/aeronoticias.com.pe\/noticiero\/#website\"},\"primaryImageOfPage\":{\"@id\":\"https:\/\/aeronoticias.com.pe\/noticiero\/ultimas\/1\/lap-quiere-postergar-inversiones-incumpliendo-el-contrato-de-concesion-con-el-estado-peruano\/#primaryimage\"},\"image\":{\"@id\":\"https:\/\/aeronoticias.com.pe\/noticiero\/ultimas\/1\/lap-quiere-postergar-inversiones-incumpliendo-el-contrato-de-concesion-con-el-estado-peruano\/#primaryimage\"},\"thumbnailUrl\":\"https:\/\/aeronoticias.com.pe\/noticiero\/wp-content\/uploads\/2021\/12\/avion-2.jpg\",\"datePublished\":\"2021-12-28T17:57:50+00:00\",\"dateModified\":\"2021-12-28T18:50:48+00:00\",\"author\":{\"@id\":\"https:\/\/aeronoticias.com.pe\/noticiero\/#\/schema\/person\/16212a617c73f78916b13194154243bd\"},\"description\":\"Art\u00edculo de Diego Carrillo, Ex Vice Ministro de Comunicaciones defiende incumplimiento de LAP con el Estado Peruano.\",\"breadcrumb\":{\"@id\":\"https:\/\/aeronoticias.com.pe\/noticiero\/ultimas\/1\/lap-quiere-postergar-inversiones-incumpliendo-el-contrato-de-concesion-con-el-estado-peruano\/#breadcrumb\"},\"inLanguage\":\"es\",\"potentialAction\":[{\"@type\":\"ReadAction\",\"target\":[\"https:\/\/aeronoticias.com.pe\/noticiero\/ultimas\/1\/lap-quiere-postergar-inversiones-incumpliendo-el-contrato-de-concesion-con-el-estado-peruano\/\"]}]},{\"@type\":\"ImageObject\",\"inLanguage\":\"es\",\"@id\":\"https:\/\/aeronoticias.com.pe\/noticiero\/ultimas\/1\/lap-quiere-postergar-inversiones-incumpliendo-el-contrato-de-concesion-con-el-estado-peruano\/#primaryimage\",\"url\":\"https:\/\/aeronoticias.com.pe\/noticiero\/wp-content\/uploads\/2021\/12\/avion-2.jpg\",\"contentUrl\":\"https:\/\/aeronoticias.com.pe\/noticiero\/wp-content\/uploads\/2021\/12\/avion-2.jpg\",\"width\":600,\"height\":401},{\"@type\":\"BreadcrumbList\",\"@id\":\"https:\/\/aeronoticias.com.pe\/noticiero\/ultimas\/1\/lap-quiere-postergar-inversiones-incumpliendo-el-contrato-de-concesion-con-el-estado-peruano\/#breadcrumb\",\"itemListElement\":[{\"@type\":\"ListItem\",\"position\":1,\"name\":\"Portada\",\"item\":\"https:\/\/aeronoticias.com.pe\/noticiero\/\"},{\"@type\":\"ListItem\",\"position\":2,\"name\":\"LAP quiere postergar inversiones incumpliendo el Contrato de Concesi\u00f3n con el Estado Peruano\"}]},{\"@type\":\"WebSite\",\"@id\":\"https:\/\/aeronoticias.com.pe\/noticiero\/#website\",\"url\":\"https:\/\/aeronoticias.com.pe\/noticiero\/\",\"name\":\"Aeronoticias.com.pe\",\"description\":\"Noticias de tranporte aereo, turismo, hoteles, gastronomia, actualidad, internacional\",\"potentialAction\":[{\"@type\":\"SearchAction\",\"target\":{\"@type\":\"EntryPoint\",\"urlTemplate\":\"https:\/\/aeronoticias.com.pe\/noticiero\/?s={search_term_string}\"},\"query-input\":{\"@type\":\"PropertyValueSpecification\",\"valueRequired\":true,\"valueName\":\"search_term_string\"}}],\"inLanguage\":\"es\"},{\"@type\":\"Person\",\"@id\":\"https:\/\/aeronoticias.com.pe\/noticiero\/#\/schema\/person\/16212a617c73f78916b13194154243bd\",\"name\":\"Redacci\u00f3n\",\"sameAs\":[\"http:\/\/Redacci\u00f3n\"],\"url\":\"https:\/\/aeronoticias.com.pe\/noticiero\/author\/celeste\/\"}]}<\/script>\n<!-- \/ Yoast SEO plugin. -->","yoast_head_json":{"title":"LAP quiere postergar inversiones incumpliendo el Contrato de Concesi\u00f3n con el Estado Peruano","description":"Art\u00edculo de Diego Carrillo, Ex Vice Ministro de Comunicaciones defiende incumplimiento de LAP con el Estado Peruano.","robots":{"index":"index","follow":"follow","max-snippet":"max-snippet:-1","max-image-preview":"max-image-preview:large","max-video-preview":"max-video-preview:-1"},"canonical":"https:\/\/aeronoticias.com.pe\/noticiero\/ultimas\/1\/lap-quiere-postergar-inversiones-incumpliendo-el-contrato-de-concesion-con-el-estado-peruano\/","og_locale":"es_ES","og_type":"article","og_title":"LAP quiere postergar inversiones incumpliendo el Contrato de Concesi\u00f3n con el Estado Peruano","og_description":"Art\u00edculo de Diego Carrillo, Ex Vice Ministro de Comunicaciones defiende incumplimiento de LAP con el Estado Peruano.","og_url":"https:\/\/aeronoticias.com.pe\/noticiero\/ultimas\/1\/lap-quiere-postergar-inversiones-incumpliendo-el-contrato-de-concesion-con-el-estado-peruano\/","og_site_name":"Aeronoticias.com.pe","article_publisher":"https:\/\/www.facebook.com\/Aeronoticias.com.pe\/","article_published_time":"2021-12-28T17:57:50+00:00","article_modified_time":"2021-12-28T18:50:48+00:00","og_image":[{"width":600,"height":401,"url":"https:\/\/aeronoticias.com.pe\/noticiero\/wp-content\/uploads\/2021\/12\/avion-2.jpg","type":"image\/jpeg"}],"author":"Redacci\u00f3n","twitter_card":"summary_large_image","twitter_creator":"@aeronoticias","twitter_site":"@aeronoticias","twitter_misc":{"Escrito por":"Redacci\u00f3n","Tiempo de lectura":"5 minutos"},"schema":{"@context":"https:\/\/schema.org","@graph":[{"@type":"WebPage","@id":"https:\/\/aeronoticias.com.pe\/noticiero\/ultimas\/1\/lap-quiere-postergar-inversiones-incumpliendo-el-contrato-de-concesion-con-el-estado-peruano\/","url":"https:\/\/aeronoticias.com.pe\/noticiero\/ultimas\/1\/lap-quiere-postergar-inversiones-incumpliendo-el-contrato-de-concesion-con-el-estado-peruano\/","name":"LAP quiere postergar inversiones incumpliendo el Contrato de Concesi\u00f3n con el Estado Peruano","isPartOf":{"@id":"https:\/\/aeronoticias.com.pe\/noticiero\/#website"},"primaryImageOfPage":{"@id":"https:\/\/aeronoticias.com.pe\/noticiero\/ultimas\/1\/lap-quiere-postergar-inversiones-incumpliendo-el-contrato-de-concesion-con-el-estado-peruano\/#primaryimage"},"image":{"@id":"https:\/\/aeronoticias.com.pe\/noticiero\/ultimas\/1\/lap-quiere-postergar-inversiones-incumpliendo-el-contrato-de-concesion-con-el-estado-peruano\/#primaryimage"},"thumbnailUrl":"https:\/\/aeronoticias.com.pe\/noticiero\/wp-content\/uploads\/2021\/12\/avion-2.jpg","datePublished":"2021-12-28T17:57:50+00:00","dateModified":"2021-12-28T18:50:48+00:00","author":{"@id":"https:\/\/aeronoticias.com.pe\/noticiero\/#\/schema\/person\/16212a617c73f78916b13194154243bd"},"description":"Art\u00edculo de Diego Carrillo, Ex Vice Ministro de Comunicaciones defiende incumplimiento de LAP con el Estado Peruano.","breadcrumb":{"@id":"https:\/\/aeronoticias.com.pe\/noticiero\/ultimas\/1\/lap-quiere-postergar-inversiones-incumpliendo-el-contrato-de-concesion-con-el-estado-peruano\/#breadcrumb"},"inLanguage":"es","potentialAction":[{"@type":"ReadAction","target":["https:\/\/aeronoticias.com.pe\/noticiero\/ultimas\/1\/lap-quiere-postergar-inversiones-incumpliendo-el-contrato-de-concesion-con-el-estado-peruano\/"]}]},{"@type":"ImageObject","inLanguage":"es","@id":"https:\/\/aeronoticias.com.pe\/noticiero\/ultimas\/1\/lap-quiere-postergar-inversiones-incumpliendo-el-contrato-de-concesion-con-el-estado-peruano\/#primaryimage","url":"https:\/\/aeronoticias.com.pe\/noticiero\/wp-content\/uploads\/2021\/12\/avion-2.jpg","contentUrl":"https:\/\/aeronoticias.com.pe\/noticiero\/wp-content\/uploads\/2021\/12\/avion-2.jpg","width":600,"height":401},{"@type":"BreadcrumbList","@id":"https:\/\/aeronoticias.com.pe\/noticiero\/ultimas\/1\/lap-quiere-postergar-inversiones-incumpliendo-el-contrato-de-concesion-con-el-estado-peruano\/#breadcrumb","itemListElement":[{"@type":"ListItem","position":1,"name":"Portada","item":"https:\/\/aeronoticias.com.pe\/noticiero\/"},{"@type":"ListItem","position":2,"name":"LAP quiere postergar inversiones incumpliendo el Contrato de Concesi\u00f3n con el Estado Peruano"}]},{"@type":"WebSite","@id":"https:\/\/aeronoticias.com.pe\/noticiero\/#website","url":"https:\/\/aeronoticias.com.pe\/noticiero\/","name":"Aeronoticias.com.pe","description":"Noticias de tranporte aereo, turismo, hoteles, gastronomia, actualidad, internacional","potentialAction":[{"@type":"SearchAction","target":{"@type":"EntryPoint","urlTemplate":"https:\/\/aeronoticias.com.pe\/noticiero\/?s={search_term_string}"},"query-input":{"@type":"PropertyValueSpecification","valueRequired":true,"valueName":"search_term_string"}}],"inLanguage":"es"},{"@type":"Person","@id":"https:\/\/aeronoticias.com.pe\/noticiero\/#\/schema\/person\/16212a617c73f78916b13194154243bd","name":"Redacci\u00f3n","sameAs":["http:\/\/Redacci\u00f3n"],"url":"https:\/\/aeronoticias.com.pe\/noticiero\/author\/celeste\/"}]}},"_links":{"self":[{"href":"https:\/\/aeronoticias.com.pe\/noticiero\/wp-json\/wp\/v2\/posts\/76675","targetHints":{"allow":["GET"]}}],"collection":[{"href":"https:\/\/aeronoticias.com.pe\/noticiero\/wp-json\/wp\/v2\/posts"}],"about":[{"href":"https:\/\/aeronoticias.com.pe\/noticiero\/wp-json\/wp\/v2\/types\/post"}],"author":[{"embeddable":true,"href":"https:\/\/aeronoticias.com.pe\/noticiero\/wp-json\/wp\/v2\/users\/3"}],"replies":[{"embeddable":true,"href":"https:\/\/aeronoticias.com.pe\/noticiero\/wp-json\/wp\/v2\/comments?post=76675"}],"version-history":[{"count":0,"href":"https:\/\/aeronoticias.com.pe\/noticiero\/wp-json\/wp\/v2\/posts\/76675\/revisions"}],"wp:featuredmedia":[{"embeddable":true,"href":"https:\/\/aeronoticias.com.pe\/noticiero\/wp-json\/wp\/v2\/media\/76681"}],"wp:attachment":[{"href":"https:\/\/aeronoticias.com.pe\/noticiero\/wp-json\/wp\/v2\/media?parent=76675"}],"wp:term":[{"taxonomy":"category","embeddable":true,"href":"https:\/\/aeronoticias.com.pe\/noticiero\/wp-json\/wp\/v2\/categories?post=76675"},{"taxonomy":"post_tag","embeddable":true,"href":"https:\/\/aeronoticias.com.pe\/noticiero\/wp-json\/wp\/v2\/tags?post=76675"}],"curies":[{"name":"wp","href":"https:\/\/api.w.org\/{rel}","templated":true}]}}