{"id":76789,"date":"2022-01-11T09:01:18","date_gmt":"2022-01-11T14:01:18","guid":{"rendered":"https:\/\/aeronoticias.com.pe\/noticiero\/?p=76789"},"modified":"2022-01-11T09:01:22","modified_gmt":"2022-01-11T14:01:22","slug":"propiedad-intelectual-reconocen-esfuerzo-de-la-universidad-nacional-del-centro-del-peru","status":"publish","type":"post","link":"https:\/\/aeronoticias.com.pe\/noticiero\/ultimas\/1\/propiedad-intelectual-reconocen-esfuerzo-de-la-universidad-nacional-del-centro-del-peru\/","title":{"rendered":"Propiedad intelectual: reconocen esfuerzo de la Universidad Nacional del Centro del Per\u00fa"},"content":{"rendered":"\n<p><strong>(Aeronoticias): <\/strong>La Universidad Nacional del Centro del Per\u00fa (UNCP) fue reconocida por el Indecopi por su labor en el \u00e1mbito de la promoci\u00f3n de la invenci\u00f3n e innovaci\u00f3n, as\u00ed como en el uso de las herramientas de la propiedad intelectual.<\/p>\n\n\n\n<p>El presidente ejecutivo del Indecopi, Juli\u00e1n Palac\u00edn Guti\u00e9rrez,\u00a0dijo\u00a0<strong>estar gratamente sorprendido por la gran evoluci\u00f3n de la UNCP en el campo de la propiedad intelectual,\u00a0<\/strong>pues las cifras revelan un crecimiento en el uso de patentes en los \u00faltimos a\u00f1os: de solicitar una patente en el 2018, pas\u00f3 a 5 solicitudes en 2019, a 14 en el 2020 y 13 en el 2021.\u00a0<\/p>\n\n\n\n<p>Por su parte, el rector de la Universidad Nacional del Centro del Per\u00fa, Amador Vilcatoma,\u00a0<strong>felicit\u00f3 a sus docentes inventores por demostrar que en nuestro pa\u00eds s\u00ed se puede tener inventos de calidad y efectivos.<\/strong><\/p>\n\n\n\n<p>Durante la ceremonia se suscribi\u00f3 la\u00a0<strong>segunda adenda al convenio entre la UNCP y el Indecopi para el establecimiento de Centros de Apoyo a la Tecnolog\u00eda y la Innovaci\u00f3n (CATI) en su campus<\/strong>, a fin de continuar con el fomento de la cultura de la protecci\u00f3n de sus actividades creativas en temas de propiedad intelectual e innovaci\u00f3n.<\/p>\n\n\n\n<p><strong>Inventos<\/strong><\/p>\n\n\n\n<p>El Indecopi le entreg\u00f3 a la UNCP<strong>\u00a0el t\u00edtulo de patente de modelo de utilidad, emitido por la Direcci\u00f3n de Invenciones y Nuevas Tecnolog\u00edas para el brazalete de esterilizaci\u00f3n con tecnolog\u00eda rayos UV tipo C<\/strong>, dispositivo que suministra radiaci\u00f3n ultravioleta para inactivar distintos tipos de virus, como el SARS-CoV-2, para la desinfecci\u00f3n de la piel, equipos, superficies lisas, dinero.\u00a0<\/p>\n\n\n\n<p>Asimismo,\u00a0<strong>reconoci\u00f3 a la UNCP como uno de los dos ganadores del Premio General del Vig\u00e9simo Concurso Nacional de Invenciones 2021<\/strong>, con el invento Robot Inspector de L\u00edneas de Transmisi\u00f3n. Es la primera vez que esta universidad consigue ocupar el podio m\u00e1s alto de este certamen a trav\u00e9s de sus inventores.<\/p>\n\n\n\n<p>En la ceremonia estuvieron presentes los congresistas Waldemar Cerr\u00f3n, Silvana Robles y Edgar Raymundo, representantes de la regi\u00f3n Jun\u00edn.<\/p>\n\n\n\n<p><strong>Fuente: Andina<\/strong><\/p>\n\n\n\n<p><\/p>\n","protected":false},"excerpt":{"rendered":"<p>(Aeronoticias): La Universidad Nacional del Centro del Per\u00fa (UNCP) fue reconocida por el Indecopi por su labor en el \u00e1mbito de la promoci\u00f3n de la invenci\u00f3n e innovaci\u00f3n, as\u00ed como en el uso de las herramientas de la propiedad intelectual. El presidente ejecutivo del Indecopi, Juli\u00e1n Palac\u00edn Guti\u00e9rrez,\u00a0dijo\u00a0estar gratamente sorprendido por la gran evoluci\u00f3n de [&hellip;]<\/p>\n","protected":false},"author":3,"featured_media":76790,"comment_status":"open","ping_status":"open","sticky":false,"template":"","format":"standard","meta":{"tdm_status":"","tdm_grid_status":"","footnotes":""},"categories":[51,8,30],"tags":[1608,1367,1634,1722],"class_list":{"0":"post-76789","1":"post","2":"type-post","3":"status-publish","4":"format-standard","5":"has-post-thumbnail","7":"category-nacional","8":"category-ultimas","9":"category-30","10":"tag-cati","11":"tag-indecopi","12":"tag-julian-palacin-gutierrez","13":"tag-uncp"},"yoast_head":"<!-- This site is optimized with the Yoast SEO plugin v25.1 - https:\/\/yoast.com\/wordpress\/plugins\/seo\/ -->\n<title>Propiedad intelectual: reconocen esfuerzo de la Universidad Nacional del Centro del Per\u00fa<\/title>\n<meta name=\"description\" content=\"El Indecopi y la UNCP ampl\u00edan convenio para la continuidad del Centro de Apoyo a la Tecnolog\u00eda y la Innovaci\u00f3n\" \/>\n<meta name=\"robots\" content=\"index, follow, max-snippet:-1, max-image-preview:large, max-video-preview:-1\" \/>\n<link rel=\"canonical\" href=\"https:\/\/aeronoticias.com.pe\/noticiero\/ultimas\/1\/propiedad-intelectual-reconocen-esfuerzo-de-la-universidad-nacional-del-centro-del-peru\/\" \/>\n<meta property=\"og:locale\" content=\"es_ES\" \/>\n<meta property=\"og:type\" content=\"article\" \/>\n<meta property=\"og:title\" content=\"Propiedad intelectual: reconocen esfuerzo de la Universidad Nacional del Centro del Per\u00fa\" \/>\n<meta property=\"og:description\" content=\"El Indecopi y la UNCP ampl\u00edan convenio para la continuidad del Centro de Apoyo a la Tecnolog\u00eda y la Innovaci\u00f3n\" \/>\n<meta property=\"og:url\" content=\"https:\/\/aeronoticias.com.pe\/noticiero\/ultimas\/1\/propiedad-intelectual-reconocen-esfuerzo-de-la-universidad-nacional-del-centro-del-peru\/\" \/>\n<meta property=\"og:site_name\" content=\"Aeronoticias.com.pe\" \/>\n<meta property=\"article:publisher\" content=\"https:\/\/www.facebook.com\/Aeronoticias.com.pe\/\" \/>\n<meta property=\"article:published_time\" content=\"2022-01-11T14:01:18+00:00\" \/>\n<meta property=\"article:modified_time\" content=\"2022-01-11T14:01:22+00:00\" \/>\n<meta property=\"og:image\" content=\"https:\/\/aeronoticias.com.pe\/noticiero\/wp-content\/uploads\/2022\/01\/imagen-jpf.jpg\" \/>\n\t<meta property=\"og:image:width\" content=\"1800\" \/>\n\t<meta property=\"og:image:height\" content=\"1201\" \/>\n\t<meta property=\"og:image:type\" content=\"image\/jpeg\" \/>\n<meta name=\"author\" content=\"Redacci\u00f3n\" \/>\n<meta name=\"twitter:card\" content=\"summary_large_image\" \/>\n<meta name=\"twitter:creator\" content=\"@aeronoticias\" \/>\n<meta name=\"twitter:site\" content=\"@aeronoticias\" \/>\n<meta name=\"twitter:label1\" content=\"Escrito por\" \/>\n\t<meta name=\"twitter:data1\" content=\"Redacci\u00f3n\" \/>\n\t<meta name=\"twitter:label2\" content=\"Tiempo de lectura\" \/>\n\t<meta name=\"twitter:data2\" content=\"2 minutos\" \/>\n<script type=\"application\/ld+json\" class=\"yoast-schema-graph\">{\"@context\":\"https:\/\/schema.org\",\"@graph\":[{\"@type\":\"WebPage\",\"@id\":\"https:\/\/aeronoticias.com.pe\/noticiero\/ultimas\/1\/propiedad-intelectual-reconocen-esfuerzo-de-la-universidad-nacional-del-centro-del-peru\/\",\"url\":\"https:\/\/aeronoticias.com.pe\/noticiero\/ultimas\/1\/propiedad-intelectual-reconocen-esfuerzo-de-la-universidad-nacional-del-centro-del-peru\/\",\"name\":\"Propiedad intelectual: reconocen esfuerzo de la Universidad Nacional del Centro del Per\u00fa\",\"isPartOf\":{\"@id\":\"https:\/\/aeronoticias.com.pe\/noticiero\/#website\"},\"primaryImageOfPage\":{\"@id\":\"https:\/\/aeronoticias.com.pe\/noticiero\/ultimas\/1\/propiedad-intelectual-reconocen-esfuerzo-de-la-universidad-nacional-del-centro-del-peru\/#primaryimage\"},\"image\":{\"@id\":\"https:\/\/aeronoticias.com.pe\/noticiero\/ultimas\/1\/propiedad-intelectual-reconocen-esfuerzo-de-la-universidad-nacional-del-centro-del-peru\/#primaryimage\"},\"thumbnailUrl\":\"https:\/\/aeronoticias.com.pe\/noticiero\/wp-content\/uploads\/2022\/01\/imagen-jpf.jpg\",\"datePublished\":\"2022-01-11T14:01:18+00:00\",\"dateModified\":\"2022-01-11T14:01:22+00:00\",\"author\":{\"@id\":\"https:\/\/aeronoticias.com.pe\/noticiero\/#\/schema\/person\/16212a617c73f78916b13194154243bd\"},\"description\":\"El Indecopi y la UNCP ampl\u00edan convenio para la continuidad del Centro de Apoyo a la Tecnolog\u00eda y la Innovaci\u00f3n\",\"breadcrumb\":{\"@id\":\"https:\/\/aeronoticias.com.pe\/noticiero\/ultimas\/1\/propiedad-intelectual-reconocen-esfuerzo-de-la-universidad-nacional-del-centro-del-peru\/#breadcrumb\"},\"inLanguage\":\"es\",\"potentialAction\":[{\"@type\":\"ReadAction\",\"target\":[\"https:\/\/aeronoticias.com.pe\/noticiero\/ultimas\/1\/propiedad-intelectual-reconocen-esfuerzo-de-la-universidad-nacional-del-centro-del-peru\/\"]}]},{\"@type\":\"ImageObject\",\"inLanguage\":\"es\",\"@id\":\"https:\/\/aeronoticias.com.pe\/noticiero\/ultimas\/1\/propiedad-intelectual-reconocen-esfuerzo-de-la-universidad-nacional-del-centro-del-peru\/#primaryimage\",\"url\":\"https:\/\/aeronoticias.com.pe\/noticiero\/wp-content\/uploads\/2022\/01\/imagen-jpf.jpg\",\"contentUrl\":\"https:\/\/aeronoticias.com.pe\/noticiero\/wp-content\/uploads\/2022\/01\/imagen-jpf.jpg\",\"width\":1800,\"height\":1201},{\"@type\":\"BreadcrumbList\",\"@id\":\"https:\/\/aeronoticias.com.pe\/noticiero\/ultimas\/1\/propiedad-intelectual-reconocen-esfuerzo-de-la-universidad-nacional-del-centro-del-peru\/#breadcrumb\",\"itemListElement\":[{\"@type\":\"ListItem\",\"position\":1,\"name\":\"Portada\",\"item\":\"https:\/\/aeronoticias.com.pe\/noticiero\/\"},{\"@type\":\"ListItem\",\"position\":2,\"name\":\"Propiedad intelectual: reconocen esfuerzo de la Universidad Nacional del Centro del Per\u00fa\"}]},{\"@type\":\"WebSite\",\"@id\":\"https:\/\/aeronoticias.com.pe\/noticiero\/#website\",\"url\":\"https:\/\/aeronoticias.com.pe\/noticiero\/\",\"name\":\"Aeronoticias.com.pe\",\"description\":\"Noticias de tranporte aereo, turismo, hoteles, gastronomia, actualidad, internacional\",\"potentialAction\":[{\"@type\":\"SearchAction\",\"target\":{\"@type\":\"EntryPoint\",\"urlTemplate\":\"https:\/\/aeronoticias.com.pe\/noticiero\/?s={search_term_string}\"},\"query-input\":{\"@type\":\"PropertyValueSpecification\",\"valueRequired\":true,\"valueName\":\"search_term_string\"}}],\"inLanguage\":\"es\"},{\"@type\":\"Person\",\"@id\":\"https:\/\/aeronoticias.com.pe\/noticiero\/#\/schema\/person\/16212a617c73f78916b13194154243bd\",\"name\":\"Redacci\u00f3n\",\"sameAs\":[\"http:\/\/Redacci\u00f3n\"],\"url\":\"https:\/\/aeronoticias.com.pe\/noticiero\/author\/celeste\/\"}]}<\/script>\n<!-- \/ Yoast SEO plugin. -->","yoast_head_json":{"title":"Propiedad intelectual: reconocen esfuerzo de la Universidad Nacional del Centro del Per\u00fa","description":"El Indecopi y la UNCP ampl\u00edan convenio para la continuidad del Centro de Apoyo a la Tecnolog\u00eda y la Innovaci\u00f3n","robots":{"index":"index","follow":"follow","max-snippet":"max-snippet:-1","max-image-preview":"max-image-preview:large","max-video-preview":"max-video-preview:-1"},"canonical":"https:\/\/aeronoticias.com.pe\/noticiero\/ultimas\/1\/propiedad-intelectual-reconocen-esfuerzo-de-la-universidad-nacional-del-centro-del-peru\/","og_locale":"es_ES","og_type":"article","og_title":"Propiedad intelectual: reconocen esfuerzo de la Universidad Nacional del Centro del Per\u00fa","og_description":"El Indecopi y la UNCP ampl\u00edan convenio para la continuidad del Centro de Apoyo a la Tecnolog\u00eda y la Innovaci\u00f3n","og_url":"https:\/\/aeronoticias.com.pe\/noticiero\/ultimas\/1\/propiedad-intelectual-reconocen-esfuerzo-de-la-universidad-nacional-del-centro-del-peru\/","og_site_name":"Aeronoticias.com.pe","article_publisher":"https:\/\/www.facebook.com\/Aeronoticias.com.pe\/","article_published_time":"2022-01-11T14:01:18+00:00","article_modified_time":"2022-01-11T14:01:22+00:00","og_image":[{"width":1800,"height":1201,"url":"https:\/\/aeronoticias.com.pe\/noticiero\/wp-content\/uploads\/2022\/01\/imagen-jpf.jpg","type":"image\/jpeg"}],"author":"Redacci\u00f3n","twitter_card":"summary_large_image","twitter_creator":"@aeronoticias","twitter_site":"@aeronoticias","twitter_misc":{"Escrito por":"Redacci\u00f3n","Tiempo de lectura":"2 minutos"},"schema":{"@context":"https:\/\/schema.org","@graph":[{"@type":"WebPage","@id":"https:\/\/aeronoticias.com.pe\/noticiero\/ultimas\/1\/propiedad-intelectual-reconocen-esfuerzo-de-la-universidad-nacional-del-centro-del-peru\/","url":"https:\/\/aeronoticias.com.pe\/noticiero\/ultimas\/1\/propiedad-intelectual-reconocen-esfuerzo-de-la-universidad-nacional-del-centro-del-peru\/","name":"Propiedad intelectual: reconocen esfuerzo de la Universidad Nacional del Centro del Per\u00fa","isPartOf":{"@id":"https:\/\/aeronoticias.com.pe\/noticiero\/#website"},"primaryImageOfPage":{"@id":"https:\/\/aeronoticias.com.pe\/noticiero\/ultimas\/1\/propiedad-intelectual-reconocen-esfuerzo-de-la-universidad-nacional-del-centro-del-peru\/#primaryimage"},"image":{"@id":"https:\/\/aeronoticias.com.pe\/noticiero\/ultimas\/1\/propiedad-intelectual-reconocen-esfuerzo-de-la-universidad-nacional-del-centro-del-peru\/#primaryimage"},"thumbnailUrl":"https:\/\/aeronoticias.com.pe\/noticiero\/wp-content\/uploads\/2022\/01\/imagen-jpf.jpg","datePublished":"2022-01-11T14:01:18+00:00","dateModified":"2022-01-11T14:01:22+00:00","author":{"@id":"https:\/\/aeronoticias.com.pe\/noticiero\/#\/schema\/person\/16212a617c73f78916b13194154243bd"},"description":"El Indecopi y la UNCP ampl\u00edan convenio para la continuidad del Centro de Apoyo a la Tecnolog\u00eda y la Innovaci\u00f3n","breadcrumb":{"@id":"https:\/\/aeronoticias.com.pe\/noticiero\/ultimas\/1\/propiedad-intelectual-reconocen-esfuerzo-de-la-universidad-nacional-del-centro-del-peru\/#breadcrumb"},"inLanguage":"es","potentialAction":[{"@type":"ReadAction","target":["https:\/\/aeronoticias.com.pe\/noticiero\/ultimas\/1\/propiedad-intelectual-reconocen-esfuerzo-de-la-universidad-nacional-del-centro-del-peru\/"]}]},{"@type":"ImageObject","inLanguage":"es","@id":"https:\/\/aeronoticias.com.pe\/noticiero\/ultimas\/1\/propiedad-intelectual-reconocen-esfuerzo-de-la-universidad-nacional-del-centro-del-peru\/#primaryimage","url":"https:\/\/aeronoticias.com.pe\/noticiero\/wp-content\/uploads\/2022\/01\/imagen-jpf.jpg","contentUrl":"https:\/\/aeronoticias.com.pe\/noticiero\/wp-content\/uploads\/2022\/01\/imagen-jpf.jpg","width":1800,"height":1201},{"@type":"BreadcrumbList","@id":"https:\/\/aeronoticias.com.pe\/noticiero\/ultimas\/1\/propiedad-intelectual-reconocen-esfuerzo-de-la-universidad-nacional-del-centro-del-peru\/#breadcrumb","itemListElement":[{"@type":"ListItem","position":1,"name":"Portada","item":"https:\/\/aeronoticias.com.pe\/noticiero\/"},{"@type":"ListItem","position":2,"name":"Propiedad intelectual: reconocen esfuerzo de la Universidad Nacional del Centro del Per\u00fa"}]},{"@type":"WebSite","@id":"https:\/\/aeronoticias.com.pe\/noticiero\/#website","url":"https:\/\/aeronoticias.com.pe\/noticiero\/","name":"Aeronoticias.com.pe","description":"Noticias de tranporte aereo, turismo, hoteles, gastronomia, actualidad, internacional","potentialAction":[{"@type":"SearchAction","target":{"@type":"EntryPoint","urlTemplate":"https:\/\/aeronoticias.com.pe\/noticiero\/?s={search_term_string}"},"query-input":{"@type":"PropertyValueSpecification","valueRequired":true,"valueName":"search_term_string"}}],"inLanguage":"es"},{"@type":"Person","@id":"https:\/\/aeronoticias.com.pe\/noticiero\/#\/schema\/person\/16212a617c73f78916b13194154243bd","name":"Redacci\u00f3n","sameAs":["http:\/\/Redacci\u00f3n"],"url":"https:\/\/aeronoticias.com.pe\/noticiero\/author\/celeste\/"}]}},"_links":{"self":[{"href":"https:\/\/aeronoticias.com.pe\/noticiero\/wp-json\/wp\/v2\/posts\/76789","targetHints":{"allow":["GET"]}}],"collection":[{"href":"https:\/\/aeronoticias.com.pe\/noticiero\/wp-json\/wp\/v2\/posts"}],"about":[{"href":"https:\/\/aeronoticias.com.pe\/noticiero\/wp-json\/wp\/v2\/types\/post"}],"author":[{"embeddable":true,"href":"https:\/\/aeronoticias.com.pe\/noticiero\/wp-json\/wp\/v2\/users\/3"}],"replies":[{"embeddable":true,"href":"https:\/\/aeronoticias.com.pe\/noticiero\/wp-json\/wp\/v2\/comments?post=76789"}],"version-history":[{"count":0,"href":"https:\/\/aeronoticias.com.pe\/noticiero\/wp-json\/wp\/v2\/posts\/76789\/revisions"}],"wp:featuredmedia":[{"embeddable":true,"href":"https:\/\/aeronoticias.com.pe\/noticiero\/wp-json\/wp\/v2\/media\/76790"}],"wp:attachment":[{"href":"https:\/\/aeronoticias.com.pe\/noticiero\/wp-json\/wp\/v2\/media?parent=76789"}],"wp:term":[{"taxonomy":"category","embeddable":true,"href":"https:\/\/aeronoticias.com.pe\/noticiero\/wp-json\/wp\/v2\/categories?post=76789"},{"taxonomy":"post_tag","embeddable":true,"href":"https:\/\/aeronoticias.com.pe\/noticiero\/wp-json\/wp\/v2\/tags?post=76789"}],"curies":[{"name":"wp","href":"https:\/\/api.w.org\/{rel}","templated":true}]}}