{"id":76792,"date":"2022-01-11T09:35:59","date_gmt":"2022-01-11T14:35:59","guid":{"rendered":"https:\/\/aeronoticias.com.pe\/noticiero\/?p=76792"},"modified":"2022-01-11T10:10:35","modified_gmt":"2022-01-11T15:10:35","slug":"indecopi-convocara-a-una-mesa-de-trabajo-para-evaluar-mejoras-a-la-ley-de-alimentacion-saludable-y-su-reglamento","status":"publish","type":"post","link":"https:\/\/aeronoticias.com.pe\/noticiero\/ultimas\/1\/indecopi-convocara-a-una-mesa-de-trabajo-para-evaluar-mejoras-a-la-ley-de-alimentacion-saludable-y-su-reglamento\/","title":{"rendered":"Indecopi convocar\u00e1 a una mesa de trabajo para evaluar mejoras a la Ley de Alimentaci\u00f3n Saludable y su Reglamento"},"content":{"rendered":"\n<p><strong>(Aeronoticias)<\/strong>: El Instituto Nacional de Defensa de la Competencia y de la Protecci\u00f3n de la Propiedad Intelectual convocar\u00e1 a una mesa de trabajo para evaluar, de manera t\u00e9cnica, la necesidad de preparar una propuesta para una reforma que permita ofrecer una alimentaci\u00f3n saludable a los consumidores, contando con resultados de ensayos de laboratorio para medir las grasas trans en los alimentos y buscar que estos est\u00e9n debidamente sustentados mediante la evaluaci\u00f3n de la conformidad.\u00a0<\/p>\n\n\n\n<p>Por ello, el presidente ejecutivo del Indecopi, Juli\u00e1n Palac\u00edn Guti\u00e9rrez, se reuni\u00f3 con la titular del Instituto Nacional de Calidad (Inacal), Clara G\u00e1lvez Castillo, junto a sus respectivos equipos t\u00e9cnicos, para proponer la ejecuci\u00f3n de un trabajo conjunto en beneficio de los consumidores.<\/p>\n\n\n\n<figure class=\"wp-block-image\"><img decoding=\"async\" src=\"https:\/\/portal.andina.pe\/EDPfotografia3\/Thumbnail\/2021\/06\/02\/000778971W.jpg\" alt=\"Palac\u00edn Guti\u00e9rrez precis\u00f3 que, a pesar de existir ya una legislaci\u00f3n sobre la materia, resulta necesario evaluar una reforma legislativa en forma conjunta con el Ministerio de Salud. INTERNET\/Medios\"\/><\/figure>\n\n\n\n<p>Durante la reuni\u00f3n, Palac\u00edn Guti\u00e9rrez precis\u00f3 que, a pesar de existir ya una legislaci\u00f3n sobre la materia, resulta necesario evaluar una reforma legislativa en forma conjunta con el Ministerio de Salud y la Direcci\u00f3n General de Salud Ambiental e Inocuidad Alimentaria (Digesa), a efectos de fortalecer los esfuerzos en pro de la alimentaci\u00f3n saludable; as\u00ed como, en beneficio y protecci\u00f3n de los consumidores, mediante pruebas de laboratorio y m\u00e9todos de ensayo debidamente actualizados y acreditados ante el Inacal.<\/p>\n\n\n\n<p>Destac\u00f3 que el problema radica en que no existe en el Per\u00fa la obligatoriedad de una normativa que exija, por ejemplo, a los fabricantes de insumos alimenticios, a utilizar m\u00e9todos de ensayo debidamente acreditados para la detecci\u00f3n de grasas trans en sus productos. Por ello, es importante promover cambios y\/o ajustes en la legislaci\u00f3n vigente sobre alimentaci\u00f3n saludable con especial atenci\u00f3n al proceso de reducci\u00f3n gradual hasta la eliminaci\u00f3n de las grasas trans en los alimentos y bebidas no alcoh\u00f3licas procesados industrialmente.<\/p>\n\n\n\n<p>De la misma opini\u00f3n fue la presidenta ejecutiva del Inacal, Clara G\u00e1lvez Castillo, quien se mostr\u00f3 favorable de continuar dando asistencia t\u00e9cnica, a trav\u00e9s de las Normas T\u00e9cnicas Peruanas y de la acreditaci\u00f3n, para que puedan servir de soporte a la legislaci\u00f3n sobre la materia, como agente facilitador para que el sector competente proceda a la regulaci\u00f3n.\u00a0<\/p>\n\n\n\n<p><strong>Fuente: Indecopi Noticias<\/strong><\/p>\n\n\n\n<p><\/p>\n\n\n\n<p><\/p>\n","protected":false},"excerpt":{"rendered":"<p>(Aeronoticias): El Instituto Nacional de Defensa de la Competencia y de la Protecci\u00f3n de la Propiedad Intelectual convocar\u00e1 a una mesa de trabajo para evaluar, de manera t\u00e9cnica, la necesidad de preparar una propuesta para una reforma que permita ofrecer una alimentaci\u00f3n saludable a los consumidores, contando con resultados de ensayos de laboratorio para medir [&hellip;]<\/p>\n","protected":false},"author":3,"featured_media":76793,"comment_status":"open","ping_status":"open","sticky":false,"template":"","format":"standard","meta":{"tdm_status":"","tdm_grid_status":"","footnotes":""},"categories":[51,8,30],"tags":[1723,1724],"class_list":{"0":"post-76792","1":"post","2":"type-post","3":"status-publish","4":"format-standard","5":"has-post-thumbnail","7":"category-nacional","8":"category-ultimas","9":"category-30","10":"tag-inacal","11":"tag-ley-de-alimentacion-saludable"},"yoast_head":"<!-- This site is optimized with the Yoast SEO plugin v25.1 - https:\/\/yoast.com\/wordpress\/plugins\/seo\/ -->\n<title>Indecopi convocar\u00e1 a una mesa de trabajo para evaluar mejoras a la Ley de Alimentaci\u00f3n Saludable y su Reglamento<\/title>\n<meta name=\"description\" content=\"Presidente del Indecopi, Juli\u00e1n Palac\u00edn anunci\u00f3 que se elaborar\u00e1 propuesta de la mano con t\u00e9cnicos del Instituto Nacional de Calidad (Inacal) y el Ministerio de Salud (Minsa).\" \/>\n<meta name=\"robots\" content=\"index, follow, max-snippet:-1, max-image-preview:large, max-video-preview:-1\" \/>\n<link rel=\"canonical\" href=\"https:\/\/aeronoticias.com.pe\/noticiero\/ultimas\/1\/indecopi-convocara-a-una-mesa-de-trabajo-para-evaluar-mejoras-a-la-ley-de-alimentacion-saludable-y-su-reglamento\/\" \/>\n<meta property=\"og:locale\" content=\"es_ES\" \/>\n<meta property=\"og:type\" content=\"article\" \/>\n<meta property=\"og:title\" content=\"Indecopi convocar\u00e1 a una mesa de trabajo para evaluar mejoras a la Ley de Alimentaci\u00f3n Saludable y su Reglamento\" \/>\n<meta property=\"og:description\" content=\"Presidente del Indecopi, Juli\u00e1n Palac\u00edn anunci\u00f3 que se elaborar\u00e1 propuesta de la mano con t\u00e9cnicos del Instituto Nacional de Calidad (Inacal) y el Ministerio de Salud (Minsa).\" \/>\n<meta property=\"og:url\" content=\"https:\/\/aeronoticias.com.pe\/noticiero\/ultimas\/1\/indecopi-convocara-a-una-mesa-de-trabajo-para-evaluar-mejoras-a-la-ley-de-alimentacion-saludable-y-su-reglamento\/\" \/>\n<meta property=\"og:site_name\" content=\"Aeronoticias.com.pe\" \/>\n<meta property=\"article:publisher\" content=\"https:\/\/www.facebook.com\/Aeronoticias.com.pe\/\" \/>\n<meta property=\"article:published_time\" content=\"2022-01-11T14:35:59+00:00\" \/>\n<meta property=\"article:modified_time\" content=\"2022-01-11T15:10:35+00:00\" \/>\n<meta property=\"og:image\" content=\"https:\/\/aeronoticias.com.pe\/noticiero\/wp-content\/uploads\/2022\/01\/indec.jpeg\" \/>\n\t<meta property=\"og:image:width\" content=\"645\" \/>\n\t<meta property=\"og:image:height\" content=\"363\" \/>\n\t<meta property=\"og:image:type\" content=\"image\/jpeg\" \/>\n<meta name=\"author\" content=\"Redacci\u00f3n\" \/>\n<meta name=\"twitter:card\" content=\"summary_large_image\" \/>\n<meta name=\"twitter:creator\" content=\"@aeronoticias\" \/>\n<meta name=\"twitter:site\" content=\"@aeronoticias\" \/>\n<meta name=\"twitter:label1\" content=\"Escrito por\" \/>\n\t<meta name=\"twitter:data1\" content=\"Redacci\u00f3n\" \/>\n\t<meta name=\"twitter:label2\" content=\"Tiempo de lectura\" \/>\n\t<meta name=\"twitter:data2\" content=\"2 minutos\" \/>\n<script type=\"application\/ld+json\" class=\"yoast-schema-graph\">{\"@context\":\"https:\/\/schema.org\",\"@graph\":[{\"@type\":\"WebPage\",\"@id\":\"https:\/\/aeronoticias.com.pe\/noticiero\/ultimas\/1\/indecopi-convocara-a-una-mesa-de-trabajo-para-evaluar-mejoras-a-la-ley-de-alimentacion-saludable-y-su-reglamento\/\",\"url\":\"https:\/\/aeronoticias.com.pe\/noticiero\/ultimas\/1\/indecopi-convocara-a-una-mesa-de-trabajo-para-evaluar-mejoras-a-la-ley-de-alimentacion-saludable-y-su-reglamento\/\",\"name\":\"Indecopi convocar\u00e1 a una mesa de trabajo para evaluar mejoras a la Ley de Alimentaci\u00f3n Saludable y su Reglamento\",\"isPartOf\":{\"@id\":\"https:\/\/aeronoticias.com.pe\/noticiero\/#website\"},\"primaryImageOfPage\":{\"@id\":\"https:\/\/aeronoticias.com.pe\/noticiero\/ultimas\/1\/indecopi-convocara-a-una-mesa-de-trabajo-para-evaluar-mejoras-a-la-ley-de-alimentacion-saludable-y-su-reglamento\/#primaryimage\"},\"image\":{\"@id\":\"https:\/\/aeronoticias.com.pe\/noticiero\/ultimas\/1\/indecopi-convocara-a-una-mesa-de-trabajo-para-evaluar-mejoras-a-la-ley-de-alimentacion-saludable-y-su-reglamento\/#primaryimage\"},\"thumbnailUrl\":\"https:\/\/aeronoticias.com.pe\/noticiero\/wp-content\/uploads\/2022\/01\/indec.jpeg\",\"datePublished\":\"2022-01-11T14:35:59+00:00\",\"dateModified\":\"2022-01-11T15:10:35+00:00\",\"author\":{\"@id\":\"https:\/\/aeronoticias.com.pe\/noticiero\/#\/schema\/person\/16212a617c73f78916b13194154243bd\"},\"description\":\"Presidente del Indecopi, Juli\u00e1n Palac\u00edn anunci\u00f3 que se elaborar\u00e1 propuesta de la mano con t\u00e9cnicos del Instituto Nacional de Calidad (Inacal) y el Ministerio de Salud (Minsa).\",\"breadcrumb\":{\"@id\":\"https:\/\/aeronoticias.com.pe\/noticiero\/ultimas\/1\/indecopi-convocara-a-una-mesa-de-trabajo-para-evaluar-mejoras-a-la-ley-de-alimentacion-saludable-y-su-reglamento\/#breadcrumb\"},\"inLanguage\":\"es\",\"potentialAction\":[{\"@type\":\"ReadAction\",\"target\":[\"https:\/\/aeronoticias.com.pe\/noticiero\/ultimas\/1\/indecopi-convocara-a-una-mesa-de-trabajo-para-evaluar-mejoras-a-la-ley-de-alimentacion-saludable-y-su-reglamento\/\"]}]},{\"@type\":\"ImageObject\",\"inLanguage\":\"es\",\"@id\":\"https:\/\/aeronoticias.com.pe\/noticiero\/ultimas\/1\/indecopi-convocara-a-una-mesa-de-trabajo-para-evaluar-mejoras-a-la-ley-de-alimentacion-saludable-y-su-reglamento\/#primaryimage\",\"url\":\"https:\/\/aeronoticias.com.pe\/noticiero\/wp-content\/uploads\/2022\/01\/indec.jpeg\",\"contentUrl\":\"https:\/\/aeronoticias.com.pe\/noticiero\/wp-content\/uploads\/2022\/01\/indec.jpeg\",\"width\":645,\"height\":363},{\"@type\":\"BreadcrumbList\",\"@id\":\"https:\/\/aeronoticias.com.pe\/noticiero\/ultimas\/1\/indecopi-convocara-a-una-mesa-de-trabajo-para-evaluar-mejoras-a-la-ley-de-alimentacion-saludable-y-su-reglamento\/#breadcrumb\",\"itemListElement\":[{\"@type\":\"ListItem\",\"position\":1,\"name\":\"Portada\",\"item\":\"https:\/\/aeronoticias.com.pe\/noticiero\/\"},{\"@type\":\"ListItem\",\"position\":2,\"name\":\"Indecopi convocar\u00e1 a una mesa de trabajo para evaluar mejoras a la Ley de Alimentaci\u00f3n Saludable y su Reglamento\"}]},{\"@type\":\"WebSite\",\"@id\":\"https:\/\/aeronoticias.com.pe\/noticiero\/#website\",\"url\":\"https:\/\/aeronoticias.com.pe\/noticiero\/\",\"name\":\"Aeronoticias.com.pe\",\"description\":\"Noticias de tranporte aereo, turismo, hoteles, gastronomia, actualidad, internacional\",\"potentialAction\":[{\"@type\":\"SearchAction\",\"target\":{\"@type\":\"EntryPoint\",\"urlTemplate\":\"https:\/\/aeronoticias.com.pe\/noticiero\/?s={search_term_string}\"},\"query-input\":{\"@type\":\"PropertyValueSpecification\",\"valueRequired\":true,\"valueName\":\"search_term_string\"}}],\"inLanguage\":\"es\"},{\"@type\":\"Person\",\"@id\":\"https:\/\/aeronoticias.com.pe\/noticiero\/#\/schema\/person\/16212a617c73f78916b13194154243bd\",\"name\":\"Redacci\u00f3n\",\"sameAs\":[\"http:\/\/Redacci\u00f3n\"],\"url\":\"https:\/\/aeronoticias.com.pe\/noticiero\/author\/celeste\/\"}]}<\/script>\n<!-- \/ Yoast SEO plugin. -->","yoast_head_json":{"title":"Indecopi convocar\u00e1 a una mesa de trabajo para evaluar mejoras a la Ley de Alimentaci\u00f3n Saludable y su Reglamento","description":"Presidente del Indecopi, Juli\u00e1n Palac\u00edn anunci\u00f3 que se elaborar\u00e1 propuesta de la mano con t\u00e9cnicos del Instituto Nacional de Calidad (Inacal) y el Ministerio de Salud (Minsa).","robots":{"index":"index","follow":"follow","max-snippet":"max-snippet:-1","max-image-preview":"max-image-preview:large","max-video-preview":"max-video-preview:-1"},"canonical":"https:\/\/aeronoticias.com.pe\/noticiero\/ultimas\/1\/indecopi-convocara-a-una-mesa-de-trabajo-para-evaluar-mejoras-a-la-ley-de-alimentacion-saludable-y-su-reglamento\/","og_locale":"es_ES","og_type":"article","og_title":"Indecopi convocar\u00e1 a una mesa de trabajo para evaluar mejoras a la Ley de Alimentaci\u00f3n Saludable y su Reglamento","og_description":"Presidente del Indecopi, Juli\u00e1n Palac\u00edn anunci\u00f3 que se elaborar\u00e1 propuesta de la mano con t\u00e9cnicos del Instituto Nacional de Calidad (Inacal) y el Ministerio de Salud (Minsa).","og_url":"https:\/\/aeronoticias.com.pe\/noticiero\/ultimas\/1\/indecopi-convocara-a-una-mesa-de-trabajo-para-evaluar-mejoras-a-la-ley-de-alimentacion-saludable-y-su-reglamento\/","og_site_name":"Aeronoticias.com.pe","article_publisher":"https:\/\/www.facebook.com\/Aeronoticias.com.pe\/","article_published_time":"2022-01-11T14:35:59+00:00","article_modified_time":"2022-01-11T15:10:35+00:00","og_image":[{"width":645,"height":363,"url":"https:\/\/aeronoticias.com.pe\/noticiero\/wp-content\/uploads\/2022\/01\/indec.jpeg","type":"image\/jpeg"}],"author":"Redacci\u00f3n","twitter_card":"summary_large_image","twitter_creator":"@aeronoticias","twitter_site":"@aeronoticias","twitter_misc":{"Escrito por":"Redacci\u00f3n","Tiempo de lectura":"2 minutos"},"schema":{"@context":"https:\/\/schema.org","@graph":[{"@type":"WebPage","@id":"https:\/\/aeronoticias.com.pe\/noticiero\/ultimas\/1\/indecopi-convocara-a-una-mesa-de-trabajo-para-evaluar-mejoras-a-la-ley-de-alimentacion-saludable-y-su-reglamento\/","url":"https:\/\/aeronoticias.com.pe\/noticiero\/ultimas\/1\/indecopi-convocara-a-una-mesa-de-trabajo-para-evaluar-mejoras-a-la-ley-de-alimentacion-saludable-y-su-reglamento\/","name":"Indecopi convocar\u00e1 a una mesa de trabajo para evaluar mejoras a la Ley de Alimentaci\u00f3n Saludable y su Reglamento","isPartOf":{"@id":"https:\/\/aeronoticias.com.pe\/noticiero\/#website"},"primaryImageOfPage":{"@id":"https:\/\/aeronoticias.com.pe\/noticiero\/ultimas\/1\/indecopi-convocara-a-una-mesa-de-trabajo-para-evaluar-mejoras-a-la-ley-de-alimentacion-saludable-y-su-reglamento\/#primaryimage"},"image":{"@id":"https:\/\/aeronoticias.com.pe\/noticiero\/ultimas\/1\/indecopi-convocara-a-una-mesa-de-trabajo-para-evaluar-mejoras-a-la-ley-de-alimentacion-saludable-y-su-reglamento\/#primaryimage"},"thumbnailUrl":"https:\/\/aeronoticias.com.pe\/noticiero\/wp-content\/uploads\/2022\/01\/indec.jpeg","datePublished":"2022-01-11T14:35:59+00:00","dateModified":"2022-01-11T15:10:35+00:00","author":{"@id":"https:\/\/aeronoticias.com.pe\/noticiero\/#\/schema\/person\/16212a617c73f78916b13194154243bd"},"description":"Presidente del Indecopi, Juli\u00e1n Palac\u00edn anunci\u00f3 que se elaborar\u00e1 propuesta de la mano con t\u00e9cnicos del Instituto Nacional de Calidad (Inacal) y el Ministerio de Salud (Minsa).","breadcrumb":{"@id":"https:\/\/aeronoticias.com.pe\/noticiero\/ultimas\/1\/indecopi-convocara-a-una-mesa-de-trabajo-para-evaluar-mejoras-a-la-ley-de-alimentacion-saludable-y-su-reglamento\/#breadcrumb"},"inLanguage":"es","potentialAction":[{"@type":"ReadAction","target":["https:\/\/aeronoticias.com.pe\/noticiero\/ultimas\/1\/indecopi-convocara-a-una-mesa-de-trabajo-para-evaluar-mejoras-a-la-ley-de-alimentacion-saludable-y-su-reglamento\/"]}]},{"@type":"ImageObject","inLanguage":"es","@id":"https:\/\/aeronoticias.com.pe\/noticiero\/ultimas\/1\/indecopi-convocara-a-una-mesa-de-trabajo-para-evaluar-mejoras-a-la-ley-de-alimentacion-saludable-y-su-reglamento\/#primaryimage","url":"https:\/\/aeronoticias.com.pe\/noticiero\/wp-content\/uploads\/2022\/01\/indec.jpeg","contentUrl":"https:\/\/aeronoticias.com.pe\/noticiero\/wp-content\/uploads\/2022\/01\/indec.jpeg","width":645,"height":363},{"@type":"BreadcrumbList","@id":"https:\/\/aeronoticias.com.pe\/noticiero\/ultimas\/1\/indecopi-convocara-a-una-mesa-de-trabajo-para-evaluar-mejoras-a-la-ley-de-alimentacion-saludable-y-su-reglamento\/#breadcrumb","itemListElement":[{"@type":"ListItem","position":1,"name":"Portada","item":"https:\/\/aeronoticias.com.pe\/noticiero\/"},{"@type":"ListItem","position":2,"name":"Indecopi convocar\u00e1 a una mesa de trabajo para evaluar mejoras a la Ley de Alimentaci\u00f3n Saludable y su Reglamento"}]},{"@type":"WebSite","@id":"https:\/\/aeronoticias.com.pe\/noticiero\/#website","url":"https:\/\/aeronoticias.com.pe\/noticiero\/","name":"Aeronoticias.com.pe","description":"Noticias de tranporte aereo, turismo, hoteles, gastronomia, actualidad, internacional","potentialAction":[{"@type":"SearchAction","target":{"@type":"EntryPoint","urlTemplate":"https:\/\/aeronoticias.com.pe\/noticiero\/?s={search_term_string}"},"query-input":{"@type":"PropertyValueSpecification","valueRequired":true,"valueName":"search_term_string"}}],"inLanguage":"es"},{"@type":"Person","@id":"https:\/\/aeronoticias.com.pe\/noticiero\/#\/schema\/person\/16212a617c73f78916b13194154243bd","name":"Redacci\u00f3n","sameAs":["http:\/\/Redacci\u00f3n"],"url":"https:\/\/aeronoticias.com.pe\/noticiero\/author\/celeste\/"}]}},"_links":{"self":[{"href":"https:\/\/aeronoticias.com.pe\/noticiero\/wp-json\/wp\/v2\/posts\/76792","targetHints":{"allow":["GET"]}}],"collection":[{"href":"https:\/\/aeronoticias.com.pe\/noticiero\/wp-json\/wp\/v2\/posts"}],"about":[{"href":"https:\/\/aeronoticias.com.pe\/noticiero\/wp-json\/wp\/v2\/types\/post"}],"author":[{"embeddable":true,"href":"https:\/\/aeronoticias.com.pe\/noticiero\/wp-json\/wp\/v2\/users\/3"}],"replies":[{"embeddable":true,"href":"https:\/\/aeronoticias.com.pe\/noticiero\/wp-json\/wp\/v2\/comments?post=76792"}],"version-history":[{"count":0,"href":"https:\/\/aeronoticias.com.pe\/noticiero\/wp-json\/wp\/v2\/posts\/76792\/revisions"}],"wp:featuredmedia":[{"embeddable":true,"href":"https:\/\/aeronoticias.com.pe\/noticiero\/wp-json\/wp\/v2\/media\/76793"}],"wp:attachment":[{"href":"https:\/\/aeronoticias.com.pe\/noticiero\/wp-json\/wp\/v2\/media?parent=76792"}],"wp:term":[{"taxonomy":"category","embeddable":true,"href":"https:\/\/aeronoticias.com.pe\/noticiero\/wp-json\/wp\/v2\/categories?post=76792"},{"taxonomy":"post_tag","embeddable":true,"href":"https:\/\/aeronoticias.com.pe\/noticiero\/wp-json\/wp\/v2\/tags?post=76792"}],"curies":[{"name":"wp","href":"https:\/\/api.w.org\/{rel}","templated":true}]}}