{"id":76796,"date":"2022-01-11T10:28:22","date_gmt":"2022-01-11T15:28:22","guid":{"rendered":"https:\/\/aeronoticias.com.pe\/noticiero\/?p=76796"},"modified":"2022-01-11T10:28:26","modified_gmt":"2022-01-11T15:28:26","slug":"cerrara-ryanair-base-de-frankfurt","status":"publish","type":"post","link":"https:\/\/aeronoticias.com.pe\/noticiero\/mundo\/mundo-mundo-2\/cerrara-ryanair-base-de-frankfurt\/","title":{"rendered":"Cerrar\u00e1 Ryanair base de Frankfurt"},"content":{"rendered":"\n<p><strong>(Aeronoticias)<\/strong>: El pr\u00f3ximo 31 de marzo,\u00a0<strong>Ryanair cerrar\u00e1 su base localizada en Frankfurt, Alemania<\/strong>, debido al\u00a0<strong>aumento de tarifas aeroportuarias<\/strong>.<\/p>\n\n\n\n<p>A trav\u00e9s de un comunicado, la aerol\u00ednea irlandesa expres\u00f3 su descontento con las autoridades alemanas, y se\u00f1al\u00f3 que la empresa ha invertido en ese pa\u00eds\u00a0<strong>200 millones de euros para la operaci\u00f3n de una base con 2 aviones en Nuremberg<\/strong>, sin embargo, ha protegido a Lufthansa, con apoyos estatales de 9 mil millones de euros.<\/p>\n\n\n\n<p>\u201cEn una fase de recuperaci\u00f3n posterior al Covid, los aeropuertos deben incentivar la recuperaci\u00f3n del tr\u00e1fico; desafortunadamente, Frankfurt,\u00a0<strong>en lugar de proporcionar incentivos para la recuperaci\u00f3n del tr\u00e1fico, ha optado por aumentar los precios a\u00fan m\u00e1s<\/strong>, lo que hace que Frankfurt no sea competitiva con los aeropuertos europeos\u201d, indic\u00f3 la aerol\u00ednea.<\/p>\n\n\n\n<p>La empresa planea seguir\u00a0<strong>creciendo en Europa con 65 nuevos aviones B737 8-200<\/strong>\u00a0que ser\u00e1n introducidos a partir del pr\u00f3ximo verano.<\/p>\n\n\n\n<p>El director comercial de Ryanair, Jason McGuinness, indic\u00f3 que las operaciones eficientes y las tarifas aeroportuarias competitivas proporcionan la base desde la cual Ryanair puede\u00a0<strong>generar un crecimiento del tr\u00e1fico a largo plazo y una mayor conectividad para los aeropuertos y las regiones<\/strong>, sin embargo, la decisi\u00f3n del gobierno alem\u00e1n de aumentar sus impuestos a los pasajeros y la decisi\u00f3n del aeropuerto de aumentar sus tarifas ya altas y poco competitivas har\u00e1 esto imposible..<\/p>\n\n\n\n<p>\u201cContinuamos negociando con \u00e9xito los bajos costos a largo plazo que requieren los aeropuertos para respaldar las tarifas bajas l\u00edderes en la industria de Ryanair, lo que est\u00e1\u00a0<strong>impulsando la recuperaci\u00f3n y liderando la recuperaci\u00f3n de Europa despu\u00e9s del Covid<\/strong>\u201d.<\/p>\n\n\n\n<p><strong>Fuente: A21 mx<\/strong><\/p>\n","protected":false},"excerpt":{"rendered":"<p>(Aeronoticias): El pr\u00f3ximo 31 de marzo,\u00a0Ryanair cerrar\u00e1 su base localizada en Frankfurt, Alemania, debido al\u00a0aumento de tarifas aeroportuarias. A trav\u00e9s de un comunicado, la aerol\u00ednea irlandesa expres\u00f3 su descontento con las autoridades alemanas, y se\u00f1al\u00f3 que la empresa ha invertido en ese pa\u00eds\u00a0200 millones de euros para la operaci\u00f3n de una base con 2 aviones [&hellip;]<\/p>\n","protected":false},"author":3,"featured_media":76797,"comment_status":"open","ping_status":"open","sticky":false,"template":"","format":"standard","meta":{"tdm_status":"","tdm_grid_status":"","footnotes":""},"categories":[65,9],"tags":[342,177],"class_list":{"0":"post-76796","1":"post","2":"type-post","3":"status-publish","4":"format-standard","5":"has-post-thumbnail","7":"category-mundo-mundo-2","8":"category-turismo","9":"tag-lufthansa","10":"tag-ryanair"},"yoast_head":"<!-- This site is optimized with the Yoast SEO plugin v25.1 - https:\/\/yoast.com\/wordpress\/plugins\/seo\/ -->\n<title>Cerrar\u00e1 Ryanair base de Frankfurt<\/title>\n<meta name=\"description\" content=\"La Aerol\u00ednea Irlandesa tom\u00f3 la decisi\u00f3n a causa del aumento de las tarifas aeroportuarias\" \/>\n<meta name=\"robots\" content=\"index, follow, max-snippet:-1, max-image-preview:large, max-video-preview:-1\" \/>\n<link rel=\"canonical\" href=\"https:\/\/aeronoticias.com.pe\/noticiero\/mundo\/mundo-mundo-2\/cerrara-ryanair-base-de-frankfurt\/\" \/>\n<meta property=\"og:locale\" content=\"es_ES\" \/>\n<meta property=\"og:type\" content=\"article\" \/>\n<meta property=\"og:title\" content=\"Cerrar\u00e1 Ryanair base de Frankfurt\" \/>\n<meta property=\"og:description\" content=\"La Aerol\u00ednea Irlandesa tom\u00f3 la decisi\u00f3n a causa del aumento de las tarifas aeroportuarias\" \/>\n<meta property=\"og:url\" content=\"https:\/\/aeronoticias.com.pe\/noticiero\/mundo\/mundo-mundo-2\/cerrara-ryanair-base-de-frankfurt\/\" \/>\n<meta property=\"og:site_name\" content=\"Aeronoticias.com.pe\" \/>\n<meta property=\"article:publisher\" content=\"https:\/\/www.facebook.com\/Aeronoticias.com.pe\/\" \/>\n<meta property=\"article:published_time\" content=\"2022-01-11T15:28:22+00:00\" \/>\n<meta property=\"article:modified_time\" content=\"2022-01-11T15:28:26+00:00\" \/>\n<meta property=\"og:image\" content=\"https:\/\/aeronoticias.com.pe\/noticiero\/wp-content\/uploads\/2022\/01\/avioncitoo.jpg\" \/>\n\t<meta property=\"og:image:width\" content=\"1000\" \/>\n\t<meta property=\"og:image:height\" content=\"667\" \/>\n\t<meta property=\"og:image:type\" content=\"image\/jpeg\" \/>\n<meta name=\"author\" content=\"Redacci\u00f3n\" \/>\n<meta name=\"twitter:card\" content=\"summary_large_image\" \/>\n<meta name=\"twitter:creator\" content=\"@aeronoticias\" \/>\n<meta name=\"twitter:site\" content=\"@aeronoticias\" \/>\n<meta name=\"twitter:label1\" content=\"Escrito por\" \/>\n\t<meta name=\"twitter:data1\" content=\"Redacci\u00f3n\" \/>\n\t<meta name=\"twitter:label2\" content=\"Tiempo de lectura\" \/>\n\t<meta name=\"twitter:data2\" content=\"1 minuto\" \/>\n<script type=\"application\/ld+json\" class=\"yoast-schema-graph\">{\"@context\":\"https:\/\/schema.org\",\"@graph\":[{\"@type\":\"WebPage\",\"@id\":\"https:\/\/aeronoticias.com.pe\/noticiero\/mundo\/mundo-mundo-2\/cerrara-ryanair-base-de-frankfurt\/\",\"url\":\"https:\/\/aeronoticias.com.pe\/noticiero\/mundo\/mundo-mundo-2\/cerrara-ryanair-base-de-frankfurt\/\",\"name\":\"Cerrar\u00e1 Ryanair base de Frankfurt\",\"isPartOf\":{\"@id\":\"https:\/\/aeronoticias.com.pe\/noticiero\/#website\"},\"primaryImageOfPage\":{\"@id\":\"https:\/\/aeronoticias.com.pe\/noticiero\/mundo\/mundo-mundo-2\/cerrara-ryanair-base-de-frankfurt\/#primaryimage\"},\"image\":{\"@id\":\"https:\/\/aeronoticias.com.pe\/noticiero\/mundo\/mundo-mundo-2\/cerrara-ryanair-base-de-frankfurt\/#primaryimage\"},\"thumbnailUrl\":\"https:\/\/aeronoticias.com.pe\/noticiero\/wp-content\/uploads\/2022\/01\/avioncitoo.jpg\",\"datePublished\":\"2022-01-11T15:28:22+00:00\",\"dateModified\":\"2022-01-11T15:28:26+00:00\",\"author\":{\"@id\":\"https:\/\/aeronoticias.com.pe\/noticiero\/#\/schema\/person\/16212a617c73f78916b13194154243bd\"},\"description\":\"La Aerol\u00ednea Irlandesa tom\u00f3 la decisi\u00f3n a causa del aumento de las tarifas aeroportuarias\",\"breadcrumb\":{\"@id\":\"https:\/\/aeronoticias.com.pe\/noticiero\/mundo\/mundo-mundo-2\/cerrara-ryanair-base-de-frankfurt\/#breadcrumb\"},\"inLanguage\":\"es\",\"potentialAction\":[{\"@type\":\"ReadAction\",\"target\":[\"https:\/\/aeronoticias.com.pe\/noticiero\/mundo\/mundo-mundo-2\/cerrara-ryanair-base-de-frankfurt\/\"]}]},{\"@type\":\"ImageObject\",\"inLanguage\":\"es\",\"@id\":\"https:\/\/aeronoticias.com.pe\/noticiero\/mundo\/mundo-mundo-2\/cerrara-ryanair-base-de-frankfurt\/#primaryimage\",\"url\":\"https:\/\/aeronoticias.com.pe\/noticiero\/wp-content\/uploads\/2022\/01\/avioncitoo.jpg\",\"contentUrl\":\"https:\/\/aeronoticias.com.pe\/noticiero\/wp-content\/uploads\/2022\/01\/avioncitoo.jpg\",\"width\":1000,\"height\":667},{\"@type\":\"BreadcrumbList\",\"@id\":\"https:\/\/aeronoticias.com.pe\/noticiero\/mundo\/mundo-mundo-2\/cerrara-ryanair-base-de-frankfurt\/#breadcrumb\",\"itemListElement\":[{\"@type\":\"ListItem\",\"position\":1,\"name\":\"Portada\",\"item\":\"https:\/\/aeronoticias.com.pe\/noticiero\/\"},{\"@type\":\"ListItem\",\"position\":2,\"name\":\"Cerrar\u00e1 Ryanair base de Frankfurt\"}]},{\"@type\":\"WebSite\",\"@id\":\"https:\/\/aeronoticias.com.pe\/noticiero\/#website\",\"url\":\"https:\/\/aeronoticias.com.pe\/noticiero\/\",\"name\":\"Aeronoticias.com.pe\",\"description\":\"Noticias de tranporte aereo, turismo, hoteles, gastronomia, actualidad, internacional\",\"potentialAction\":[{\"@type\":\"SearchAction\",\"target\":{\"@type\":\"EntryPoint\",\"urlTemplate\":\"https:\/\/aeronoticias.com.pe\/noticiero\/?s={search_term_string}\"},\"query-input\":{\"@type\":\"PropertyValueSpecification\",\"valueRequired\":true,\"valueName\":\"search_term_string\"}}],\"inLanguage\":\"es\"},{\"@type\":\"Person\",\"@id\":\"https:\/\/aeronoticias.com.pe\/noticiero\/#\/schema\/person\/16212a617c73f78916b13194154243bd\",\"name\":\"Redacci\u00f3n\",\"sameAs\":[\"http:\/\/Redacci\u00f3n\"],\"url\":\"https:\/\/aeronoticias.com.pe\/noticiero\/author\/celeste\/\"}]}<\/script>\n<!-- \/ Yoast SEO plugin. -->","yoast_head_json":{"title":"Cerrar\u00e1 Ryanair base de Frankfurt","description":"La Aerol\u00ednea Irlandesa tom\u00f3 la decisi\u00f3n a causa del aumento de las tarifas aeroportuarias","robots":{"index":"index","follow":"follow","max-snippet":"max-snippet:-1","max-image-preview":"max-image-preview:large","max-video-preview":"max-video-preview:-1"},"canonical":"https:\/\/aeronoticias.com.pe\/noticiero\/mundo\/mundo-mundo-2\/cerrara-ryanair-base-de-frankfurt\/","og_locale":"es_ES","og_type":"article","og_title":"Cerrar\u00e1 Ryanair base de Frankfurt","og_description":"La Aerol\u00ednea Irlandesa tom\u00f3 la decisi\u00f3n a causa del aumento de las tarifas aeroportuarias","og_url":"https:\/\/aeronoticias.com.pe\/noticiero\/mundo\/mundo-mundo-2\/cerrara-ryanair-base-de-frankfurt\/","og_site_name":"Aeronoticias.com.pe","article_publisher":"https:\/\/www.facebook.com\/Aeronoticias.com.pe\/","article_published_time":"2022-01-11T15:28:22+00:00","article_modified_time":"2022-01-11T15:28:26+00:00","og_image":[{"width":1000,"height":667,"url":"https:\/\/aeronoticias.com.pe\/noticiero\/wp-content\/uploads\/2022\/01\/avioncitoo.jpg","type":"image\/jpeg"}],"author":"Redacci\u00f3n","twitter_card":"summary_large_image","twitter_creator":"@aeronoticias","twitter_site":"@aeronoticias","twitter_misc":{"Escrito por":"Redacci\u00f3n","Tiempo de lectura":"1 minuto"},"schema":{"@context":"https:\/\/schema.org","@graph":[{"@type":"WebPage","@id":"https:\/\/aeronoticias.com.pe\/noticiero\/mundo\/mundo-mundo-2\/cerrara-ryanair-base-de-frankfurt\/","url":"https:\/\/aeronoticias.com.pe\/noticiero\/mundo\/mundo-mundo-2\/cerrara-ryanair-base-de-frankfurt\/","name":"Cerrar\u00e1 Ryanair base de Frankfurt","isPartOf":{"@id":"https:\/\/aeronoticias.com.pe\/noticiero\/#website"},"primaryImageOfPage":{"@id":"https:\/\/aeronoticias.com.pe\/noticiero\/mundo\/mundo-mundo-2\/cerrara-ryanair-base-de-frankfurt\/#primaryimage"},"image":{"@id":"https:\/\/aeronoticias.com.pe\/noticiero\/mundo\/mundo-mundo-2\/cerrara-ryanair-base-de-frankfurt\/#primaryimage"},"thumbnailUrl":"https:\/\/aeronoticias.com.pe\/noticiero\/wp-content\/uploads\/2022\/01\/avioncitoo.jpg","datePublished":"2022-01-11T15:28:22+00:00","dateModified":"2022-01-11T15:28:26+00:00","author":{"@id":"https:\/\/aeronoticias.com.pe\/noticiero\/#\/schema\/person\/16212a617c73f78916b13194154243bd"},"description":"La Aerol\u00ednea Irlandesa tom\u00f3 la decisi\u00f3n a causa del aumento de las tarifas aeroportuarias","breadcrumb":{"@id":"https:\/\/aeronoticias.com.pe\/noticiero\/mundo\/mundo-mundo-2\/cerrara-ryanair-base-de-frankfurt\/#breadcrumb"},"inLanguage":"es","potentialAction":[{"@type":"ReadAction","target":["https:\/\/aeronoticias.com.pe\/noticiero\/mundo\/mundo-mundo-2\/cerrara-ryanair-base-de-frankfurt\/"]}]},{"@type":"ImageObject","inLanguage":"es","@id":"https:\/\/aeronoticias.com.pe\/noticiero\/mundo\/mundo-mundo-2\/cerrara-ryanair-base-de-frankfurt\/#primaryimage","url":"https:\/\/aeronoticias.com.pe\/noticiero\/wp-content\/uploads\/2022\/01\/avioncitoo.jpg","contentUrl":"https:\/\/aeronoticias.com.pe\/noticiero\/wp-content\/uploads\/2022\/01\/avioncitoo.jpg","width":1000,"height":667},{"@type":"BreadcrumbList","@id":"https:\/\/aeronoticias.com.pe\/noticiero\/mundo\/mundo-mundo-2\/cerrara-ryanair-base-de-frankfurt\/#breadcrumb","itemListElement":[{"@type":"ListItem","position":1,"name":"Portada","item":"https:\/\/aeronoticias.com.pe\/noticiero\/"},{"@type":"ListItem","position":2,"name":"Cerrar\u00e1 Ryanair base de Frankfurt"}]},{"@type":"WebSite","@id":"https:\/\/aeronoticias.com.pe\/noticiero\/#website","url":"https:\/\/aeronoticias.com.pe\/noticiero\/","name":"Aeronoticias.com.pe","description":"Noticias de tranporte aereo, turismo, hoteles, gastronomia, actualidad, internacional","potentialAction":[{"@type":"SearchAction","target":{"@type":"EntryPoint","urlTemplate":"https:\/\/aeronoticias.com.pe\/noticiero\/?s={search_term_string}"},"query-input":{"@type":"PropertyValueSpecification","valueRequired":true,"valueName":"search_term_string"}}],"inLanguage":"es"},{"@type":"Person","@id":"https:\/\/aeronoticias.com.pe\/noticiero\/#\/schema\/person\/16212a617c73f78916b13194154243bd","name":"Redacci\u00f3n","sameAs":["http:\/\/Redacci\u00f3n"],"url":"https:\/\/aeronoticias.com.pe\/noticiero\/author\/celeste\/"}]}},"_links":{"self":[{"href":"https:\/\/aeronoticias.com.pe\/noticiero\/wp-json\/wp\/v2\/posts\/76796","targetHints":{"allow":["GET"]}}],"collection":[{"href":"https:\/\/aeronoticias.com.pe\/noticiero\/wp-json\/wp\/v2\/posts"}],"about":[{"href":"https:\/\/aeronoticias.com.pe\/noticiero\/wp-json\/wp\/v2\/types\/post"}],"author":[{"embeddable":true,"href":"https:\/\/aeronoticias.com.pe\/noticiero\/wp-json\/wp\/v2\/users\/3"}],"replies":[{"embeddable":true,"href":"https:\/\/aeronoticias.com.pe\/noticiero\/wp-json\/wp\/v2\/comments?post=76796"}],"version-history":[{"count":0,"href":"https:\/\/aeronoticias.com.pe\/noticiero\/wp-json\/wp\/v2\/posts\/76796\/revisions"}],"wp:featuredmedia":[{"embeddable":true,"href":"https:\/\/aeronoticias.com.pe\/noticiero\/wp-json\/wp\/v2\/media\/76797"}],"wp:attachment":[{"href":"https:\/\/aeronoticias.com.pe\/noticiero\/wp-json\/wp\/v2\/media?parent=76796"}],"wp:term":[{"taxonomy":"category","embeddable":true,"href":"https:\/\/aeronoticias.com.pe\/noticiero\/wp-json\/wp\/v2\/categories?post=76796"},{"taxonomy":"post_tag","embeddable":true,"href":"https:\/\/aeronoticias.com.pe\/noticiero\/wp-json\/wp\/v2\/tags?post=76796"}],"curies":[{"name":"wp","href":"https:\/\/api.w.org\/{rel}","templated":true}]}}