{"id":76799,"date":"2022-01-11T10:41:42","date_gmt":"2022-01-11T15:41:42","guid":{"rendered":"https:\/\/aeronoticias.com.pe\/noticiero\/?p=76799"},"modified":"2022-01-11T10:41:47","modified_gmt":"2022-01-11T15:41:47","slug":"omicron-y-sus-afectaciones","status":"publish","type":"post","link":"https:\/\/aeronoticias.com.pe\/noticiero\/internacionales\/omicron-y-sus-afectaciones\/","title":{"rendered":"Omicron y sus afectaciones"},"content":{"rendered":"\n<p><strong>(Aeronoticias):<\/strong> Pese a que\u00a0<strong>\u00f3micron\u00a0<\/strong>se v\u00e9 casi como una bendici\u00f3n para que contemos con una especie de \u201cvacuna natural\u201d del Covid atenuado, la alta incidencia de contagios y el hecho de que en realidad nadie podr\u00eda garantizar que \u00e9ste ser\u00e1 el \u00faltimo coletazo, la<strong>\u00a0industria del transporte a\u00e9reo volvi\u00f3 a sufrir un serio rev\u00e9s<\/strong>\u00a0cuyos efectos a\u00fan no son medibles, pero s\u00ed representan un enorme bache en el camino de la recuperaci\u00f3n.<\/p>\n\n\n\n<p>A los efectos que tuvo en la semana de Navidad en Estados Unidos y Europa, ahora se suma los que estamos experimentando en M\u00e9xico debido, sobre todo, a que\u00a0<strong>muchos tripulantes resultaron positivo en las pruebas<\/strong>\u00a0que se les practicaron, lo que implic\u00f3 una cascada de cancelaciones y demoras que, aunque con diversos grados de acuerdo a la estructura operativa de cada aerol\u00ednea,\u00a0<strong>afectaron en lo general a la aviaci\u00f3n mexicana<\/strong>.<\/p>\n\n\n\n<p>Aunque todas las empresas cancelaron y\/o demoraron vuelos, la que tuvo m\u00e1s afectaciones fue, sin duda,\u00a0<strong>Aerom\u00e9xico<\/strong>. Esto se debe a muchos factores, pero uno muy importante es la estructura operativa de esta empresa, frente a la que tienen sus competidores en el pa\u00eds.\u00a0<\/p>\n\n\n\n<p>Y es que una de las principales diferencias entre las aerol\u00edneas tradicionales y las de bajo costo tiene que ver con sus flotas y sus rutas. Normalmente, y es el caso de\u00a0<strong>Volaris\u00a0<\/strong>y de\u00a0<strong>Viva Aerob\u00fas<\/strong>\u00a0-y\u00a0<strong>Aeromar\u00a0<\/strong>comparte algunas caracter\u00edsticas-, estas empresas tienen flotas de un solo tipo de avi\u00f3n, lo que hace que pueda hacer uso de sus equipo y de sus tripulaciones indistintamente, lo cual les otorga mucha m\u00e1s flexibilidad.<\/p>\n\n\n\n<p>Por ejemplo, si alguna de ellas tiene un vuelo a Dallas o a Miami y otro vuelo a Monterrey, si la tripulaci\u00f3n del Miami fallara por enfermedad,\u00a0<strong>la empresa puede solicitar a su tripulaci\u00f3n de Monterrey que realice el vuelo a Miami<\/strong>\u00a0y el de Monterrey se cancela para consolidar el pasaje en el siguiente vuelo a ese destino, tomando en cuenta que hay varios.\u00a0<\/p>\n\n\n\n<p>Esta versatilidad no la tienen empresas como Aerom\u00e9xico, Latam o Avianca (precisamente las tres \u201clegacy\u201d que est\u00e1n queriendo salir del\u00a0<strong>Chapter 11 en la Corte de Quiebras de Nueva York<\/strong>). Como empresas tradicionales que son, suelen tener una flota diversificada que cubre diversos destinos en lugares muy dispares: Am\u00e9rica, Europa, Asia\u2026 pero como empresas de una regi\u00f3n que no tiene tantos recursos ni pol\u00edticas de Estado que las sustenten, sus vuelos a esos destinos son pocos, as\u00ed es que\u00a0<strong>carecen de la flexibilidad que les da un solo tipo de avi\u00f3n<\/strong>\u00a0o la recurrencia de vuelos a destinos lejanos.<\/p>\n\n\n\n<p>Por ejemplo, hubo un vuelo a Se\u00fal donde\u00a0<strong>la tripulaci\u00f3n de Aerom\u00e9xico lleg\u00f3 contagiada<\/strong>\u00a0del \u00f3micron y sin tripulaci\u00f3n de refresco. Este fue el extremo, ya que ese pa\u00eds en lo particular ha sido m\u00e1s estricto con las cuarentenas, pero tambi\u00e9n ocurri\u00f3 en otras rutas internacionales.<\/p>\n\n\n\n<p>Justamente por estos protocolos, es que Aerom\u00e9xico ha sido particularmente estricto en la detecci\u00f3n del virus en sus tripulaciones, de modo que los contagios se han detectado en entre el\u00a0<strong>10% y el 12% de sus tripulantes<\/strong>\u00a0(<strong>1,700 pilotos y 2,600 sobrecargos<\/strong>). Todo ello deriv\u00f3 en la cancelaci\u00f3n de m\u00e1s de 300 vuelos entre el 5 y el 10 de enero con diversas afectaciones para pasajeros y empresa.<\/p>\n\n\n\n<p><strong>Fuente: A21 mx<\/strong><\/p>\n","protected":false},"excerpt":{"rendered":"<p>(Aeronoticias): Pese a que\u00a0\u00f3micron\u00a0se v\u00e9 casi como una bendici\u00f3n para que contemos con una especie de \u201cvacuna natural\u201d del Covid atenuado, la alta incidencia de contagios y el hecho de que en realidad nadie podr\u00eda garantizar que \u00e9ste ser\u00e1 el \u00faltimo coletazo, la\u00a0industria del transporte a\u00e9reo volvi\u00f3 a sufrir un serio rev\u00e9s\u00a0cuyos efectos a\u00fan no [&hellip;]<\/p>\n","protected":false},"author":3,"featured_media":76800,"comment_status":"open","ping_status":"open","sticky":false,"template":"","format":"standard","meta":{"tdm_status":"","tdm_grid_status":"","footnotes":""},"categories":[34,65],"tags":[1692],"class_list":{"0":"post-76799","1":"post","2":"type-post","3":"status-publish","4":"format-standard","5":"has-post-thumbnail","7":"category-internacionales","8":"category-mundo-mundo-2","9":"tag-omicron-2"},"yoast_head":"<!-- This site is optimized with the Yoast SEO plugin v25.1 - https:\/\/yoast.com\/wordpress\/plugins\/seo\/ -->\n<title>Omicron y sus afectaciones<\/title>\n<meta name=\"description\" content=\"Portal de noticias del Per\u00fa sobre el transporte a\u00e9reo, aviaci\u00f3n, turismo, hoteleria, actualidad.\" \/>\n<meta name=\"robots\" content=\"index, follow, max-snippet:-1, max-image-preview:large, max-video-preview:-1\" \/>\n<link rel=\"canonical\" href=\"https:\/\/aeronoticias.com.pe\/noticiero\/internacionales\/omicron-y-sus-afectaciones\/\" \/>\n<meta property=\"og:locale\" content=\"es_ES\" \/>\n<meta property=\"og:type\" content=\"article\" \/>\n<meta property=\"og:title\" content=\"Omicron y sus afectaciones\" \/>\n<meta property=\"og:description\" content=\"Portal de noticias del Per\u00fa sobre el transporte a\u00e9reo, aviaci\u00f3n, turismo, hoteleria, actualidad.\" \/>\n<meta property=\"og:url\" content=\"https:\/\/aeronoticias.com.pe\/noticiero\/internacionales\/omicron-y-sus-afectaciones\/\" \/>\n<meta property=\"og:site_name\" content=\"Aeronoticias.com.pe\" \/>\n<meta property=\"article:publisher\" content=\"https:\/\/www.facebook.com\/Aeronoticias.com.pe\/\" \/>\n<meta property=\"article:published_time\" content=\"2022-01-11T15:41:42+00:00\" \/>\n<meta property=\"article:modified_time\" content=\"2022-01-11T15:41:47+00:00\" \/>\n<meta property=\"og:image\" content=\"https:\/\/aeronoticias.com.pe\/noticiero\/wp-content\/uploads\/2022\/01\/avion-rojo.jpg\" \/>\n\t<meta property=\"og:image:width\" content=\"1050\" \/>\n\t<meta property=\"og:image:height\" content=\"696\" \/>\n\t<meta property=\"og:image:type\" content=\"image\/jpeg\" \/>\n<meta name=\"author\" content=\"Redacci\u00f3n\" \/>\n<meta name=\"twitter:card\" content=\"summary_large_image\" \/>\n<meta name=\"twitter:creator\" content=\"@aeronoticias\" \/>\n<meta name=\"twitter:site\" content=\"@aeronoticias\" \/>\n<meta name=\"twitter:label1\" content=\"Escrito por\" \/>\n\t<meta name=\"twitter:data1\" content=\"Redacci\u00f3n\" \/>\n\t<meta name=\"twitter:label2\" content=\"Tiempo de lectura\" \/>\n\t<meta name=\"twitter:data2\" content=\"3 minutos\" \/>\n<script type=\"application\/ld+json\" class=\"yoast-schema-graph\">{\"@context\":\"https:\/\/schema.org\",\"@graph\":[{\"@type\":\"WebPage\",\"@id\":\"https:\/\/aeronoticias.com.pe\/noticiero\/internacionales\/omicron-y-sus-afectaciones\/\",\"url\":\"https:\/\/aeronoticias.com.pe\/noticiero\/internacionales\/omicron-y-sus-afectaciones\/\",\"name\":\"Omicron y sus afectaciones\",\"isPartOf\":{\"@id\":\"https:\/\/aeronoticias.com.pe\/noticiero\/#website\"},\"primaryImageOfPage\":{\"@id\":\"https:\/\/aeronoticias.com.pe\/noticiero\/internacionales\/omicron-y-sus-afectaciones\/#primaryimage\"},\"image\":{\"@id\":\"https:\/\/aeronoticias.com.pe\/noticiero\/internacionales\/omicron-y-sus-afectaciones\/#primaryimage\"},\"thumbnailUrl\":\"https:\/\/aeronoticias.com.pe\/noticiero\/wp-content\/uploads\/2022\/01\/avion-rojo.jpg\",\"datePublished\":\"2022-01-11T15:41:42+00:00\",\"dateModified\":\"2022-01-11T15:41:47+00:00\",\"author\":{\"@id\":\"https:\/\/aeronoticias.com.pe\/noticiero\/#\/schema\/person\/16212a617c73f78916b13194154243bd\"},\"description\":\"Portal de noticias del Per\u00fa sobre el transporte a\u00e9reo, aviaci\u00f3n, turismo, hoteleria, actualidad.\",\"breadcrumb\":{\"@id\":\"https:\/\/aeronoticias.com.pe\/noticiero\/internacionales\/omicron-y-sus-afectaciones\/#breadcrumb\"},\"inLanguage\":\"es\",\"potentialAction\":[{\"@type\":\"ReadAction\",\"target\":[\"https:\/\/aeronoticias.com.pe\/noticiero\/internacionales\/omicron-y-sus-afectaciones\/\"]}]},{\"@type\":\"ImageObject\",\"inLanguage\":\"es\",\"@id\":\"https:\/\/aeronoticias.com.pe\/noticiero\/internacionales\/omicron-y-sus-afectaciones\/#primaryimage\",\"url\":\"https:\/\/aeronoticias.com.pe\/noticiero\/wp-content\/uploads\/2022\/01\/avion-rojo.jpg\",\"contentUrl\":\"https:\/\/aeronoticias.com.pe\/noticiero\/wp-content\/uploads\/2022\/01\/avion-rojo.jpg\",\"width\":1050,\"height\":696},{\"@type\":\"BreadcrumbList\",\"@id\":\"https:\/\/aeronoticias.com.pe\/noticiero\/internacionales\/omicron-y-sus-afectaciones\/#breadcrumb\",\"itemListElement\":[{\"@type\":\"ListItem\",\"position\":1,\"name\":\"Portada\",\"item\":\"https:\/\/aeronoticias.com.pe\/noticiero\/\"},{\"@type\":\"ListItem\",\"position\":2,\"name\":\"Omicron y sus afectaciones\"}]},{\"@type\":\"WebSite\",\"@id\":\"https:\/\/aeronoticias.com.pe\/noticiero\/#website\",\"url\":\"https:\/\/aeronoticias.com.pe\/noticiero\/\",\"name\":\"Aeronoticias.com.pe\",\"description\":\"Noticias de tranporte aereo, turismo, hoteles, gastronomia, actualidad, internacional\",\"potentialAction\":[{\"@type\":\"SearchAction\",\"target\":{\"@type\":\"EntryPoint\",\"urlTemplate\":\"https:\/\/aeronoticias.com.pe\/noticiero\/?s={search_term_string}\"},\"query-input\":{\"@type\":\"PropertyValueSpecification\",\"valueRequired\":true,\"valueName\":\"search_term_string\"}}],\"inLanguage\":\"es\"},{\"@type\":\"Person\",\"@id\":\"https:\/\/aeronoticias.com.pe\/noticiero\/#\/schema\/person\/16212a617c73f78916b13194154243bd\",\"name\":\"Redacci\u00f3n\",\"sameAs\":[\"http:\/\/Redacci\u00f3n\"],\"url\":\"https:\/\/aeronoticias.com.pe\/noticiero\/author\/celeste\/\"}]}<\/script>\n<!-- \/ Yoast SEO plugin. -->","yoast_head_json":{"title":"Omicron y sus afectaciones","description":"Portal de noticias del Per\u00fa sobre el transporte a\u00e9reo, aviaci\u00f3n, turismo, hoteleria, actualidad.","robots":{"index":"index","follow":"follow","max-snippet":"max-snippet:-1","max-image-preview":"max-image-preview:large","max-video-preview":"max-video-preview:-1"},"canonical":"https:\/\/aeronoticias.com.pe\/noticiero\/internacionales\/omicron-y-sus-afectaciones\/","og_locale":"es_ES","og_type":"article","og_title":"Omicron y sus afectaciones","og_description":"Portal de noticias del Per\u00fa sobre el transporte a\u00e9reo, aviaci\u00f3n, turismo, hoteleria, actualidad.","og_url":"https:\/\/aeronoticias.com.pe\/noticiero\/internacionales\/omicron-y-sus-afectaciones\/","og_site_name":"Aeronoticias.com.pe","article_publisher":"https:\/\/www.facebook.com\/Aeronoticias.com.pe\/","article_published_time":"2022-01-11T15:41:42+00:00","article_modified_time":"2022-01-11T15:41:47+00:00","og_image":[{"width":1050,"height":696,"url":"https:\/\/aeronoticias.com.pe\/noticiero\/wp-content\/uploads\/2022\/01\/avion-rojo.jpg","type":"image\/jpeg"}],"author":"Redacci\u00f3n","twitter_card":"summary_large_image","twitter_creator":"@aeronoticias","twitter_site":"@aeronoticias","twitter_misc":{"Escrito por":"Redacci\u00f3n","Tiempo de lectura":"3 minutos"},"schema":{"@context":"https:\/\/schema.org","@graph":[{"@type":"WebPage","@id":"https:\/\/aeronoticias.com.pe\/noticiero\/internacionales\/omicron-y-sus-afectaciones\/","url":"https:\/\/aeronoticias.com.pe\/noticiero\/internacionales\/omicron-y-sus-afectaciones\/","name":"Omicron y sus afectaciones","isPartOf":{"@id":"https:\/\/aeronoticias.com.pe\/noticiero\/#website"},"primaryImageOfPage":{"@id":"https:\/\/aeronoticias.com.pe\/noticiero\/internacionales\/omicron-y-sus-afectaciones\/#primaryimage"},"image":{"@id":"https:\/\/aeronoticias.com.pe\/noticiero\/internacionales\/omicron-y-sus-afectaciones\/#primaryimage"},"thumbnailUrl":"https:\/\/aeronoticias.com.pe\/noticiero\/wp-content\/uploads\/2022\/01\/avion-rojo.jpg","datePublished":"2022-01-11T15:41:42+00:00","dateModified":"2022-01-11T15:41:47+00:00","author":{"@id":"https:\/\/aeronoticias.com.pe\/noticiero\/#\/schema\/person\/16212a617c73f78916b13194154243bd"},"description":"Portal de noticias del Per\u00fa sobre el transporte a\u00e9reo, aviaci\u00f3n, turismo, hoteleria, actualidad.","breadcrumb":{"@id":"https:\/\/aeronoticias.com.pe\/noticiero\/internacionales\/omicron-y-sus-afectaciones\/#breadcrumb"},"inLanguage":"es","potentialAction":[{"@type":"ReadAction","target":["https:\/\/aeronoticias.com.pe\/noticiero\/internacionales\/omicron-y-sus-afectaciones\/"]}]},{"@type":"ImageObject","inLanguage":"es","@id":"https:\/\/aeronoticias.com.pe\/noticiero\/internacionales\/omicron-y-sus-afectaciones\/#primaryimage","url":"https:\/\/aeronoticias.com.pe\/noticiero\/wp-content\/uploads\/2022\/01\/avion-rojo.jpg","contentUrl":"https:\/\/aeronoticias.com.pe\/noticiero\/wp-content\/uploads\/2022\/01\/avion-rojo.jpg","width":1050,"height":696},{"@type":"BreadcrumbList","@id":"https:\/\/aeronoticias.com.pe\/noticiero\/internacionales\/omicron-y-sus-afectaciones\/#breadcrumb","itemListElement":[{"@type":"ListItem","position":1,"name":"Portada","item":"https:\/\/aeronoticias.com.pe\/noticiero\/"},{"@type":"ListItem","position":2,"name":"Omicron y sus afectaciones"}]},{"@type":"WebSite","@id":"https:\/\/aeronoticias.com.pe\/noticiero\/#website","url":"https:\/\/aeronoticias.com.pe\/noticiero\/","name":"Aeronoticias.com.pe","description":"Noticias de tranporte aereo, turismo, hoteles, gastronomia, actualidad, internacional","potentialAction":[{"@type":"SearchAction","target":{"@type":"EntryPoint","urlTemplate":"https:\/\/aeronoticias.com.pe\/noticiero\/?s={search_term_string}"},"query-input":{"@type":"PropertyValueSpecification","valueRequired":true,"valueName":"search_term_string"}}],"inLanguage":"es"},{"@type":"Person","@id":"https:\/\/aeronoticias.com.pe\/noticiero\/#\/schema\/person\/16212a617c73f78916b13194154243bd","name":"Redacci\u00f3n","sameAs":["http:\/\/Redacci\u00f3n"],"url":"https:\/\/aeronoticias.com.pe\/noticiero\/author\/celeste\/"}]}},"_links":{"self":[{"href":"https:\/\/aeronoticias.com.pe\/noticiero\/wp-json\/wp\/v2\/posts\/76799","targetHints":{"allow":["GET"]}}],"collection":[{"href":"https:\/\/aeronoticias.com.pe\/noticiero\/wp-json\/wp\/v2\/posts"}],"about":[{"href":"https:\/\/aeronoticias.com.pe\/noticiero\/wp-json\/wp\/v2\/types\/post"}],"author":[{"embeddable":true,"href":"https:\/\/aeronoticias.com.pe\/noticiero\/wp-json\/wp\/v2\/users\/3"}],"replies":[{"embeddable":true,"href":"https:\/\/aeronoticias.com.pe\/noticiero\/wp-json\/wp\/v2\/comments?post=76799"}],"version-history":[{"count":0,"href":"https:\/\/aeronoticias.com.pe\/noticiero\/wp-json\/wp\/v2\/posts\/76799\/revisions"}],"wp:featuredmedia":[{"embeddable":true,"href":"https:\/\/aeronoticias.com.pe\/noticiero\/wp-json\/wp\/v2\/media\/76800"}],"wp:attachment":[{"href":"https:\/\/aeronoticias.com.pe\/noticiero\/wp-json\/wp\/v2\/media?parent=76799"}],"wp:term":[{"taxonomy":"category","embeddable":true,"href":"https:\/\/aeronoticias.com.pe\/noticiero\/wp-json\/wp\/v2\/categories?post=76799"},{"taxonomy":"post_tag","embeddable":true,"href":"https:\/\/aeronoticias.com.pe\/noticiero\/wp-json\/wp\/v2\/tags?post=76799"}],"curies":[{"name":"wp","href":"https:\/\/api.w.org\/{rel}","templated":true}]}}