{"id":76820,"date":"2022-01-13T07:23:39","date_gmt":"2022-01-13T12:23:39","guid":{"rendered":"https:\/\/aeronoticias.com.pe\/noticiero\/?p=76820"},"modified":"2022-01-13T07:23:45","modified_gmt":"2022-01-13T12:23:45","slug":"embraer-y-falko-construiran-red-global-de-operadores-evtol","status":"publish","type":"post","link":"https:\/\/aeronoticias.com.pe\/noticiero\/transporte-aereo\/embraer-y-falko-construiran-red-global-de-operadores-evtol\/","title":{"rendered":"Embraer y Falko construir\u00e1n red global de operadores eVTOL"},"content":{"rendered":"\n<p><strong>(Aeronoticias)<\/strong>.- Las empresas\u00a0<strong>Eve UAM<\/strong>\u00a0(filial de Embraer) y\u00a0<strong>Falko Aircraft Limited<\/strong>, se asociaron para desarrollar una red de operadores de aeronaves el\u00e9ctricas de despegue y aterrizaje vertical (<strong>eVTOL<\/strong>). Este acuerdo contempla un\u00a0<strong>pedido potencial de 200 aeronaves<\/strong>\u00a0fabricadas por la empresa brasile\u00f1a.<\/p>\n\n\n\n<p>Las empresas planean&nbsp;<strong>colaborar con los operadores ya existentes de Falko<\/strong>&nbsp;<strong>y as\u00ed desarrollar redes de rutas<\/strong>&nbsp;en las que puedan implementarse los eVTOL. De la misma forma, se pretende introducir la cartera de soluciones de gesti\u00f3n de tr\u00e1fico a\u00e9reo de \u00faltima generaci\u00f3n de Eve, as\u00ed como servicios de flota, con el fin de crear una&nbsp;<strong>red segura para los usuarios de estas aeronaves.<\/strong><\/p>\n\n\n\n<p>\u201cEstoy encantado de anunciar este gran avance en nuestra exitosa y duradera relaci\u00f3n con Embraer. Estamos muy entusiasmados con nuestra asociaci\u00f3n estrat\u00e9gica con Eve, que forma parte de nuestro impulso por estar a la vanguardia en la\u00a0<strong>ecologizaci\u00f3n del sector de la aviaci\u00f3n<\/strong>. Creemos firmemente en las perspectivas del mercado eVTOL y que Eve, con el apoyo de la experiencia de Embraer en la fabricaci\u00f3n, certificaci\u00f3n y soporte de aeronaves, ser\u00e1 l\u00edder del mercado\u201d, afirm\u00f3 Jeremy Barnes, director ejecutivo de Falko.<\/p>\n\n\n\n<p>Por su parte Andre Stein, codirector ejecutivo de Eve coment\u00f3 se congratul\u00f3 de tener a Falko como socio estrat\u00e9gico, ya que las dos organizaciones trabajan para&nbsp;<strong>liderar una nueva generaci\u00f3n de innovaci\u00f3n sostenible dentro de la industria de la aviaci\u00f3n<\/strong>.<\/p>\n\n\n\n<p>Fuente: <strong><em>A21<\/em><\/strong>.<\/p>\n","protected":false},"excerpt":{"rendered":"<p>(Aeronoticias).- Las empresas\u00a0Eve UAM\u00a0(filial de Embraer) y\u00a0Falko Aircraft Limited, se asociaron para desarrollar una red de operadores de aeronaves el\u00e9ctricas de despegue y aterrizaje vertical (eVTOL). Este acuerdo contempla un\u00a0pedido potencial de 200 aeronaves\u00a0fabricadas por la empresa brasile\u00f1a. Las empresas planean&nbsp;colaborar con los operadores ya existentes de Falko&nbsp;y as\u00ed desarrollar redes de rutas&nbsp;en las que [&hellip;]<\/p>\n","protected":false},"author":1,"featured_media":76821,"comment_status":"open","ping_status":"open","sticky":false,"template":"","format":"standard","meta":{"tdm_status":"","tdm_grid_status":"","footnotes":""},"categories":[32,11],"tags":[163],"class_list":{"0":"post-76820","1":"post","2":"type-post","3":"status-publish","4":"format-standard","5":"has-post-thumbnail","7":"category-internacional","8":"category-transporte-aereo","9":"tag-coronavirus"},"yoast_head":"<!-- This site is optimized with the Yoast SEO plugin v25.1 - https:\/\/yoast.com\/wordpress\/plugins\/seo\/ -->\n<title>Embraer y Falko construir\u00e1n red global de operadores eVTOL<\/title>\n<meta name=\"description\" content=\"Portal de noticias del Per\u00fa sobre el transporte a\u00e9reo, aviaci\u00f3n, turismo, hoteleria, actualidad.\" \/>\n<meta name=\"robots\" content=\"index, follow, max-snippet:-1, max-image-preview:large, max-video-preview:-1\" \/>\n<link rel=\"canonical\" href=\"https:\/\/aeronoticias.com.pe\/noticiero\/transporte-aereo\/embraer-y-falko-construiran-red-global-de-operadores-evtol\/\" \/>\n<meta property=\"og:locale\" content=\"es_ES\" \/>\n<meta property=\"og:type\" content=\"article\" \/>\n<meta property=\"og:title\" content=\"Embraer y Falko construir\u00e1n red global de operadores eVTOL\" \/>\n<meta property=\"og:description\" content=\"Portal de noticias del Per\u00fa sobre el transporte a\u00e9reo, aviaci\u00f3n, turismo, hoteleria, actualidad.\" \/>\n<meta property=\"og:url\" content=\"https:\/\/aeronoticias.com.pe\/noticiero\/transporte-aereo\/embraer-y-falko-construiran-red-global-de-operadores-evtol\/\" \/>\n<meta property=\"og:site_name\" content=\"Aeronoticias.com.pe\" \/>\n<meta property=\"article:publisher\" content=\"https:\/\/www.facebook.com\/Aeronoticias.com.pe\/\" \/>\n<meta property=\"article:published_time\" content=\"2022-01-13T12:23:39+00:00\" \/>\n<meta property=\"article:modified_time\" content=\"2022-01-13T12:23:45+00:00\" \/>\n<meta property=\"og:image\" content=\"https:\/\/aeronoticias.com.pe\/noticiero\/wp-content\/uploads\/2022\/01\/NEW_EVTOL_SPAC-1536x864-1.jpg\" \/>\n\t<meta property=\"og:image:width\" content=\"1035\" \/>\n\t<meta property=\"og:image:height\" content=\"639\" \/>\n\t<meta property=\"og:image:type\" content=\"image\/jpeg\" \/>\n<meta name=\"author\" content=\"Redacci\u00f3n Aeronoticias\" \/>\n<meta name=\"twitter:card\" content=\"summary_large_image\" \/>\n<meta name=\"twitter:creator\" content=\"@aeronoticias\" \/>\n<meta name=\"twitter:site\" content=\"@aeronoticias\" \/>\n<meta name=\"twitter:label1\" content=\"Escrito por\" \/>\n\t<meta name=\"twitter:data1\" content=\"Redacci\u00f3n Aeronoticias\" \/>\n\t<meta name=\"twitter:label2\" content=\"Tiempo de lectura\" \/>\n\t<meta name=\"twitter:data2\" content=\"1 minuto\" \/>\n<script type=\"application\/ld+json\" class=\"yoast-schema-graph\">{\"@context\":\"https:\/\/schema.org\",\"@graph\":[{\"@type\":\"WebPage\",\"@id\":\"https:\/\/aeronoticias.com.pe\/noticiero\/transporte-aereo\/embraer-y-falko-construiran-red-global-de-operadores-evtol\/\",\"url\":\"https:\/\/aeronoticias.com.pe\/noticiero\/transporte-aereo\/embraer-y-falko-construiran-red-global-de-operadores-evtol\/\",\"name\":\"Embraer y Falko construir\u00e1n red global de operadores eVTOL\",\"isPartOf\":{\"@id\":\"https:\/\/aeronoticias.com.pe\/noticiero\/#website\"},\"primaryImageOfPage\":{\"@id\":\"https:\/\/aeronoticias.com.pe\/noticiero\/transporte-aereo\/embraer-y-falko-construiran-red-global-de-operadores-evtol\/#primaryimage\"},\"image\":{\"@id\":\"https:\/\/aeronoticias.com.pe\/noticiero\/transporte-aereo\/embraer-y-falko-construiran-red-global-de-operadores-evtol\/#primaryimage\"},\"thumbnailUrl\":\"https:\/\/aeronoticias.com.pe\/noticiero\/wp-content\/uploads\/2022\/01\/NEW_EVTOL_SPAC-1536x864-1.jpg\",\"datePublished\":\"2022-01-13T12:23:39+00:00\",\"dateModified\":\"2022-01-13T12:23:45+00:00\",\"author\":{\"@id\":\"https:\/\/aeronoticias.com.pe\/noticiero\/#\/schema\/person\/fc1e5d578f4b62ba1cf7ac2bba1170a0\"},\"description\":\"Portal de noticias del Per\u00fa sobre el transporte a\u00e9reo, aviaci\u00f3n, turismo, hoteleria, actualidad.\",\"breadcrumb\":{\"@id\":\"https:\/\/aeronoticias.com.pe\/noticiero\/transporte-aereo\/embraer-y-falko-construiran-red-global-de-operadores-evtol\/#breadcrumb\"},\"inLanguage\":\"es\",\"potentialAction\":[{\"@type\":\"ReadAction\",\"target\":[\"https:\/\/aeronoticias.com.pe\/noticiero\/transporte-aereo\/embraer-y-falko-construiran-red-global-de-operadores-evtol\/\"]}]},{\"@type\":\"ImageObject\",\"inLanguage\":\"es\",\"@id\":\"https:\/\/aeronoticias.com.pe\/noticiero\/transporte-aereo\/embraer-y-falko-construiran-red-global-de-operadores-evtol\/#primaryimage\",\"url\":\"https:\/\/aeronoticias.com.pe\/noticiero\/wp-content\/uploads\/2022\/01\/NEW_EVTOL_SPAC-1536x864-1.jpg\",\"contentUrl\":\"https:\/\/aeronoticias.com.pe\/noticiero\/wp-content\/uploads\/2022\/01\/NEW_EVTOL_SPAC-1536x864-1.jpg\",\"width\":1035,\"height\":639},{\"@type\":\"BreadcrumbList\",\"@id\":\"https:\/\/aeronoticias.com.pe\/noticiero\/transporte-aereo\/embraer-y-falko-construiran-red-global-de-operadores-evtol\/#breadcrumb\",\"itemListElement\":[{\"@type\":\"ListItem\",\"position\":1,\"name\":\"Portada\",\"item\":\"https:\/\/aeronoticias.com.pe\/noticiero\/\"},{\"@type\":\"ListItem\",\"position\":2,\"name\":\"Embraer y Falko construir\u00e1n red global de operadores eVTOL\"}]},{\"@type\":\"WebSite\",\"@id\":\"https:\/\/aeronoticias.com.pe\/noticiero\/#website\",\"url\":\"https:\/\/aeronoticias.com.pe\/noticiero\/\",\"name\":\"Aeronoticias.com.pe\",\"description\":\"Noticias de tranporte aereo, turismo, hoteles, gastronomia, actualidad, internacional\",\"potentialAction\":[{\"@type\":\"SearchAction\",\"target\":{\"@type\":\"EntryPoint\",\"urlTemplate\":\"https:\/\/aeronoticias.com.pe\/noticiero\/?s={search_term_string}\"},\"query-input\":{\"@type\":\"PropertyValueSpecification\",\"valueRequired\":true,\"valueName\":\"search_term_string\"}}],\"inLanguage\":\"es\"},{\"@type\":\"Person\",\"@id\":\"https:\/\/aeronoticias.com.pe\/noticiero\/#\/schema\/person\/fc1e5d578f4b62ba1cf7ac2bba1170a0\",\"name\":\"Redacci\u00f3n Aeronoticias\",\"url\":\"https:\/\/aeronoticias.com.pe\/noticiero\/author\/piloto\/\"}]}<\/script>\n<!-- \/ Yoast SEO plugin. -->","yoast_head_json":{"title":"Embraer y Falko construir\u00e1n red global de operadores eVTOL","description":"Portal de noticias del Per\u00fa sobre el transporte a\u00e9reo, aviaci\u00f3n, turismo, hoteleria, actualidad.","robots":{"index":"index","follow":"follow","max-snippet":"max-snippet:-1","max-image-preview":"max-image-preview:large","max-video-preview":"max-video-preview:-1"},"canonical":"https:\/\/aeronoticias.com.pe\/noticiero\/transporte-aereo\/embraer-y-falko-construiran-red-global-de-operadores-evtol\/","og_locale":"es_ES","og_type":"article","og_title":"Embraer y Falko construir\u00e1n red global de operadores eVTOL","og_description":"Portal de noticias del Per\u00fa sobre el transporte a\u00e9reo, aviaci\u00f3n, turismo, hoteleria, actualidad.","og_url":"https:\/\/aeronoticias.com.pe\/noticiero\/transporte-aereo\/embraer-y-falko-construiran-red-global-de-operadores-evtol\/","og_site_name":"Aeronoticias.com.pe","article_publisher":"https:\/\/www.facebook.com\/Aeronoticias.com.pe\/","article_published_time":"2022-01-13T12:23:39+00:00","article_modified_time":"2022-01-13T12:23:45+00:00","og_image":[{"width":1035,"height":639,"url":"https:\/\/aeronoticias.com.pe\/noticiero\/wp-content\/uploads\/2022\/01\/NEW_EVTOL_SPAC-1536x864-1.jpg","type":"image\/jpeg"}],"author":"Redacci\u00f3n Aeronoticias","twitter_card":"summary_large_image","twitter_creator":"@aeronoticias","twitter_site":"@aeronoticias","twitter_misc":{"Escrito por":"Redacci\u00f3n Aeronoticias","Tiempo de lectura":"1 minuto"},"schema":{"@context":"https:\/\/schema.org","@graph":[{"@type":"WebPage","@id":"https:\/\/aeronoticias.com.pe\/noticiero\/transporte-aereo\/embraer-y-falko-construiran-red-global-de-operadores-evtol\/","url":"https:\/\/aeronoticias.com.pe\/noticiero\/transporte-aereo\/embraer-y-falko-construiran-red-global-de-operadores-evtol\/","name":"Embraer y Falko construir\u00e1n red global de operadores eVTOL","isPartOf":{"@id":"https:\/\/aeronoticias.com.pe\/noticiero\/#website"},"primaryImageOfPage":{"@id":"https:\/\/aeronoticias.com.pe\/noticiero\/transporte-aereo\/embraer-y-falko-construiran-red-global-de-operadores-evtol\/#primaryimage"},"image":{"@id":"https:\/\/aeronoticias.com.pe\/noticiero\/transporte-aereo\/embraer-y-falko-construiran-red-global-de-operadores-evtol\/#primaryimage"},"thumbnailUrl":"https:\/\/aeronoticias.com.pe\/noticiero\/wp-content\/uploads\/2022\/01\/NEW_EVTOL_SPAC-1536x864-1.jpg","datePublished":"2022-01-13T12:23:39+00:00","dateModified":"2022-01-13T12:23:45+00:00","author":{"@id":"https:\/\/aeronoticias.com.pe\/noticiero\/#\/schema\/person\/fc1e5d578f4b62ba1cf7ac2bba1170a0"},"description":"Portal de noticias del Per\u00fa sobre el transporte a\u00e9reo, aviaci\u00f3n, turismo, hoteleria, actualidad.","breadcrumb":{"@id":"https:\/\/aeronoticias.com.pe\/noticiero\/transporte-aereo\/embraer-y-falko-construiran-red-global-de-operadores-evtol\/#breadcrumb"},"inLanguage":"es","potentialAction":[{"@type":"ReadAction","target":["https:\/\/aeronoticias.com.pe\/noticiero\/transporte-aereo\/embraer-y-falko-construiran-red-global-de-operadores-evtol\/"]}]},{"@type":"ImageObject","inLanguage":"es","@id":"https:\/\/aeronoticias.com.pe\/noticiero\/transporte-aereo\/embraer-y-falko-construiran-red-global-de-operadores-evtol\/#primaryimage","url":"https:\/\/aeronoticias.com.pe\/noticiero\/wp-content\/uploads\/2022\/01\/NEW_EVTOL_SPAC-1536x864-1.jpg","contentUrl":"https:\/\/aeronoticias.com.pe\/noticiero\/wp-content\/uploads\/2022\/01\/NEW_EVTOL_SPAC-1536x864-1.jpg","width":1035,"height":639},{"@type":"BreadcrumbList","@id":"https:\/\/aeronoticias.com.pe\/noticiero\/transporte-aereo\/embraer-y-falko-construiran-red-global-de-operadores-evtol\/#breadcrumb","itemListElement":[{"@type":"ListItem","position":1,"name":"Portada","item":"https:\/\/aeronoticias.com.pe\/noticiero\/"},{"@type":"ListItem","position":2,"name":"Embraer y Falko construir\u00e1n red global de operadores eVTOL"}]},{"@type":"WebSite","@id":"https:\/\/aeronoticias.com.pe\/noticiero\/#website","url":"https:\/\/aeronoticias.com.pe\/noticiero\/","name":"Aeronoticias.com.pe","description":"Noticias de tranporte aereo, turismo, hoteles, gastronomia, actualidad, internacional","potentialAction":[{"@type":"SearchAction","target":{"@type":"EntryPoint","urlTemplate":"https:\/\/aeronoticias.com.pe\/noticiero\/?s={search_term_string}"},"query-input":{"@type":"PropertyValueSpecification","valueRequired":true,"valueName":"search_term_string"}}],"inLanguage":"es"},{"@type":"Person","@id":"https:\/\/aeronoticias.com.pe\/noticiero\/#\/schema\/person\/fc1e5d578f4b62ba1cf7ac2bba1170a0","name":"Redacci\u00f3n Aeronoticias","url":"https:\/\/aeronoticias.com.pe\/noticiero\/author\/piloto\/"}]}},"_links":{"self":[{"href":"https:\/\/aeronoticias.com.pe\/noticiero\/wp-json\/wp\/v2\/posts\/76820","targetHints":{"allow":["GET"]}}],"collection":[{"href":"https:\/\/aeronoticias.com.pe\/noticiero\/wp-json\/wp\/v2\/posts"}],"about":[{"href":"https:\/\/aeronoticias.com.pe\/noticiero\/wp-json\/wp\/v2\/types\/post"}],"author":[{"embeddable":true,"href":"https:\/\/aeronoticias.com.pe\/noticiero\/wp-json\/wp\/v2\/users\/1"}],"replies":[{"embeddable":true,"href":"https:\/\/aeronoticias.com.pe\/noticiero\/wp-json\/wp\/v2\/comments?post=76820"}],"version-history":[{"count":0,"href":"https:\/\/aeronoticias.com.pe\/noticiero\/wp-json\/wp\/v2\/posts\/76820\/revisions"}],"wp:featuredmedia":[{"embeddable":true,"href":"https:\/\/aeronoticias.com.pe\/noticiero\/wp-json\/wp\/v2\/media\/76821"}],"wp:attachment":[{"href":"https:\/\/aeronoticias.com.pe\/noticiero\/wp-json\/wp\/v2\/media?parent=76820"}],"wp:term":[{"taxonomy":"category","embeddable":true,"href":"https:\/\/aeronoticias.com.pe\/noticiero\/wp-json\/wp\/v2\/categories?post=76820"},{"taxonomy":"post_tag","embeddable":true,"href":"https:\/\/aeronoticias.com.pe\/noticiero\/wp-json\/wp\/v2\/tags?post=76820"}],"curies":[{"name":"wp","href":"https:\/\/api.w.org\/{rel}","templated":true}]}}