{"id":76827,"date":"2022-01-13T07:32:47","date_gmt":"2022-01-13T12:32:47","guid":{"rendered":"https:\/\/aeronoticias.com.pe\/noticiero\/?p=76827"},"modified":"2022-01-13T07:32:52","modified_gmt":"2022-01-13T12:32:52","slug":"se-contrae-en-7-2-la-capacidad-global-de-aerolineas","status":"publish","type":"post","link":"https:\/\/aeronoticias.com.pe\/noticiero\/transporte-aereo\/se-contrae-en-7-2-la-capacidad-global-de-aerolineas\/","title":{"rendered":"Se contrae en 7.2% la capacidad global de aerol\u00edneas"},"content":{"rendered":"\n<p><strong>(Aeronoticias)<\/strong>.- Para la semana del 10 al 16 de enero, la capacidad programada de las aerol\u00edneas a nivel global ser\u00e1 de\u00a077.9 millones de asientos, 28% menos que los niveles prepandemia, una de las peores ca\u00eddas semanales en los \u00faltimos 6 meses, de acuerdo con la consultora OAG.\u00a0<\/p>\n\n\n\n<p>En 15 de las 17 regiones del mundo se han registrado recortes en la capacidad,&nbsp;con&nbsp;<strong>casi 17 millones de asientos retirados para el primer trimestre del a\u00f1o.&nbsp;<\/strong><\/p>\n\n\n\n<p>\u201cLa ca\u00edda de la capacidad global de las aerol\u00edneas a 78 millones de asientos es claramente un&nbsp;<strong>rev\u00e9s, aunque no inesperado, dada la r\u00e1pida expansi\u00f3n de la variante \u00f3micron<\/strong>. Todas las aerol\u00edneas del mundo est\u00e1n caminando sobre la cuerda floja de la gesti\u00f3n de la capacidad, asegurando que los recursos est\u00e9n disponibles para operar los servicios y, por supuesto, haciendo coincidir la capacidad con la demanda lo mejor que pueda en el primer trimestre del a\u00f1o\u201d, dijo John Grant, analista de OAG.<\/p>\n\n\n\n<p>Esta semana&nbsp;<strong>M\u00e9xico&nbsp;<\/strong>registr\u00f3 una&nbsp;<strong>capacidad de 1 mill\u00f3n 939 mil 608 asientos<\/strong>, 5.5% menos asientos que la semana anterior. Por otro lado, los datos de OAG indican que, debido a las restricciones de viaje, en Europa esta cifra sigue disminuyendo, al haber reportado 3.4 millones de asientos menos en Europa Occidental y 720 mil menos en Europa del Este.<\/p>\n\n\n\n<p>La regi\u00f3n m\u00e1s afectada esta semana ha sido el&nbsp;<strong>sudeste asi\u00e1tico<\/strong>, con s\u00f3lo 47% de asientos a la venta.<\/p>\n\n\n\n<p>La consultora indic\u00f3 que&nbsp;<strong>los aumentos en la capacidad de las aerol\u00edneas se ven muy poco probables<\/strong>&nbsp;debido a las altas tasas de transmisi\u00f3n de la variante \u00d3micron, sin embargo, agreg\u00f3,&nbsp;<strong>augura que el segundo trimestre del 2022 tenga resultados<\/strong>&nbsp;positivos para la industria.<\/p>\n\n\n\n<p>Fuente: <strong><em>A21<\/em><\/strong>.<\/p>\n","protected":false},"excerpt":{"rendered":"<p>(Aeronoticias).- Para la semana del 10 al 16 de enero, la capacidad programada de las aerol\u00edneas a nivel global ser\u00e1 de\u00a077.9 millones de asientos, 28% menos que los niveles prepandemia, una de las peores ca\u00eddas semanales en los \u00faltimos 6 meses, de acuerdo con la consultora OAG.\u00a0 En 15 de las 17 regiones del mundo [&hellip;]<\/p>\n","protected":false},"author":1,"featured_media":76828,"comment_status":"open","ping_status":"open","sticky":false,"template":"","format":"standard","meta":{"tdm_status":"","tdm_grid_status":"","footnotes":""},"categories":[32,11],"tags":[163],"class_list":{"0":"post-76827","1":"post","2":"type-post","3":"status-publish","4":"format-standard","5":"has-post-thumbnail","7":"category-internacional","8":"category-transporte-aereo","9":"tag-coronavirus"},"yoast_head":"<!-- This site is optimized with the Yoast SEO plugin v25.1 - https:\/\/yoast.com\/wordpress\/plugins\/seo\/ -->\n<title>Se contrae en 7.2% la capacidad global de aerol\u00edneas<\/title>\n<meta name=\"description\" content=\"Portal de noticias del Per\u00fa sobre el transporte a\u00e9reo, aviaci\u00f3n, turismo, hoteleria, actualidad.\" \/>\n<meta name=\"robots\" content=\"index, follow, max-snippet:-1, max-image-preview:large, max-video-preview:-1\" \/>\n<link rel=\"canonical\" href=\"https:\/\/aeronoticias.com.pe\/noticiero\/transporte-aereo\/se-contrae-en-7-2-la-capacidad-global-de-aerolineas\/\" \/>\n<meta property=\"og:locale\" content=\"es_ES\" \/>\n<meta property=\"og:type\" content=\"article\" \/>\n<meta property=\"og:title\" content=\"Se contrae en 7.2% la capacidad global de aerol\u00edneas\" \/>\n<meta property=\"og:description\" content=\"Portal de noticias del Per\u00fa sobre el transporte a\u00e9reo, aviaci\u00f3n, turismo, hoteleria, actualidad.\" \/>\n<meta property=\"og:url\" content=\"https:\/\/aeronoticias.com.pe\/noticiero\/transporte-aereo\/se-contrae-en-7-2-la-capacidad-global-de-aerolineas\/\" \/>\n<meta property=\"og:site_name\" content=\"Aeronoticias.com.pe\" \/>\n<meta property=\"article:publisher\" content=\"https:\/\/www.facebook.com\/Aeronoticias.com.pe\/\" \/>\n<meta property=\"article:published_time\" content=\"2022-01-13T12:32:47+00:00\" \/>\n<meta property=\"article:modified_time\" content=\"2022-01-13T12:32:52+00:00\" \/>\n<meta property=\"og:image\" content=\"https:\/\/aeronoticias.com.pe\/noticiero\/wp-content\/uploads\/2022\/01\/avion-generico-06_10_1.jpg\" \/>\n\t<meta property=\"og:image:width\" content=\"770\" \/>\n\t<meta property=\"og:image:height\" content=\"480\" \/>\n\t<meta property=\"og:image:type\" content=\"image\/jpeg\" \/>\n<meta name=\"author\" content=\"Redacci\u00f3n Aeronoticias\" \/>\n<meta name=\"twitter:card\" content=\"summary_large_image\" \/>\n<meta name=\"twitter:creator\" content=\"@aeronoticias\" \/>\n<meta name=\"twitter:site\" content=\"@aeronoticias\" \/>\n<meta name=\"twitter:label1\" content=\"Escrito por\" \/>\n\t<meta name=\"twitter:data1\" content=\"Redacci\u00f3n Aeronoticias\" \/>\n\t<meta name=\"twitter:label2\" content=\"Tiempo de lectura\" \/>\n\t<meta name=\"twitter:data2\" content=\"2 minutos\" \/>\n<script type=\"application\/ld+json\" class=\"yoast-schema-graph\">{\"@context\":\"https:\/\/schema.org\",\"@graph\":[{\"@type\":\"WebPage\",\"@id\":\"https:\/\/aeronoticias.com.pe\/noticiero\/transporte-aereo\/se-contrae-en-7-2-la-capacidad-global-de-aerolineas\/\",\"url\":\"https:\/\/aeronoticias.com.pe\/noticiero\/transporte-aereo\/se-contrae-en-7-2-la-capacidad-global-de-aerolineas\/\",\"name\":\"Se contrae en 7.2% la capacidad global de aerol\u00edneas\",\"isPartOf\":{\"@id\":\"https:\/\/aeronoticias.com.pe\/noticiero\/#website\"},\"primaryImageOfPage\":{\"@id\":\"https:\/\/aeronoticias.com.pe\/noticiero\/transporte-aereo\/se-contrae-en-7-2-la-capacidad-global-de-aerolineas\/#primaryimage\"},\"image\":{\"@id\":\"https:\/\/aeronoticias.com.pe\/noticiero\/transporte-aereo\/se-contrae-en-7-2-la-capacidad-global-de-aerolineas\/#primaryimage\"},\"thumbnailUrl\":\"https:\/\/aeronoticias.com.pe\/noticiero\/wp-content\/uploads\/2022\/01\/avion-generico-06_10_1.jpg\",\"datePublished\":\"2022-01-13T12:32:47+00:00\",\"dateModified\":\"2022-01-13T12:32:52+00:00\",\"author\":{\"@id\":\"https:\/\/aeronoticias.com.pe\/noticiero\/#\/schema\/person\/fc1e5d578f4b62ba1cf7ac2bba1170a0\"},\"description\":\"Portal de noticias del Per\u00fa sobre el transporte a\u00e9reo, aviaci\u00f3n, turismo, hoteleria, actualidad.\",\"breadcrumb\":{\"@id\":\"https:\/\/aeronoticias.com.pe\/noticiero\/transporte-aereo\/se-contrae-en-7-2-la-capacidad-global-de-aerolineas\/#breadcrumb\"},\"inLanguage\":\"es\",\"potentialAction\":[{\"@type\":\"ReadAction\",\"target\":[\"https:\/\/aeronoticias.com.pe\/noticiero\/transporte-aereo\/se-contrae-en-7-2-la-capacidad-global-de-aerolineas\/\"]}]},{\"@type\":\"ImageObject\",\"inLanguage\":\"es\",\"@id\":\"https:\/\/aeronoticias.com.pe\/noticiero\/transporte-aereo\/se-contrae-en-7-2-la-capacidad-global-de-aerolineas\/#primaryimage\",\"url\":\"https:\/\/aeronoticias.com.pe\/noticiero\/wp-content\/uploads\/2022\/01\/avion-generico-06_10_1.jpg\",\"contentUrl\":\"https:\/\/aeronoticias.com.pe\/noticiero\/wp-content\/uploads\/2022\/01\/avion-generico-06_10_1.jpg\",\"width\":770,\"height\":480},{\"@type\":\"BreadcrumbList\",\"@id\":\"https:\/\/aeronoticias.com.pe\/noticiero\/transporte-aereo\/se-contrae-en-7-2-la-capacidad-global-de-aerolineas\/#breadcrumb\",\"itemListElement\":[{\"@type\":\"ListItem\",\"position\":1,\"name\":\"Portada\",\"item\":\"https:\/\/aeronoticias.com.pe\/noticiero\/\"},{\"@type\":\"ListItem\",\"position\":2,\"name\":\"Se contrae en 7.2% la capacidad global de aerol\u00edneas\"}]},{\"@type\":\"WebSite\",\"@id\":\"https:\/\/aeronoticias.com.pe\/noticiero\/#website\",\"url\":\"https:\/\/aeronoticias.com.pe\/noticiero\/\",\"name\":\"Aeronoticias.com.pe\",\"description\":\"Noticias de tranporte aereo, turismo, hoteles, gastronomia, actualidad, internacional\",\"potentialAction\":[{\"@type\":\"SearchAction\",\"target\":{\"@type\":\"EntryPoint\",\"urlTemplate\":\"https:\/\/aeronoticias.com.pe\/noticiero\/?s={search_term_string}\"},\"query-input\":{\"@type\":\"PropertyValueSpecification\",\"valueRequired\":true,\"valueName\":\"search_term_string\"}}],\"inLanguage\":\"es\"},{\"@type\":\"Person\",\"@id\":\"https:\/\/aeronoticias.com.pe\/noticiero\/#\/schema\/person\/fc1e5d578f4b62ba1cf7ac2bba1170a0\",\"name\":\"Redacci\u00f3n Aeronoticias\",\"url\":\"https:\/\/aeronoticias.com.pe\/noticiero\/author\/piloto\/\"}]}<\/script>\n<!-- \/ Yoast SEO plugin. -->","yoast_head_json":{"title":"Se contrae en 7.2% la capacidad global de aerol\u00edneas","description":"Portal de noticias del Per\u00fa sobre el transporte a\u00e9reo, aviaci\u00f3n, turismo, hoteleria, actualidad.","robots":{"index":"index","follow":"follow","max-snippet":"max-snippet:-1","max-image-preview":"max-image-preview:large","max-video-preview":"max-video-preview:-1"},"canonical":"https:\/\/aeronoticias.com.pe\/noticiero\/transporte-aereo\/se-contrae-en-7-2-la-capacidad-global-de-aerolineas\/","og_locale":"es_ES","og_type":"article","og_title":"Se contrae en 7.2% la capacidad global de aerol\u00edneas","og_description":"Portal de noticias del Per\u00fa sobre el transporte a\u00e9reo, aviaci\u00f3n, turismo, hoteleria, actualidad.","og_url":"https:\/\/aeronoticias.com.pe\/noticiero\/transporte-aereo\/se-contrae-en-7-2-la-capacidad-global-de-aerolineas\/","og_site_name":"Aeronoticias.com.pe","article_publisher":"https:\/\/www.facebook.com\/Aeronoticias.com.pe\/","article_published_time":"2022-01-13T12:32:47+00:00","article_modified_time":"2022-01-13T12:32:52+00:00","og_image":[{"width":770,"height":480,"url":"https:\/\/aeronoticias.com.pe\/noticiero\/wp-content\/uploads\/2022\/01\/avion-generico-06_10_1.jpg","type":"image\/jpeg"}],"author":"Redacci\u00f3n Aeronoticias","twitter_card":"summary_large_image","twitter_creator":"@aeronoticias","twitter_site":"@aeronoticias","twitter_misc":{"Escrito por":"Redacci\u00f3n Aeronoticias","Tiempo de lectura":"2 minutos"},"schema":{"@context":"https:\/\/schema.org","@graph":[{"@type":"WebPage","@id":"https:\/\/aeronoticias.com.pe\/noticiero\/transporte-aereo\/se-contrae-en-7-2-la-capacidad-global-de-aerolineas\/","url":"https:\/\/aeronoticias.com.pe\/noticiero\/transporte-aereo\/se-contrae-en-7-2-la-capacidad-global-de-aerolineas\/","name":"Se contrae en 7.2% la capacidad global de aerol\u00edneas","isPartOf":{"@id":"https:\/\/aeronoticias.com.pe\/noticiero\/#website"},"primaryImageOfPage":{"@id":"https:\/\/aeronoticias.com.pe\/noticiero\/transporte-aereo\/se-contrae-en-7-2-la-capacidad-global-de-aerolineas\/#primaryimage"},"image":{"@id":"https:\/\/aeronoticias.com.pe\/noticiero\/transporte-aereo\/se-contrae-en-7-2-la-capacidad-global-de-aerolineas\/#primaryimage"},"thumbnailUrl":"https:\/\/aeronoticias.com.pe\/noticiero\/wp-content\/uploads\/2022\/01\/avion-generico-06_10_1.jpg","datePublished":"2022-01-13T12:32:47+00:00","dateModified":"2022-01-13T12:32:52+00:00","author":{"@id":"https:\/\/aeronoticias.com.pe\/noticiero\/#\/schema\/person\/fc1e5d578f4b62ba1cf7ac2bba1170a0"},"description":"Portal de noticias del Per\u00fa sobre el transporte a\u00e9reo, aviaci\u00f3n, turismo, hoteleria, actualidad.","breadcrumb":{"@id":"https:\/\/aeronoticias.com.pe\/noticiero\/transporte-aereo\/se-contrae-en-7-2-la-capacidad-global-de-aerolineas\/#breadcrumb"},"inLanguage":"es","potentialAction":[{"@type":"ReadAction","target":["https:\/\/aeronoticias.com.pe\/noticiero\/transporte-aereo\/se-contrae-en-7-2-la-capacidad-global-de-aerolineas\/"]}]},{"@type":"ImageObject","inLanguage":"es","@id":"https:\/\/aeronoticias.com.pe\/noticiero\/transporte-aereo\/se-contrae-en-7-2-la-capacidad-global-de-aerolineas\/#primaryimage","url":"https:\/\/aeronoticias.com.pe\/noticiero\/wp-content\/uploads\/2022\/01\/avion-generico-06_10_1.jpg","contentUrl":"https:\/\/aeronoticias.com.pe\/noticiero\/wp-content\/uploads\/2022\/01\/avion-generico-06_10_1.jpg","width":770,"height":480},{"@type":"BreadcrumbList","@id":"https:\/\/aeronoticias.com.pe\/noticiero\/transporte-aereo\/se-contrae-en-7-2-la-capacidad-global-de-aerolineas\/#breadcrumb","itemListElement":[{"@type":"ListItem","position":1,"name":"Portada","item":"https:\/\/aeronoticias.com.pe\/noticiero\/"},{"@type":"ListItem","position":2,"name":"Se contrae en 7.2% la capacidad global de aerol\u00edneas"}]},{"@type":"WebSite","@id":"https:\/\/aeronoticias.com.pe\/noticiero\/#website","url":"https:\/\/aeronoticias.com.pe\/noticiero\/","name":"Aeronoticias.com.pe","description":"Noticias de tranporte aereo, turismo, hoteles, gastronomia, actualidad, internacional","potentialAction":[{"@type":"SearchAction","target":{"@type":"EntryPoint","urlTemplate":"https:\/\/aeronoticias.com.pe\/noticiero\/?s={search_term_string}"},"query-input":{"@type":"PropertyValueSpecification","valueRequired":true,"valueName":"search_term_string"}}],"inLanguage":"es"},{"@type":"Person","@id":"https:\/\/aeronoticias.com.pe\/noticiero\/#\/schema\/person\/fc1e5d578f4b62ba1cf7ac2bba1170a0","name":"Redacci\u00f3n Aeronoticias","url":"https:\/\/aeronoticias.com.pe\/noticiero\/author\/piloto\/"}]}},"_links":{"self":[{"href":"https:\/\/aeronoticias.com.pe\/noticiero\/wp-json\/wp\/v2\/posts\/76827","targetHints":{"allow":["GET"]}}],"collection":[{"href":"https:\/\/aeronoticias.com.pe\/noticiero\/wp-json\/wp\/v2\/posts"}],"about":[{"href":"https:\/\/aeronoticias.com.pe\/noticiero\/wp-json\/wp\/v2\/types\/post"}],"author":[{"embeddable":true,"href":"https:\/\/aeronoticias.com.pe\/noticiero\/wp-json\/wp\/v2\/users\/1"}],"replies":[{"embeddable":true,"href":"https:\/\/aeronoticias.com.pe\/noticiero\/wp-json\/wp\/v2\/comments?post=76827"}],"version-history":[{"count":0,"href":"https:\/\/aeronoticias.com.pe\/noticiero\/wp-json\/wp\/v2\/posts\/76827\/revisions"}],"wp:featuredmedia":[{"embeddable":true,"href":"https:\/\/aeronoticias.com.pe\/noticiero\/wp-json\/wp\/v2\/media\/76828"}],"wp:attachment":[{"href":"https:\/\/aeronoticias.com.pe\/noticiero\/wp-json\/wp\/v2\/media?parent=76827"}],"wp:term":[{"taxonomy":"category","embeddable":true,"href":"https:\/\/aeronoticias.com.pe\/noticiero\/wp-json\/wp\/v2\/categories?post=76827"},{"taxonomy":"post_tag","embeddable":true,"href":"https:\/\/aeronoticias.com.pe\/noticiero\/wp-json\/wp\/v2\/tags?post=76827"}],"curies":[{"name":"wp","href":"https:\/\/api.w.org\/{rel}","templated":true}]}}