{"id":76840,"date":"2022-01-14T07:34:00","date_gmt":"2022-01-14T12:34:00","guid":{"rendered":"https:\/\/aeronoticias.com.pe\/noticiero\/?p=76840"},"modified":"2022-01-14T20:49:13","modified_gmt":"2022-01-15T01:49:13","slug":"delta-espera-perdidas-por-omicron","status":"publish","type":"post","link":"https:\/\/aeronoticias.com.pe\/noticiero\/transporte-aereo\/delta-espera-perdidas-por-omicron\/","title":{"rendered":"Delta espera p\u00e9rdidas por \u00f3micron"},"content":{"rendered":"\n<p><strong>(Aeronoticias)<\/strong>.- Debido a la variante \u00d3micron del covid-19,\u00a0Delta Airlines\u00a0pronostica que tendr\u00e1 un retraso en la recuperaci\u00f3n de los vuelos en los pr\u00f3ximos dos meses, y por lo tanto,\u00a0p\u00e9rdidas durante el primer trimestre del a\u00f1o, sin embargo, apunta a que\u00a0la situaci\u00f3n mejore en marzo\u00a0de este a\u00f1o, obteniendo ganancias.<\/p>\n\n\n\n<p>Aproximadamente&nbsp;<strong>8 mil empleados de Delta han sido contagiados<\/strong>&nbsp;de covid durante las \u00faltimas cuatro semanas, lo que representa 1 de cada 10 elementos de su fuerza laboral, report\u00f3 Ed Bastian, CEO de la compa\u00f1\u00eda.<\/p>\n\n\n\n<p>\u201cSi bien la variante \u00d3micron, con su r\u00e1pida propagaci\u00f3n,&nbsp;<strong>ha tenido un impacto significativo en los niveles del personal<\/strong>, y ha interrumpido los viajes en toda la industria, la operaci\u00f3n de Delta se estabiliz\u00f3 durante la \u00faltima semana y volvi\u00f3 al rendimiento previo a las vacaciones\u201d, coment\u00f3 Bastian.&nbsp;<\/p>\n\n\n\n<p>Asimismo, explic\u00f3 que conf\u00eda que durante primavera y verano haya un&nbsp;<strong>significativo repunte en la demanda acumulada de viajes de placer y de negocios.<\/strong><\/p>\n\n\n\n<p>La aerol\u00ednea&nbsp;<strong>registr\u00f3 ingresos por 170 millones de d\u00f3lares<\/strong>&nbsp;(antes de impuestos) durante el \u00faltimo trimestre del a\u00f1o, sin embargo, finaliz\u00f3 el a\u00f1o con una&nbsp;<strong>p\u00e9rdida acumulada de 3 mil 400 millones de d\u00f3lares<\/strong>&nbsp;(antes de impuestos), dio a conocer la aerol\u00ednea en sus resultados financieros de 2021.<\/p>\n\n\n\n<p>\u201cPara Delta el 2021 fue un a\u00f1o como ning\u00fan otro, con un progreso significativo en nuestra recuperaci\u00f3n, respaldado por una creciente preferencia de marca, lo que nos permiti\u00f3&nbsp;<strong>ser la \u00fanica aerol\u00ednea importante de Estados Unidos en generar rentabilidad durante la segunda mitad del a\u00f1o<\/strong>. Como siempre, nuestra gente impuls\u00f3 este \u00e9xito, por lo que nos complaci\u00f3 anunciar un pago especial de participaci\u00f3n en las ganancias para todos los empleados elegibles\u00bb. Expres\u00f3 Bastian.<\/p>\n\n\n\n<p>Fuente: <strong><em>A21<\/em><\/strong>.<\/p>\n","protected":false},"excerpt":{"rendered":"<p>(Aeronoticias).- Debido a la variante \u00d3micron del covid-19,\u00a0Delta Airlines\u00a0pronostica que tendr\u00e1 un retraso en la recuperaci\u00f3n de los vuelos en los pr\u00f3ximos dos meses, y por lo tanto,\u00a0p\u00e9rdidas durante el primer trimestre del a\u00f1o, sin embargo, apunta a que\u00a0la situaci\u00f3n mejore en marzo\u00a0de este a\u00f1o, obteniendo ganancias. Aproximadamente&nbsp;8 mil empleados de Delta han sido contagiados&nbsp;de [&hellip;]<\/p>\n","protected":false},"author":1,"featured_media":65318,"comment_status":"open","ping_status":"open","sticky":false,"template":"","format":"standard","meta":{"tdm_status":"","tdm_grid_status":"","footnotes":""},"categories":[32,11],"tags":[163,246],"class_list":{"0":"post-76840","1":"post","2":"type-post","3":"status-publish","4":"format-standard","5":"has-post-thumbnail","7":"category-internacional","8":"category-transporte-aereo","9":"tag-coronavirus","10":"tag-delta"},"yoast_head":"<!-- This site is optimized with the Yoast SEO plugin v25.1 - https:\/\/yoast.com\/wordpress\/plugins\/seo\/ -->\n<title>Delta espera p\u00e9rdidas por \u00f3micron<\/title>\n<meta name=\"description\" content=\"Portal de noticias del Per\u00fa sobre el transporte a\u00e9reo, aviaci\u00f3n, turismo, hoteleria, actualidad.\" \/>\n<meta name=\"robots\" content=\"index, follow, max-snippet:-1, max-image-preview:large, max-video-preview:-1\" \/>\n<link rel=\"canonical\" href=\"https:\/\/aeronoticias.com.pe\/noticiero\/transporte-aereo\/delta-espera-perdidas-por-omicron\/\" \/>\n<meta property=\"og:locale\" content=\"es_ES\" \/>\n<meta property=\"og:type\" content=\"article\" \/>\n<meta property=\"og:title\" content=\"Delta espera p\u00e9rdidas por \u00f3micron\" \/>\n<meta property=\"og:description\" content=\"Portal de noticias del Per\u00fa sobre el transporte a\u00e9reo, aviaci\u00f3n, turismo, hoteleria, actualidad.\" \/>\n<meta property=\"og:url\" content=\"https:\/\/aeronoticias.com.pe\/noticiero\/transporte-aereo\/delta-espera-perdidas-por-omicron\/\" \/>\n<meta property=\"og:site_name\" content=\"Aeronoticias.com.pe\" \/>\n<meta property=\"article:publisher\" content=\"https:\/\/www.facebook.com\/Aeronoticias.com.pe\/\" \/>\n<meta property=\"article:published_time\" content=\"2022-01-14T12:34:00+00:00\" \/>\n<meta property=\"article:modified_time\" content=\"2022-01-15T01:49:13+00:00\" \/>\n<meta property=\"og:image\" content=\"https:\/\/aeronoticias.com.pe\/noticiero\/wp-content\/uploads\/2019\/12\/Delta-Airlines.jpg\" \/>\n\t<meta property=\"og:image:width\" content=\"1280\" \/>\n\t<meta property=\"og:image:height\" content=\"720\" \/>\n\t<meta property=\"og:image:type\" content=\"image\/jpeg\" \/>\n<meta name=\"author\" content=\"Redacci\u00f3n Aeronoticias\" \/>\n<meta name=\"twitter:card\" content=\"summary_large_image\" \/>\n<meta name=\"twitter:creator\" content=\"@aeronoticias\" \/>\n<meta name=\"twitter:site\" content=\"@aeronoticias\" \/>\n<meta name=\"twitter:label1\" content=\"Escrito por\" \/>\n\t<meta name=\"twitter:data1\" content=\"Redacci\u00f3n Aeronoticias\" \/>\n\t<meta name=\"twitter:label2\" content=\"Tiempo de lectura\" \/>\n\t<meta name=\"twitter:data2\" content=\"2 minutos\" \/>\n<script type=\"application\/ld+json\" class=\"yoast-schema-graph\">{\"@context\":\"https:\/\/schema.org\",\"@graph\":[{\"@type\":\"WebPage\",\"@id\":\"https:\/\/aeronoticias.com.pe\/noticiero\/transporte-aereo\/delta-espera-perdidas-por-omicron\/\",\"url\":\"https:\/\/aeronoticias.com.pe\/noticiero\/transporte-aereo\/delta-espera-perdidas-por-omicron\/\",\"name\":\"Delta espera p\u00e9rdidas por \u00f3micron\",\"isPartOf\":{\"@id\":\"https:\/\/aeronoticias.com.pe\/noticiero\/#website\"},\"primaryImageOfPage\":{\"@id\":\"https:\/\/aeronoticias.com.pe\/noticiero\/transporte-aereo\/delta-espera-perdidas-por-omicron\/#primaryimage\"},\"image\":{\"@id\":\"https:\/\/aeronoticias.com.pe\/noticiero\/transporte-aereo\/delta-espera-perdidas-por-omicron\/#primaryimage\"},\"thumbnailUrl\":\"https:\/\/aeronoticias.com.pe\/noticiero\/wp-content\/uploads\/2019\/12\/Delta-Airlines.jpg\",\"datePublished\":\"2022-01-14T12:34:00+00:00\",\"dateModified\":\"2022-01-15T01:49:13+00:00\",\"author\":{\"@id\":\"https:\/\/aeronoticias.com.pe\/noticiero\/#\/schema\/person\/fc1e5d578f4b62ba1cf7ac2bba1170a0\"},\"description\":\"Portal de noticias del Per\u00fa sobre el transporte a\u00e9reo, aviaci\u00f3n, turismo, hoteleria, actualidad.\",\"breadcrumb\":{\"@id\":\"https:\/\/aeronoticias.com.pe\/noticiero\/transporte-aereo\/delta-espera-perdidas-por-omicron\/#breadcrumb\"},\"inLanguage\":\"es\",\"potentialAction\":[{\"@type\":\"ReadAction\",\"target\":[\"https:\/\/aeronoticias.com.pe\/noticiero\/transporte-aereo\/delta-espera-perdidas-por-omicron\/\"]}]},{\"@type\":\"ImageObject\",\"inLanguage\":\"es\",\"@id\":\"https:\/\/aeronoticias.com.pe\/noticiero\/transporte-aereo\/delta-espera-perdidas-por-omicron\/#primaryimage\",\"url\":\"https:\/\/aeronoticias.com.pe\/noticiero\/wp-content\/uploads\/2019\/12\/Delta-Airlines.jpg\",\"contentUrl\":\"https:\/\/aeronoticias.com.pe\/noticiero\/wp-content\/uploads\/2019\/12\/Delta-Airlines.jpg\",\"width\":1280,\"height\":720},{\"@type\":\"BreadcrumbList\",\"@id\":\"https:\/\/aeronoticias.com.pe\/noticiero\/transporte-aereo\/delta-espera-perdidas-por-omicron\/#breadcrumb\",\"itemListElement\":[{\"@type\":\"ListItem\",\"position\":1,\"name\":\"Portada\",\"item\":\"https:\/\/aeronoticias.com.pe\/noticiero\/\"},{\"@type\":\"ListItem\",\"position\":2,\"name\":\"Delta espera p\u00e9rdidas por \u00f3micron\"}]},{\"@type\":\"WebSite\",\"@id\":\"https:\/\/aeronoticias.com.pe\/noticiero\/#website\",\"url\":\"https:\/\/aeronoticias.com.pe\/noticiero\/\",\"name\":\"Aeronoticias.com.pe\",\"description\":\"Noticias de tranporte aereo, turismo, hoteles, gastronomia, actualidad, internacional\",\"potentialAction\":[{\"@type\":\"SearchAction\",\"target\":{\"@type\":\"EntryPoint\",\"urlTemplate\":\"https:\/\/aeronoticias.com.pe\/noticiero\/?s={search_term_string}\"},\"query-input\":{\"@type\":\"PropertyValueSpecification\",\"valueRequired\":true,\"valueName\":\"search_term_string\"}}],\"inLanguage\":\"es\"},{\"@type\":\"Person\",\"@id\":\"https:\/\/aeronoticias.com.pe\/noticiero\/#\/schema\/person\/fc1e5d578f4b62ba1cf7ac2bba1170a0\",\"name\":\"Redacci\u00f3n Aeronoticias\",\"url\":\"https:\/\/aeronoticias.com.pe\/noticiero\/author\/piloto\/\"}]}<\/script>\n<!-- \/ Yoast SEO plugin. -->","yoast_head_json":{"title":"Delta espera p\u00e9rdidas por \u00f3micron","description":"Portal de noticias del Per\u00fa sobre el transporte a\u00e9reo, aviaci\u00f3n, turismo, hoteleria, actualidad.","robots":{"index":"index","follow":"follow","max-snippet":"max-snippet:-1","max-image-preview":"max-image-preview:large","max-video-preview":"max-video-preview:-1"},"canonical":"https:\/\/aeronoticias.com.pe\/noticiero\/transporte-aereo\/delta-espera-perdidas-por-omicron\/","og_locale":"es_ES","og_type":"article","og_title":"Delta espera p\u00e9rdidas por \u00f3micron","og_description":"Portal de noticias del Per\u00fa sobre el transporte a\u00e9reo, aviaci\u00f3n, turismo, hoteleria, actualidad.","og_url":"https:\/\/aeronoticias.com.pe\/noticiero\/transporte-aereo\/delta-espera-perdidas-por-omicron\/","og_site_name":"Aeronoticias.com.pe","article_publisher":"https:\/\/www.facebook.com\/Aeronoticias.com.pe\/","article_published_time":"2022-01-14T12:34:00+00:00","article_modified_time":"2022-01-15T01:49:13+00:00","og_image":[{"width":1280,"height":720,"url":"https:\/\/aeronoticias.com.pe\/noticiero\/wp-content\/uploads\/2019\/12\/Delta-Airlines.jpg","type":"image\/jpeg"}],"author":"Redacci\u00f3n Aeronoticias","twitter_card":"summary_large_image","twitter_creator":"@aeronoticias","twitter_site":"@aeronoticias","twitter_misc":{"Escrito por":"Redacci\u00f3n Aeronoticias","Tiempo de lectura":"2 minutos"},"schema":{"@context":"https:\/\/schema.org","@graph":[{"@type":"WebPage","@id":"https:\/\/aeronoticias.com.pe\/noticiero\/transporte-aereo\/delta-espera-perdidas-por-omicron\/","url":"https:\/\/aeronoticias.com.pe\/noticiero\/transporte-aereo\/delta-espera-perdidas-por-omicron\/","name":"Delta espera p\u00e9rdidas por \u00f3micron","isPartOf":{"@id":"https:\/\/aeronoticias.com.pe\/noticiero\/#website"},"primaryImageOfPage":{"@id":"https:\/\/aeronoticias.com.pe\/noticiero\/transporte-aereo\/delta-espera-perdidas-por-omicron\/#primaryimage"},"image":{"@id":"https:\/\/aeronoticias.com.pe\/noticiero\/transporte-aereo\/delta-espera-perdidas-por-omicron\/#primaryimage"},"thumbnailUrl":"https:\/\/aeronoticias.com.pe\/noticiero\/wp-content\/uploads\/2019\/12\/Delta-Airlines.jpg","datePublished":"2022-01-14T12:34:00+00:00","dateModified":"2022-01-15T01:49:13+00:00","author":{"@id":"https:\/\/aeronoticias.com.pe\/noticiero\/#\/schema\/person\/fc1e5d578f4b62ba1cf7ac2bba1170a0"},"description":"Portal de noticias del Per\u00fa sobre el transporte a\u00e9reo, aviaci\u00f3n, turismo, hoteleria, actualidad.","breadcrumb":{"@id":"https:\/\/aeronoticias.com.pe\/noticiero\/transporte-aereo\/delta-espera-perdidas-por-omicron\/#breadcrumb"},"inLanguage":"es","potentialAction":[{"@type":"ReadAction","target":["https:\/\/aeronoticias.com.pe\/noticiero\/transporte-aereo\/delta-espera-perdidas-por-omicron\/"]}]},{"@type":"ImageObject","inLanguage":"es","@id":"https:\/\/aeronoticias.com.pe\/noticiero\/transporte-aereo\/delta-espera-perdidas-por-omicron\/#primaryimage","url":"https:\/\/aeronoticias.com.pe\/noticiero\/wp-content\/uploads\/2019\/12\/Delta-Airlines.jpg","contentUrl":"https:\/\/aeronoticias.com.pe\/noticiero\/wp-content\/uploads\/2019\/12\/Delta-Airlines.jpg","width":1280,"height":720},{"@type":"BreadcrumbList","@id":"https:\/\/aeronoticias.com.pe\/noticiero\/transporte-aereo\/delta-espera-perdidas-por-omicron\/#breadcrumb","itemListElement":[{"@type":"ListItem","position":1,"name":"Portada","item":"https:\/\/aeronoticias.com.pe\/noticiero\/"},{"@type":"ListItem","position":2,"name":"Delta espera p\u00e9rdidas por \u00f3micron"}]},{"@type":"WebSite","@id":"https:\/\/aeronoticias.com.pe\/noticiero\/#website","url":"https:\/\/aeronoticias.com.pe\/noticiero\/","name":"Aeronoticias.com.pe","description":"Noticias de tranporte aereo, turismo, hoteles, gastronomia, actualidad, internacional","potentialAction":[{"@type":"SearchAction","target":{"@type":"EntryPoint","urlTemplate":"https:\/\/aeronoticias.com.pe\/noticiero\/?s={search_term_string}"},"query-input":{"@type":"PropertyValueSpecification","valueRequired":true,"valueName":"search_term_string"}}],"inLanguage":"es"},{"@type":"Person","@id":"https:\/\/aeronoticias.com.pe\/noticiero\/#\/schema\/person\/fc1e5d578f4b62ba1cf7ac2bba1170a0","name":"Redacci\u00f3n Aeronoticias","url":"https:\/\/aeronoticias.com.pe\/noticiero\/author\/piloto\/"}]}},"_links":{"self":[{"href":"https:\/\/aeronoticias.com.pe\/noticiero\/wp-json\/wp\/v2\/posts\/76840","targetHints":{"allow":["GET"]}}],"collection":[{"href":"https:\/\/aeronoticias.com.pe\/noticiero\/wp-json\/wp\/v2\/posts"}],"about":[{"href":"https:\/\/aeronoticias.com.pe\/noticiero\/wp-json\/wp\/v2\/types\/post"}],"author":[{"embeddable":true,"href":"https:\/\/aeronoticias.com.pe\/noticiero\/wp-json\/wp\/v2\/users\/1"}],"replies":[{"embeddable":true,"href":"https:\/\/aeronoticias.com.pe\/noticiero\/wp-json\/wp\/v2\/comments?post=76840"}],"version-history":[{"count":0,"href":"https:\/\/aeronoticias.com.pe\/noticiero\/wp-json\/wp\/v2\/posts\/76840\/revisions"}],"wp:featuredmedia":[{"embeddable":true,"href":"https:\/\/aeronoticias.com.pe\/noticiero\/wp-json\/wp\/v2\/media\/65318"}],"wp:attachment":[{"href":"https:\/\/aeronoticias.com.pe\/noticiero\/wp-json\/wp\/v2\/media?parent=76840"}],"wp:term":[{"taxonomy":"category","embeddable":true,"href":"https:\/\/aeronoticias.com.pe\/noticiero\/wp-json\/wp\/v2\/categories?post=76840"},{"taxonomy":"post_tag","embeddable":true,"href":"https:\/\/aeronoticias.com.pe\/noticiero\/wp-json\/wp\/v2\/tags?post=76840"}],"curies":[{"name":"wp","href":"https:\/\/api.w.org\/{rel}","templated":true}]}}