{"id":76849,"date":"2022-01-14T07:03:00","date_gmt":"2022-01-14T12:03:00","guid":{"rendered":"https:\/\/aeronoticias.com.pe\/noticiero\/?p=76849"},"modified":"2022-01-14T21:06:24","modified_gmt":"2022-01-15T02:06:24","slug":"acreedores-respaldan-reorganizacion-de-latam","status":"publish","type":"post","link":"https:\/\/aeronoticias.com.pe\/noticiero\/transporte-aereo\/acreedores-respaldan-reorganizacion-de-latam\/","title":{"rendered":"Acreedores respaldan reorganizaci\u00f3n de LATAM"},"content":{"rendered":"\n<p><strong>(Aeronoticias)<\/strong>.- LATAM Airlines Group\u00a0alcanz\u00f3 un acuerdo con acreedores y accionistas para apoyar su\u00a0Plan de Reorganizaci\u00f3n dentro del Cap\u00edtulo 11\u00a0de la Ley de Quiebras de los Estados Unidos.<\/p>\n\n\n\n<p>El Plan&nbsp;contempla la emisi\u00f3n de nuevas acciones ordinarias con un valor de aproximadamente&nbsp;<strong>800 millones de d\u00f3lares<\/strong>&nbsp;que ser\u00edan ofrecidas a todos los accionistas de la empresa.<\/p>\n\n\n\n<p><strong>Delta Air Lines, Qatar Airways, Grupo Cueto y Grupo Eblen<\/strong>, respaldar\u00edan un\u00a0monto de hasta\u00a0<strong>400 millones<\/strong>\u00a0en nuevas acciones, pero no tendr\u00e1n derecho a ning\u00fan pago por el compromiso, de acuerdo con un comunicado de LATAM enviado a la Comisi\u00f3n para el Mercado Financiero de Chile.<\/p>\n\n\n\n<p>Por otro lado, acreedores no garantizados de&nbsp;<strong>Evercore&nbsp;<\/strong>acordaron respaldar&nbsp;<strong>400 millones de d\u00f3lares<\/strong>, recibiendo a cambio un pago del 20% sobre dicho monto.<\/p>\n\n\n\n<p>Asimismo, el Grupo propuso la financiaci\u00f3n por un monto de ocho mil 190 millones de d\u00f3lares a partir de la emisi\u00f3n de nuevas notas convertibles de Clase A, B y C. Las de&nbsp;<strong>Clase B equivaldr\u00edan a mil 370 millones<\/strong>&nbsp;y ser\u00edan respaldadas por&nbsp;<strong>Delta, Qatar Airways, el Grupo Cueto y Grupo Eblen<\/strong>, mientras que las&nbsp;<strong>Clase C ascender\u00edan a&nbsp;seis mil 810 millones<\/strong>, respaldadas por los acreedores de&nbsp;<strong>Evercore<\/strong>.<\/p>\n\n\n\n<p>Sin embargo, se espera que algunos acreedores chilenos objeten el Plan, debido a que estiman que sus contrapartes extranjeras reciban&nbsp;<strong>100 centavos por cada d\u00f3lar<\/strong>&nbsp;una vez que finalice el proceso de Cap\u00edtulo 11, mientras que ellos recibir\u00e1n&nbsp;<strong>apenas 20 centavos.<\/strong><\/p>\n\n\n\n<p>Durante diciembre, LATAM registr\u00f3 un tr\u00e1fico de pasajeros del 68.8% de los niveles prepandemia y prev\u00e9 que&nbsp;<strong>durante el primer mes de 2022 alcance un tr\u00e1fico del 72%<\/strong>&nbsp;de los niveles de 2019, planeando operar cerca de&nbsp;<strong>mil 300 vuelos<\/strong>&nbsp;en su red de rutas nacionales e internacionales.<\/p>\n\n\n\n<p>Fuente: <strong><em>A21<\/em><\/strong>.<\/p>\n","protected":false},"excerpt":{"rendered":"<p>(Aeronoticias).- LATAM Airlines Group\u00a0alcanz\u00f3 un acuerdo con acreedores y accionistas para apoyar su\u00a0Plan de Reorganizaci\u00f3n dentro del Cap\u00edtulo 11\u00a0de la Ley de Quiebras de los Estados Unidos. El Plan&nbsp;contempla la emisi\u00f3n de nuevas acciones ordinarias con un valor de aproximadamente&nbsp;800 millones de d\u00f3lares&nbsp;que ser\u00edan ofrecidas a todos los accionistas de la empresa. Delta Air Lines, [&hellip;]<\/p>\n","protected":false},"author":1,"featured_media":66299,"comment_status":"open","ping_status":"open","sticky":false,"template":"","format":"standard","meta":{"tdm_status":"","tdm_grid_status":"","footnotes":""},"categories":[32,11],"tags":[163],"class_list":{"0":"post-76849","1":"post","2":"type-post","3":"status-publish","4":"format-standard","5":"has-post-thumbnail","7":"category-internacional","8":"category-transporte-aereo","9":"tag-coronavirus"},"yoast_head":"<!-- This site is optimized with the Yoast SEO plugin v25.1 - https:\/\/yoast.com\/wordpress\/plugins\/seo\/ -->\n<title>Acreedores respaldan reorganizaci\u00f3n de LATAM<\/title>\n<meta name=\"description\" content=\"Portal de noticias del Per\u00fa sobre el transporte a\u00e9reo, aviaci\u00f3n, turismo, hoteleria, actualidad.\" \/>\n<meta name=\"robots\" content=\"index, follow, max-snippet:-1, max-image-preview:large, max-video-preview:-1\" \/>\n<link rel=\"canonical\" href=\"https:\/\/aeronoticias.com.pe\/noticiero\/transporte-aereo\/acreedores-respaldan-reorganizacion-de-latam\/\" \/>\n<meta property=\"og:locale\" content=\"es_ES\" \/>\n<meta property=\"og:type\" content=\"article\" \/>\n<meta property=\"og:title\" content=\"Acreedores respaldan reorganizaci\u00f3n de LATAM\" \/>\n<meta property=\"og:description\" content=\"Portal de noticias del Per\u00fa sobre el transporte a\u00e9reo, aviaci\u00f3n, turismo, hoteleria, actualidad.\" \/>\n<meta property=\"og:url\" content=\"https:\/\/aeronoticias.com.pe\/noticiero\/transporte-aereo\/acreedores-respaldan-reorganizacion-de-latam\/\" \/>\n<meta property=\"og:site_name\" content=\"Aeronoticias.com.pe\" \/>\n<meta property=\"article:publisher\" content=\"https:\/\/www.facebook.com\/Aeronoticias.com.pe\/\" \/>\n<meta property=\"article:published_time\" content=\"2022-01-14T12:03:00+00:00\" \/>\n<meta property=\"article:modified_time\" content=\"2022-01-15T02:06:24+00:00\" \/>\n<meta property=\"og:image\" content=\"https:\/\/aeronoticias.com.pe\/noticiero\/wp-content\/uploads\/2019\/07\/latam123.jpg\" \/>\n\t<meta property=\"og:image:width\" content=\"700\" \/>\n\t<meta property=\"og:image:height\" content=\"395\" \/>\n\t<meta property=\"og:image:type\" content=\"image\/jpeg\" \/>\n<meta name=\"author\" content=\"Redacci\u00f3n Aeronoticias\" \/>\n<meta name=\"twitter:card\" content=\"summary_large_image\" \/>\n<meta name=\"twitter:creator\" content=\"@aeronoticias\" \/>\n<meta name=\"twitter:site\" content=\"@aeronoticias\" \/>\n<meta name=\"twitter:label1\" content=\"Escrito por\" \/>\n\t<meta name=\"twitter:data1\" content=\"Redacci\u00f3n Aeronoticias\" \/>\n\t<meta name=\"twitter:label2\" content=\"Tiempo de lectura\" \/>\n\t<meta name=\"twitter:data2\" content=\"2 minutos\" \/>\n<script type=\"application\/ld+json\" class=\"yoast-schema-graph\">{\"@context\":\"https:\/\/schema.org\",\"@graph\":[{\"@type\":\"WebPage\",\"@id\":\"https:\/\/aeronoticias.com.pe\/noticiero\/transporte-aereo\/acreedores-respaldan-reorganizacion-de-latam\/\",\"url\":\"https:\/\/aeronoticias.com.pe\/noticiero\/transporte-aereo\/acreedores-respaldan-reorganizacion-de-latam\/\",\"name\":\"Acreedores respaldan reorganizaci\u00f3n de LATAM\",\"isPartOf\":{\"@id\":\"https:\/\/aeronoticias.com.pe\/noticiero\/#website\"},\"primaryImageOfPage\":{\"@id\":\"https:\/\/aeronoticias.com.pe\/noticiero\/transporte-aereo\/acreedores-respaldan-reorganizacion-de-latam\/#primaryimage\"},\"image\":{\"@id\":\"https:\/\/aeronoticias.com.pe\/noticiero\/transporte-aereo\/acreedores-respaldan-reorganizacion-de-latam\/#primaryimage\"},\"thumbnailUrl\":\"https:\/\/aeronoticias.com.pe\/noticiero\/wp-content\/uploads\/2019\/07\/latam123.jpg\",\"datePublished\":\"2022-01-14T12:03:00+00:00\",\"dateModified\":\"2022-01-15T02:06:24+00:00\",\"author\":{\"@id\":\"https:\/\/aeronoticias.com.pe\/noticiero\/#\/schema\/person\/fc1e5d578f4b62ba1cf7ac2bba1170a0\"},\"description\":\"Portal de noticias del Per\u00fa sobre el transporte a\u00e9reo, aviaci\u00f3n, turismo, hoteleria, actualidad.\",\"breadcrumb\":{\"@id\":\"https:\/\/aeronoticias.com.pe\/noticiero\/transporte-aereo\/acreedores-respaldan-reorganizacion-de-latam\/#breadcrumb\"},\"inLanguage\":\"es\",\"potentialAction\":[{\"@type\":\"ReadAction\",\"target\":[\"https:\/\/aeronoticias.com.pe\/noticiero\/transporte-aereo\/acreedores-respaldan-reorganizacion-de-latam\/\"]}]},{\"@type\":\"ImageObject\",\"inLanguage\":\"es\",\"@id\":\"https:\/\/aeronoticias.com.pe\/noticiero\/transporte-aereo\/acreedores-respaldan-reorganizacion-de-latam\/#primaryimage\",\"url\":\"https:\/\/aeronoticias.com.pe\/noticiero\/wp-content\/uploads\/2019\/07\/latam123.jpg\",\"contentUrl\":\"https:\/\/aeronoticias.com.pe\/noticiero\/wp-content\/uploads\/2019\/07\/latam123.jpg\",\"width\":700,\"height\":395},{\"@type\":\"BreadcrumbList\",\"@id\":\"https:\/\/aeronoticias.com.pe\/noticiero\/transporte-aereo\/acreedores-respaldan-reorganizacion-de-latam\/#breadcrumb\",\"itemListElement\":[{\"@type\":\"ListItem\",\"position\":1,\"name\":\"Portada\",\"item\":\"https:\/\/aeronoticias.com.pe\/noticiero\/\"},{\"@type\":\"ListItem\",\"position\":2,\"name\":\"Acreedores respaldan reorganizaci\u00f3n de LATAM\"}]},{\"@type\":\"WebSite\",\"@id\":\"https:\/\/aeronoticias.com.pe\/noticiero\/#website\",\"url\":\"https:\/\/aeronoticias.com.pe\/noticiero\/\",\"name\":\"Aeronoticias.com.pe\",\"description\":\"Noticias de tranporte aereo, turismo, hoteles, gastronomia, actualidad, internacional\",\"potentialAction\":[{\"@type\":\"SearchAction\",\"target\":{\"@type\":\"EntryPoint\",\"urlTemplate\":\"https:\/\/aeronoticias.com.pe\/noticiero\/?s={search_term_string}\"},\"query-input\":{\"@type\":\"PropertyValueSpecification\",\"valueRequired\":true,\"valueName\":\"search_term_string\"}}],\"inLanguage\":\"es\"},{\"@type\":\"Person\",\"@id\":\"https:\/\/aeronoticias.com.pe\/noticiero\/#\/schema\/person\/fc1e5d578f4b62ba1cf7ac2bba1170a0\",\"name\":\"Redacci\u00f3n Aeronoticias\",\"url\":\"https:\/\/aeronoticias.com.pe\/noticiero\/author\/piloto\/\"}]}<\/script>\n<!-- \/ Yoast SEO plugin. -->","yoast_head_json":{"title":"Acreedores respaldan reorganizaci\u00f3n de LATAM","description":"Portal de noticias del Per\u00fa sobre el transporte a\u00e9reo, aviaci\u00f3n, turismo, hoteleria, actualidad.","robots":{"index":"index","follow":"follow","max-snippet":"max-snippet:-1","max-image-preview":"max-image-preview:large","max-video-preview":"max-video-preview:-1"},"canonical":"https:\/\/aeronoticias.com.pe\/noticiero\/transporte-aereo\/acreedores-respaldan-reorganizacion-de-latam\/","og_locale":"es_ES","og_type":"article","og_title":"Acreedores respaldan reorganizaci\u00f3n de LATAM","og_description":"Portal de noticias del Per\u00fa sobre el transporte a\u00e9reo, aviaci\u00f3n, turismo, hoteleria, actualidad.","og_url":"https:\/\/aeronoticias.com.pe\/noticiero\/transporte-aereo\/acreedores-respaldan-reorganizacion-de-latam\/","og_site_name":"Aeronoticias.com.pe","article_publisher":"https:\/\/www.facebook.com\/Aeronoticias.com.pe\/","article_published_time":"2022-01-14T12:03:00+00:00","article_modified_time":"2022-01-15T02:06:24+00:00","og_image":[{"width":700,"height":395,"url":"https:\/\/aeronoticias.com.pe\/noticiero\/wp-content\/uploads\/2019\/07\/latam123.jpg","type":"image\/jpeg"}],"author":"Redacci\u00f3n Aeronoticias","twitter_card":"summary_large_image","twitter_creator":"@aeronoticias","twitter_site":"@aeronoticias","twitter_misc":{"Escrito por":"Redacci\u00f3n Aeronoticias","Tiempo de lectura":"2 minutos"},"schema":{"@context":"https:\/\/schema.org","@graph":[{"@type":"WebPage","@id":"https:\/\/aeronoticias.com.pe\/noticiero\/transporte-aereo\/acreedores-respaldan-reorganizacion-de-latam\/","url":"https:\/\/aeronoticias.com.pe\/noticiero\/transporte-aereo\/acreedores-respaldan-reorganizacion-de-latam\/","name":"Acreedores respaldan reorganizaci\u00f3n de LATAM","isPartOf":{"@id":"https:\/\/aeronoticias.com.pe\/noticiero\/#website"},"primaryImageOfPage":{"@id":"https:\/\/aeronoticias.com.pe\/noticiero\/transporte-aereo\/acreedores-respaldan-reorganizacion-de-latam\/#primaryimage"},"image":{"@id":"https:\/\/aeronoticias.com.pe\/noticiero\/transporte-aereo\/acreedores-respaldan-reorganizacion-de-latam\/#primaryimage"},"thumbnailUrl":"https:\/\/aeronoticias.com.pe\/noticiero\/wp-content\/uploads\/2019\/07\/latam123.jpg","datePublished":"2022-01-14T12:03:00+00:00","dateModified":"2022-01-15T02:06:24+00:00","author":{"@id":"https:\/\/aeronoticias.com.pe\/noticiero\/#\/schema\/person\/fc1e5d578f4b62ba1cf7ac2bba1170a0"},"description":"Portal de noticias del Per\u00fa sobre el transporte a\u00e9reo, aviaci\u00f3n, turismo, hoteleria, actualidad.","breadcrumb":{"@id":"https:\/\/aeronoticias.com.pe\/noticiero\/transporte-aereo\/acreedores-respaldan-reorganizacion-de-latam\/#breadcrumb"},"inLanguage":"es","potentialAction":[{"@type":"ReadAction","target":["https:\/\/aeronoticias.com.pe\/noticiero\/transporte-aereo\/acreedores-respaldan-reorganizacion-de-latam\/"]}]},{"@type":"ImageObject","inLanguage":"es","@id":"https:\/\/aeronoticias.com.pe\/noticiero\/transporte-aereo\/acreedores-respaldan-reorganizacion-de-latam\/#primaryimage","url":"https:\/\/aeronoticias.com.pe\/noticiero\/wp-content\/uploads\/2019\/07\/latam123.jpg","contentUrl":"https:\/\/aeronoticias.com.pe\/noticiero\/wp-content\/uploads\/2019\/07\/latam123.jpg","width":700,"height":395},{"@type":"BreadcrumbList","@id":"https:\/\/aeronoticias.com.pe\/noticiero\/transporte-aereo\/acreedores-respaldan-reorganizacion-de-latam\/#breadcrumb","itemListElement":[{"@type":"ListItem","position":1,"name":"Portada","item":"https:\/\/aeronoticias.com.pe\/noticiero\/"},{"@type":"ListItem","position":2,"name":"Acreedores respaldan reorganizaci\u00f3n de LATAM"}]},{"@type":"WebSite","@id":"https:\/\/aeronoticias.com.pe\/noticiero\/#website","url":"https:\/\/aeronoticias.com.pe\/noticiero\/","name":"Aeronoticias.com.pe","description":"Noticias de tranporte aereo, turismo, hoteles, gastronomia, actualidad, internacional","potentialAction":[{"@type":"SearchAction","target":{"@type":"EntryPoint","urlTemplate":"https:\/\/aeronoticias.com.pe\/noticiero\/?s={search_term_string}"},"query-input":{"@type":"PropertyValueSpecification","valueRequired":true,"valueName":"search_term_string"}}],"inLanguage":"es"},{"@type":"Person","@id":"https:\/\/aeronoticias.com.pe\/noticiero\/#\/schema\/person\/fc1e5d578f4b62ba1cf7ac2bba1170a0","name":"Redacci\u00f3n Aeronoticias","url":"https:\/\/aeronoticias.com.pe\/noticiero\/author\/piloto\/"}]}},"_links":{"self":[{"href":"https:\/\/aeronoticias.com.pe\/noticiero\/wp-json\/wp\/v2\/posts\/76849","targetHints":{"allow":["GET"]}}],"collection":[{"href":"https:\/\/aeronoticias.com.pe\/noticiero\/wp-json\/wp\/v2\/posts"}],"about":[{"href":"https:\/\/aeronoticias.com.pe\/noticiero\/wp-json\/wp\/v2\/types\/post"}],"author":[{"embeddable":true,"href":"https:\/\/aeronoticias.com.pe\/noticiero\/wp-json\/wp\/v2\/users\/1"}],"replies":[{"embeddable":true,"href":"https:\/\/aeronoticias.com.pe\/noticiero\/wp-json\/wp\/v2\/comments?post=76849"}],"version-history":[{"count":0,"href":"https:\/\/aeronoticias.com.pe\/noticiero\/wp-json\/wp\/v2\/posts\/76849\/revisions"}],"wp:featuredmedia":[{"embeddable":true,"href":"https:\/\/aeronoticias.com.pe\/noticiero\/wp-json\/wp\/v2\/media\/66299"}],"wp:attachment":[{"href":"https:\/\/aeronoticias.com.pe\/noticiero\/wp-json\/wp\/v2\/media?parent=76849"}],"wp:term":[{"taxonomy":"category","embeddable":true,"href":"https:\/\/aeronoticias.com.pe\/noticiero\/wp-json\/wp\/v2\/categories?post=76849"},{"taxonomy":"post_tag","embeddable":true,"href":"https:\/\/aeronoticias.com.pe\/noticiero\/wp-json\/wp\/v2\/tags?post=76849"}],"curies":[{"name":"wp","href":"https:\/\/api.w.org\/{rel}","templated":true}]}}