{"id":7720,"date":"2009-12-28T13:25:55","date_gmt":"2009-12-28T13:25:55","guid":{"rendered":"http:\/\/desarrollo.mcvicious.com\/aero2020\/2009\/12\/28\/destino-argentina-el-tango-tiene-su-propio-espacio-en-la-ciudad\/"},"modified":"2009-12-28T13:25:55","modified_gmt":"2009-12-28T13:25:55","slug":"destino-argentina-el-tango-tiene-su-propio-espacio-en-la-ciudad","status":"publish","type":"post","link":"https:\/\/aeronoticias.com.pe\/noticiero\/turismo\/13\/destino-argentina-el-tango-tiene-su-propio-espacio-en-la-ciudad\/","title":{"rendered":"Destino Argentina: El tango tiene su propio espacio en la Ciudad"},"content":{"rendered":"<div style=\"text-align: justify\">El tango tiene por primera vez \u00abun espacio propio de car\u00e1cter p\u00fablico en el que sus cultores podr\u00e1n expresarse y sus seguidores presenciar los espect\u00e1culos m\u00e1s emblem\u00e1ticos de la m\u00fasica ciudadana\u00bb, destac\u00f3 el Ministerio de Cultura metropolitano, impulsor de la iniciativa.\u00a0<\/div>\n<div style=\"text-align: justify\"><\/div>\n<div style=\"text-align: justify\">El Teatro de la Ribera, en el barrio de La Boca, es a partir de este domingo la sala porte\u00f1a por excelencia para el tango, declarado este a\u00f1o \u00abPatrimonio Cultural Inmaterial de la Humanidad\u00bb por la UNESCO, inform\u00f3 el gobierno de la ciudad de Buenos Aires.\u00a0<\/div>\n<div style=\"text-align: justify\">El anuncio lo realiz\u00f3 el ministro del \u00e1rea, Hern\u00e1n Lombardi, durante un acto en la sala de avenida Pedro de Mendoza 1821 en el que estuvieron emblem\u00e1ticas figuras del ambiente tanguero porte\u00f1o como Ra\u00fal Garello, N\u00e9stor Marconi, Juan Carlos Copes, Horario Ferrer y Guillermo Fern\u00e1ndez, entre otros.\u00a0<\/div>\n<div style=\"text-align: justify\">\n<div style=\"text-align: center\"><img decoding=\"async\" src=\"images\/stories\/09\/12\/281209\/tango.jpg\" border=\"0\" \/><\/div>\n<\/div>\n<div style=\"text-align: justify\">La decisi\u00f3n \u00abcierra un ciclo fenomenal que se dio este a\u00f1o con el tango y que tuvo su momento culminante a fines de septiembre\u00bb con la declaraci\u00f3n de la UNESCO en Abu Dhabi, luego de la presentaci\u00f3n que hici\u00e9ramos junto a Montevideo\u00bb, dijo Lombardi.\u00a0<\/div>\n<div style=\"text-align: justify\"><\/div>\n<div style=\"text-align: justify\">\u00abEl Tango es y seguir\u00e1 siendo una herramienta central en la gesti\u00f3n de cultura de la ciudad\u00bb, asegur\u00f3 el ministro. El tango tiene su propio espacio en la Ciudad\u00a0<\/div>\n<div style=\"text-align: justify\"><\/div>\n<div style=\"text-align: justify\"><\/div>\n<div style=\"text-align: justify\">El Teatro de la Ribera, en el barrio de La Boca, es a partir de este domingo la sala porte\u00f1a por excelencia para el tango, declarado este a\u00f1o \u00abPatrimonio Cultural Inmaterial de la Humanidad\u00bb por la UNESCO, inform\u00f3 el gobierno de la ciudad de Buenos Aires.\u00a0<\/div>\n<div style=\"text-align: justify\"><\/div>\n<div style=\"text-align: justify\">El tango tiene por primera vez \u00abun espacio propio de car\u00e1cter p\u00fablico en el que sus cultores podr\u00e1n expresarse y sus seguidores presenciar los espect\u00e1culos m\u00e1s emblem\u00e1ticos de la m\u00fasica ciudadana\u00bb, destac\u00f3 el Ministerio de Cultura metropolitano, impulsor de la iniciativa.\u00a0<\/div>\n<div style=\"text-align: justify\"><\/div>\n<div style=\"text-align: justify\">El anuncio lo realiz\u00f3 el ministro del \u00e1rea, Hern\u00e1n Lombardi, durante un acto en la sala de avenida Pedro de Mendoza 1821 en el que estuvieron emblem\u00e1ticas figuras del ambiente tanguero porte\u00f1o como Ra\u00fal Garello, N\u00e9stor Marconi, Juan Carlos Copes, Horario Ferrer y Guillermo Fern\u00e1ndez, entre otros.\u00a0<\/div>\n<div style=\"text-align: justify\"><\/div>\n<div style=\"text-align: justify\">La decisi\u00f3n \u00abcierra un ciclo fenomenal que se dio este a\u00f1o con el tango y que tuvo su momento culminante a fines de septiembre\u00bb con la declaraci\u00f3n de la UNESCO en Abu Dhabi, luego de la presentaci\u00f3n que hici\u00e9ramos junto a Montevideo\u00bb, dijo Lombardi.\u00a0<\/div>\n<div style=\"text-align: justify\"><\/div>\n<div style=\"text-align: justify\">\u00abEl Tango es y seguir\u00e1 siendo una herramienta central en la gesti\u00f3n de cultura de la ciudad\u00bb, asegur\u00f3 el ministro.<\/div>\n<div style=\"text-align: justify\"><\/div>\n<div style=\"text-align: justify\"><strong>Aeronoticias <\/strong>considera que el tango, uno de los patrimonios de la Argentina, tiene que ser difundido y apreciado como tal, prueba del folklore nacional del pa\u00eds hermano del sur, por lo que exhortamos a nuestra lector\u00eda a darse una vuelta y saborear el sabor argentino y m\u00e1s a\u00fan el Tango.<\/div>\n<div style=\"text-align: justify\"><\/div>\n","protected":false},"excerpt":{"rendered":"<p>El tango tiene por primera vez \u00abun espacio propio de car\u00e1cter p\u00fablico en el que sus cultores podr\u00e1n expresarse y sus seguidores presenciar los espect\u00e1culos m\u00e1s emblem\u00e1ticos de la m\u00fasica ciudadana\u00bb, destac\u00f3 el Ministerio de Cultura metropolitano, impulsor de la iniciativa.\u00a0 El Teatro de la Ribera, en el barrio de La Boca, es a partir [&hellip;]<\/p>\n","protected":false},"author":1,"featured_media":0,"comment_status":"open","ping_status":"open","sticky":false,"template":"","format":"standard","meta":{"tdm_status":"","tdm_grid_status":"","footnotes":""},"categories":[31],"tags":[],"class_list":{"0":"post-7720","1":"post","2":"type-post","3":"status-publish","4":"format-standard","6":"category-31"},"yoast_head":"<!-- This site is optimized with the Yoast SEO plugin v25.1 - https:\/\/yoast.com\/wordpress\/plugins\/seo\/ -->\n<title>Destino Argentina: El tango tiene su propio espacio en la Ciudad<\/title>\n<meta name=\"description\" content=\"Portal de noticias del Per\u00fa sobre el transporte a\u00e9reo, aviaci\u00f3n, turismo, hoteleria, actualidad.\" \/>\n<meta name=\"robots\" content=\"index, follow, max-snippet:-1, max-image-preview:large, max-video-preview:-1\" \/>\n<link rel=\"canonical\" href=\"https:\/\/aeronoticias.com.pe\/noticiero\/turismo\/13\/destino-argentina-el-tango-tiene-su-propio-espacio-en-la-ciudad\/\" \/>\n<meta property=\"og:locale\" content=\"es_ES\" \/>\n<meta property=\"og:type\" content=\"article\" \/>\n<meta property=\"og:title\" content=\"Destino Argentina: El tango tiene su propio espacio en la Ciudad\" \/>\n<meta property=\"og:description\" content=\"Portal de noticias del Per\u00fa sobre el transporte a\u00e9reo, aviaci\u00f3n, turismo, hoteleria, actualidad.\" \/>\n<meta property=\"og:url\" content=\"https:\/\/aeronoticias.com.pe\/noticiero\/turismo\/13\/destino-argentina-el-tango-tiene-su-propio-espacio-en-la-ciudad\/\" \/>\n<meta property=\"og:site_name\" content=\"Aeronoticias.com.pe\" \/>\n<meta property=\"article:publisher\" content=\"https:\/\/www.facebook.com\/Aeronoticias.com.pe\/\" \/>\n<meta property=\"article:published_time\" content=\"2009-12-28T13:25:55+00:00\" \/>\n<meta name=\"author\" content=\"Redacci\u00f3n Aeronoticias\" \/>\n<meta name=\"twitter:card\" content=\"summary_large_image\" \/>\n<meta name=\"twitter:creator\" content=\"@aeronoticias\" \/>\n<meta name=\"twitter:site\" content=\"@aeronoticias\" \/>\n<meta name=\"twitter:label1\" content=\"Escrito por\" \/>\n\t<meta name=\"twitter:data1\" content=\"Redacci\u00f3n Aeronoticias\" \/>\n\t<meta name=\"twitter:label2\" content=\"Tiempo de lectura\" \/>\n\t<meta name=\"twitter:data2\" content=\"2 minutos\" \/>\n<script type=\"application\/ld+json\" class=\"yoast-schema-graph\">{\"@context\":\"https:\/\/schema.org\",\"@graph\":[{\"@type\":\"WebPage\",\"@id\":\"https:\/\/aeronoticias.com.pe\/noticiero\/turismo\/13\/destino-argentina-el-tango-tiene-su-propio-espacio-en-la-ciudad\/\",\"url\":\"https:\/\/aeronoticias.com.pe\/noticiero\/turismo\/13\/destino-argentina-el-tango-tiene-su-propio-espacio-en-la-ciudad\/\",\"name\":\"Destino Argentina: El tango tiene su propio espacio en la Ciudad\",\"isPartOf\":{\"@id\":\"https:\/\/aeronoticias.com.pe\/noticiero\/#website\"},\"datePublished\":\"2009-12-28T13:25:55+00:00\",\"author\":{\"@id\":\"https:\/\/aeronoticias.com.pe\/noticiero\/#\/schema\/person\/fc1e5d578f4b62ba1cf7ac2bba1170a0\"},\"description\":\"Portal de noticias del Per\u00fa sobre el transporte a\u00e9reo, aviaci\u00f3n, turismo, hoteleria, actualidad.\",\"breadcrumb\":{\"@id\":\"https:\/\/aeronoticias.com.pe\/noticiero\/turismo\/13\/destino-argentina-el-tango-tiene-su-propio-espacio-en-la-ciudad\/#breadcrumb\"},\"inLanguage\":\"es\",\"potentialAction\":[{\"@type\":\"ReadAction\",\"target\":[\"https:\/\/aeronoticias.com.pe\/noticiero\/turismo\/13\/destino-argentina-el-tango-tiene-su-propio-espacio-en-la-ciudad\/\"]}]},{\"@type\":\"BreadcrumbList\",\"@id\":\"https:\/\/aeronoticias.com.pe\/noticiero\/turismo\/13\/destino-argentina-el-tango-tiene-su-propio-espacio-en-la-ciudad\/#breadcrumb\",\"itemListElement\":[{\"@type\":\"ListItem\",\"position\":1,\"name\":\"Portada\",\"item\":\"https:\/\/aeronoticias.com.pe\/noticiero\/\"},{\"@type\":\"ListItem\",\"position\":2,\"name\":\"Destino Argentina: El tango tiene su propio espacio en la Ciudad\"}]},{\"@type\":\"WebSite\",\"@id\":\"https:\/\/aeronoticias.com.pe\/noticiero\/#website\",\"url\":\"https:\/\/aeronoticias.com.pe\/noticiero\/\",\"name\":\"Aeronoticias.com.pe\",\"description\":\"Noticias de tranporte aereo, turismo, hoteles, gastronomia, actualidad, internacional\",\"potentialAction\":[{\"@type\":\"SearchAction\",\"target\":{\"@type\":\"EntryPoint\",\"urlTemplate\":\"https:\/\/aeronoticias.com.pe\/noticiero\/?s={search_term_string}\"},\"query-input\":{\"@type\":\"PropertyValueSpecification\",\"valueRequired\":true,\"valueName\":\"search_term_string\"}}],\"inLanguage\":\"es\"},{\"@type\":\"Person\",\"@id\":\"https:\/\/aeronoticias.com.pe\/noticiero\/#\/schema\/person\/fc1e5d578f4b62ba1cf7ac2bba1170a0\",\"name\":\"Redacci\u00f3n Aeronoticias\",\"url\":\"https:\/\/aeronoticias.com.pe\/noticiero\/author\/piloto\/\"}]}<\/script>\n<!-- \/ Yoast SEO plugin. -->","yoast_head_json":{"title":"Destino Argentina: El tango tiene su propio espacio en la Ciudad","description":"Portal de noticias del Per\u00fa sobre el transporte a\u00e9reo, aviaci\u00f3n, turismo, hoteleria, actualidad.","robots":{"index":"index","follow":"follow","max-snippet":"max-snippet:-1","max-image-preview":"max-image-preview:large","max-video-preview":"max-video-preview:-1"},"canonical":"https:\/\/aeronoticias.com.pe\/noticiero\/turismo\/13\/destino-argentina-el-tango-tiene-su-propio-espacio-en-la-ciudad\/","og_locale":"es_ES","og_type":"article","og_title":"Destino Argentina: El tango tiene su propio espacio en la Ciudad","og_description":"Portal de noticias del Per\u00fa sobre el transporte a\u00e9reo, aviaci\u00f3n, turismo, hoteleria, actualidad.","og_url":"https:\/\/aeronoticias.com.pe\/noticiero\/turismo\/13\/destino-argentina-el-tango-tiene-su-propio-espacio-en-la-ciudad\/","og_site_name":"Aeronoticias.com.pe","article_publisher":"https:\/\/www.facebook.com\/Aeronoticias.com.pe\/","article_published_time":"2009-12-28T13:25:55+00:00","author":"Redacci\u00f3n Aeronoticias","twitter_card":"summary_large_image","twitter_creator":"@aeronoticias","twitter_site":"@aeronoticias","twitter_misc":{"Escrito por":"Redacci\u00f3n Aeronoticias","Tiempo de lectura":"2 minutos"},"schema":{"@context":"https:\/\/schema.org","@graph":[{"@type":"WebPage","@id":"https:\/\/aeronoticias.com.pe\/noticiero\/turismo\/13\/destino-argentina-el-tango-tiene-su-propio-espacio-en-la-ciudad\/","url":"https:\/\/aeronoticias.com.pe\/noticiero\/turismo\/13\/destino-argentina-el-tango-tiene-su-propio-espacio-en-la-ciudad\/","name":"Destino Argentina: El tango tiene su propio espacio en la Ciudad","isPartOf":{"@id":"https:\/\/aeronoticias.com.pe\/noticiero\/#website"},"datePublished":"2009-12-28T13:25:55+00:00","author":{"@id":"https:\/\/aeronoticias.com.pe\/noticiero\/#\/schema\/person\/fc1e5d578f4b62ba1cf7ac2bba1170a0"},"description":"Portal de noticias del Per\u00fa sobre el transporte a\u00e9reo, aviaci\u00f3n, turismo, hoteleria, actualidad.","breadcrumb":{"@id":"https:\/\/aeronoticias.com.pe\/noticiero\/turismo\/13\/destino-argentina-el-tango-tiene-su-propio-espacio-en-la-ciudad\/#breadcrumb"},"inLanguage":"es","potentialAction":[{"@type":"ReadAction","target":["https:\/\/aeronoticias.com.pe\/noticiero\/turismo\/13\/destino-argentina-el-tango-tiene-su-propio-espacio-en-la-ciudad\/"]}]},{"@type":"BreadcrumbList","@id":"https:\/\/aeronoticias.com.pe\/noticiero\/turismo\/13\/destino-argentina-el-tango-tiene-su-propio-espacio-en-la-ciudad\/#breadcrumb","itemListElement":[{"@type":"ListItem","position":1,"name":"Portada","item":"https:\/\/aeronoticias.com.pe\/noticiero\/"},{"@type":"ListItem","position":2,"name":"Destino Argentina: El tango tiene su propio espacio en la Ciudad"}]},{"@type":"WebSite","@id":"https:\/\/aeronoticias.com.pe\/noticiero\/#website","url":"https:\/\/aeronoticias.com.pe\/noticiero\/","name":"Aeronoticias.com.pe","description":"Noticias de tranporte aereo, turismo, hoteles, gastronomia, actualidad, internacional","potentialAction":[{"@type":"SearchAction","target":{"@type":"EntryPoint","urlTemplate":"https:\/\/aeronoticias.com.pe\/noticiero\/?s={search_term_string}"},"query-input":{"@type":"PropertyValueSpecification","valueRequired":true,"valueName":"search_term_string"}}],"inLanguage":"es"},{"@type":"Person","@id":"https:\/\/aeronoticias.com.pe\/noticiero\/#\/schema\/person\/fc1e5d578f4b62ba1cf7ac2bba1170a0","name":"Redacci\u00f3n Aeronoticias","url":"https:\/\/aeronoticias.com.pe\/noticiero\/author\/piloto\/"}]}},"_links":{"self":[{"href":"https:\/\/aeronoticias.com.pe\/noticiero\/wp-json\/wp\/v2\/posts\/7720","targetHints":{"allow":["GET"]}}],"collection":[{"href":"https:\/\/aeronoticias.com.pe\/noticiero\/wp-json\/wp\/v2\/posts"}],"about":[{"href":"https:\/\/aeronoticias.com.pe\/noticiero\/wp-json\/wp\/v2\/types\/post"}],"author":[{"embeddable":true,"href":"https:\/\/aeronoticias.com.pe\/noticiero\/wp-json\/wp\/v2\/users\/1"}],"replies":[{"embeddable":true,"href":"https:\/\/aeronoticias.com.pe\/noticiero\/wp-json\/wp\/v2\/comments?post=7720"}],"version-history":[{"count":0,"href":"https:\/\/aeronoticias.com.pe\/noticiero\/wp-json\/wp\/v2\/posts\/7720\/revisions"}],"wp:attachment":[{"href":"https:\/\/aeronoticias.com.pe\/noticiero\/wp-json\/wp\/v2\/media?parent=7720"}],"wp:term":[{"taxonomy":"category","embeddable":true,"href":"https:\/\/aeronoticias.com.pe\/noticiero\/wp-json\/wp\/v2\/categories?post=7720"},{"taxonomy":"post_tag","embeddable":true,"href":"https:\/\/aeronoticias.com.pe\/noticiero\/wp-json\/wp\/v2\/tags?post=7720"}],"curies":[{"name":"wp","href":"https:\/\/api.w.org\/{rel}","templated":true}]}}