{"id":7721,"date":"2009-12-28T13:33:37","date_gmt":"2009-12-28T13:33:37","guid":{"rendered":"http:\/\/desarrollo.mcvicious.com\/aero2020\/2009\/12\/28\/diego-buonanotte-hace-preguntas-sobre-sus-amigos-y-no-tenemos-respuesta\/"},"modified":"2009-12-28T13:33:37","modified_gmt":"2009-12-28T13:33:37","slug":"diego-buonanotte-hace-preguntas-sobre-sus-amigos-y-no-tenemos-respuesta","status":"publish","type":"post","link":"https:\/\/aeronoticias.com.pe\/noticiero\/deportes\/diego-buonanotte-hace-preguntas-sobre-sus-amigos-y-no-tenemos-respuesta\/","title":{"rendered":"Diego Buonanotte hace preguntas sobre sus amigos y no tenemos respuesta"},"content":{"rendered":"<div style=\"text-align: justify\">\u00abEs muy triste\u00bb, manifest\u00f3 Mario Buonanotte, padre del futbolista de River que se accident\u00f3 con su auto el s\u00e1bado por la madrugada. \u201cEstamos muy bien atendidos y todo est\u00e1 muy bien controlado. Esperamos que no sea m\u00e1s que esto. Despu\u00e9s vendr\u00e1 lo m\u00e1s dif\u00edcil, que es la parte psicol\u00f3gica, que ser\u00e1 realmente tremenda. Lamentablemente, Diego hace preguntas que no tenemos respuesta con respecto a sus amigos.\u00a0<\/div>\n<div style=\"text-align: justify\"><\/div>\n<div style=\"text-align: justify\">El padre de Diego Buonanotte revel\u00f3 hoy que su hijo \u201chace preguntas respecto a sus amigos\u00bb para las que \u00abno\u00bb tienen respuesta y opin\u00f3 que \u201cla parte psicol\u00f3gica\u201d de su recuperaci\u00f3n ser\u00e1 \u00abrealmente tremenda\u201d. \u201cLa contenci\u00f3n va a ser fundamental\u201d, indic\u00f3.<\/div>\n<div style=\"text-align: justify\">\n<div style=\"text-align: center\"><img decoding=\"async\" src=\"images\/stories\/09\/12\/281209\/buona.jpg\" border=\"0\" alt=\"Diego Buonanotte hace preguntas sobre sus amigos y no tenemos respuesta\" title=\"Diego Buonanotte hace preguntas sobre sus amigos y no tenemos respuesta\" \/><\/div>\n<\/div>\n<div style=\"text-align: justify\">\u201cDesde que pas\u00f3 lo que pas\u00f3, estuvimos en la zona acompa\u00f1ando lo otro (la muerte de sus tres amigos), que fue muy triste. Ahora estamos al lado de Diego, esperando que Dios lo ayude. El \u00faltimo informe de los m\u00e9dicos fue satisfactorio; el tema m\u00e1s preocupante es el de los pulmones, porque la contusi\u00f3n fue muy importante\u201d, agreg\u00f3 Mario Buonanotte.<\/div>\n<div style=\"text-align: justify\"><\/div>\n<div style=\"text-align: justify\">El padre de Buonanotte destac\u00f3 el apoyo de River hacia su hijo, al considerar que \u201cha tenido una actitud de primera divisi\u00f3n\u201d y \u201cuna atenci\u00f3n muy especial para con nosotros\u201d. \u201cLas preguntas son casi permanentes. \u00c9l era amigo de sus amigos. Todav\u00eda no salimos de la sorpresa. Creo que el destino le jug\u00f3 en contra a todos estos chicos\u201d, sostuvo.<\/div>\n<div style=\"text-align: justify\"><\/div>\n<div style=\"text-align: justify\">Al respecto, Mario Buonanotte manifest\u00f3 que \u201cse necesita un profesional para hablar de estas cosas\u201d, porque \u201cla contenci\u00f3n va a ser fundamental\u201d.<\/div>\n<div style=\"text-align: justify\"><\/div>\n<div style=\"text-align: justify\">Por otro lado, el fiscal de Jun\u00edn, Carlos Colimedaglia, confirm\u00f3 que ser\u00e1 entre hoy y ma\u00f1ana y agreg\u00f3 que \u00abson ex\u00e1menes de rutina\u00bb. Sobre la velocidad en la que iba el veh\u00edculo, dijo que hay que esperar que se expidan los peritos. Adem\u00e1s, se\u00f1al\u00f3 que los amigos \u00abfueron sacados de adentro del auto\u00bb y que \u00abno salieron despedidos\u00bb.<\/div>\n<div style=\"text-align: justify\"><\/div>\n<div style=\"text-align: justify\">Carlos Colimedaglia dijo que las muestras de sangre y orina \u00abestaban ingresando en el d\u00eda de hoy a La Plata\u00bb. \u00a0\u00abEs posible que se traslade el auto para ver si podemos determinar la velocidad. Lo que determina es la pericia o impericia que tuvo en el manejo\u00bb, relat\u00f3.<\/div>\n<div style=\"text-align: justify\"><\/div>\n<div style=\"text-align: justify\"><strong>Aeronoticias <\/strong>lamenta este lamentable incidente a uno de los exponentes del futbol argentino en el equipo Riverplatense, por lo que ser\u00e1 necesario hacer las investigaciones del caso para dilucidar que fue lo que llev\u00f3 a este fatal desenlace para \u00a0Buonanotte y sus amigos.<\/div>\n<div style=\"text-align: justify\"><\/div>\n","protected":false},"excerpt":{"rendered":"<p>\u00abEs muy triste\u00bb, manifest\u00f3 Mario Buonanotte, padre del futbolista de River que se accident\u00f3 con su auto el s\u00e1bado por la madrugada. \u201cEstamos muy bien atendidos y todo est\u00e1 muy bien controlado. Esperamos que no sea m\u00e1s que esto. Despu\u00e9s vendr\u00e1 lo m\u00e1s dif\u00edcil, que es la parte psicol\u00f3gica, que ser\u00e1 realmente tremenda. Lamentablemente, Diego [&hellip;]<\/p>\n","protected":false},"author":1,"featured_media":0,"comment_status":"open","ping_status":"open","sticky":false,"template":"","format":"standard","meta":{"tdm_status":"","tdm_grid_status":"","footnotes":""},"categories":[40],"tags":[],"class_list":{"0":"post-7721","1":"post","2":"type-post","3":"status-publish","4":"format-standard","6":"category-deportes"},"yoast_head":"<!-- This site is optimized with the Yoast SEO plugin v25.1 - https:\/\/yoast.com\/wordpress\/plugins\/seo\/ -->\n<title>Diego Buonanotte hace preguntas sobre sus amigos y no tenemos respuesta<\/title>\n<meta name=\"description\" content=\"Portal de noticias del Per\u00fa sobre el transporte a\u00e9reo, aviaci\u00f3n, turismo, hoteleria, actualidad.\" \/>\n<meta name=\"robots\" content=\"index, follow, max-snippet:-1, max-image-preview:large, max-video-preview:-1\" \/>\n<link rel=\"canonical\" href=\"https:\/\/aeronoticias.com.pe\/noticiero\/deportes\/diego-buonanotte-hace-preguntas-sobre-sus-amigos-y-no-tenemos-respuesta\/\" \/>\n<meta property=\"og:locale\" content=\"es_ES\" \/>\n<meta property=\"og:type\" content=\"article\" \/>\n<meta property=\"og:title\" content=\"Diego Buonanotte hace preguntas sobre sus amigos y no tenemos respuesta\" \/>\n<meta property=\"og:description\" content=\"Portal de noticias del Per\u00fa sobre el transporte a\u00e9reo, aviaci\u00f3n, turismo, hoteleria, actualidad.\" \/>\n<meta property=\"og:url\" content=\"https:\/\/aeronoticias.com.pe\/noticiero\/deportes\/diego-buonanotte-hace-preguntas-sobre-sus-amigos-y-no-tenemos-respuesta\/\" \/>\n<meta property=\"og:site_name\" content=\"Aeronoticias.com.pe\" \/>\n<meta property=\"article:publisher\" content=\"https:\/\/www.facebook.com\/Aeronoticias.com.pe\/\" \/>\n<meta property=\"article:published_time\" content=\"2009-12-28T13:33:37+00:00\" \/>\n<meta name=\"author\" content=\"Redacci\u00f3n Aeronoticias\" \/>\n<meta name=\"twitter:card\" content=\"summary_large_image\" \/>\n<meta name=\"twitter:creator\" content=\"@aeronoticias\" \/>\n<meta name=\"twitter:site\" content=\"@aeronoticias\" \/>\n<meta name=\"twitter:label1\" content=\"Escrito por\" \/>\n\t<meta name=\"twitter:data1\" content=\"Redacci\u00f3n Aeronoticias\" \/>\n\t<meta name=\"twitter:label2\" content=\"Tiempo de lectura\" \/>\n\t<meta name=\"twitter:data2\" content=\"2 minutos\" \/>\n<script type=\"application\/ld+json\" class=\"yoast-schema-graph\">{\"@context\":\"https:\/\/schema.org\",\"@graph\":[{\"@type\":\"WebPage\",\"@id\":\"https:\/\/aeronoticias.com.pe\/noticiero\/deportes\/diego-buonanotte-hace-preguntas-sobre-sus-amigos-y-no-tenemos-respuesta\/\",\"url\":\"https:\/\/aeronoticias.com.pe\/noticiero\/deportes\/diego-buonanotte-hace-preguntas-sobre-sus-amigos-y-no-tenemos-respuesta\/\",\"name\":\"Diego Buonanotte hace preguntas sobre sus amigos y no tenemos respuesta\",\"isPartOf\":{\"@id\":\"https:\/\/aeronoticias.com.pe\/noticiero\/#website\"},\"datePublished\":\"2009-12-28T13:33:37+00:00\",\"author\":{\"@id\":\"https:\/\/aeronoticias.com.pe\/noticiero\/#\/schema\/person\/fc1e5d578f4b62ba1cf7ac2bba1170a0\"},\"description\":\"Portal de noticias del Per\u00fa sobre el transporte a\u00e9reo, aviaci\u00f3n, turismo, hoteleria, actualidad.\",\"breadcrumb\":{\"@id\":\"https:\/\/aeronoticias.com.pe\/noticiero\/deportes\/diego-buonanotte-hace-preguntas-sobre-sus-amigos-y-no-tenemos-respuesta\/#breadcrumb\"},\"inLanguage\":\"es\",\"potentialAction\":[{\"@type\":\"ReadAction\",\"target\":[\"https:\/\/aeronoticias.com.pe\/noticiero\/deportes\/diego-buonanotte-hace-preguntas-sobre-sus-amigos-y-no-tenemos-respuesta\/\"]}]},{\"@type\":\"BreadcrumbList\",\"@id\":\"https:\/\/aeronoticias.com.pe\/noticiero\/deportes\/diego-buonanotte-hace-preguntas-sobre-sus-amigos-y-no-tenemos-respuesta\/#breadcrumb\",\"itemListElement\":[{\"@type\":\"ListItem\",\"position\":1,\"name\":\"Portada\",\"item\":\"https:\/\/aeronoticias.com.pe\/noticiero\/\"},{\"@type\":\"ListItem\",\"position\":2,\"name\":\"Diego Buonanotte hace preguntas sobre sus amigos y no tenemos respuesta\"}]},{\"@type\":\"WebSite\",\"@id\":\"https:\/\/aeronoticias.com.pe\/noticiero\/#website\",\"url\":\"https:\/\/aeronoticias.com.pe\/noticiero\/\",\"name\":\"Aeronoticias.com.pe\",\"description\":\"Noticias de tranporte aereo, turismo, hoteles, gastronomia, actualidad, internacional\",\"potentialAction\":[{\"@type\":\"SearchAction\",\"target\":{\"@type\":\"EntryPoint\",\"urlTemplate\":\"https:\/\/aeronoticias.com.pe\/noticiero\/?s={search_term_string}\"},\"query-input\":{\"@type\":\"PropertyValueSpecification\",\"valueRequired\":true,\"valueName\":\"search_term_string\"}}],\"inLanguage\":\"es\"},{\"@type\":\"Person\",\"@id\":\"https:\/\/aeronoticias.com.pe\/noticiero\/#\/schema\/person\/fc1e5d578f4b62ba1cf7ac2bba1170a0\",\"name\":\"Redacci\u00f3n Aeronoticias\",\"url\":\"https:\/\/aeronoticias.com.pe\/noticiero\/author\/piloto\/\"}]}<\/script>\n<!-- \/ Yoast SEO plugin. -->","yoast_head_json":{"title":"Diego Buonanotte hace preguntas sobre sus amigos y no tenemos respuesta","description":"Portal de noticias del Per\u00fa sobre el transporte a\u00e9reo, aviaci\u00f3n, turismo, hoteleria, actualidad.","robots":{"index":"index","follow":"follow","max-snippet":"max-snippet:-1","max-image-preview":"max-image-preview:large","max-video-preview":"max-video-preview:-1"},"canonical":"https:\/\/aeronoticias.com.pe\/noticiero\/deportes\/diego-buonanotte-hace-preguntas-sobre-sus-amigos-y-no-tenemos-respuesta\/","og_locale":"es_ES","og_type":"article","og_title":"Diego Buonanotte hace preguntas sobre sus amigos y no tenemos respuesta","og_description":"Portal de noticias del Per\u00fa sobre el transporte a\u00e9reo, aviaci\u00f3n, turismo, hoteleria, actualidad.","og_url":"https:\/\/aeronoticias.com.pe\/noticiero\/deportes\/diego-buonanotte-hace-preguntas-sobre-sus-amigos-y-no-tenemos-respuesta\/","og_site_name":"Aeronoticias.com.pe","article_publisher":"https:\/\/www.facebook.com\/Aeronoticias.com.pe\/","article_published_time":"2009-12-28T13:33:37+00:00","author":"Redacci\u00f3n Aeronoticias","twitter_card":"summary_large_image","twitter_creator":"@aeronoticias","twitter_site":"@aeronoticias","twitter_misc":{"Escrito por":"Redacci\u00f3n Aeronoticias","Tiempo de lectura":"2 minutos"},"schema":{"@context":"https:\/\/schema.org","@graph":[{"@type":"WebPage","@id":"https:\/\/aeronoticias.com.pe\/noticiero\/deportes\/diego-buonanotte-hace-preguntas-sobre-sus-amigos-y-no-tenemos-respuesta\/","url":"https:\/\/aeronoticias.com.pe\/noticiero\/deportes\/diego-buonanotte-hace-preguntas-sobre-sus-amigos-y-no-tenemos-respuesta\/","name":"Diego Buonanotte hace preguntas sobre sus amigos y no tenemos respuesta","isPartOf":{"@id":"https:\/\/aeronoticias.com.pe\/noticiero\/#website"},"datePublished":"2009-12-28T13:33:37+00:00","author":{"@id":"https:\/\/aeronoticias.com.pe\/noticiero\/#\/schema\/person\/fc1e5d578f4b62ba1cf7ac2bba1170a0"},"description":"Portal de noticias del Per\u00fa sobre el transporte a\u00e9reo, aviaci\u00f3n, turismo, hoteleria, actualidad.","breadcrumb":{"@id":"https:\/\/aeronoticias.com.pe\/noticiero\/deportes\/diego-buonanotte-hace-preguntas-sobre-sus-amigos-y-no-tenemos-respuesta\/#breadcrumb"},"inLanguage":"es","potentialAction":[{"@type":"ReadAction","target":["https:\/\/aeronoticias.com.pe\/noticiero\/deportes\/diego-buonanotte-hace-preguntas-sobre-sus-amigos-y-no-tenemos-respuesta\/"]}]},{"@type":"BreadcrumbList","@id":"https:\/\/aeronoticias.com.pe\/noticiero\/deportes\/diego-buonanotte-hace-preguntas-sobre-sus-amigos-y-no-tenemos-respuesta\/#breadcrumb","itemListElement":[{"@type":"ListItem","position":1,"name":"Portada","item":"https:\/\/aeronoticias.com.pe\/noticiero\/"},{"@type":"ListItem","position":2,"name":"Diego Buonanotte hace preguntas sobre sus amigos y no tenemos respuesta"}]},{"@type":"WebSite","@id":"https:\/\/aeronoticias.com.pe\/noticiero\/#website","url":"https:\/\/aeronoticias.com.pe\/noticiero\/","name":"Aeronoticias.com.pe","description":"Noticias de tranporte aereo, turismo, hoteles, gastronomia, actualidad, internacional","potentialAction":[{"@type":"SearchAction","target":{"@type":"EntryPoint","urlTemplate":"https:\/\/aeronoticias.com.pe\/noticiero\/?s={search_term_string}"},"query-input":{"@type":"PropertyValueSpecification","valueRequired":true,"valueName":"search_term_string"}}],"inLanguage":"es"},{"@type":"Person","@id":"https:\/\/aeronoticias.com.pe\/noticiero\/#\/schema\/person\/fc1e5d578f4b62ba1cf7ac2bba1170a0","name":"Redacci\u00f3n Aeronoticias","url":"https:\/\/aeronoticias.com.pe\/noticiero\/author\/piloto\/"}]}},"_links":{"self":[{"href":"https:\/\/aeronoticias.com.pe\/noticiero\/wp-json\/wp\/v2\/posts\/7721","targetHints":{"allow":["GET"]}}],"collection":[{"href":"https:\/\/aeronoticias.com.pe\/noticiero\/wp-json\/wp\/v2\/posts"}],"about":[{"href":"https:\/\/aeronoticias.com.pe\/noticiero\/wp-json\/wp\/v2\/types\/post"}],"author":[{"embeddable":true,"href":"https:\/\/aeronoticias.com.pe\/noticiero\/wp-json\/wp\/v2\/users\/1"}],"replies":[{"embeddable":true,"href":"https:\/\/aeronoticias.com.pe\/noticiero\/wp-json\/wp\/v2\/comments?post=7721"}],"version-history":[{"count":0,"href":"https:\/\/aeronoticias.com.pe\/noticiero\/wp-json\/wp\/v2\/posts\/7721\/revisions"}],"wp:attachment":[{"href":"https:\/\/aeronoticias.com.pe\/noticiero\/wp-json\/wp\/v2\/media?parent=7721"}],"wp:term":[{"taxonomy":"category","embeddable":true,"href":"https:\/\/aeronoticias.com.pe\/noticiero\/wp-json\/wp\/v2\/categories?post=7721"},{"taxonomy":"post_tag","embeddable":true,"href":"https:\/\/aeronoticias.com.pe\/noticiero\/wp-json\/wp\/v2\/tags?post=7721"}],"curies":[{"name":"wp","href":"https:\/\/api.w.org\/{rel}","templated":true}]}}